{"id":42552,"date":"2020-03-24T17:38:05","date_gmt":"2020-03-24T17:38:05","guid":{"rendered":"http:\/\/www.altominho.tv\/site\/?p=42552"},"modified":"2020-03-24T17:38:12","modified_gmt":"2020-03-24T17:38:12","slug":"rali-de-portugal-adiado-devido-a-pandemia-de-covid-19","status":"publish","type":"post","link":"https:\/\/www.altominho.tv\/site\/2020\/03\/24\/rali-de-portugal-adiado-devido-a-pandemia-de-covid-19\/","title":{"rendered":"Rali de Portugal adiado devido \u00e0 pandemia de Covid-19"},"content":{"rendered":"<p>O Rali de Portugal, quinta prova do Mundial WRC, foi adiado, devido \u00e0 pandemia de Covid-19, anunciou hoje o Autom\u00f3vel Club de Portugal (ACP), organizador da prova.<\/p>\n<p class=\"text-paragraph\">&#8220;<strong>A prova estava marcada para decorrer nas regi\u00f5es do Norte e do Centro do Pa\u00eds, entre 21 e 24 de maio. Ap\u00f3s a entrada em vigor do estado de emerg\u00eancia em Portugal, e com o acordo un\u00e2nime das autoridades nacionais, da FIA [Federa\u00e7\u00e3o Internacional do Autom\u00f3vel] e do promotor, o Autom\u00f3vel Club de Portugal solicitou o adiamento do WRC Vodafone Rally de Portugal<\/strong>&#8220;, l\u00ea-se no comunicado do ACP.<\/p>\n<p class=\"text-paragraph\">O presidente do ACP, Carlos Barbosa, agradeceu a todos aos &#8220;patrocinadores e parceiros pela compreens\u00e3o&#8221; e disse que espera &#8220;contar com todos numa data posterior este ano&#8221;, sem revelar uma alternativa.<\/p>\n<p class=\"text-paragraph\">\u201cEstamos todos a trabalhar para identificar poss\u00edveis datas alternativas no final da temporada, caso a situa\u00e7\u00e3o da Covid-19 melhore, levando em considera\u00e7\u00e3o a log\u00edstica do campeonato, a capacidade de as equipas viajarem novamente e a capacidade dos respetivos pa\u00edses organizarem o WRC nessa altura\u201d, disse Oliver Ciesla, diretor do promotor do WRC.<\/p>\n<p class=\"text-paragraph\">O Rali da Argentina, previsto para os dias 23 a 26 de abril, foi cancelado, enquanto a prova do M\u00e9xico, ganha pelo franc\u00eas S\u00e9bastien Ogier (Toyota Yaris), foi encurtada um dia.<\/p>\n<p class=\"text-paragraph\">O novo coronav\u00edrus, respons\u00e1vel pela pandemia da covid-19, j\u00e1 infetou mais de 386 mil pessoas em todo o mundo, das quais cerca de 17.000 morreram.<\/p>\n<p class=\"text-paragraph\">Depois de surgir na China, em dezembro, o surto espalhou-se por todo o mundo, o que levou a Organiza\u00e7\u00e3o Mundial da Sa\u00fade (OMS) a declarar uma situa\u00e7\u00e3o de pandemia.<\/p>\n<p class=\"text-paragraph\">V\u00e1rios pa\u00edses adotaram medidas excecionais, incluindo o regime de quarentena e o encerramento de fronteiras.<\/p>\n<p class=\"text-paragraph\">Em Portugal, h\u00e1 33 mortos e 2.362 infetados confirmados. Portugal encontra-se em estado de emerg\u00eancia desde as 00:00 de quinta-feira e at\u00e9 \u00e0s 23:59 de 02 de abril.<\/p>\n","protected":false},"excerpt":{"rendered":"<p>O Rali de Portugal, quinta prova do Mundial WRC, foi adiado, devido \u00e0 pandemia de Covid-19, anunciou hoje o Autom\u00f3vel Club de Portugal (ACP), organizador da prova. &#8220;A prova estava marcada para decorrer nas regi\u00f5es do Norte e do Centro do Pa\u00eds, entre 21 e 24 de maio. Ap\u00f3s a entrada em vigor do estado [&hellip;]<\/p>\n","protected":false},"author":13,"featured_media":42553,"comment_status":"closed","ping_status":"closed","sticky":false,"template":"","format":"standard","meta":{"_exactmetrics_skip_tracking":false,"_exactmetrics_sitenote_active":false,"_exactmetrics_sitenote_note":"","_exactmetrics_sitenote_category":0,"footnotes":""},"categories":[42722],"tags":[20],"class_list":["post-42552","post","type-post","status-publish","format-standard","has-post-thumbnail","hentry","category-covid-19","tag-desporto"],"yoast_head":"<!-- This site is optimized with the Yoast SEO Premium plugin v27.5 (Yoast SEO v27.5) - https:\/\/yoast.com\/product\/yoast-seo-premium-wordpress\/ -->\n<title>Rali de Portugal adiado devido \u00e0 pandemia de Covid-19<\/title>\n<meta name=\"robots\" content=\"index, follow, max-snippet:-1, max-image-preview:large, max-video-preview:-1\" \/>\n<link rel=\"canonical\" href=\"https:\/\/www.altominho.tv\/site\/2020\/03\/24\/rali-de-portugal-adiado-devido-a-pandemia-de-covid-19\/\" \/>\n<meta property=\"og:locale\" content=\"pt_PT\" \/>\n<meta property=\"og:type\" content=\"article\" \/>\n<meta property=\"og:title\" content=\"Rali de Portugal adiado devido \u00e0 pandemia de Covid-19\" \/>\n<meta property=\"og:description\" content=\"O Rali de Portugal, quinta prova do Mundial WRC, foi adiado, devido \u00e0 pandemia de Covid-19, anunciou hoje o Autom\u00f3vel Club de Portugal (ACP), organizador da prova. &#8220;A prova estava marcada para decorrer nas regi\u00f5es do Norte e do Centro do Pa\u00eds, entre 21 e 24 de maio. Ap\u00f3s a entrada em vigor do estado [&hellip;]\" \/>\n<meta property=\"og:url\" content=\"https:\/\/www.altominho.tv\/site\/2020\/03\/24\/rali-de-portugal-adiado-devido-a-pandemia-de-covid-19\/\" \/>\n<meta property=\"og:site_name\" content=\"Altominho.tv\" \/>\n<meta property=\"article:publisher\" content=\"https:\/\/www.facebook.com\/altominhotv\" \/>\n<meta property=\"article:published_time\" content=\"2020-03-24T17:38:05+00:00\" \/>\n<meta property=\"article:modified_time\" content=\"2020-03-24T17:38:12+00:00\" \/>\n<meta property=\"og:image\" content=\"https:\/\/www.altominho.tv\/site\/wp-content\/uploads\/2020\/03\/rally-portugal.jpg\" \/>\n\t<meta property=\"og:image:width\" content=\"1500\" \/>\n\t<meta property=\"og:image:height\" content=\"1000\" \/>\n\t<meta property=\"og:image:type\" content=\"image\/jpeg\" \/>\n<meta name=\"author\" content=\"Lusa\" \/>\n<meta name=\"twitter:card\" content=\"summary_large_image\" \/>\n<meta name=\"twitter:creator\" content=\"@altominhoTV\" \/>\n<meta name=\"twitter:site\" content=\"@altominhoTV\" \/>\n<meta name=\"twitter:label1\" content=\"Escrito por\" \/>\n\t<meta name=\"twitter:data1\" content=\"Lusa\" \/>\n\t<meta name=\"twitter:label2\" content=\"Tempo estimado de leitura\" \/>\n\t<meta name=\"twitter:data2\" content=\"2 minutos\" \/>\n<script type=\"application\/ld+json\" class=\"yoast-schema-graph\">{\"@context\":\"https:\\\/\\\/schema.org\",\"@graph\":[{\"@type\":\"Article\",\"@id\":\"https:\\\/\\\/www.altominho.tv\\\/site\\\/2020\\\/03\\\/24\\\/rali-de-portugal-adiado-devido-a-pandemia-de-covid-19\\\/#article\",\"isPartOf\":{\"@id\":\"https:\\\/\\\/www.altominho.tv\\\/site\\\/2020\\\/03\\\/24\\\/rali-de-portugal-adiado-devido-a-pandemia-de-covid-19\\\/\"},\"author\":{\"name\":\"Lusa\",\"@id\":\"https:\\\/\\\/www.altominho.tv\\\/site\\\/#\\\/schema\\\/person\\\/63f693da3e1899361cbe955c46f3232e\"},\"headline\":\"Rali de Portugal adiado devido \u00e0 pandemia de Covid-19\",\"datePublished\":\"2020-03-24T17:38:05+00:00\",\"dateModified\":\"2020-03-24T17:38:12+00:00\",\"mainEntityOfPage\":{\"@id\":\"https:\\\/\\\/www.altominho.tv\\\/site\\\/2020\\\/03\\\/24\\\/rali-de-portugal-adiado-devido-a-pandemia-de-covid-19\\\/\"},\"wordCount\":329,\"image\":{\"@id\":\"https:\\\/\\\/www.altominho.tv\\\/site\\\/2020\\\/03\\\/24\\\/rali-de-portugal-adiado-devido-a-pandemia-de-covid-19\\\/#primaryimage\"},\"thumbnailUrl\":\"https:\\\/\\\/www.altominho.tv\\\/site\\\/wp-content\\\/uploads\\\/2020\\\/03\\\/rally-portugal.jpg\",\"keywords\":[\"Desporto\"],\"articleSection\":[\"Coronav\u00edrus\"],\"inLanguage\":\"pt-PT\",\"copyrightYear\":\"2020\",\"copyrightHolder\":{\"@id\":\"https:\\\/\\\/www.altominho.tv\\\/site\\\/#organization\"}},{\"@type\":\"WebPage\",\"@id\":\"https:\\\/\\\/www.altominho.tv\\\/site\\\/2020\\\/03\\\/24\\\/rali-de-portugal-adiado-devido-a-pandemia-de-covid-19\\\/\",\"url\":\"https:\\\/\\\/www.altominho.tv\\\/site\\\/2020\\\/03\\\/24\\\/rali-de-portugal-adiado-devido-a-pandemia-de-covid-19\\\/\",\"name\":\"Rali de Portugal adiado devido \u00e0 pandemia de Covid-19\",\"isPartOf\":{\"@id\":\"https:\\\/\\\/www.altominho.tv\\\/site\\\/#website\"},\"primaryImageOfPage\":{\"@id\":\"https:\\\/\\\/www.altominho.tv\\\/site\\\/2020\\\/03\\\/24\\\/rali-de-portugal-adiado-devido-a-pandemia-de-covid-19\\\/#primaryimage\"},\"image\":{\"@id\":\"https:\\\/\\\/www.altominho.tv\\\/site\\\/2020\\\/03\\\/24\\\/rali-de-portugal-adiado-devido-a-pandemia-de-covid-19\\\/#primaryimage\"},\"thumbnailUrl\":\"https:\\\/\\\/www.altominho.tv\\\/site\\\/wp-content\\\/uploads\\\/2020\\\/03\\\/rally-portugal.jpg\",\"datePublished\":\"2020-03-24T17:38:05+00:00\",\"dateModified\":\"2020-03-24T17:38:12+00:00\",\"author\":{\"@id\":\"https:\\\/\\\/www.altominho.tv\\\/site\\\/#\\\/schema\\\/person\\\/63f693da3e1899361cbe955c46f3232e\"},\"breadcrumb\":{\"@id\":\"https:\\\/\\\/www.altominho.tv\\\/site\\\/2020\\\/03\\\/24\\\/rali-de-portugal-adiado-devido-a-pandemia-de-covid-19\\\/#breadcrumb\"},\"inLanguage\":\"pt-PT\",\"potentialAction\":[{\"@type\":\"ReadAction\",\"target\":[\"https:\\\/\\\/www.altominho.tv\\\/site\\\/2020\\\/03\\\/24\\\/rali-de-portugal-adiado-devido-a-pandemia-de-covid-19\\\/\"]}]},{\"@type\":\"ImageObject\",\"inLanguage\":\"pt-PT\",\"@id\":\"https:\\\/\\\/www.altominho.tv\\\/site\\\/2020\\\/03\\\/24\\\/rali-de-portugal-adiado-devido-a-pandemia-de-covid-19\\\/#primaryimage\",\"url\":\"https:\\\/\\\/www.altominho.tv\\\/site\\\/wp-content\\\/uploads\\\/2020\\\/03\\\/rally-portugal.jpg\",\"contentUrl\":\"https:\\\/\\\/www.altominho.tv\\\/site\\\/wp-content\\\/uploads\\\/2020\\\/03\\\/rally-portugal.jpg\",\"width\":1500,\"height\":1000,\"caption\":\"ACP\"},{\"@type\":\"BreadcrumbList\",\"@id\":\"https:\\\/\\\/www.altominho.tv\\\/site\\\/2020\\\/03\\\/24\\\/rali-de-portugal-adiado-devido-a-pandemia-de-covid-19\\\/#breadcrumb\",\"itemListElement\":[{\"@type\":\"ListItem\",\"position\":1,\"name\":\"In\u00edcio\",\"item\":\"https:\\\/\\\/www.altominho.tv\\\/site\\\/\"},{\"@type\":\"ListItem\",\"position\":2,\"name\":\"Rali de Portugal adiado devido \u00e0 pandemia de Covid-19\"}]},{\"@type\":\"WebSite\",\"@id\":\"https:\\\/\\\/www.altominho.tv\\\/site\\\/#website\",\"url\":\"https:\\\/\\\/www.altominho.tv\\\/site\\\/\",\"name\":\"Altominho.tv\",\"description\":\"A sua regi\u00e3o \u00e0 dist\u00e2ncia de um clique...\",\"potentialAction\":[{\"@type\":\"SearchAction\",\"target\":{\"@type\":\"EntryPoint\",\"urlTemplate\":\"https:\\\/\\\/www.altominho.tv\\\/site\\\/?s={search_term_string}\"},\"query-input\":{\"@type\":\"PropertyValueSpecification\",\"valueRequired\":true,\"valueName\":\"search_term_string\"}}],\"inLanguage\":\"pt-PT\"},{\"@type\":\"Person\",\"@id\":\"https:\\\/\\\/www.altominho.tv\\\/site\\\/#\\\/schema\\\/person\\\/63f693da3e1899361cbe955c46f3232e\",\"name\":\"Lusa\",\"image\":{\"@type\":\"ImageObject\",\"inLanguage\":\"pt-PT\",\"@id\":\"https:\\\/\\\/www.altominho.tv\\\/site\\\/wp-content\\\/uploads\\\/2019\\\/08\\\/LUSA_Logo.gif\",\"url\":\"https:\\\/\\\/www.altominho.tv\\\/site\\\/wp-content\\\/uploads\\\/2019\\\/08\\\/LUSA_Logo.gif\",\"contentUrl\":\"https:\\\/\\\/www.altominho.tv\\\/site\\\/wp-content\\\/uploads\\\/2019\\\/08\\\/LUSA_Logo.gif\",\"caption\":\"Lusa\"},\"sameAs\":[\"http:\\\/\\\/\\\/\\\/www.altominho.tv\\\/site\"],\"url\":\"https:\\\/\\\/www.altominho.tv\\\/site\\\/author\\\/lusa\\\/\"}]}<\/script>\n<!-- \/ Yoast SEO Premium plugin. -->","yoast_head_json":{"title":"Rali de Portugal adiado devido \u00e0 pandemia de Covid-19","robots":{"index":"index","follow":"follow","max-snippet":"max-snippet:-1","max-image-preview":"max-image-preview:large","max-video-preview":"max-video-preview:-1"},"canonical":"https:\/\/www.altominho.tv\/site\/2020\/03\/24\/rali-de-portugal-adiado-devido-a-pandemia-de-covid-19\/","og_locale":"pt_PT","og_type":"article","og_title":"Rali de Portugal adiado devido \u00e0 pandemia de Covid-19","og_description":"O Rali de Portugal, quinta prova do Mundial WRC, foi adiado, devido \u00e0 pandemia de Covid-19, anunciou hoje o Autom\u00f3vel Club de Portugal (ACP), organizador da prova. &#8220;A prova estava marcada para decorrer nas regi\u00f5es do Norte e do Centro do Pa\u00eds, entre 21 e 24 de maio. Ap\u00f3s a entrada em vigor do estado [&hellip;]","og_url":"https:\/\/www.altominho.tv\/site\/2020\/03\/24\/rali-de-portugal-adiado-devido-a-pandemia-de-covid-19\/","og_site_name":"Altominho.tv","article_publisher":"https:\/\/www.facebook.com\/altominhotv","article_published_time":"2020-03-24T17:38:05+00:00","article_modified_time":"2020-03-24T17:38:12+00:00","og_image":[{"width":1500,"height":1000,"url":"https:\/\/www.altominho.tv\/site\/wp-content\/uploads\/2020\/03\/rally-portugal.jpg","type":"image\/jpeg"}],"author":"Lusa","twitter_card":"summary_large_image","twitter_creator":"@altominhoTV","twitter_site":"@altominhoTV","twitter_misc":{"Escrito por":"Lusa","Tempo estimado de leitura":"2 minutos"},"schema":{"@context":"https:\/\/schema.org","@graph":[{"@type":"Article","@id":"https:\/\/www.altominho.tv\/site\/2020\/03\/24\/rali-de-portugal-adiado-devido-a-pandemia-de-covid-19\/#article","isPartOf":{"@id":"https:\/\/www.altominho.tv\/site\/2020\/03\/24\/rali-de-portugal-adiado-devido-a-pandemia-de-covid-19\/"},"author":{"name":"Lusa","@id":"https:\/\/www.altominho.tv\/site\/#\/schema\/person\/63f693da3e1899361cbe955c46f3232e"},"headline":"Rali de Portugal adiado devido \u00e0 pandemia de Covid-19","datePublished":"2020-03-24T17:38:05+00:00","dateModified":"2020-03-24T17:38:12+00:00","mainEntityOfPage":{"@id":"https:\/\/www.altominho.tv\/site\/2020\/03\/24\/rali-de-portugal-adiado-devido-a-pandemia-de-covid-19\/"},"wordCount":329,"image":{"@id":"https:\/\/www.altominho.tv\/site\/2020\/03\/24\/rali-de-portugal-adiado-devido-a-pandemia-de-covid-19\/#primaryimage"},"thumbnailUrl":"https:\/\/www.altominho.tv\/site\/wp-content\/uploads\/2020\/03\/rally-portugal.jpg","keywords":["Desporto"],"articleSection":["Coronav\u00edrus"],"inLanguage":"pt-PT","copyrightYear":"2020","copyrightHolder":{"@id":"https:\/\/www.altominho.tv\/site\/#organization"}},{"@type":"WebPage","@id":"https:\/\/www.altominho.tv\/site\/2020\/03\/24\/rali-de-portugal-adiado-devido-a-pandemia-de-covid-19\/","url":"https:\/\/www.altominho.tv\/site\/2020\/03\/24\/rali-de-portugal-adiado-devido-a-pandemia-de-covid-19\/","name":"Rali de Portugal adiado devido \u00e0 pandemia de Covid-19","isPartOf":{"@id":"https:\/\/www.altominho.tv\/site\/#website"},"primaryImageOfPage":{"@id":"https:\/\/www.altominho.tv\/site\/2020\/03\/24\/rali-de-portugal-adiado-devido-a-pandemia-de-covid-19\/#primaryimage"},"image":{"@id":"https:\/\/www.altominho.tv\/site\/2020\/03\/24\/rali-de-portugal-adiado-devido-a-pandemia-de-covid-19\/#primaryimage"},"thumbnailUrl":"https:\/\/www.altominho.tv\/site\/wp-content\/uploads\/2020\/03\/rally-portugal.jpg","datePublished":"2020-03-24T17:38:05+00:00","dateModified":"2020-03-24T17:38:12+00:00","author":{"@id":"https:\/\/www.altominho.tv\/site\/#\/schema\/person\/63f693da3e1899361cbe955c46f3232e"},"breadcrumb":{"@id":"https:\/\/www.altominho.tv\/site\/2020\/03\/24\/rali-de-portugal-adiado-devido-a-pandemia-de-covid-19\/#breadcrumb"},"inLanguage":"pt-PT","potentialAction":[{"@type":"ReadAction","target":["https:\/\/www.altominho.tv\/site\/2020\/03\/24\/rali-de-portugal-adiado-devido-a-pandemia-de-covid-19\/"]}]},{"@type":"ImageObject","inLanguage":"pt-PT","@id":"https:\/\/www.altominho.tv\/site\/2020\/03\/24\/rali-de-portugal-adiado-devido-a-pandemia-de-covid-19\/#primaryimage","url":"https:\/\/www.altominho.tv\/site\/wp-content\/uploads\/2020\/03\/rally-portugal.jpg","contentUrl":"https:\/\/www.altominho.tv\/site\/wp-content\/uploads\/2020\/03\/rally-portugal.jpg","width":1500,"height":1000,"caption":"ACP"},{"@type":"BreadcrumbList","@id":"https:\/\/www.altominho.tv\/site\/2020\/03\/24\/rali-de-portugal-adiado-devido-a-pandemia-de-covid-19\/#breadcrumb","itemListElement":[{"@type":"ListItem","position":1,"name":"In\u00edcio","item":"https:\/\/www.altominho.tv\/site\/"},{"@type":"ListItem","position":2,"name":"Rali de Portugal adiado devido \u00e0 pandemia de Covid-19"}]},{"@type":"WebSite","@id":"https:\/\/www.altominho.tv\/site\/#website","url":"https:\/\/www.altominho.tv\/site\/","name":"Altominho.tv","description":"A sua regi\u00e3o \u00e0 dist\u00e2ncia de um clique...","potentialAction":[{"@type":"SearchAction","target":{"@type":"EntryPoint","urlTemplate":"https:\/\/www.altominho.tv\/site\/?s={search_term_string}"},"query-input":{"@type":"PropertyValueSpecification","valueRequired":true,"valueName":"search_term_string"}}],"inLanguage":"pt-PT"},{"@type":"Person","@id":"https:\/\/www.altominho.tv\/site\/#\/schema\/person\/63f693da3e1899361cbe955c46f3232e","name":"Lusa","image":{"@type":"ImageObject","inLanguage":"pt-PT","@id":"https:\/\/www.altominho.tv\/site\/wp-content\/uploads\/2019\/08\/LUSA_Logo.gif","url":"https:\/\/www.altominho.tv\/site\/wp-content\/uploads\/2019\/08\/LUSA_Logo.gif","contentUrl":"https:\/\/www.altominho.tv\/site\/wp-content\/uploads\/2019\/08\/LUSA_Logo.gif","caption":"Lusa"},"sameAs":["http:\/\/\/\/www.altominho.tv\/site"],"url":"https:\/\/www.altominho.tv\/site\/author\/lusa\/"}]}},"_links":{"self":[{"href":"https:\/\/www.altominho.tv\/site\/wp-json\/wp\/v2\/posts\/42552","targetHints":{"allow":["GET"]}}],"collection":[{"href":"https:\/\/www.altominho.tv\/site\/wp-json\/wp\/v2\/posts"}],"about":[{"href":"https:\/\/www.altominho.tv\/site\/wp-json\/wp\/v2\/types\/post"}],"author":[{"embeddable":true,"href":"https:\/\/www.altominho.tv\/site\/wp-json\/wp\/v2\/users\/13"}],"replies":[{"embeddable":true,"href":"https:\/\/www.altominho.tv\/site\/wp-json\/wp\/v2\/comments?post=42552"}],"version-history":[{"count":0,"href":"https:\/\/www.altominho.tv\/site\/wp-json\/wp\/v2\/posts\/42552\/revisions"}],"wp:featuredmedia":[{"embeddable":true,"href":"https:\/\/www.altominho.tv\/site\/wp-json\/wp\/v2\/media\/42553"}],"wp:attachment":[{"href":"https:\/\/www.altominho.tv\/site\/wp-json\/wp\/v2\/media?parent=42552"}],"wp:term":[{"taxonomy":"category","embeddable":true,"href":"https:\/\/www.altominho.tv\/site\/wp-json\/wp\/v2\/categories?post=42552"},{"taxonomy":"post_tag","embeddable":true,"href":"https:\/\/www.altominho.tv\/site\/wp-json\/wp\/v2\/tags?post=42552"}],"curies":[{"name":"wp","href":"https:\/\/api.w.org\/{rel}","templated":true}]}}