{"id":42526,"date":"2020-03-24T10:16:56","date_gmt":"2020-03-24T10:16:56","guid":{"rendered":"http:\/\/www.altominho.tv\/site\/?p=42526"},"modified":"2020-03-24T10:17:03","modified_gmt":"2020-03-24T10:17:03","slug":"costa-confiante-que-servicos-de-saude-nao-entrarao-em-rutura","status":"publish","type":"post","link":"https:\/\/www.altominho.tv\/site\/2020\/03\/24\/costa-confiante-que-servicos-de-saude-nao-entrarao-em-rutura\/","title":{"rendered":"Costa confiante que servi\u00e7os de sa\u00fade n\u00e3o entrar\u00e3o em rutura"},"content":{"rendered":"\n<p>Ant\u00f3nio Costa manifestou-se confiante que n\u00e3o haver\u00e1 um &#8220;ponto de rutura&#8221; nos servi\u00e7os de sa\u00fade portugueses provocado por um pico de casos de covid-19 e que considerou que n\u00e3o \u00e9 previs\u00edvel que venham a faltar meios.<\/p>\n\n\n\n<p>Esta posi\u00e7\u00e3o foi transmitida por Ant\u00f3nio Costa em entrevista \u00e0 TVI, que foi conduzida pelos jornalistas Jos\u00e9 Alberto Carvalho e Miguel Sousa Tavares, depois de interrogado sobre em que momento o sistema de sa\u00fade portugu\u00eas poder\u00e1 atingir um ponto de rutura.<\/p>\n\n\n\n<p>&#8220;Creio que n\u00e3o vamos atingir. \u00c9 para isso que estamos a trabalhar. Pelos estudos que temos, no pior dos cen\u00e1rios, nunca vamos perder o controlo da situa\u00e7\u00e3o&#8221;, declarou o l\u00edder do executivo.<\/p>\n\n\n\n<p>Logo no in\u00edcio da entrevista, o primeiro-ministro foi questionado sobre os meios que existem para combater a covid-19.<\/p>\n\n\n\n<p>&#8220;A quest\u00e3o \u00e9 pertinente, N\u00e3o \u00e9 previs\u00edvel que venha a faltar o que quer que seja&#8221;, respondeu Ant\u00f3nio Costa, adiantando que, em termos de camas do Servi\u00e7o Nacional de Sa\u00fade (SNS), &#8220;h\u00e1 capacidade para acolher aquilo que \u00e9 estim\u00e1vel face ao crescimento progressivo que ainda se vai ter de doentes ao longo desta pandemia&#8221;.<\/p>\n\n\n\n<p>Neste ponto, o primeiro-ministro referiu tamb\u00e9m que h\u00e1 uma reserva de camas que poder\u00e1 ser usada no setor da sa\u00fade privada, libertando espa\u00e7o no SNS, e que as For\u00e7as Armadas disponibilizam duas mil camas de reserva.<\/p>\n\n\n\n<p>&#8220;Estamos neste momento a realizar obras para permitir a reabertura do antigo Hospital Militar de Doen\u00e7as Infetocontagiosas na Ajuda, que abrir\u00e1 na segunda-feira j\u00e1 com um piso, e as obras continuar\u00e3o para os outros pisos. Portanto, estamos a ganhar capacidade&#8221;, defendeu.<\/p>\n\n\n\n<p>J\u00e1 sobre a aquisi\u00e7\u00e3o de material de prote\u00e7\u00e3o para o corpo cl\u00ednico, o primeiro-ministro falou na exist\u00eancia de &#8220;uma reserva estrat\u00e9gica que tem vindo a ser disponibilizada&#8221;.<\/p>\n\n\n\n<p>&#8220;E h\u00e1 uma compra gigantesca de material que est\u00e1 a ocorrer para refor\u00e7ar os recursos existentes, desde logo para os profissionais de sa\u00fade&#8221;, disse.<\/p>\n\n\n\n<p>Interrogado sobre a capacidade do sistema de sa\u00fade para a realiza\u00e7\u00e3o de testes de diagn\u00f3stico do coronav\u00edrus, o primeiro-ministro sustentou que h\u00e1 condi\u00e7\u00f5es para se fazerem 10 mil testes no servi\u00e7o p\u00fablico e 20 mil no setor privado.<\/p>\n\n\n\n<p>&#8220;Est\u00e3o neste momento encomendados 280 mil testes r\u00e1pidos e que chegar\u00e3o ao longo dos pr\u00f3ximos dias. At\u00e9 ao pr\u00f3ximo dia 29, chegar\u00e3o concretamente 80 mil&#8221;, especificou.<\/p>\n\n\n\n<p>Neste ponto, Ant\u00f3nio Costa adiantou que uma &#8220;outra modalidade de testes r\u00e1pidos est\u00e1 a ser desenvolvida por uma empresa portuguesa, que come\u00e7ar\u00e1 a fazer testes no Hospital da Cruz Vermelha no final desta semana\u201d.<\/p>\n\n\n\n<p>Na entrevista, o primeiro-ministro defendeu ainda que &#8220;houve j\u00e1 um refor\u00e7o de mil m\u00e9dicos e de 1800 enfermeiros, assim como um refor\u00e7o muito grande da capacidade de resposta da linha Sa\u00fade 24, diminuindo a press\u00e3o sobre o conjunto do sistema&#8221;.<\/p>\n\n\n\n<p>&#8220;No conjunto do sistema, temos 1142 ventiladores e neste momento h\u00e1 47 pessoas nas unidades de cuidados intensivos. Portanto, a margem ainda \u00e9 muito significativa. Na segunda-feira fizemos o pagamento de 10 milh\u00f5es de d\u00f3lares para a aquisi\u00e7\u00e3o de 500 ventiladores na China, que chegar\u00e3o progressivamente at\u00e9 ao dia 14 de abril&#8221;, apontou Ant\u00f3nio Costa.<\/p>\n\n\n\n<p>O primeiro-ministro falou ainda em donativos, entre os quais um de uma &#8220;investidora chinesa&#8221; com uma doa\u00e7\u00e3o de 78 ventiladores que hoje foram entregues na Embaixada de Portugal em Pequim.<\/p>\n\n\n\n<p>&#8220;H\u00e1 um movimento muito grande&#8221;, acrescentou.<\/p>\n\n\n\n<p>O novo coronav\u00edrus, respons\u00e1vel pela pandemia da covid-19, j\u00e1 infetou mais de 341 mil pessoas em todo o mundo, das quais mais de 15.100 morreram.<\/p>\n\n\n\n<p>Depois de surgir na China, em dezembro, o surto espalhou-se por todo o mundo, o que levou a Organiza\u00e7\u00e3o Mundial da Sa\u00fade (OMS) a declarar uma situa\u00e7\u00e3o de pandemia.<\/p>\n","protected":false},"excerpt":{"rendered":"<p>Ant\u00f3nio Costa manifestou-se confiante que n\u00e3o haver\u00e1 um &#8220;ponto de rutura&#8221; nos servi\u00e7os de sa\u00fade portugueses provocado por um pico de casos de covid-19 e que considerou que n\u00e3o \u00e9 previs\u00edvel que venham a faltar meios. Esta posi\u00e7\u00e3o foi transmitida por Ant\u00f3nio Costa em entrevista \u00e0 TVI, que foi conduzida pelos jornalistas Jos\u00e9 Alberto Carvalho [&hellip;]<\/p>\n","protected":false},"author":16,"featured_media":41327,"comment_status":"closed","ping_status":"closed","sticky":false,"template":"","format":"standard","meta":{"_exactmetrics_skip_tracking":false,"_exactmetrics_sitenote_active":false,"_exactmetrics_sitenote_note":"","_exactmetrics_sitenote_category":0,"footnotes":""},"categories":[42722],"tags":[26,27],"class_list":["post-42526","post","type-post","status-publish","format-standard","has-post-thumbnail","hentry","category-covid-19","tag-saude","tag-sociedade"],"yoast_head":"<!-- This site is optimized with the Yoast SEO Premium plugin v27.5 (Yoast SEO v27.5) - https:\/\/yoast.com\/product\/yoast-seo-premium-wordpress\/ -->\n<title>Costa confiante que servi\u00e7os de sa\u00fade n\u00e3o entrar\u00e3o em rutura<\/title>\n<meta name=\"robots\" content=\"index, follow, max-snippet:-1, max-image-preview:large, max-video-preview:-1\" \/>\n<link rel=\"canonical\" href=\"https:\/\/www.altominho.tv\/site\/2020\/03\/24\/costa-confiante-que-servicos-de-saude-nao-entrarao-em-rutura\/\" \/>\n<meta property=\"og:locale\" content=\"pt_PT\" \/>\n<meta property=\"og:type\" content=\"article\" \/>\n<meta property=\"og:title\" content=\"Costa confiante que servi\u00e7os de sa\u00fade n\u00e3o entrar\u00e3o em rutura\" \/>\n<meta property=\"og:description\" content=\"Ant\u00f3nio Costa manifestou-se confiante que n\u00e3o haver\u00e1 um &#8220;ponto de rutura&#8221; nos servi\u00e7os de sa\u00fade portugueses provocado por um pico de casos de covid-19 e que considerou que n\u00e3o \u00e9 previs\u00edvel que venham a faltar meios. Esta posi\u00e7\u00e3o foi transmitida por Ant\u00f3nio Costa em entrevista \u00e0 TVI, que foi conduzida pelos jornalistas Jos\u00e9 Alberto Carvalho [&hellip;]\" \/>\n<meta property=\"og:url\" content=\"https:\/\/www.altominho.tv\/site\/2020\/03\/24\/costa-confiante-que-servicos-de-saude-nao-entrarao-em-rutura\/\" \/>\n<meta property=\"og:site_name\" content=\"Altominho.tv\" \/>\n<meta property=\"article:publisher\" content=\"https:\/\/www.facebook.com\/altominhotv\" \/>\n<meta property=\"article:published_time\" content=\"2020-03-24T10:16:56+00:00\" \/>\n<meta property=\"article:modified_time\" content=\"2020-03-24T10:17:03+00:00\" \/>\n<meta property=\"og:image\" content=\"https:\/\/www.altominho.tv\/site\/wp-content\/uploads\/2020\/03\/LUSA.jpg\" \/>\n\t<meta property=\"og:image:width\" content=\"1600\" \/>\n\t<meta property=\"og:image:height\" content=\"900\" \/>\n\t<meta property=\"og:image:type\" content=\"image\/jpeg\" \/>\n<meta name=\"author\" content=\"Andreia Cunha | Lusa\" \/>\n<meta name=\"twitter:card\" content=\"summary_large_image\" \/>\n<meta name=\"twitter:creator\" content=\"@altominhoTV\" \/>\n<meta name=\"twitter:site\" content=\"@altominhoTV\" \/>\n<meta name=\"twitter:label1\" content=\"Escrito por\" \/>\n\t<meta name=\"twitter:data1\" content=\"Andreia Cunha | Lusa\" \/>\n\t<meta name=\"twitter:label2\" content=\"Tempo estimado de leitura\" \/>\n\t<meta name=\"twitter:data2\" content=\"3 minutos\" \/>\n<script type=\"application\/ld+json\" class=\"yoast-schema-graph\">{\"@context\":\"https:\\\/\\\/schema.org\",\"@graph\":[{\"@type\":\"Article\",\"@id\":\"https:\\\/\\\/www.altominho.tv\\\/site\\\/2020\\\/03\\\/24\\\/costa-confiante-que-servicos-de-saude-nao-entrarao-em-rutura\\\/#article\",\"isPartOf\":{\"@id\":\"https:\\\/\\\/www.altominho.tv\\\/site\\\/2020\\\/03\\\/24\\\/costa-confiante-que-servicos-de-saude-nao-entrarao-em-rutura\\\/\"},\"author\":{\"name\":\"Andreia Cunha | Lusa\",\"@id\":\"https:\\\/\\\/www.altominho.tv\\\/site\\\/#\\\/schema\\\/person\\\/dbaf181c01b51ff40c9f461a905d321e\"},\"headline\":\"Costa confiante que servi\u00e7os de sa\u00fade n\u00e3o entrar\u00e3o em rutura\",\"datePublished\":\"2020-03-24T10:16:56+00:00\",\"dateModified\":\"2020-03-24T10:17:03+00:00\",\"mainEntityOfPage\":{\"@id\":\"https:\\\/\\\/www.altominho.tv\\\/site\\\/2020\\\/03\\\/24\\\/costa-confiante-que-servicos-de-saude-nao-entrarao-em-rutura\\\/\"},\"wordCount\":651,\"image\":{\"@id\":\"https:\\\/\\\/www.altominho.tv\\\/site\\\/2020\\\/03\\\/24\\\/costa-confiante-que-servicos-de-saude-nao-entrarao-em-rutura\\\/#primaryimage\"},\"thumbnailUrl\":\"https:\\\/\\\/www.altominho.tv\\\/site\\\/wp-content\\\/uploads\\\/2020\\\/03\\\/LUSA.jpg\",\"keywords\":[\"Sa\u00fade\",\"Sociedade\"],\"articleSection\":[\"Coronav\u00edrus\"],\"inLanguage\":\"pt-PT\",\"copyrightYear\":\"2020\",\"copyrightHolder\":{\"@id\":\"https:\\\/\\\/www.altominho.tv\\\/site\\\/#organization\"}},{\"@type\":\"WebPage\",\"@id\":\"https:\\\/\\\/www.altominho.tv\\\/site\\\/2020\\\/03\\\/24\\\/costa-confiante-que-servicos-de-saude-nao-entrarao-em-rutura\\\/\",\"url\":\"https:\\\/\\\/www.altominho.tv\\\/site\\\/2020\\\/03\\\/24\\\/costa-confiante-que-servicos-de-saude-nao-entrarao-em-rutura\\\/\",\"name\":\"Costa confiante que servi\u00e7os de sa\u00fade n\u00e3o entrar\u00e3o em rutura\",\"isPartOf\":{\"@id\":\"https:\\\/\\\/www.altominho.tv\\\/site\\\/#website\"},\"primaryImageOfPage\":{\"@id\":\"https:\\\/\\\/www.altominho.tv\\\/site\\\/2020\\\/03\\\/24\\\/costa-confiante-que-servicos-de-saude-nao-entrarao-em-rutura\\\/#primaryimage\"},\"image\":{\"@id\":\"https:\\\/\\\/www.altominho.tv\\\/site\\\/2020\\\/03\\\/24\\\/costa-confiante-que-servicos-de-saude-nao-entrarao-em-rutura\\\/#primaryimage\"},\"thumbnailUrl\":\"https:\\\/\\\/www.altominho.tv\\\/site\\\/wp-content\\\/uploads\\\/2020\\\/03\\\/LUSA.jpg\",\"datePublished\":\"2020-03-24T10:16:56+00:00\",\"dateModified\":\"2020-03-24T10:17:03+00:00\",\"author\":{\"@id\":\"https:\\\/\\\/www.altominho.tv\\\/site\\\/#\\\/schema\\\/person\\\/dbaf181c01b51ff40c9f461a905d321e\"},\"breadcrumb\":{\"@id\":\"https:\\\/\\\/www.altominho.tv\\\/site\\\/2020\\\/03\\\/24\\\/costa-confiante-que-servicos-de-saude-nao-entrarao-em-rutura\\\/#breadcrumb\"},\"inLanguage\":\"pt-PT\",\"potentialAction\":[{\"@type\":\"ReadAction\",\"target\":[\"https:\\\/\\\/www.altominho.tv\\\/site\\\/2020\\\/03\\\/24\\\/costa-confiante-que-servicos-de-saude-nao-entrarao-em-rutura\\\/\"]}]},{\"@type\":\"ImageObject\",\"inLanguage\":\"pt-PT\",\"@id\":\"https:\\\/\\\/www.altominho.tv\\\/site\\\/2020\\\/03\\\/24\\\/costa-confiante-que-servicos-de-saude-nao-entrarao-em-rutura\\\/#primaryimage\",\"url\":\"https:\\\/\\\/www.altominho.tv\\\/site\\\/wp-content\\\/uploads\\\/2020\\\/03\\\/LUSA.jpg\",\"contentUrl\":\"https:\\\/\\\/www.altominho.tv\\\/site\\\/wp-content\\\/uploads\\\/2020\\\/03\\\/LUSA.jpg\",\"width\":1600,\"height\":900,\"caption\":\"LUSA\"},{\"@type\":\"BreadcrumbList\",\"@id\":\"https:\\\/\\\/www.altominho.tv\\\/site\\\/2020\\\/03\\\/24\\\/costa-confiante-que-servicos-de-saude-nao-entrarao-em-rutura\\\/#breadcrumb\",\"itemListElement\":[{\"@type\":\"ListItem\",\"position\":1,\"name\":\"In\u00edcio\",\"item\":\"https:\\\/\\\/www.altominho.tv\\\/site\\\/\"},{\"@type\":\"ListItem\",\"position\":2,\"name\":\"Costa confiante que servi\u00e7os de sa\u00fade n\u00e3o entrar\u00e3o em rutura\"}]},{\"@type\":\"WebSite\",\"@id\":\"https:\\\/\\\/www.altominho.tv\\\/site\\\/#website\",\"url\":\"https:\\\/\\\/www.altominho.tv\\\/site\\\/\",\"name\":\"Altominho.tv\",\"description\":\"A sua regi\u00e3o \u00e0 dist\u00e2ncia de um clique...\",\"potentialAction\":[{\"@type\":\"SearchAction\",\"target\":{\"@type\":\"EntryPoint\",\"urlTemplate\":\"https:\\\/\\\/www.altominho.tv\\\/site\\\/?s={search_term_string}\"},\"query-input\":{\"@type\":\"PropertyValueSpecification\",\"valueRequired\":true,\"valueName\":\"search_term_string\"}}],\"inLanguage\":\"pt-PT\"},{\"@type\":\"Person\",\"@id\":\"https:\\\/\\\/www.altominho.tv\\\/site\\\/#\\\/schema\\\/person\\\/dbaf181c01b51ff40c9f461a905d321e\",\"name\":\"Andreia Cunha | Lusa\",\"image\":{\"@type\":\"ImageObject\",\"inLanguage\":\"pt-PT\",\"@id\":\"https:\\\/\\\/www.altominho.tv\\\/site\\\/wp-content\\\/uploads\\\/2017\\\/11\\\/Andreia_Cunha-1-150x150.jpg\",\"url\":\"https:\\\/\\\/www.altominho.tv\\\/site\\\/wp-content\\\/uploads\\\/2017\\\/11\\\/Andreia_Cunha-1-150x150.jpg\",\"contentUrl\":\"https:\\\/\\\/www.altominho.tv\\\/site\\\/wp-content\\\/uploads\\\/2017\\\/11\\\/Andreia_Cunha-1-150x150.jpg\",\"caption\":\"Andreia Cunha | Lusa\"},\"sameAs\":[\"https:\\\/\\\/www.altominho.tv\\\/site\"],\"url\":\"https:\\\/\\\/www.altominho.tv\\\/site\\\/author\\\/andreiacunhalusa\\\/\"}]}<\/script>\n<!-- \/ Yoast SEO Premium plugin. -->","yoast_head_json":{"title":"Costa confiante que servi\u00e7os de sa\u00fade n\u00e3o entrar\u00e3o em rutura","robots":{"index":"index","follow":"follow","max-snippet":"max-snippet:-1","max-image-preview":"max-image-preview:large","max-video-preview":"max-video-preview:-1"},"canonical":"https:\/\/www.altominho.tv\/site\/2020\/03\/24\/costa-confiante-que-servicos-de-saude-nao-entrarao-em-rutura\/","og_locale":"pt_PT","og_type":"article","og_title":"Costa confiante que servi\u00e7os de sa\u00fade n\u00e3o entrar\u00e3o em rutura","og_description":"Ant\u00f3nio Costa manifestou-se confiante que n\u00e3o haver\u00e1 um &#8220;ponto de rutura&#8221; nos servi\u00e7os de sa\u00fade portugueses provocado por um pico de casos de covid-19 e que considerou que n\u00e3o \u00e9 previs\u00edvel que venham a faltar meios. Esta posi\u00e7\u00e3o foi transmitida por Ant\u00f3nio Costa em entrevista \u00e0 TVI, que foi conduzida pelos jornalistas Jos\u00e9 Alberto Carvalho [&hellip;]","og_url":"https:\/\/www.altominho.tv\/site\/2020\/03\/24\/costa-confiante-que-servicos-de-saude-nao-entrarao-em-rutura\/","og_site_name":"Altominho.tv","article_publisher":"https:\/\/www.facebook.com\/altominhotv","article_published_time":"2020-03-24T10:16:56+00:00","article_modified_time":"2020-03-24T10:17:03+00:00","og_image":[{"width":1600,"height":900,"url":"https:\/\/www.altominho.tv\/site\/wp-content\/uploads\/2020\/03\/LUSA.jpg","type":"image\/jpeg"}],"author":"Andreia Cunha | Lusa","twitter_card":"summary_large_image","twitter_creator":"@altominhoTV","twitter_site":"@altominhoTV","twitter_misc":{"Escrito por":"Andreia Cunha | Lusa","Tempo estimado de leitura":"3 minutos"},"schema":{"@context":"https:\/\/schema.org","@graph":[{"@type":"Article","@id":"https:\/\/www.altominho.tv\/site\/2020\/03\/24\/costa-confiante-que-servicos-de-saude-nao-entrarao-em-rutura\/#article","isPartOf":{"@id":"https:\/\/www.altominho.tv\/site\/2020\/03\/24\/costa-confiante-que-servicos-de-saude-nao-entrarao-em-rutura\/"},"author":{"name":"Andreia Cunha | Lusa","@id":"https:\/\/www.altominho.tv\/site\/#\/schema\/person\/dbaf181c01b51ff40c9f461a905d321e"},"headline":"Costa confiante que servi\u00e7os de sa\u00fade n\u00e3o entrar\u00e3o em rutura","datePublished":"2020-03-24T10:16:56+00:00","dateModified":"2020-03-24T10:17:03+00:00","mainEntityOfPage":{"@id":"https:\/\/www.altominho.tv\/site\/2020\/03\/24\/costa-confiante-que-servicos-de-saude-nao-entrarao-em-rutura\/"},"wordCount":651,"image":{"@id":"https:\/\/www.altominho.tv\/site\/2020\/03\/24\/costa-confiante-que-servicos-de-saude-nao-entrarao-em-rutura\/#primaryimage"},"thumbnailUrl":"https:\/\/www.altominho.tv\/site\/wp-content\/uploads\/2020\/03\/LUSA.jpg","keywords":["Sa\u00fade","Sociedade"],"articleSection":["Coronav\u00edrus"],"inLanguage":"pt-PT","copyrightYear":"2020","copyrightHolder":{"@id":"https:\/\/www.altominho.tv\/site\/#organization"}},{"@type":"WebPage","@id":"https:\/\/www.altominho.tv\/site\/2020\/03\/24\/costa-confiante-que-servicos-de-saude-nao-entrarao-em-rutura\/","url":"https:\/\/www.altominho.tv\/site\/2020\/03\/24\/costa-confiante-que-servicos-de-saude-nao-entrarao-em-rutura\/","name":"Costa confiante que servi\u00e7os de sa\u00fade n\u00e3o entrar\u00e3o em rutura","isPartOf":{"@id":"https:\/\/www.altominho.tv\/site\/#website"},"primaryImageOfPage":{"@id":"https:\/\/www.altominho.tv\/site\/2020\/03\/24\/costa-confiante-que-servicos-de-saude-nao-entrarao-em-rutura\/#primaryimage"},"image":{"@id":"https:\/\/www.altominho.tv\/site\/2020\/03\/24\/costa-confiante-que-servicos-de-saude-nao-entrarao-em-rutura\/#primaryimage"},"thumbnailUrl":"https:\/\/www.altominho.tv\/site\/wp-content\/uploads\/2020\/03\/LUSA.jpg","datePublished":"2020-03-24T10:16:56+00:00","dateModified":"2020-03-24T10:17:03+00:00","author":{"@id":"https:\/\/www.altominho.tv\/site\/#\/schema\/person\/dbaf181c01b51ff40c9f461a905d321e"},"breadcrumb":{"@id":"https:\/\/www.altominho.tv\/site\/2020\/03\/24\/costa-confiante-que-servicos-de-saude-nao-entrarao-em-rutura\/#breadcrumb"},"inLanguage":"pt-PT","potentialAction":[{"@type":"ReadAction","target":["https:\/\/www.altominho.tv\/site\/2020\/03\/24\/costa-confiante-que-servicos-de-saude-nao-entrarao-em-rutura\/"]}]},{"@type":"ImageObject","inLanguage":"pt-PT","@id":"https:\/\/www.altominho.tv\/site\/2020\/03\/24\/costa-confiante-que-servicos-de-saude-nao-entrarao-em-rutura\/#primaryimage","url":"https:\/\/www.altominho.tv\/site\/wp-content\/uploads\/2020\/03\/LUSA.jpg","contentUrl":"https:\/\/www.altominho.tv\/site\/wp-content\/uploads\/2020\/03\/LUSA.jpg","width":1600,"height":900,"caption":"LUSA"},{"@type":"BreadcrumbList","@id":"https:\/\/www.altominho.tv\/site\/2020\/03\/24\/costa-confiante-que-servicos-de-saude-nao-entrarao-em-rutura\/#breadcrumb","itemListElement":[{"@type":"ListItem","position":1,"name":"In\u00edcio","item":"https:\/\/www.altominho.tv\/site\/"},{"@type":"ListItem","position":2,"name":"Costa confiante que servi\u00e7os de sa\u00fade n\u00e3o entrar\u00e3o em rutura"}]},{"@type":"WebSite","@id":"https:\/\/www.altominho.tv\/site\/#website","url":"https:\/\/www.altominho.tv\/site\/","name":"Altominho.tv","description":"A sua regi\u00e3o \u00e0 dist\u00e2ncia de um clique...","potentialAction":[{"@type":"SearchAction","target":{"@type":"EntryPoint","urlTemplate":"https:\/\/www.altominho.tv\/site\/?s={search_term_string}"},"query-input":{"@type":"PropertyValueSpecification","valueRequired":true,"valueName":"search_term_string"}}],"inLanguage":"pt-PT"},{"@type":"Person","@id":"https:\/\/www.altominho.tv\/site\/#\/schema\/person\/dbaf181c01b51ff40c9f461a905d321e","name":"Andreia Cunha | Lusa","image":{"@type":"ImageObject","inLanguage":"pt-PT","@id":"https:\/\/www.altominho.tv\/site\/wp-content\/uploads\/2017\/11\/Andreia_Cunha-1-150x150.jpg","url":"https:\/\/www.altominho.tv\/site\/wp-content\/uploads\/2017\/11\/Andreia_Cunha-1-150x150.jpg","contentUrl":"https:\/\/www.altominho.tv\/site\/wp-content\/uploads\/2017\/11\/Andreia_Cunha-1-150x150.jpg","caption":"Andreia Cunha | Lusa"},"sameAs":["https:\/\/www.altominho.tv\/site"],"url":"https:\/\/www.altominho.tv\/site\/author\/andreiacunhalusa\/"}]}},"_links":{"self":[{"href":"https:\/\/www.altominho.tv\/site\/wp-json\/wp\/v2\/posts\/42526","targetHints":{"allow":["GET"]}}],"collection":[{"href":"https:\/\/www.altominho.tv\/site\/wp-json\/wp\/v2\/posts"}],"about":[{"href":"https:\/\/www.altominho.tv\/site\/wp-json\/wp\/v2\/types\/post"}],"author":[{"embeddable":true,"href":"https:\/\/www.altominho.tv\/site\/wp-json\/wp\/v2\/users\/16"}],"replies":[{"embeddable":true,"href":"https:\/\/www.altominho.tv\/site\/wp-json\/wp\/v2\/comments?post=42526"}],"version-history":[{"count":0,"href":"https:\/\/www.altominho.tv\/site\/wp-json\/wp\/v2\/posts\/42526\/revisions"}],"wp:featuredmedia":[{"embeddable":true,"href":"https:\/\/www.altominho.tv\/site\/wp-json\/wp\/v2\/media\/41327"}],"wp:attachment":[{"href":"https:\/\/www.altominho.tv\/site\/wp-json\/wp\/v2\/media?parent=42526"}],"wp:term":[{"taxonomy":"category","embeddable":true,"href":"https:\/\/www.altominho.tv\/site\/wp-json\/wp\/v2\/categories?post=42526"},{"taxonomy":"post_tag","embeddable":true,"href":"https:\/\/www.altominho.tv\/site\/wp-json\/wp\/v2\/tags?post=42526"}],"curies":[{"name":"wp","href":"https:\/\/api.w.org\/{rel}","templated":true}]}}