{"id":42517,"date":"2020-03-24T09:51:52","date_gmt":"2020-03-24T09:51:52","guid":{"rendered":"http:\/\/www.altominho.tv\/site\/?p=42517"},"modified":"2020-03-24T09:51:58","modified_gmt":"2020-03-24T09:51:58","slug":"em-dia-nacional-do-estudante-ministerio-lanca-video-com-mensagens-aos-alunos","status":"publish","type":"post","link":"https:\/\/www.altominho.tv\/site\/2020\/03\/24\/em-dia-nacional-do-estudante-ministerio-lanca-video-com-mensagens-aos-alunos\/","title":{"rendered":"Em Dia Nacional do Estudante, Minist\u00e9rio lan\u00e7a v\u00eddeo com mensagens aos alunos"},"content":{"rendered":"\n<figure class=\"wp-block-embed-youtube wp-block-embed is-type-video is-provider-youtube wp-embed-aspect-16-9 wp-has-aspect-ratio\"><div class=\"wp-block-embed__wrapper\">\n<iframe loading=\"lazy\" title=\"Conselhos do Minist\u00e9rio da Educa\u00e7\u00e3o #Estudoemcasa\" width=\"770\" height=\"433\" src=\"https:\/\/www.youtube.com\/embed\/bsR9CGFMZ8o?feature=oembed\" frameborder=\"0\" allow=\"accelerometer; autoplay; encrypted-media; gyroscope; picture-in-picture\" allowfullscreen><\/iframe>\n<\/div><\/figure>\n\n\n<p>Depois dos <a href=\"https:\/\/www.altominho.tv\/site\/2020\/03\/16\/ministerio-da-educacao-lanca-video-dirigido-aos-encarregados-de-educacao\/\">conselhos \u00e0s fam\u00edlias<\/a>, o Minist\u00e9rio da Educa\u00e7\u00e3o disponibiliza um<br \/>v\u00eddeo dirigido aos alunos em tempo de suspens\u00e3o das atividades letivas<br \/>presenciais.<\/p>\n<p>Cumprir o que a escola recomenda, manter o contacto com o diretor de turma,<br \/>criar rotinas, n\u00e3o esquecendo a leitura ou atividade f\u00edsica, bem como a<br \/>comunica\u00e7\u00e3o com os colegas, s\u00e3o algumas das mensagens dirigidas aos alunos,<br \/>neste Dia Nacional do Estudante.<\/p>\n<p>Por for\u00e7a das medidas de conting\u00eancia provocadas pelo surto epidemiol\u00f3gico<br \/>causado pelo novo coronav\u00edrus, a comunidade em geral, e as escolas em<br \/>particular, atravessam um momento \u00edmpar na organiza\u00e7\u00e3o dos seus processos<br \/>de ensino-aprendizagem.<\/p>\n<p>O empenho e o bem-estar dos alunos \u00e9, assim, fundamental num ano letivo que, inesperadamente, j\u00e1 tem contornos diferentes do habitual.<\/p>\n<p>Neste que \u00e9 o seu dia, o Minist\u00e9rio da Educa\u00e7\u00e3o desafia os estudantes a unirem-se nas redes sociais, atrav\u00e9s das quais muitas vezes comunicam, partilhando ambientes de estudo na sua \u201csala de aula\u201d provis\u00f3ria, utilizando a hashtag #EstudoEmCasa, sempre com toda a responsabilidade que as redes sociais exigem.<\/p>\n<p>Criando-se um movimento nacional de motiva\u00e7\u00e3o para que alunos, fam\u00edlias, docentes, n\u00e3o docentes e escolas prossigam esta caminhada, os alunos reconhecem, ao mesmo tempo, o trabalho dos seus professores.<\/p>\n<p>Em <a href=\"https:\/\/www.instagram.com\/estudoemcasa2020\/\">https:\/\/www.instagram.com\/estudoemcasa2020\/<\/a> poder\u00e3o ser encontradas<br \/>algumas partilhas (devidamente selecionadas).<\/p>\n<p>O Dia Nacional do Estudante comemora-se a 24 de mar\u00e7o, desde 1987. \u00c9 um dia de celebra\u00e7\u00e3o, luta e homenagem \u00e0s dificuldades e aos obst\u00e1culos que os<br \/>estudantes enfrentaram na crise acad\u00e9mica dos anos 60.<\/p>\n<p>\u00c9 uma data que celebra a for\u00e7a que o estudante tem na luta pelo direito \u00e0 Educa\u00e7\u00e3o e pela Liberdade.<\/p>","protected":false},"excerpt":{"rendered":"<p>Depois dos conselhos \u00e0s fam\u00edlias, o Minist\u00e9rio da Educa\u00e7\u00e3o disponibiliza umv\u00eddeo dirigido aos alunos em tempo de suspens\u00e3o das atividades letivaspresenciais. Cumprir o que a escola recomenda, manter o contacto com o diretor de turma,criar rotinas, n\u00e3o esquecendo a leitura ou atividade f\u00edsica, bem como acomunica\u00e7\u00e3o com os colegas, s\u00e3o algumas das mensagens dirigidas aos [&hellip;]<\/p>\n","protected":false},"author":1,"featured_media":42519,"comment_status":"closed","ping_status":"closed","sticky":false,"template":"","format":"video","meta":{"_exactmetrics_skip_tracking":false,"_exactmetrics_sitenote_active":false,"_exactmetrics_sitenote_note":"","_exactmetrics_sitenote_category":0,"footnotes":""},"categories":[73],"tags":[22],"class_list":["post-42517","post","type-post","status-publish","format-video","has-post-thumbnail","hentry","category-alto-minho","tag-educacao","post_format-post-format-video"],"yoast_head":"<!-- This site is optimized with the Yoast SEO Premium plugin v27.5 (Yoast SEO v27.5) - https:\/\/yoast.com\/product\/yoast-seo-premium-wordpress\/ -->\n<title>Em Dia Nacional do Estudante, Minist\u00e9rio lan\u00e7a v\u00eddeo com mensagens aos alunos<\/title>\n<meta name=\"robots\" content=\"index, follow, max-snippet:-1, max-image-preview:large, max-video-preview:-1\" \/>\n<link rel=\"canonical\" href=\"https:\/\/www.altominho.tv\/site\/2020\/03\/24\/em-dia-nacional-do-estudante-ministerio-lanca-video-com-mensagens-aos-alunos\/\" \/>\n<meta property=\"og:locale\" content=\"pt_PT\" \/>\n<meta property=\"og:type\" content=\"article\" \/>\n<meta property=\"og:title\" content=\"Em Dia Nacional do Estudante, Minist\u00e9rio lan\u00e7a v\u00eddeo com mensagens aos alunos\" \/>\n<meta property=\"og:description\" content=\"Depois dos conselhos \u00e0s fam\u00edlias, o Minist\u00e9rio da Educa\u00e7\u00e3o disponibiliza umv\u00eddeo dirigido aos alunos em tempo de suspens\u00e3o das atividades letivaspresenciais. Cumprir o que a escola recomenda, manter o contacto com o diretor de turma,criar rotinas, n\u00e3o esquecendo a leitura ou atividade f\u00edsica, bem como acomunica\u00e7\u00e3o com os colegas, s\u00e3o algumas das mensagens dirigidas aos [&hellip;]\" \/>\n<meta property=\"og:url\" content=\"https:\/\/www.altominho.tv\/site\/2020\/03\/24\/em-dia-nacional-do-estudante-ministerio-lanca-video-com-mensagens-aos-alunos\/\" \/>\n<meta property=\"og:site_name\" content=\"Altominho.tv\" \/>\n<meta property=\"article:publisher\" content=\"https:\/\/www.facebook.com\/altominhotv\" \/>\n<meta property=\"article:published_time\" content=\"2020-03-24T09:51:52+00:00\" \/>\n<meta property=\"article:modified_time\" content=\"2020-03-24T09:51:58+00:00\" \/>\n<meta property=\"og:image\" content=\"https:\/\/www.altominho.tv\/site\/wp-content\/uploads\/2020\/03\/Faz-a-tua-parte.jpg\" \/>\n\t<meta property=\"og:image:width\" content=\"1760\" \/>\n\t<meta property=\"og:image:height\" content=\"990\" \/>\n\t<meta property=\"og:image:type\" content=\"image\/jpeg\" \/>\n<meta name=\"author\" content=\"Altominho.tv\" \/>\n<meta name=\"twitter:card\" content=\"summary_large_image\" \/>\n<meta name=\"twitter:creator\" content=\"@altominhoTV\" \/>\n<meta name=\"twitter:site\" content=\"@altominhoTV\" \/>\n<meta name=\"twitter:label1\" content=\"Escrito por\" \/>\n\t<meta name=\"twitter:data1\" content=\"Altominho.tv\" \/>\n\t<meta name=\"twitter:label2\" content=\"Tempo estimado de leitura\" \/>\n\t<meta name=\"twitter:data2\" content=\"1 minuto\" \/>\n<script type=\"application\/ld+json\" class=\"yoast-schema-graph\">{\"@context\":\"https:\\\/\\\/schema.org\",\"@graph\":[{\"@type\":\"Article\",\"@id\":\"https:\\\/\\\/www.altominho.tv\\\/site\\\/2020\\\/03\\\/24\\\/em-dia-nacional-do-estudante-ministerio-lanca-video-com-mensagens-aos-alunos\\\/#article\",\"isPartOf\":{\"@id\":\"https:\\\/\\\/www.altominho.tv\\\/site\\\/2020\\\/03\\\/24\\\/em-dia-nacional-do-estudante-ministerio-lanca-video-com-mensagens-aos-alunos\\\/\"},\"author\":{\"name\":\"Altominho.tv\",\"@id\":\"https:\\\/\\\/www.altominho.tv\\\/site\\\/#\\\/schema\\\/person\\\/4e536851627d7914baf3dac752b6af22\"},\"headline\":\"Em Dia Nacional do Estudante, Minist\u00e9rio lan\u00e7a v\u00eddeo com mensagens aos alunos\",\"datePublished\":\"2020-03-24T09:51:52+00:00\",\"dateModified\":\"2020-03-24T09:51:58+00:00\",\"mainEntityOfPage\":{\"@id\":\"https:\\\/\\\/www.altominho.tv\\\/site\\\/2020\\\/03\\\/24\\\/em-dia-nacional-do-estudante-ministerio-lanca-video-com-mensagens-aos-alunos\\\/\"},\"wordCount\":298,\"image\":{\"@id\":\"https:\\\/\\\/www.altominho.tv\\\/site\\\/2020\\\/03\\\/24\\\/em-dia-nacional-do-estudante-ministerio-lanca-video-com-mensagens-aos-alunos\\\/#primaryimage\"},\"thumbnailUrl\":\"https:\\\/\\\/www.altominho.tv\\\/site\\\/wp-content\\\/uploads\\\/2020\\\/03\\\/Faz-a-tua-parte.jpg\",\"keywords\":[\"Educa\u00e7\u00e3o\"],\"articleSection\":[\"Alto Minho\"],\"inLanguage\":\"pt-PT\",\"copyrightYear\":\"2020\",\"copyrightHolder\":{\"@id\":\"https:\\\/\\\/www.altominho.tv\\\/site\\\/#organization\"}},{\"@type\":\"WebPage\",\"@id\":\"https:\\\/\\\/www.altominho.tv\\\/site\\\/2020\\\/03\\\/24\\\/em-dia-nacional-do-estudante-ministerio-lanca-video-com-mensagens-aos-alunos\\\/\",\"url\":\"https:\\\/\\\/www.altominho.tv\\\/site\\\/2020\\\/03\\\/24\\\/em-dia-nacional-do-estudante-ministerio-lanca-video-com-mensagens-aos-alunos\\\/\",\"name\":\"Em Dia Nacional do Estudante, Minist\u00e9rio lan\u00e7a v\u00eddeo com mensagens aos alunos\",\"isPartOf\":{\"@id\":\"https:\\\/\\\/www.altominho.tv\\\/site\\\/#website\"},\"primaryImageOfPage\":{\"@id\":\"https:\\\/\\\/www.altominho.tv\\\/site\\\/2020\\\/03\\\/24\\\/em-dia-nacional-do-estudante-ministerio-lanca-video-com-mensagens-aos-alunos\\\/#primaryimage\"},\"image\":{\"@id\":\"https:\\\/\\\/www.altominho.tv\\\/site\\\/2020\\\/03\\\/24\\\/em-dia-nacional-do-estudante-ministerio-lanca-video-com-mensagens-aos-alunos\\\/#primaryimage\"},\"thumbnailUrl\":\"https:\\\/\\\/www.altominho.tv\\\/site\\\/wp-content\\\/uploads\\\/2020\\\/03\\\/Faz-a-tua-parte.jpg\",\"datePublished\":\"2020-03-24T09:51:52+00:00\",\"dateModified\":\"2020-03-24T09:51:58+00:00\",\"author\":{\"@id\":\"https:\\\/\\\/www.altominho.tv\\\/site\\\/#\\\/schema\\\/person\\\/4e536851627d7914baf3dac752b6af22\"},\"breadcrumb\":{\"@id\":\"https:\\\/\\\/www.altominho.tv\\\/site\\\/2020\\\/03\\\/24\\\/em-dia-nacional-do-estudante-ministerio-lanca-video-com-mensagens-aos-alunos\\\/#breadcrumb\"},\"inLanguage\":\"pt-PT\",\"potentialAction\":[{\"@type\":\"ReadAction\",\"target\":[\"https:\\\/\\\/www.altominho.tv\\\/site\\\/2020\\\/03\\\/24\\\/em-dia-nacional-do-estudante-ministerio-lanca-video-com-mensagens-aos-alunos\\\/\"]}]},{\"@type\":\"ImageObject\",\"inLanguage\":\"pt-PT\",\"@id\":\"https:\\\/\\\/www.altominho.tv\\\/site\\\/2020\\\/03\\\/24\\\/em-dia-nacional-do-estudante-ministerio-lanca-video-com-mensagens-aos-alunos\\\/#primaryimage\",\"url\":\"https:\\\/\\\/www.altominho.tv\\\/site\\\/wp-content\\\/uploads\\\/2020\\\/03\\\/Faz-a-tua-parte.jpg\",\"contentUrl\":\"https:\\\/\\\/www.altominho.tv\\\/site\\\/wp-content\\\/uploads\\\/2020\\\/03\\\/Faz-a-tua-parte.jpg\",\"width\":1760,\"height\":990},{\"@type\":\"BreadcrumbList\",\"@id\":\"https:\\\/\\\/www.altominho.tv\\\/site\\\/2020\\\/03\\\/24\\\/em-dia-nacional-do-estudante-ministerio-lanca-video-com-mensagens-aos-alunos\\\/#breadcrumb\",\"itemListElement\":[{\"@type\":\"ListItem\",\"position\":1,\"name\":\"In\u00edcio\",\"item\":\"https:\\\/\\\/www.altominho.tv\\\/site\\\/\"},{\"@type\":\"ListItem\",\"position\":2,\"name\":\"Em Dia Nacional do Estudante, Minist\u00e9rio lan\u00e7a v\u00eddeo com mensagens aos alunos\"}]},{\"@type\":\"WebSite\",\"@id\":\"https:\\\/\\\/www.altominho.tv\\\/site\\\/#website\",\"url\":\"https:\\\/\\\/www.altominho.tv\\\/site\\\/\",\"name\":\"Altominho.tv\",\"description\":\"A sua regi\u00e3o \u00e0 dist\u00e2ncia de um clique...\",\"potentialAction\":[{\"@type\":\"SearchAction\",\"target\":{\"@type\":\"EntryPoint\",\"urlTemplate\":\"https:\\\/\\\/www.altominho.tv\\\/site\\\/?s={search_term_string}\"},\"query-input\":{\"@type\":\"PropertyValueSpecification\",\"valueRequired\":true,\"valueName\":\"search_term_string\"}}],\"inLanguage\":\"pt-PT\"},{\"@type\":\"Person\",\"@id\":\"https:\\\/\\\/www.altominho.tv\\\/site\\\/#\\\/schema\\\/person\\\/4e536851627d7914baf3dac752b6af22\",\"name\":\"Altominho.tv\",\"image\":{\"@type\":\"ImageObject\",\"inLanguage\":\"pt-PT\",\"@id\":\"https:\\\/\\\/www.altominho.tv\\\/site\\\/wp-content\\\/uploads\\\/2019\\\/11\\\/Logo_Avatar_2-150x150.jpg\",\"url\":\"https:\\\/\\\/www.altominho.tv\\\/site\\\/wp-content\\\/uploads\\\/2019\\\/11\\\/Logo_Avatar_2-150x150.jpg\",\"contentUrl\":\"https:\\\/\\\/www.altominho.tv\\\/site\\\/wp-content\\\/uploads\\\/2019\\\/11\\\/Logo_Avatar_2-150x150.jpg\",\"caption\":\"Altominho.tv\"},\"url\":\"https:\\\/\\\/www.altominho.tv\\\/site\\\/author\\\/altominhotv-tecnico\\\/\"}]}<\/script>\n<meta property=\"og:video\" content=\"https:\/\/www.youtube.com\/embed\/bsR9CGFMZ8o\" \/>\n<meta property=\"og:video:type\" content=\"text\/html\" \/>\n<meta property=\"og:video:duration\" content=\"60\" \/>\n<meta property=\"og:video:width\" content=\"480\" \/>\n<meta property=\"og:video:height\" content=\"270\" \/>\n<meta property=\"ya:ovs:adult\" content=\"false\" \/>\n<meta property=\"ya:ovs:upload_date\" content=\"2020-03-24T09:51:52+00:00\" \/>\n<meta property=\"ya:ovs:allow_embed\" content=\"true\" \/>\n<!-- \/ Yoast SEO Premium plugin. -->","yoast_head_json":{"title":"Em Dia Nacional do Estudante, Minist\u00e9rio lan\u00e7a v\u00eddeo com mensagens aos alunos","robots":{"index":"index","follow":"follow","max-snippet":"max-snippet:-1","max-image-preview":"max-image-preview:large","max-video-preview":"max-video-preview:-1"},"canonical":"https:\/\/www.altominho.tv\/site\/2020\/03\/24\/em-dia-nacional-do-estudante-ministerio-lanca-video-com-mensagens-aos-alunos\/","og_locale":"pt_PT","og_type":"article","og_title":"Em Dia Nacional do Estudante, Minist\u00e9rio lan\u00e7a v\u00eddeo com mensagens aos alunos","og_description":"Depois dos conselhos \u00e0s fam\u00edlias, o Minist\u00e9rio da Educa\u00e7\u00e3o disponibiliza umv\u00eddeo dirigido aos alunos em tempo de suspens\u00e3o das atividades letivaspresenciais. Cumprir o que a escola recomenda, manter o contacto com o diretor de turma,criar rotinas, n\u00e3o esquecendo a leitura ou atividade f\u00edsica, bem como acomunica\u00e7\u00e3o com os colegas, s\u00e3o algumas das mensagens dirigidas aos [&hellip;]","og_url":"https:\/\/www.altominho.tv\/site\/2020\/03\/24\/em-dia-nacional-do-estudante-ministerio-lanca-video-com-mensagens-aos-alunos\/","og_site_name":"Altominho.tv","article_publisher":"https:\/\/www.facebook.com\/altominhotv","article_published_time":"2020-03-24T09:51:52+00:00","article_modified_time":"2020-03-24T09:51:58+00:00","og_image":[{"width":1760,"height":990,"url":"https:\/\/www.altominho.tv\/site\/wp-content\/uploads\/2020\/03\/Faz-a-tua-parte.jpg","type":"image\/jpeg"}],"author":"Altominho.tv","twitter_card":"summary_large_image","twitter_creator":"@altominhoTV","twitter_site":"@altominhoTV","twitter_misc":{"Escrito por":"Altominho.tv","Tempo estimado de leitura":"1 minuto"},"schema":{"@context":"https:\/\/schema.org","@graph":[{"@type":"Article","@id":"https:\/\/www.altominho.tv\/site\/2020\/03\/24\/em-dia-nacional-do-estudante-ministerio-lanca-video-com-mensagens-aos-alunos\/#article","isPartOf":{"@id":"https:\/\/www.altominho.tv\/site\/2020\/03\/24\/em-dia-nacional-do-estudante-ministerio-lanca-video-com-mensagens-aos-alunos\/"},"author":{"name":"Altominho.tv","@id":"https:\/\/www.altominho.tv\/site\/#\/schema\/person\/4e536851627d7914baf3dac752b6af22"},"headline":"Em Dia Nacional do Estudante, Minist\u00e9rio lan\u00e7a v\u00eddeo com mensagens aos alunos","datePublished":"2020-03-24T09:51:52+00:00","dateModified":"2020-03-24T09:51:58+00:00","mainEntityOfPage":{"@id":"https:\/\/www.altominho.tv\/site\/2020\/03\/24\/em-dia-nacional-do-estudante-ministerio-lanca-video-com-mensagens-aos-alunos\/"},"wordCount":298,"image":{"@id":"https:\/\/www.altominho.tv\/site\/2020\/03\/24\/em-dia-nacional-do-estudante-ministerio-lanca-video-com-mensagens-aos-alunos\/#primaryimage"},"thumbnailUrl":"https:\/\/www.altominho.tv\/site\/wp-content\/uploads\/2020\/03\/Faz-a-tua-parte.jpg","keywords":["Educa\u00e7\u00e3o"],"articleSection":["Alto Minho"],"inLanguage":"pt-PT","copyrightYear":"2020","copyrightHolder":{"@id":"https:\/\/www.altominho.tv\/site\/#organization"}},{"@type":"WebPage","@id":"https:\/\/www.altominho.tv\/site\/2020\/03\/24\/em-dia-nacional-do-estudante-ministerio-lanca-video-com-mensagens-aos-alunos\/","url":"https:\/\/www.altominho.tv\/site\/2020\/03\/24\/em-dia-nacional-do-estudante-ministerio-lanca-video-com-mensagens-aos-alunos\/","name":"Em Dia Nacional do Estudante, Minist\u00e9rio lan\u00e7a v\u00eddeo com mensagens aos alunos","isPartOf":{"@id":"https:\/\/www.altominho.tv\/site\/#website"},"primaryImageOfPage":{"@id":"https:\/\/www.altominho.tv\/site\/2020\/03\/24\/em-dia-nacional-do-estudante-ministerio-lanca-video-com-mensagens-aos-alunos\/#primaryimage"},"image":{"@id":"https:\/\/www.altominho.tv\/site\/2020\/03\/24\/em-dia-nacional-do-estudante-ministerio-lanca-video-com-mensagens-aos-alunos\/#primaryimage"},"thumbnailUrl":"https:\/\/www.altominho.tv\/site\/wp-content\/uploads\/2020\/03\/Faz-a-tua-parte.jpg","datePublished":"2020-03-24T09:51:52+00:00","dateModified":"2020-03-24T09:51:58+00:00","author":{"@id":"https:\/\/www.altominho.tv\/site\/#\/schema\/person\/4e536851627d7914baf3dac752b6af22"},"breadcrumb":{"@id":"https:\/\/www.altominho.tv\/site\/2020\/03\/24\/em-dia-nacional-do-estudante-ministerio-lanca-video-com-mensagens-aos-alunos\/#breadcrumb"},"inLanguage":"pt-PT","potentialAction":[{"@type":"ReadAction","target":["https:\/\/www.altominho.tv\/site\/2020\/03\/24\/em-dia-nacional-do-estudante-ministerio-lanca-video-com-mensagens-aos-alunos\/"]}]},{"@type":"ImageObject","inLanguage":"pt-PT","@id":"https:\/\/www.altominho.tv\/site\/2020\/03\/24\/em-dia-nacional-do-estudante-ministerio-lanca-video-com-mensagens-aos-alunos\/#primaryimage","url":"https:\/\/www.altominho.tv\/site\/wp-content\/uploads\/2020\/03\/Faz-a-tua-parte.jpg","contentUrl":"https:\/\/www.altominho.tv\/site\/wp-content\/uploads\/2020\/03\/Faz-a-tua-parte.jpg","width":1760,"height":990},{"@type":"BreadcrumbList","@id":"https:\/\/www.altominho.tv\/site\/2020\/03\/24\/em-dia-nacional-do-estudante-ministerio-lanca-video-com-mensagens-aos-alunos\/#breadcrumb","itemListElement":[{"@type":"ListItem","position":1,"name":"In\u00edcio","item":"https:\/\/www.altominho.tv\/site\/"},{"@type":"ListItem","position":2,"name":"Em Dia Nacional do Estudante, Minist\u00e9rio lan\u00e7a v\u00eddeo com mensagens aos alunos"}]},{"@type":"WebSite","@id":"https:\/\/www.altominho.tv\/site\/#website","url":"https:\/\/www.altominho.tv\/site\/","name":"Altominho.tv","description":"A sua regi\u00e3o \u00e0 dist\u00e2ncia de um clique...","potentialAction":[{"@type":"SearchAction","target":{"@type":"EntryPoint","urlTemplate":"https:\/\/www.altominho.tv\/site\/?s={search_term_string}"},"query-input":{"@type":"PropertyValueSpecification","valueRequired":true,"valueName":"search_term_string"}}],"inLanguage":"pt-PT"},{"@type":"Person","@id":"https:\/\/www.altominho.tv\/site\/#\/schema\/person\/4e536851627d7914baf3dac752b6af22","name":"Altominho.tv","image":{"@type":"ImageObject","inLanguage":"pt-PT","@id":"https:\/\/www.altominho.tv\/site\/wp-content\/uploads\/2019\/11\/Logo_Avatar_2-150x150.jpg","url":"https:\/\/www.altominho.tv\/site\/wp-content\/uploads\/2019\/11\/Logo_Avatar_2-150x150.jpg","contentUrl":"https:\/\/www.altominho.tv\/site\/wp-content\/uploads\/2019\/11\/Logo_Avatar_2-150x150.jpg","caption":"Altominho.tv"},"url":"https:\/\/www.altominho.tv\/site\/author\/altominhotv-tecnico\/"}]},"og_video":"https:\/\/www.youtube.com\/embed\/bsR9CGFMZ8o","og_video_type":"text\/html","og_video_duration":"60","og_video_width":"480","og_video_height":"270","ya_ovs_adult":"false","ya_ovs_upload_date":"2020-03-24T09:51:52+00:00","ya_ovs_allow_embed":"true"},"_links":{"self":[{"href":"https:\/\/www.altominho.tv\/site\/wp-json\/wp\/v2\/posts\/42517","targetHints":{"allow":["GET"]}}],"collection":[{"href":"https:\/\/www.altominho.tv\/site\/wp-json\/wp\/v2\/posts"}],"about":[{"href":"https:\/\/www.altominho.tv\/site\/wp-json\/wp\/v2\/types\/post"}],"author":[{"embeddable":true,"href":"https:\/\/www.altominho.tv\/site\/wp-json\/wp\/v2\/users\/1"}],"replies":[{"embeddable":true,"href":"https:\/\/www.altominho.tv\/site\/wp-json\/wp\/v2\/comments?post=42517"}],"version-history":[{"count":0,"href":"https:\/\/www.altominho.tv\/site\/wp-json\/wp\/v2\/posts\/42517\/revisions"}],"wp:featuredmedia":[{"embeddable":true,"href":"https:\/\/www.altominho.tv\/site\/wp-json\/wp\/v2\/media\/42519"}],"wp:attachment":[{"href":"https:\/\/www.altominho.tv\/site\/wp-json\/wp\/v2\/media?parent=42517"}],"wp:term":[{"taxonomy":"category","embeddable":true,"href":"https:\/\/www.altominho.tv\/site\/wp-json\/wp\/v2\/categories?post=42517"},{"taxonomy":"post_tag","embeddable":true,"href":"https:\/\/www.altominho.tv\/site\/wp-json\/wp\/v2\/tags?post=42517"}],"curies":[{"name":"wp","href":"https:\/\/api.w.org\/{rel}","templated":true}]}}