{"id":42510,"date":"2020-03-24T08:41:24","date_gmt":"2020-03-24T08:41:24","guid":{"rendered":"http:\/\/www.altominho.tv\/site\/?p=42510"},"modified":"2020-03-24T08:41:31","modified_gmt":"2020-03-24T08:41:31","slug":"toquio2020-comite-olimpico-dos-estados-unidos-favoravel-a-adiamento","status":"publish","type":"post","link":"https:\/\/www.altominho.tv\/site\/2020\/03\/24\/toquio2020-comite-olimpico-dos-estados-unidos-favoravel-a-adiamento\/","title":{"rendered":"T\u00f3quio2020: Comit\u00e9 Ol\u00edmpico dos Estados Unidos favor\u00e1vel a adiamento"},"content":{"rendered":"\n<p>O Comit\u00e9 ol\u00edmpico e paral\u00edmpico dos Estados Unidos (USOPC) defendeu um adiamento de T\u00f3quio2020 devido \u00e0 pandemia da covid-19, seguindo a opini\u00e3o de mais de dois ter\u00e7os dos atletas norte-americanos.<\/p>\n\n\n\n<p>Apesar dos pedidos das federa\u00e7\u00f5es norte-americanas de atletismo, de nata\u00e7\u00e3o e de gin\u00e1stica, o USOPC reconheceu &#8220;ser cada vez mais claro que a op\u00e7\u00e3o do adiamento \u00e9 a mais adequada&#8221;.<\/p>\n\n\n\n<p>O USOPC acrescentou que dos 1.780 atletas norte-americanos que responderam a uma sondagem, 68% afirmaram que a igualdade desportiva n\u00e3o pode ser garantida se os Jogos Ol\u00edmpicos decorrerem nas datas previstas, entre 24 de julho e 09 de agosto pr\u00f3ximos.<\/p>\n\n\n\n<p>&#8220;A nossa conclus\u00e3o mais importante \u00e9 que mesmo que os graves problemas de sa\u00fade atuais se vierem a atenuar at\u00e9 ao final do ver\u00e3o, as enormes perturba\u00e7\u00f5es ligadas de treinos, controlos antidopping e processos de qualifica\u00e7\u00f5es n\u00e3o podem ser ultrapassadas de forma satisfat\u00f3ria&#8221;, argumentou o USOPC.<\/p>\n\n\n\n<p>&#8220;Encorajamos o COI a tomar todas as medidas necess\u00e1rias para garantir que os Jogos possam decorrer em condi\u00e7\u00f5es seguras e justas para todos os concorrentes&#8221;, acrescentou.<\/p>\n\n\n\n<p>O USOPC indicou esperar as diretivas do COI e estar &#8220;pronto a trabalhar para apoiar a equipa dos Estados Unidos em plena coopera\u00e7\u00e3o com a comunidade internacional&#8221;.<\/p>\n\n\n\n<p>Na v\u00e9spera, o Comit\u00e9 Ol\u00edmpico Canadiano tinha exigido o adiamento dos Jogos Ol\u00edmpicos para data posterior, avisando que n\u00e3o ia enviar atletas a T\u00f3quio2020 este ver\u00e3o.<\/p>\n\n\n\n<p>A press\u00e3o imposta nas \u00faltimas horas por outras inst\u00e2ncias, incluindo a Federa\u00e7\u00e3o Internacional de Atletismo, levou o COI, no final de uma reuni\u00e3o no domingo, a admitir pela primeira vez a possibilidade de adiar os Jogos, e a anunciar um prazo de quatro semanas para tomar uma decis\u00e3o.<\/p>\n\n\n\n<p>O novo coronav\u00edrus, respons\u00e1vel pela pandemia da covid-19, j\u00e1 infetou mais de 345 mil pessoas em todo o mundo, das quais mais de 15.100 morreram.<\/p>\n\n\n\n<p>Depois de surgir na China, em dezembro, o surto espalhou-se por todo o mundo, o que levou a Organiza\u00e7\u00e3o Mundial da Sa\u00fade (OMS) a declarar uma situa\u00e7\u00e3o de pandemia.<\/p>\n\n\n\n<p>O continente europeu \u00e9 aquele onde est\u00e1 a surgir atualmente o maior n\u00famero de casos, com a It\u00e1lia a ser o pa\u00eds do mundo com maior n\u00famero de v\u00edtimas mortais, com 6.077 mortos em 63.927 casos. Segundo as autoridades italianas, 7.024 dos infetados j\u00e1 est\u00e3o curados.<\/p>\n\n\n\n<p>A China, sem contar com os territ\u00f3rios de Hong Kong e Macau, onde a epidemia surgiu no final de dezembro, conta com mais de 81.000 casos, tendo sido registados 3.277 mortes.<\/p>\n\n\n\n<p>Nas \u00faltimas 24 horas a China reportou 78 novos casos, sendo quatro de cont\u00e1gio local e os restantes importados.<\/p>\n\n\n\n<p>As 74 infe\u00e7\u00f5es importadas do exterior levantam receios de nova onda de cont\u00e1gio. Depois de 5 dias sem novas infe\u00e7\u00f5es locais, foi reportado um novo caso local, em Wuhan.<\/p>\n\n\n\n<p>Os pa\u00edses mais afetados a seguir \u00e0 It\u00e1lia e \u00e0 China s\u00e3o a Espanha, com 2.182 mortos em 33.089 infe\u00e7\u00f5es, o Ir\u00e3o, com 1.812 mortes num total de 23.049 casos, a Fran\u00e7a, com 860 mortes (19.856 casos), e os Estados Unidos, com 390 mortes (31.057 casos).<\/p>\n\n\n\n<p>V\u00e1rios pa\u00edses adotaram medidas excecionais, incluindo o regime de quarentena e o encerramento de fronteiras.<\/p>\n","protected":false},"excerpt":{"rendered":"<p>O Comit\u00e9 ol\u00edmpico e paral\u00edmpico dos Estados Unidos (USOPC) defendeu um adiamento de T\u00f3quio2020 devido \u00e0 pandemia da covid-19, seguindo a opini\u00e3o de mais de dois ter\u00e7os dos atletas norte-americanos. Apesar dos pedidos das federa\u00e7\u00f5es norte-americanas de atletismo, de nata\u00e7\u00e3o e de gin\u00e1stica, o USOPC reconheceu &#8220;ser cada vez mais claro que a op\u00e7\u00e3o do [&hellip;]<\/p>\n","protected":false},"author":16,"featured_media":42365,"comment_status":"closed","ping_status":"closed","sticky":false,"template":"","format":"standard","meta":{"_exactmetrics_skip_tracking":false,"_exactmetrics_sitenote_active":false,"_exactmetrics_sitenote_note":"","_exactmetrics_sitenote_category":0,"footnotes":""},"categories":[42722],"tags":[20,26],"class_list":["post-42510","post","type-post","status-publish","format-standard","has-post-thumbnail","hentry","category-covid-19","tag-desporto","tag-saude"],"yoast_head":"<!-- This site is optimized with the Yoast SEO Premium plugin v27.5 (Yoast SEO v27.5) - https:\/\/yoast.com\/product\/yoast-seo-premium-wordpress\/ -->\n<title>T\u00f3quio2020: Comit\u00e9 Ol\u00edmpico dos Estados Unidos favor\u00e1vel a adiamento<\/title>\n<meta name=\"robots\" content=\"index, follow, max-snippet:-1, max-image-preview:large, max-video-preview:-1\" \/>\n<link rel=\"canonical\" href=\"https:\/\/www.altominho.tv\/site\/2020\/03\/24\/toquio2020-comite-olimpico-dos-estados-unidos-favoravel-a-adiamento\/\" \/>\n<meta property=\"og:locale\" content=\"pt_PT\" \/>\n<meta property=\"og:type\" content=\"article\" \/>\n<meta property=\"og:title\" content=\"T\u00f3quio2020: Comit\u00e9 Ol\u00edmpico dos Estados Unidos favor\u00e1vel a adiamento\" \/>\n<meta property=\"og:description\" content=\"O Comit\u00e9 ol\u00edmpico e paral\u00edmpico dos Estados Unidos (USOPC) defendeu um adiamento de T\u00f3quio2020 devido \u00e0 pandemia da covid-19, seguindo a opini\u00e3o de mais de dois ter\u00e7os dos atletas norte-americanos. Apesar dos pedidos das federa\u00e7\u00f5es norte-americanas de atletismo, de nata\u00e7\u00e3o e de gin\u00e1stica, o USOPC reconheceu &#8220;ser cada vez mais claro que a op\u00e7\u00e3o do [&hellip;]\" \/>\n<meta property=\"og:url\" content=\"https:\/\/www.altominho.tv\/site\/2020\/03\/24\/toquio2020-comite-olimpico-dos-estados-unidos-favoravel-a-adiamento\/\" \/>\n<meta property=\"og:site_name\" content=\"Altominho.tv\" \/>\n<meta property=\"article:publisher\" content=\"https:\/\/www.facebook.com\/altominhotv\" \/>\n<meta property=\"article:published_time\" content=\"2020-03-24T08:41:24+00:00\" \/>\n<meta property=\"article:modified_time\" content=\"2020-03-24T08:41:31+00:00\" \/>\n<meta property=\"og:image\" content=\"https:\/\/www.altominho.tv\/site\/wp-content\/uploads\/2020\/03\/tokyo2020.jpg\" \/>\n\t<meta property=\"og:image:width\" content=\"830\" \/>\n\t<meta property=\"og:image:height\" content=\"465\" \/>\n\t<meta property=\"og:image:type\" content=\"image\/jpeg\" \/>\n<meta name=\"author\" content=\"Andreia Cunha | Lusa\" \/>\n<meta name=\"twitter:card\" content=\"summary_large_image\" \/>\n<meta name=\"twitter:creator\" content=\"@altominhoTV\" \/>\n<meta name=\"twitter:site\" content=\"@altominhoTV\" \/>\n<meta name=\"twitter:label1\" content=\"Escrito por\" \/>\n\t<meta name=\"twitter:data1\" content=\"Andreia Cunha | Lusa\" \/>\n\t<meta name=\"twitter:label2\" content=\"Tempo estimado de leitura\" \/>\n\t<meta name=\"twitter:data2\" content=\"3 minutos\" \/>\n<script type=\"application\/ld+json\" class=\"yoast-schema-graph\">{\"@context\":\"https:\\\/\\\/schema.org\",\"@graph\":[{\"@type\":\"Article\",\"@id\":\"https:\\\/\\\/www.altominho.tv\\\/site\\\/2020\\\/03\\\/24\\\/toquio2020-comite-olimpico-dos-estados-unidos-favoravel-a-adiamento\\\/#article\",\"isPartOf\":{\"@id\":\"https:\\\/\\\/www.altominho.tv\\\/site\\\/2020\\\/03\\\/24\\\/toquio2020-comite-olimpico-dos-estados-unidos-favoravel-a-adiamento\\\/\"},\"author\":{\"name\":\"Andreia Cunha | Lusa\",\"@id\":\"https:\\\/\\\/www.altominho.tv\\\/site\\\/#\\\/schema\\\/person\\\/dbaf181c01b51ff40c9f461a905d321e\"},\"headline\":\"T\u00f3quio2020: Comit\u00e9 Ol\u00edmpico dos Estados Unidos favor\u00e1vel a adiamento\",\"datePublished\":\"2020-03-24T08:41:24+00:00\",\"dateModified\":\"2020-03-24T08:41:31+00:00\",\"mainEntityOfPage\":{\"@id\":\"https:\\\/\\\/www.altominho.tv\\\/site\\\/2020\\\/03\\\/24\\\/toquio2020-comite-olimpico-dos-estados-unidos-favoravel-a-adiamento\\\/\"},\"wordCount\":553,\"image\":{\"@id\":\"https:\\\/\\\/www.altominho.tv\\\/site\\\/2020\\\/03\\\/24\\\/toquio2020-comite-olimpico-dos-estados-unidos-favoravel-a-adiamento\\\/#primaryimage\"},\"thumbnailUrl\":\"https:\\\/\\\/www.altominho.tv\\\/site\\\/wp-content\\\/uploads\\\/2020\\\/03\\\/tokyo2020.jpg\",\"keywords\":[\"Desporto\",\"Sa\u00fade\"],\"articleSection\":[\"Coronav\u00edrus\"],\"inLanguage\":\"pt-PT\",\"copyrightYear\":\"2020\",\"copyrightHolder\":{\"@id\":\"https:\\\/\\\/www.altominho.tv\\\/site\\\/#organization\"}},{\"@type\":\"WebPage\",\"@id\":\"https:\\\/\\\/www.altominho.tv\\\/site\\\/2020\\\/03\\\/24\\\/toquio2020-comite-olimpico-dos-estados-unidos-favoravel-a-adiamento\\\/\",\"url\":\"https:\\\/\\\/www.altominho.tv\\\/site\\\/2020\\\/03\\\/24\\\/toquio2020-comite-olimpico-dos-estados-unidos-favoravel-a-adiamento\\\/\",\"name\":\"T\u00f3quio2020: Comit\u00e9 Ol\u00edmpico dos Estados Unidos favor\u00e1vel a adiamento\",\"isPartOf\":{\"@id\":\"https:\\\/\\\/www.altominho.tv\\\/site\\\/#website\"},\"primaryImageOfPage\":{\"@id\":\"https:\\\/\\\/www.altominho.tv\\\/site\\\/2020\\\/03\\\/24\\\/toquio2020-comite-olimpico-dos-estados-unidos-favoravel-a-adiamento\\\/#primaryimage\"},\"image\":{\"@id\":\"https:\\\/\\\/www.altominho.tv\\\/site\\\/2020\\\/03\\\/24\\\/toquio2020-comite-olimpico-dos-estados-unidos-favoravel-a-adiamento\\\/#primaryimage\"},\"thumbnailUrl\":\"https:\\\/\\\/www.altominho.tv\\\/site\\\/wp-content\\\/uploads\\\/2020\\\/03\\\/tokyo2020.jpg\",\"datePublished\":\"2020-03-24T08:41:24+00:00\",\"dateModified\":\"2020-03-24T08:41:31+00:00\",\"author\":{\"@id\":\"https:\\\/\\\/www.altominho.tv\\\/site\\\/#\\\/schema\\\/person\\\/dbaf181c01b51ff40c9f461a905d321e\"},\"breadcrumb\":{\"@id\":\"https:\\\/\\\/www.altominho.tv\\\/site\\\/2020\\\/03\\\/24\\\/toquio2020-comite-olimpico-dos-estados-unidos-favoravel-a-adiamento\\\/#breadcrumb\"},\"inLanguage\":\"pt-PT\",\"potentialAction\":[{\"@type\":\"ReadAction\",\"target\":[\"https:\\\/\\\/www.altominho.tv\\\/site\\\/2020\\\/03\\\/24\\\/toquio2020-comite-olimpico-dos-estados-unidos-favoravel-a-adiamento\\\/\"]}]},{\"@type\":\"ImageObject\",\"inLanguage\":\"pt-PT\",\"@id\":\"https:\\\/\\\/www.altominho.tv\\\/site\\\/2020\\\/03\\\/24\\\/toquio2020-comite-olimpico-dos-estados-unidos-favoravel-a-adiamento\\\/#primaryimage\",\"url\":\"https:\\\/\\\/www.altominho.tv\\\/site\\\/wp-content\\\/uploads\\\/2020\\\/03\\\/tokyo2020.jpg\",\"contentUrl\":\"https:\\\/\\\/www.altominho.tv\\\/site\\\/wp-content\\\/uploads\\\/2020\\\/03\\\/tokyo2020.jpg\",\"width\":830,\"height\":465},{\"@type\":\"BreadcrumbList\",\"@id\":\"https:\\\/\\\/www.altominho.tv\\\/site\\\/2020\\\/03\\\/24\\\/toquio2020-comite-olimpico-dos-estados-unidos-favoravel-a-adiamento\\\/#breadcrumb\",\"itemListElement\":[{\"@type\":\"ListItem\",\"position\":1,\"name\":\"In\u00edcio\",\"item\":\"https:\\\/\\\/www.altominho.tv\\\/site\\\/\"},{\"@type\":\"ListItem\",\"position\":2,\"name\":\"T\u00f3quio2020: Comit\u00e9 Ol\u00edmpico dos Estados Unidos favor\u00e1vel a adiamento\"}]},{\"@type\":\"WebSite\",\"@id\":\"https:\\\/\\\/www.altominho.tv\\\/site\\\/#website\",\"url\":\"https:\\\/\\\/www.altominho.tv\\\/site\\\/\",\"name\":\"Altominho.tv\",\"description\":\"A sua regi\u00e3o \u00e0 dist\u00e2ncia de um clique...\",\"potentialAction\":[{\"@type\":\"SearchAction\",\"target\":{\"@type\":\"EntryPoint\",\"urlTemplate\":\"https:\\\/\\\/www.altominho.tv\\\/site\\\/?s={search_term_string}\"},\"query-input\":{\"@type\":\"PropertyValueSpecification\",\"valueRequired\":true,\"valueName\":\"search_term_string\"}}],\"inLanguage\":\"pt-PT\"},{\"@type\":\"Person\",\"@id\":\"https:\\\/\\\/www.altominho.tv\\\/site\\\/#\\\/schema\\\/person\\\/dbaf181c01b51ff40c9f461a905d321e\",\"name\":\"Andreia Cunha | Lusa\",\"image\":{\"@type\":\"ImageObject\",\"inLanguage\":\"pt-PT\",\"@id\":\"https:\\\/\\\/www.altominho.tv\\\/site\\\/wp-content\\\/uploads\\\/2017\\\/11\\\/Andreia_Cunha-1-150x150.jpg\",\"url\":\"https:\\\/\\\/www.altominho.tv\\\/site\\\/wp-content\\\/uploads\\\/2017\\\/11\\\/Andreia_Cunha-1-150x150.jpg\",\"contentUrl\":\"https:\\\/\\\/www.altominho.tv\\\/site\\\/wp-content\\\/uploads\\\/2017\\\/11\\\/Andreia_Cunha-1-150x150.jpg\",\"caption\":\"Andreia Cunha | Lusa\"},\"sameAs\":[\"https:\\\/\\\/www.altominho.tv\\\/site\"],\"url\":\"https:\\\/\\\/www.altominho.tv\\\/site\\\/author\\\/andreiacunhalusa\\\/\"}]}<\/script>\n<!-- \/ Yoast SEO Premium plugin. -->","yoast_head_json":{"title":"T\u00f3quio2020: Comit\u00e9 Ol\u00edmpico dos Estados Unidos favor\u00e1vel a adiamento","robots":{"index":"index","follow":"follow","max-snippet":"max-snippet:-1","max-image-preview":"max-image-preview:large","max-video-preview":"max-video-preview:-1"},"canonical":"https:\/\/www.altominho.tv\/site\/2020\/03\/24\/toquio2020-comite-olimpico-dos-estados-unidos-favoravel-a-adiamento\/","og_locale":"pt_PT","og_type":"article","og_title":"T\u00f3quio2020: Comit\u00e9 Ol\u00edmpico dos Estados Unidos favor\u00e1vel a adiamento","og_description":"O Comit\u00e9 ol\u00edmpico e paral\u00edmpico dos Estados Unidos (USOPC) defendeu um adiamento de T\u00f3quio2020 devido \u00e0 pandemia da covid-19, seguindo a opini\u00e3o de mais de dois ter\u00e7os dos atletas norte-americanos. Apesar dos pedidos das federa\u00e7\u00f5es norte-americanas de atletismo, de nata\u00e7\u00e3o e de gin\u00e1stica, o USOPC reconheceu &#8220;ser cada vez mais claro que a op\u00e7\u00e3o do [&hellip;]","og_url":"https:\/\/www.altominho.tv\/site\/2020\/03\/24\/toquio2020-comite-olimpico-dos-estados-unidos-favoravel-a-adiamento\/","og_site_name":"Altominho.tv","article_publisher":"https:\/\/www.facebook.com\/altominhotv","article_published_time":"2020-03-24T08:41:24+00:00","article_modified_time":"2020-03-24T08:41:31+00:00","og_image":[{"width":830,"height":465,"url":"https:\/\/www.altominho.tv\/site\/wp-content\/uploads\/2020\/03\/tokyo2020.jpg","type":"image\/jpeg"}],"author":"Andreia Cunha | Lusa","twitter_card":"summary_large_image","twitter_creator":"@altominhoTV","twitter_site":"@altominhoTV","twitter_misc":{"Escrito por":"Andreia Cunha | Lusa","Tempo estimado de leitura":"3 minutos"},"schema":{"@context":"https:\/\/schema.org","@graph":[{"@type":"Article","@id":"https:\/\/www.altominho.tv\/site\/2020\/03\/24\/toquio2020-comite-olimpico-dos-estados-unidos-favoravel-a-adiamento\/#article","isPartOf":{"@id":"https:\/\/www.altominho.tv\/site\/2020\/03\/24\/toquio2020-comite-olimpico-dos-estados-unidos-favoravel-a-adiamento\/"},"author":{"name":"Andreia Cunha | Lusa","@id":"https:\/\/www.altominho.tv\/site\/#\/schema\/person\/dbaf181c01b51ff40c9f461a905d321e"},"headline":"T\u00f3quio2020: Comit\u00e9 Ol\u00edmpico dos Estados Unidos favor\u00e1vel a adiamento","datePublished":"2020-03-24T08:41:24+00:00","dateModified":"2020-03-24T08:41:31+00:00","mainEntityOfPage":{"@id":"https:\/\/www.altominho.tv\/site\/2020\/03\/24\/toquio2020-comite-olimpico-dos-estados-unidos-favoravel-a-adiamento\/"},"wordCount":553,"image":{"@id":"https:\/\/www.altominho.tv\/site\/2020\/03\/24\/toquio2020-comite-olimpico-dos-estados-unidos-favoravel-a-adiamento\/#primaryimage"},"thumbnailUrl":"https:\/\/www.altominho.tv\/site\/wp-content\/uploads\/2020\/03\/tokyo2020.jpg","keywords":["Desporto","Sa\u00fade"],"articleSection":["Coronav\u00edrus"],"inLanguage":"pt-PT","copyrightYear":"2020","copyrightHolder":{"@id":"https:\/\/www.altominho.tv\/site\/#organization"}},{"@type":"WebPage","@id":"https:\/\/www.altominho.tv\/site\/2020\/03\/24\/toquio2020-comite-olimpico-dos-estados-unidos-favoravel-a-adiamento\/","url":"https:\/\/www.altominho.tv\/site\/2020\/03\/24\/toquio2020-comite-olimpico-dos-estados-unidos-favoravel-a-adiamento\/","name":"T\u00f3quio2020: Comit\u00e9 Ol\u00edmpico dos Estados Unidos favor\u00e1vel a adiamento","isPartOf":{"@id":"https:\/\/www.altominho.tv\/site\/#website"},"primaryImageOfPage":{"@id":"https:\/\/www.altominho.tv\/site\/2020\/03\/24\/toquio2020-comite-olimpico-dos-estados-unidos-favoravel-a-adiamento\/#primaryimage"},"image":{"@id":"https:\/\/www.altominho.tv\/site\/2020\/03\/24\/toquio2020-comite-olimpico-dos-estados-unidos-favoravel-a-adiamento\/#primaryimage"},"thumbnailUrl":"https:\/\/www.altominho.tv\/site\/wp-content\/uploads\/2020\/03\/tokyo2020.jpg","datePublished":"2020-03-24T08:41:24+00:00","dateModified":"2020-03-24T08:41:31+00:00","author":{"@id":"https:\/\/www.altominho.tv\/site\/#\/schema\/person\/dbaf181c01b51ff40c9f461a905d321e"},"breadcrumb":{"@id":"https:\/\/www.altominho.tv\/site\/2020\/03\/24\/toquio2020-comite-olimpico-dos-estados-unidos-favoravel-a-adiamento\/#breadcrumb"},"inLanguage":"pt-PT","potentialAction":[{"@type":"ReadAction","target":["https:\/\/www.altominho.tv\/site\/2020\/03\/24\/toquio2020-comite-olimpico-dos-estados-unidos-favoravel-a-adiamento\/"]}]},{"@type":"ImageObject","inLanguage":"pt-PT","@id":"https:\/\/www.altominho.tv\/site\/2020\/03\/24\/toquio2020-comite-olimpico-dos-estados-unidos-favoravel-a-adiamento\/#primaryimage","url":"https:\/\/www.altominho.tv\/site\/wp-content\/uploads\/2020\/03\/tokyo2020.jpg","contentUrl":"https:\/\/www.altominho.tv\/site\/wp-content\/uploads\/2020\/03\/tokyo2020.jpg","width":830,"height":465},{"@type":"BreadcrumbList","@id":"https:\/\/www.altominho.tv\/site\/2020\/03\/24\/toquio2020-comite-olimpico-dos-estados-unidos-favoravel-a-adiamento\/#breadcrumb","itemListElement":[{"@type":"ListItem","position":1,"name":"In\u00edcio","item":"https:\/\/www.altominho.tv\/site\/"},{"@type":"ListItem","position":2,"name":"T\u00f3quio2020: Comit\u00e9 Ol\u00edmpico dos Estados Unidos favor\u00e1vel a adiamento"}]},{"@type":"WebSite","@id":"https:\/\/www.altominho.tv\/site\/#website","url":"https:\/\/www.altominho.tv\/site\/","name":"Altominho.tv","description":"A sua regi\u00e3o \u00e0 dist\u00e2ncia de um clique...","potentialAction":[{"@type":"SearchAction","target":{"@type":"EntryPoint","urlTemplate":"https:\/\/www.altominho.tv\/site\/?s={search_term_string}"},"query-input":{"@type":"PropertyValueSpecification","valueRequired":true,"valueName":"search_term_string"}}],"inLanguage":"pt-PT"},{"@type":"Person","@id":"https:\/\/www.altominho.tv\/site\/#\/schema\/person\/dbaf181c01b51ff40c9f461a905d321e","name":"Andreia Cunha | Lusa","image":{"@type":"ImageObject","inLanguage":"pt-PT","@id":"https:\/\/www.altominho.tv\/site\/wp-content\/uploads\/2017\/11\/Andreia_Cunha-1-150x150.jpg","url":"https:\/\/www.altominho.tv\/site\/wp-content\/uploads\/2017\/11\/Andreia_Cunha-1-150x150.jpg","contentUrl":"https:\/\/www.altominho.tv\/site\/wp-content\/uploads\/2017\/11\/Andreia_Cunha-1-150x150.jpg","caption":"Andreia Cunha | Lusa"},"sameAs":["https:\/\/www.altominho.tv\/site"],"url":"https:\/\/www.altominho.tv\/site\/author\/andreiacunhalusa\/"}]}},"_links":{"self":[{"href":"https:\/\/www.altominho.tv\/site\/wp-json\/wp\/v2\/posts\/42510","targetHints":{"allow":["GET"]}}],"collection":[{"href":"https:\/\/www.altominho.tv\/site\/wp-json\/wp\/v2\/posts"}],"about":[{"href":"https:\/\/www.altominho.tv\/site\/wp-json\/wp\/v2\/types\/post"}],"author":[{"embeddable":true,"href":"https:\/\/www.altominho.tv\/site\/wp-json\/wp\/v2\/users\/16"}],"replies":[{"embeddable":true,"href":"https:\/\/www.altominho.tv\/site\/wp-json\/wp\/v2\/comments?post=42510"}],"version-history":[{"count":0,"href":"https:\/\/www.altominho.tv\/site\/wp-json\/wp\/v2\/posts\/42510\/revisions"}],"wp:featuredmedia":[{"embeddable":true,"href":"https:\/\/www.altominho.tv\/site\/wp-json\/wp\/v2\/media\/42365"}],"wp:attachment":[{"href":"https:\/\/www.altominho.tv\/site\/wp-json\/wp\/v2\/media?parent=42510"}],"wp:term":[{"taxonomy":"category","embeddable":true,"href":"https:\/\/www.altominho.tv\/site\/wp-json\/wp\/v2\/categories?post=42510"},{"taxonomy":"post_tag","embeddable":true,"href":"https:\/\/www.altominho.tv\/site\/wp-json\/wp\/v2\/tags?post=42510"}],"curies":[{"name":"wp","href":"https:\/\/api.w.org\/{rel}","templated":true}]}}