{"id":42499,"date":"2020-03-24T07:55:20","date_gmt":"2020-03-24T07:55:20","guid":{"rendered":"http:\/\/www.altominho.tv\/site\/?p=42499"},"modified":"2020-03-24T07:55:27","modified_gmt":"2020-03-24T07:55:27","slug":"ordem-dos-medicos-quer-revisao-de-orientacao-feita-pela-dgs-e-compra-de-mais-testes","status":"publish","type":"post","link":"https:\/\/www.altominho.tv\/site\/2020\/03\/24\/ordem-dos-medicos-quer-revisao-de-orientacao-feita-pela-dgs-e-compra-de-mais-testes\/","title":{"rendered":"Ordem dos M\u00e9dicos quer revis\u00e3o de orienta\u00e7\u00e3o feita pela DGS e compra de mais testes"},"content":{"rendered":"\n<p>O baston\u00e1rio da Ordem dos M\u00e9dicos quer a revis\u00e3o da orienta\u00e7\u00e3o feita pela Dire\u00e7\u00e3o-Geral da Sa\u00fade (DGS) para os profissionais de sa\u00fade expostos ao novo coronav\u00edrus que representam baixo risco de cont\u00e1gio, apelando para a realiza\u00e7\u00e3o de mais testes.<\/p>\n\n\n\n<p>\u201cVamos pedir \u00e0 diretora-geral da Sa\u00fade [Gra\u00e7a Freitas] que reveja este despacho, porque as coisas, \u00e0s vezes, saem assim, e que coloque este despacho como ele dever ser\u201d, afirmou \u00e0 Lusa&nbsp;Miguel Guimar\u00e3es, sublinhando que para os profissionais de sa\u00fade de \u201calto risco as orienta\u00e7\u00f5es est\u00e3o bem\u201d, mas para os que representam \u201cbaixo risco n\u00e3o est\u00e3o\u201d.<\/p>\n\n\n\n<p>De acordo com uma orienta\u00e7\u00e3o da DGS, datada de 21 de mar\u00e7o (s\u00e1bado), os profissionais de sa\u00fade expostos ao SARS-CoV-2 (o novo coronav\u00edrus que provoca a doen\u00e7a covid-19) est\u00e3o classificados em dois tipos: alto risco de exposi\u00e7\u00e3o e baixo risco de exposi\u00e7\u00e3o.<\/p>\n\n\n\n<p>Segundo este documento, um profissional de sa\u00fade \u00e9 considerado de alto risco quando \u00e9 exposto, durante a presta\u00e7\u00e3o de cuidados, a pessoas contagiadas com a doen\u00e7a covid-19, sem \u201cutiliza\u00e7\u00e3o de equipamento de prote\u00e7\u00e3o individual adequado\u201d.<\/p>\n\n\n\n<p>Tamb\u00e9m se incluem nesta classifica\u00e7\u00e3o os profissionais de sa\u00fade que tiveram contacto, \u201catrav\u00e9s de mucosas, com fluidos org\u00e2nicos de um doente\u201d infetado com o novo coronav\u00edrus, ou que tenham tido contacto \u201cdesprotegido em ambiente laboratorial com amostras biol\u00f3gicas\u201d de SARS-CoV-2.<\/p>\n\n\n\n<p>Nestes casos, os profissionais ficam em isolamento profil\u00e1tico, durante 14 dias, estando impedidos de ir trabalhar.<\/p>\n\n\n\n<p>Considera-se que um profissional de sa\u00fade \u00e9 de baixo risco se esteve exposto a um doente \u201ccom covid-19 sem presta\u00e7\u00e3o de cuidados diretos e sem uso de equipamento de prote\u00e7\u00e3o individual\u201d.<\/p>\n\n\n\n<p>Neste caso, os profissionais de sa\u00fade continuam a trabalhar, devendo proceder \u00e0 \u201cautomonitoriza\u00e7\u00e3o, com medi\u00e7\u00e3o da temperatura corporal, duas vezes por dia, e estar atentos para o surgimento de sintomas\u201d de covid-19.<\/p>\n\n\n\n<p>\u201cDepois logo se v\u00ea se tem sintomas. Isto n\u00e3o \u00e9 o procedimento para todas as outras pessoas\u201d, criticou o baston\u00e1rio da Ordem dos M\u00e9dicos, real\u00e7ando que \u201co m\u00ednimo que se deve fazer \u00e9, pelo menos, o teste\u201d.<\/p>\n\n\n\n<p>Miguel Guimar\u00e3es acrescentou que apenas se consegue fazer a identifica\u00e7\u00e3o de todas as pessoas que est\u00e3o contagiadas com a doen\u00e7a provocada pelo novo coronav\u00edrus atrav\u00e9s de testes e que \u201cos profissionais de sa\u00fade devem ser priorit\u00e1rios\u201d, porque \u201clidam com muita gente\u201d.<\/p>\n\n\n\n<p>\u201cAgora se estamos a racionar testes, se estamos a poupar nos testes, estamos a gastar os profissionais de sa\u00fade que ficam doentes. N\u00e3o \u00e9 uma boa op\u00e7\u00e3o. N\u00f3s temos \u00e9 de gastar testes e preservar os profissionais de sa\u00fade e os cidad\u00e3os\u201d, lamentou, adiantando n\u00e3o queres que \u201cPortugal siga o exemplo\u201d de Espanha ou de It\u00e1lia.<\/p>\n\n\n\n<p>Por isso, o baston\u00e1rio considera que \u201cos testes t\u00eam de se arranjar\u201d, uma vez que s\u00e3o a \u00fanica forma de perceber realmente que profissionais de sa\u00fade est\u00e3o aptos para trabalhar.<\/p>\n\n\n\n<p>\u201cSe [o teste] for positivo, vou para casa, se o teste for negativo e n\u00e3o estiver infetado, vou trabalhar\u201d, explicitou.<\/p>\n\n\n\n<p>Miguel Guimar\u00e3es exclui ainda a hip\u00f3tese do diagn\u00f3stico cl\u00ednico como forma de teste aos profissionais de sa\u00fade, uma vez que \u201cd\u00e1 para presumir que a pessoa em causa \u00e9 positiva, que tem sintomatologia compat\u00edvel\u201d com a covid-19, mas \u201cn\u00e3o d\u00e1 para dizer\u201d que o resultado \u00e9 negativo, tornando este m\u00e9todo incerto.<\/p>\n\n\n\n<p>O novo coronav\u00edrus, respons\u00e1vel pela pandemia da covid-19, j\u00e1 infetou mais de 345 mil pessoas em todo o mundo, das quais mais de 15.100 morreram.<\/p>\n\n\n\n<p>Depois de surgir na China, em dezembro, o surto espalhou-se por todo o mundo, o que levou a Organiza\u00e7\u00e3o Mundial da Sa\u00fade a declarar uma situa\u00e7\u00e3o de pandemia.<\/p>\n\n\n\n<p>Em Portugal, h\u00e1 23 mortes e 2.060 infe\u00e7\u00f5es confirmadas, segundo o balan\u00e7o feito hoje pela Dire\u00e7\u00e3o-Geral da Sa\u00fade.<\/p>\n\n\n\n<p>Dos infetados, 201 est\u00e3o internados, 47 dos quais em unidades de cuidados intensivos.<\/p>\n\n\n\n<p>Portugal encontra-se em estado de emerg\u00eancia desde as 00:00 de quinta-feira e at\u00e9 \u00e0s 23:59 de 02 de abril.<\/p>\n\n\n\n<p>Al\u00e9m disso, o Governo declarou na ter\u00e7a-feira o estado de calamidade p\u00fablica para o concelho de Ovar.<\/p>\n","protected":false},"excerpt":{"rendered":"<p>O baston\u00e1rio da Ordem dos M\u00e9dicos quer a revis\u00e3o da orienta\u00e7\u00e3o feita pela Dire\u00e7\u00e3o-Geral da Sa\u00fade (DGS) para os profissionais de sa\u00fade expostos ao novo coronav\u00edrus que representam baixo risco de cont\u00e1gio, apelando para a realiza\u00e7\u00e3o de mais testes. \u201cVamos pedir \u00e0 diretora-geral da Sa\u00fade [Gra\u00e7a Freitas] que reveja este despacho, porque as coisas, \u00e0s [&hellip;]<\/p>\n","protected":false},"author":16,"featured_media":41984,"comment_status":"closed","ping_status":"closed","sticky":false,"template":"","format":"standard","meta":{"_exactmetrics_skip_tracking":false,"_exactmetrics_sitenote_active":false,"_exactmetrics_sitenote_note":"","_exactmetrics_sitenote_category":0,"footnotes":""},"categories":[42722],"tags":[26,27],"class_list":["post-42499","post","type-post","status-publish","format-standard","has-post-thumbnail","hentry","category-covid-19","tag-saude","tag-sociedade"],"yoast_head":"<!-- This site is optimized with the Yoast SEO Premium plugin v27.5 (Yoast SEO v27.5) - https:\/\/yoast.com\/product\/yoast-seo-premium-wordpress\/ -->\n<title>Ordem dos M\u00e9dicos quer revis\u00e3o de orienta\u00e7\u00e3o feita pela DGS e compra de mais testes<\/title>\n<meta name=\"robots\" content=\"index, follow, max-snippet:-1, max-image-preview:large, max-video-preview:-1\" \/>\n<link rel=\"canonical\" href=\"https:\/\/www.altominho.tv\/site\/2020\/03\/24\/ordem-dos-medicos-quer-revisao-de-orientacao-feita-pela-dgs-e-compra-de-mais-testes\/\" \/>\n<meta property=\"og:locale\" content=\"pt_PT\" \/>\n<meta property=\"og:type\" content=\"article\" \/>\n<meta property=\"og:title\" content=\"Ordem dos M\u00e9dicos quer revis\u00e3o de orienta\u00e7\u00e3o feita pela DGS e compra de mais testes\" \/>\n<meta property=\"og:description\" content=\"O baston\u00e1rio da Ordem dos M\u00e9dicos quer a revis\u00e3o da orienta\u00e7\u00e3o feita pela Dire\u00e7\u00e3o-Geral da Sa\u00fade (DGS) para os profissionais de sa\u00fade expostos ao novo coronav\u00edrus que representam baixo risco de cont\u00e1gio, apelando para a realiza\u00e7\u00e3o de mais testes. \u201cVamos pedir \u00e0 diretora-geral da Sa\u00fade [Gra\u00e7a Freitas] que reveja este despacho, porque as coisas, \u00e0s [&hellip;]\" \/>\n<meta property=\"og:url\" content=\"https:\/\/www.altominho.tv\/site\/2020\/03\/24\/ordem-dos-medicos-quer-revisao-de-orientacao-feita-pela-dgs-e-compra-de-mais-testes\/\" \/>\n<meta property=\"og:site_name\" content=\"Altominho.tv\" \/>\n<meta property=\"article:publisher\" content=\"https:\/\/www.facebook.com\/altominhotv\" \/>\n<meta property=\"article:published_time\" content=\"2020-03-24T07:55:20+00:00\" \/>\n<meta property=\"article:modified_time\" content=\"2020-03-24T07:55:27+00:00\" \/>\n<meta property=\"og:image\" content=\"https:\/\/www.altominho.tv\/site\/wp-content\/uploads\/2020\/03\/covid-19-1.jpg\" \/>\n\t<meta property=\"og:image:width\" content=\"1500\" \/>\n\t<meta property=\"og:image:height\" content=\"844\" \/>\n\t<meta property=\"og:image:type\" content=\"image\/jpeg\" \/>\n<meta name=\"author\" content=\"Andreia Cunha | Lusa\" \/>\n<meta name=\"twitter:card\" content=\"summary_large_image\" \/>\n<meta name=\"twitter:creator\" content=\"@altominhoTV\" \/>\n<meta name=\"twitter:site\" content=\"@altominhoTV\" \/>\n<meta name=\"twitter:label1\" content=\"Escrito por\" \/>\n\t<meta name=\"twitter:data1\" content=\"Andreia Cunha | Lusa\" \/>\n\t<meta name=\"twitter:label2\" content=\"Tempo estimado de leitura\" \/>\n\t<meta name=\"twitter:data2\" content=\"4 minutos\" \/>\n<script type=\"application\/ld+json\" class=\"yoast-schema-graph\">{\"@context\":\"https:\\\/\\\/schema.org\",\"@graph\":[{\"@type\":\"Article\",\"@id\":\"https:\\\/\\\/www.altominho.tv\\\/site\\\/2020\\\/03\\\/24\\\/ordem-dos-medicos-quer-revisao-de-orientacao-feita-pela-dgs-e-compra-de-mais-testes\\\/#article\",\"isPartOf\":{\"@id\":\"https:\\\/\\\/www.altominho.tv\\\/site\\\/2020\\\/03\\\/24\\\/ordem-dos-medicos-quer-revisao-de-orientacao-feita-pela-dgs-e-compra-de-mais-testes\\\/\"},\"author\":{\"name\":\"Andreia Cunha | Lusa\",\"@id\":\"https:\\\/\\\/www.altominho.tv\\\/site\\\/#\\\/schema\\\/person\\\/dbaf181c01b51ff40c9f461a905d321e\"},\"headline\":\"Ordem dos M\u00e9dicos quer revis\u00e3o de orienta\u00e7\u00e3o feita pela DGS e compra de mais testes\",\"datePublished\":\"2020-03-24T07:55:20+00:00\",\"dateModified\":\"2020-03-24T07:55:27+00:00\",\"mainEntityOfPage\":{\"@id\":\"https:\\\/\\\/www.altominho.tv\\\/site\\\/2020\\\/03\\\/24\\\/ordem-dos-medicos-quer-revisao-de-orientacao-feita-pela-dgs-e-compra-de-mais-testes\\\/\"},\"wordCount\":737,\"image\":{\"@id\":\"https:\\\/\\\/www.altominho.tv\\\/site\\\/2020\\\/03\\\/24\\\/ordem-dos-medicos-quer-revisao-de-orientacao-feita-pela-dgs-e-compra-de-mais-testes\\\/#primaryimage\"},\"thumbnailUrl\":\"https:\\\/\\\/www.altominho.tv\\\/site\\\/wp-content\\\/uploads\\\/2020\\\/03\\\/covid-19-1.jpg\",\"keywords\":[\"Sa\u00fade\",\"Sociedade\"],\"articleSection\":[\"Coronav\u00edrus\"],\"inLanguage\":\"pt-PT\",\"copyrightYear\":\"2020\",\"copyrightHolder\":{\"@id\":\"https:\\\/\\\/www.altominho.tv\\\/site\\\/#organization\"}},{\"@type\":\"WebPage\",\"@id\":\"https:\\\/\\\/www.altominho.tv\\\/site\\\/2020\\\/03\\\/24\\\/ordem-dos-medicos-quer-revisao-de-orientacao-feita-pela-dgs-e-compra-de-mais-testes\\\/\",\"url\":\"https:\\\/\\\/www.altominho.tv\\\/site\\\/2020\\\/03\\\/24\\\/ordem-dos-medicos-quer-revisao-de-orientacao-feita-pela-dgs-e-compra-de-mais-testes\\\/\",\"name\":\"Ordem dos M\u00e9dicos quer revis\u00e3o de orienta\u00e7\u00e3o feita pela DGS e compra de mais testes\",\"isPartOf\":{\"@id\":\"https:\\\/\\\/www.altominho.tv\\\/site\\\/#website\"},\"primaryImageOfPage\":{\"@id\":\"https:\\\/\\\/www.altominho.tv\\\/site\\\/2020\\\/03\\\/24\\\/ordem-dos-medicos-quer-revisao-de-orientacao-feita-pela-dgs-e-compra-de-mais-testes\\\/#primaryimage\"},\"image\":{\"@id\":\"https:\\\/\\\/www.altominho.tv\\\/site\\\/2020\\\/03\\\/24\\\/ordem-dos-medicos-quer-revisao-de-orientacao-feita-pela-dgs-e-compra-de-mais-testes\\\/#primaryimage\"},\"thumbnailUrl\":\"https:\\\/\\\/www.altominho.tv\\\/site\\\/wp-content\\\/uploads\\\/2020\\\/03\\\/covid-19-1.jpg\",\"datePublished\":\"2020-03-24T07:55:20+00:00\",\"dateModified\":\"2020-03-24T07:55:27+00:00\",\"author\":{\"@id\":\"https:\\\/\\\/www.altominho.tv\\\/site\\\/#\\\/schema\\\/person\\\/dbaf181c01b51ff40c9f461a905d321e\"},\"breadcrumb\":{\"@id\":\"https:\\\/\\\/www.altominho.tv\\\/site\\\/2020\\\/03\\\/24\\\/ordem-dos-medicos-quer-revisao-de-orientacao-feita-pela-dgs-e-compra-de-mais-testes\\\/#breadcrumb\"},\"inLanguage\":\"pt-PT\",\"potentialAction\":[{\"@type\":\"ReadAction\",\"target\":[\"https:\\\/\\\/www.altominho.tv\\\/site\\\/2020\\\/03\\\/24\\\/ordem-dos-medicos-quer-revisao-de-orientacao-feita-pela-dgs-e-compra-de-mais-testes\\\/\"]}]},{\"@type\":\"ImageObject\",\"inLanguage\":\"pt-PT\",\"@id\":\"https:\\\/\\\/www.altominho.tv\\\/site\\\/2020\\\/03\\\/24\\\/ordem-dos-medicos-quer-revisao-de-orientacao-feita-pela-dgs-e-compra-de-mais-testes\\\/#primaryimage\",\"url\":\"https:\\\/\\\/www.altominho.tv\\\/site\\\/wp-content\\\/uploads\\\/2020\\\/03\\\/covid-19-1.jpg\",\"contentUrl\":\"https:\\\/\\\/www.altominho.tv\\\/site\\\/wp-content\\\/uploads\\\/2020\\\/03\\\/covid-19-1.jpg\",\"width\":1500,\"height\":844},{\"@type\":\"BreadcrumbList\",\"@id\":\"https:\\\/\\\/www.altominho.tv\\\/site\\\/2020\\\/03\\\/24\\\/ordem-dos-medicos-quer-revisao-de-orientacao-feita-pela-dgs-e-compra-de-mais-testes\\\/#breadcrumb\",\"itemListElement\":[{\"@type\":\"ListItem\",\"position\":1,\"name\":\"In\u00edcio\",\"item\":\"https:\\\/\\\/www.altominho.tv\\\/site\\\/\"},{\"@type\":\"ListItem\",\"position\":2,\"name\":\"Ordem dos M\u00e9dicos quer revis\u00e3o de orienta\u00e7\u00e3o feita pela DGS e compra de mais testes\"}]},{\"@type\":\"WebSite\",\"@id\":\"https:\\\/\\\/www.altominho.tv\\\/site\\\/#website\",\"url\":\"https:\\\/\\\/www.altominho.tv\\\/site\\\/\",\"name\":\"Altominho.tv\",\"description\":\"A sua regi\u00e3o \u00e0 dist\u00e2ncia de um clique...\",\"potentialAction\":[{\"@type\":\"SearchAction\",\"target\":{\"@type\":\"EntryPoint\",\"urlTemplate\":\"https:\\\/\\\/www.altominho.tv\\\/site\\\/?s={search_term_string}\"},\"query-input\":{\"@type\":\"PropertyValueSpecification\",\"valueRequired\":true,\"valueName\":\"search_term_string\"}}],\"inLanguage\":\"pt-PT\"},{\"@type\":\"Person\",\"@id\":\"https:\\\/\\\/www.altominho.tv\\\/site\\\/#\\\/schema\\\/person\\\/dbaf181c01b51ff40c9f461a905d321e\",\"name\":\"Andreia Cunha | Lusa\",\"image\":{\"@type\":\"ImageObject\",\"inLanguage\":\"pt-PT\",\"@id\":\"https:\\\/\\\/www.altominho.tv\\\/site\\\/wp-content\\\/uploads\\\/2017\\\/11\\\/Andreia_Cunha-1-150x150.jpg\",\"url\":\"https:\\\/\\\/www.altominho.tv\\\/site\\\/wp-content\\\/uploads\\\/2017\\\/11\\\/Andreia_Cunha-1-150x150.jpg\",\"contentUrl\":\"https:\\\/\\\/www.altominho.tv\\\/site\\\/wp-content\\\/uploads\\\/2017\\\/11\\\/Andreia_Cunha-1-150x150.jpg\",\"caption\":\"Andreia Cunha | Lusa\"},\"sameAs\":[\"https:\\\/\\\/www.altominho.tv\\\/site\"],\"url\":\"https:\\\/\\\/www.altominho.tv\\\/site\\\/author\\\/andreiacunhalusa\\\/\"}]}<\/script>\n<!-- \/ Yoast SEO Premium plugin. -->","yoast_head_json":{"title":"Ordem dos M\u00e9dicos quer revis\u00e3o de orienta\u00e7\u00e3o feita pela DGS e compra de mais testes","robots":{"index":"index","follow":"follow","max-snippet":"max-snippet:-1","max-image-preview":"max-image-preview:large","max-video-preview":"max-video-preview:-1"},"canonical":"https:\/\/www.altominho.tv\/site\/2020\/03\/24\/ordem-dos-medicos-quer-revisao-de-orientacao-feita-pela-dgs-e-compra-de-mais-testes\/","og_locale":"pt_PT","og_type":"article","og_title":"Ordem dos M\u00e9dicos quer revis\u00e3o de orienta\u00e7\u00e3o feita pela DGS e compra de mais testes","og_description":"O baston\u00e1rio da Ordem dos M\u00e9dicos quer a revis\u00e3o da orienta\u00e7\u00e3o feita pela Dire\u00e7\u00e3o-Geral da Sa\u00fade (DGS) para os profissionais de sa\u00fade expostos ao novo coronav\u00edrus que representam baixo risco de cont\u00e1gio, apelando para a realiza\u00e7\u00e3o de mais testes. \u201cVamos pedir \u00e0 diretora-geral da Sa\u00fade [Gra\u00e7a Freitas] que reveja este despacho, porque as coisas, \u00e0s [&hellip;]","og_url":"https:\/\/www.altominho.tv\/site\/2020\/03\/24\/ordem-dos-medicos-quer-revisao-de-orientacao-feita-pela-dgs-e-compra-de-mais-testes\/","og_site_name":"Altominho.tv","article_publisher":"https:\/\/www.facebook.com\/altominhotv","article_published_time":"2020-03-24T07:55:20+00:00","article_modified_time":"2020-03-24T07:55:27+00:00","og_image":[{"width":1500,"height":844,"url":"https:\/\/www.altominho.tv\/site\/wp-content\/uploads\/2020\/03\/covid-19-1.jpg","type":"image\/jpeg"}],"author":"Andreia Cunha | Lusa","twitter_card":"summary_large_image","twitter_creator":"@altominhoTV","twitter_site":"@altominhoTV","twitter_misc":{"Escrito por":"Andreia Cunha | Lusa","Tempo estimado de leitura":"4 minutos"},"schema":{"@context":"https:\/\/schema.org","@graph":[{"@type":"Article","@id":"https:\/\/www.altominho.tv\/site\/2020\/03\/24\/ordem-dos-medicos-quer-revisao-de-orientacao-feita-pela-dgs-e-compra-de-mais-testes\/#article","isPartOf":{"@id":"https:\/\/www.altominho.tv\/site\/2020\/03\/24\/ordem-dos-medicos-quer-revisao-de-orientacao-feita-pela-dgs-e-compra-de-mais-testes\/"},"author":{"name":"Andreia Cunha | Lusa","@id":"https:\/\/www.altominho.tv\/site\/#\/schema\/person\/dbaf181c01b51ff40c9f461a905d321e"},"headline":"Ordem dos M\u00e9dicos quer revis\u00e3o de orienta\u00e7\u00e3o feita pela DGS e compra de mais testes","datePublished":"2020-03-24T07:55:20+00:00","dateModified":"2020-03-24T07:55:27+00:00","mainEntityOfPage":{"@id":"https:\/\/www.altominho.tv\/site\/2020\/03\/24\/ordem-dos-medicos-quer-revisao-de-orientacao-feita-pela-dgs-e-compra-de-mais-testes\/"},"wordCount":737,"image":{"@id":"https:\/\/www.altominho.tv\/site\/2020\/03\/24\/ordem-dos-medicos-quer-revisao-de-orientacao-feita-pela-dgs-e-compra-de-mais-testes\/#primaryimage"},"thumbnailUrl":"https:\/\/www.altominho.tv\/site\/wp-content\/uploads\/2020\/03\/covid-19-1.jpg","keywords":["Sa\u00fade","Sociedade"],"articleSection":["Coronav\u00edrus"],"inLanguage":"pt-PT","copyrightYear":"2020","copyrightHolder":{"@id":"https:\/\/www.altominho.tv\/site\/#organization"}},{"@type":"WebPage","@id":"https:\/\/www.altominho.tv\/site\/2020\/03\/24\/ordem-dos-medicos-quer-revisao-de-orientacao-feita-pela-dgs-e-compra-de-mais-testes\/","url":"https:\/\/www.altominho.tv\/site\/2020\/03\/24\/ordem-dos-medicos-quer-revisao-de-orientacao-feita-pela-dgs-e-compra-de-mais-testes\/","name":"Ordem dos M\u00e9dicos quer revis\u00e3o de orienta\u00e7\u00e3o feita pela DGS e compra de mais testes","isPartOf":{"@id":"https:\/\/www.altominho.tv\/site\/#website"},"primaryImageOfPage":{"@id":"https:\/\/www.altominho.tv\/site\/2020\/03\/24\/ordem-dos-medicos-quer-revisao-de-orientacao-feita-pela-dgs-e-compra-de-mais-testes\/#primaryimage"},"image":{"@id":"https:\/\/www.altominho.tv\/site\/2020\/03\/24\/ordem-dos-medicos-quer-revisao-de-orientacao-feita-pela-dgs-e-compra-de-mais-testes\/#primaryimage"},"thumbnailUrl":"https:\/\/www.altominho.tv\/site\/wp-content\/uploads\/2020\/03\/covid-19-1.jpg","datePublished":"2020-03-24T07:55:20+00:00","dateModified":"2020-03-24T07:55:27+00:00","author":{"@id":"https:\/\/www.altominho.tv\/site\/#\/schema\/person\/dbaf181c01b51ff40c9f461a905d321e"},"breadcrumb":{"@id":"https:\/\/www.altominho.tv\/site\/2020\/03\/24\/ordem-dos-medicos-quer-revisao-de-orientacao-feita-pela-dgs-e-compra-de-mais-testes\/#breadcrumb"},"inLanguage":"pt-PT","potentialAction":[{"@type":"ReadAction","target":["https:\/\/www.altominho.tv\/site\/2020\/03\/24\/ordem-dos-medicos-quer-revisao-de-orientacao-feita-pela-dgs-e-compra-de-mais-testes\/"]}]},{"@type":"ImageObject","inLanguage":"pt-PT","@id":"https:\/\/www.altominho.tv\/site\/2020\/03\/24\/ordem-dos-medicos-quer-revisao-de-orientacao-feita-pela-dgs-e-compra-de-mais-testes\/#primaryimage","url":"https:\/\/www.altominho.tv\/site\/wp-content\/uploads\/2020\/03\/covid-19-1.jpg","contentUrl":"https:\/\/www.altominho.tv\/site\/wp-content\/uploads\/2020\/03\/covid-19-1.jpg","width":1500,"height":844},{"@type":"BreadcrumbList","@id":"https:\/\/www.altominho.tv\/site\/2020\/03\/24\/ordem-dos-medicos-quer-revisao-de-orientacao-feita-pela-dgs-e-compra-de-mais-testes\/#breadcrumb","itemListElement":[{"@type":"ListItem","position":1,"name":"In\u00edcio","item":"https:\/\/www.altominho.tv\/site\/"},{"@type":"ListItem","position":2,"name":"Ordem dos M\u00e9dicos quer revis\u00e3o de orienta\u00e7\u00e3o feita pela DGS e compra de mais testes"}]},{"@type":"WebSite","@id":"https:\/\/www.altominho.tv\/site\/#website","url":"https:\/\/www.altominho.tv\/site\/","name":"Altominho.tv","description":"A sua regi\u00e3o \u00e0 dist\u00e2ncia de um clique...","potentialAction":[{"@type":"SearchAction","target":{"@type":"EntryPoint","urlTemplate":"https:\/\/www.altominho.tv\/site\/?s={search_term_string}"},"query-input":{"@type":"PropertyValueSpecification","valueRequired":true,"valueName":"search_term_string"}}],"inLanguage":"pt-PT"},{"@type":"Person","@id":"https:\/\/www.altominho.tv\/site\/#\/schema\/person\/dbaf181c01b51ff40c9f461a905d321e","name":"Andreia Cunha | Lusa","image":{"@type":"ImageObject","inLanguage":"pt-PT","@id":"https:\/\/www.altominho.tv\/site\/wp-content\/uploads\/2017\/11\/Andreia_Cunha-1-150x150.jpg","url":"https:\/\/www.altominho.tv\/site\/wp-content\/uploads\/2017\/11\/Andreia_Cunha-1-150x150.jpg","contentUrl":"https:\/\/www.altominho.tv\/site\/wp-content\/uploads\/2017\/11\/Andreia_Cunha-1-150x150.jpg","caption":"Andreia Cunha | Lusa"},"sameAs":["https:\/\/www.altominho.tv\/site"],"url":"https:\/\/www.altominho.tv\/site\/author\/andreiacunhalusa\/"}]}},"_links":{"self":[{"href":"https:\/\/www.altominho.tv\/site\/wp-json\/wp\/v2\/posts\/42499","targetHints":{"allow":["GET"]}}],"collection":[{"href":"https:\/\/www.altominho.tv\/site\/wp-json\/wp\/v2\/posts"}],"about":[{"href":"https:\/\/www.altominho.tv\/site\/wp-json\/wp\/v2\/types\/post"}],"author":[{"embeddable":true,"href":"https:\/\/www.altominho.tv\/site\/wp-json\/wp\/v2\/users\/16"}],"replies":[{"embeddable":true,"href":"https:\/\/www.altominho.tv\/site\/wp-json\/wp\/v2\/comments?post=42499"}],"version-history":[{"count":0,"href":"https:\/\/www.altominho.tv\/site\/wp-json\/wp\/v2\/posts\/42499\/revisions"}],"wp:featuredmedia":[{"embeddable":true,"href":"https:\/\/www.altominho.tv\/site\/wp-json\/wp\/v2\/media\/41984"}],"wp:attachment":[{"href":"https:\/\/www.altominho.tv\/site\/wp-json\/wp\/v2\/media?parent=42499"}],"wp:term":[{"taxonomy":"category","embeddable":true,"href":"https:\/\/www.altominho.tv\/site\/wp-json\/wp\/v2\/categories?post=42499"},{"taxonomy":"post_tag","embeddable":true,"href":"https:\/\/www.altominho.tv\/site\/wp-json\/wp\/v2\/tags?post=42499"}],"curies":[{"name":"wp","href":"https:\/\/api.w.org\/{rel}","templated":true}]}}