{"id":42492,"date":"2020-03-24T07:37:34","date_gmt":"2020-03-24T07:37:34","guid":{"rendered":"http:\/\/www.altominho.tv\/site\/?p=42492"},"modified":"2020-03-24T07:37:42","modified_gmt":"2020-03-24T07:37:42","slug":"costa-nao-exclui-quadro-sancionatorio-se-houver-desrespeito-pelas-regras-em-vigor","status":"publish","type":"post","link":"https:\/\/www.altominho.tv\/site\/2020\/03\/24\/costa-nao-exclui-quadro-sancionatorio-se-houver-desrespeito-pelas-regras-em-vigor\/","title":{"rendered":"Costa n\u00e3o exclui quadro sancionat\u00f3rio se houver desrespeito pelas regras em vigor"},"content":{"rendered":"\n<p>O primeiro-ministro, Ant\u00f3nio Costa, defendeu que tem optado pela prud\u00eancia na defini\u00e7\u00e3o do \u00e2mbito das medidas do estado de emerg\u00eancia, mas n\u00e3o excluiu uma eventual imposi\u00e7\u00e3o de um quadro sancionat\u00f3rio caso se verifique desrespeito pelas regras em vigor.<\/p>\n\n\n\n<p>&#8220;Se for necess\u00e1rio impor um quadro sancionat\u00f3rio, imporemos. Mas aquilo que eu quero acreditar \u00e9 que os portugueses continuar\u00e3o todos a mostrar a enorme maturidade que t\u00eam mostrado e civismo que t\u00eam mostrado&#8221;, declarou Ant\u00f3nio Costa.<\/p>\n\n\n\n<p>Este aviso foi deixado pelo primeiro-ministro na parte final da entrevista que concedeu \u00e0 TVI, ap\u00f3s ter sido confrontado com casos de desrespeito pelas normas de distanciamento social para evitar a propaga\u00e7\u00e3o do novo coronav\u00edrus.<\/p>\n\n\n\n<p>Neste ponto, Ant\u00f3nio Costa come\u00e7ou por defender que tem sido muito prudente na aplica\u00e7\u00e3o do estado de emerg\u00eancia.<\/p>\n\n\n\n<p>&#8220;Tenho bem consci\u00eancia do que \u00e9 que significa o estado de emerg\u00eancia no sentido de dar a um Governo poderes excecionais como aqueles que foram atribu\u00eddos agora&#8221;, referiu.<\/p>\n\n\n\n<p>Segundo Ant\u00f3nio Costa, os poderes excecionais agora detidos pelo Governo t\u00eam de ser usados &#8220;com muita prud\u00eancia, porque a liberdade \u00e9 um bem precios\u00edssimo que importa saber salvaguardar&#8221;.<\/p>\n\n\n\n<p>&#8220;Dissemos que h\u00e1 crime de desobedi\u00eancia para quem est\u00e1 doente ou quem est\u00e1 em vigil\u00e2ncia ativa. Por isso, foram detidas sete pessoas no domingo e nove pessoas hoje, e foram reconduzidas ao domic\u00edlio. As for\u00e7as de seguran\u00e7a ser\u00e3o implac\u00e1veis&#8221;, advertiu.<\/p>\n\n\n\n<p>Ant\u00f3nio Costa defendeu depois que esta \u00e9 uma fase todos os cidad\u00e3os t\u00eam de possuir disciplina e &#8220;muito sangue frio&#8221;.<\/p>\n\n\n\n<p>&#8220;\u00c9 importante que o sentido de comunidade se afirme. Temos de recusar o ego\u00edsmo. Acho que temos de nos manter conscientes da gravidade da situa\u00e7\u00e3o&#8221;, acrescentou.<\/p>\n\n\n\n<p>O novo coronav\u00edrus, respons\u00e1vel pela pandemia da covid-19, j\u00e1 infetou mais de 341 mil pessoas em todo o mundo, das quais mais de 15.100 morreram.<\/p>\n\n\n\n<p>Depois de surgir na China, em dezembro, o surto espalhou-se por todo o mundo, o que levou a Organiza\u00e7\u00e3o Mundial da Sa\u00fade (OMS) a declarar uma situa\u00e7\u00e3o de pandemia.<\/p>\n\n\n\n<p>Em Portugal, h\u00e1 23 mortes e 2.060 infe\u00e7\u00f5es confirmadas, segundo o balan\u00e7o feito hoje pela Dire\u00e7\u00e3o-Geral de Sa\u00fade.<\/p>\n\n\n\n<p>O pa\u00eds encontra-se em estado de emerg\u00eancia desde as 00:00 de quinta-feira e at\u00e9 \u00e0s 23:59 de 02 de abril.<\/p>\n","protected":false},"excerpt":{"rendered":"<p>O primeiro-ministro, Ant\u00f3nio Costa, defendeu que tem optado pela prud\u00eancia na defini\u00e7\u00e3o do \u00e2mbito das medidas do estado de emerg\u00eancia, mas n\u00e3o excluiu uma eventual imposi\u00e7\u00e3o de um quadro sancionat\u00f3rio caso se verifique desrespeito pelas regras em vigor. &#8220;Se for necess\u00e1rio impor um quadro sancionat\u00f3rio, imporemos. Mas aquilo que eu quero acreditar \u00e9 que os [&hellip;]<\/p>\n","protected":false},"author":16,"featured_media":42093,"comment_status":"closed","ping_status":"closed","sticky":false,"template":"","format":"standard","meta":{"_exactmetrics_skip_tracking":false,"_exactmetrics_sitenote_active":false,"_exactmetrics_sitenote_note":"","_exactmetrics_sitenote_category":0,"footnotes":""},"categories":[42722],"tags":[26,27],"class_list":["post-42492","post","type-post","status-publish","format-standard","has-post-thumbnail","hentry","category-covid-19","tag-saude","tag-sociedade"],"yoast_head":"<!-- This site is optimized with the Yoast SEO Premium plugin v27.5 (Yoast SEO v27.5) - https:\/\/yoast.com\/product\/yoast-seo-premium-wordpress\/ -->\n<title>Costa n\u00e3o exclui quadro sancionat\u00f3rio se houver desrespeito pelas regras em vigor<\/title>\n<meta name=\"robots\" content=\"index, follow, max-snippet:-1, max-image-preview:large, max-video-preview:-1\" \/>\n<link rel=\"canonical\" href=\"https:\/\/www.altominho.tv\/site\/2020\/03\/24\/costa-nao-exclui-quadro-sancionatorio-se-houver-desrespeito-pelas-regras-em-vigor\/\" \/>\n<meta property=\"og:locale\" content=\"pt_PT\" \/>\n<meta property=\"og:type\" content=\"article\" \/>\n<meta property=\"og:title\" content=\"Costa n\u00e3o exclui quadro sancionat\u00f3rio se houver desrespeito pelas regras em vigor\" \/>\n<meta property=\"og:description\" content=\"O primeiro-ministro, Ant\u00f3nio Costa, defendeu que tem optado pela prud\u00eancia na defini\u00e7\u00e3o do \u00e2mbito das medidas do estado de emerg\u00eancia, mas n\u00e3o excluiu uma eventual imposi\u00e7\u00e3o de um quadro sancionat\u00f3rio caso se verifique desrespeito pelas regras em vigor. &#8220;Se for necess\u00e1rio impor um quadro sancionat\u00f3rio, imporemos. Mas aquilo que eu quero acreditar \u00e9 que os [&hellip;]\" \/>\n<meta property=\"og:url\" content=\"https:\/\/www.altominho.tv\/site\/2020\/03\/24\/costa-nao-exclui-quadro-sancionatorio-se-houver-desrespeito-pelas-regras-em-vigor\/\" \/>\n<meta property=\"og:site_name\" content=\"Altominho.tv\" \/>\n<meta property=\"article:publisher\" content=\"https:\/\/www.facebook.com\/altominhotv\" \/>\n<meta property=\"article:published_time\" content=\"2020-03-24T07:37:34+00:00\" \/>\n<meta property=\"article:modified_time\" content=\"2020-03-24T07:37:42+00:00\" \/>\n<meta property=\"og:image\" content=\"https:\/\/www.altominho.tv\/site\/wp-content\/uploads\/2020\/03\/Anuncio_Antonio-Costa.jpg\" \/>\n\t<meta property=\"og:image:width\" content=\"770\" \/>\n\t<meta property=\"og:image:height\" content=\"433\" \/>\n\t<meta property=\"og:image:type\" content=\"image\/jpeg\" \/>\n<meta name=\"author\" content=\"Andreia Cunha | Lusa\" \/>\n<meta name=\"twitter:card\" content=\"summary_large_image\" \/>\n<meta name=\"twitter:creator\" content=\"@altominhoTV\" \/>\n<meta name=\"twitter:site\" content=\"@altominhoTV\" \/>\n<meta name=\"twitter:label1\" content=\"Escrito por\" \/>\n\t<meta name=\"twitter:data1\" content=\"Andreia Cunha | Lusa\" \/>\n\t<meta name=\"twitter:label2\" content=\"Tempo estimado de leitura\" \/>\n\t<meta name=\"twitter:data2\" content=\"2 minutos\" \/>\n<script type=\"application\/ld+json\" class=\"yoast-schema-graph\">{\"@context\":\"https:\\\/\\\/schema.org\",\"@graph\":[{\"@type\":\"Article\",\"@id\":\"https:\\\/\\\/www.altominho.tv\\\/site\\\/2020\\\/03\\\/24\\\/costa-nao-exclui-quadro-sancionatorio-se-houver-desrespeito-pelas-regras-em-vigor\\\/#article\",\"isPartOf\":{\"@id\":\"https:\\\/\\\/www.altominho.tv\\\/site\\\/2020\\\/03\\\/24\\\/costa-nao-exclui-quadro-sancionatorio-se-houver-desrespeito-pelas-regras-em-vigor\\\/\"},\"author\":{\"name\":\"Andreia Cunha | Lusa\",\"@id\":\"https:\\\/\\\/www.altominho.tv\\\/site\\\/#\\\/schema\\\/person\\\/dbaf181c01b51ff40c9f461a905d321e\"},\"headline\":\"Costa n\u00e3o exclui quadro sancionat\u00f3rio se houver desrespeito pelas regras em vigor\",\"datePublished\":\"2020-03-24T07:37:34+00:00\",\"dateModified\":\"2020-03-24T07:37:42+00:00\",\"mainEntityOfPage\":{\"@id\":\"https:\\\/\\\/www.altominho.tv\\\/site\\\/2020\\\/03\\\/24\\\/costa-nao-exclui-quadro-sancionatorio-se-houver-desrespeito-pelas-regras-em-vigor\\\/\"},\"wordCount\":412,\"image\":{\"@id\":\"https:\\\/\\\/www.altominho.tv\\\/site\\\/2020\\\/03\\\/24\\\/costa-nao-exclui-quadro-sancionatorio-se-houver-desrespeito-pelas-regras-em-vigor\\\/#primaryimage\"},\"thumbnailUrl\":\"https:\\\/\\\/www.altominho.tv\\\/site\\\/wp-content\\\/uploads\\\/2020\\\/03\\\/Anuncio_Antonio-Costa.jpg\",\"keywords\":[\"Sa\u00fade\",\"Sociedade\"],\"articleSection\":[\"Coronav\u00edrus\"],\"inLanguage\":\"pt-PT\",\"copyrightYear\":\"2020\",\"copyrightHolder\":{\"@id\":\"https:\\\/\\\/www.altominho.tv\\\/site\\\/#organization\"}},{\"@type\":\"WebPage\",\"@id\":\"https:\\\/\\\/www.altominho.tv\\\/site\\\/2020\\\/03\\\/24\\\/costa-nao-exclui-quadro-sancionatorio-se-houver-desrespeito-pelas-regras-em-vigor\\\/\",\"url\":\"https:\\\/\\\/www.altominho.tv\\\/site\\\/2020\\\/03\\\/24\\\/costa-nao-exclui-quadro-sancionatorio-se-houver-desrespeito-pelas-regras-em-vigor\\\/\",\"name\":\"Costa n\u00e3o exclui quadro sancionat\u00f3rio se houver desrespeito pelas regras em vigor\",\"isPartOf\":{\"@id\":\"https:\\\/\\\/www.altominho.tv\\\/site\\\/#website\"},\"primaryImageOfPage\":{\"@id\":\"https:\\\/\\\/www.altominho.tv\\\/site\\\/2020\\\/03\\\/24\\\/costa-nao-exclui-quadro-sancionatorio-se-houver-desrespeito-pelas-regras-em-vigor\\\/#primaryimage\"},\"image\":{\"@id\":\"https:\\\/\\\/www.altominho.tv\\\/site\\\/2020\\\/03\\\/24\\\/costa-nao-exclui-quadro-sancionatorio-se-houver-desrespeito-pelas-regras-em-vigor\\\/#primaryimage\"},\"thumbnailUrl\":\"https:\\\/\\\/www.altominho.tv\\\/site\\\/wp-content\\\/uploads\\\/2020\\\/03\\\/Anuncio_Antonio-Costa.jpg\",\"datePublished\":\"2020-03-24T07:37:34+00:00\",\"dateModified\":\"2020-03-24T07:37:42+00:00\",\"author\":{\"@id\":\"https:\\\/\\\/www.altominho.tv\\\/site\\\/#\\\/schema\\\/person\\\/dbaf181c01b51ff40c9f461a905d321e\"},\"breadcrumb\":{\"@id\":\"https:\\\/\\\/www.altominho.tv\\\/site\\\/2020\\\/03\\\/24\\\/costa-nao-exclui-quadro-sancionatorio-se-houver-desrespeito-pelas-regras-em-vigor\\\/#breadcrumb\"},\"inLanguage\":\"pt-PT\",\"potentialAction\":[{\"@type\":\"ReadAction\",\"target\":[\"https:\\\/\\\/www.altominho.tv\\\/site\\\/2020\\\/03\\\/24\\\/costa-nao-exclui-quadro-sancionatorio-se-houver-desrespeito-pelas-regras-em-vigor\\\/\"]}]},{\"@type\":\"ImageObject\",\"inLanguage\":\"pt-PT\",\"@id\":\"https:\\\/\\\/www.altominho.tv\\\/site\\\/2020\\\/03\\\/24\\\/costa-nao-exclui-quadro-sancionatorio-se-houver-desrespeito-pelas-regras-em-vigor\\\/#primaryimage\",\"url\":\"https:\\\/\\\/www.altominho.tv\\\/site\\\/wp-content\\\/uploads\\\/2020\\\/03\\\/Anuncio_Antonio-Costa.jpg\",\"contentUrl\":\"https:\\\/\\\/www.altominho.tv\\\/site\\\/wp-content\\\/uploads\\\/2020\\\/03\\\/Anuncio_Antonio-Costa.jpg\",\"width\":770,\"height\":433},{\"@type\":\"BreadcrumbList\",\"@id\":\"https:\\\/\\\/www.altominho.tv\\\/site\\\/2020\\\/03\\\/24\\\/costa-nao-exclui-quadro-sancionatorio-se-houver-desrespeito-pelas-regras-em-vigor\\\/#breadcrumb\",\"itemListElement\":[{\"@type\":\"ListItem\",\"position\":1,\"name\":\"In\u00edcio\",\"item\":\"https:\\\/\\\/www.altominho.tv\\\/site\\\/\"},{\"@type\":\"ListItem\",\"position\":2,\"name\":\"Costa n\u00e3o exclui quadro sancionat\u00f3rio se houver desrespeito pelas regras em vigor\"}]},{\"@type\":\"WebSite\",\"@id\":\"https:\\\/\\\/www.altominho.tv\\\/site\\\/#website\",\"url\":\"https:\\\/\\\/www.altominho.tv\\\/site\\\/\",\"name\":\"Altominho.tv\",\"description\":\"A sua regi\u00e3o \u00e0 dist\u00e2ncia de um clique...\",\"potentialAction\":[{\"@type\":\"SearchAction\",\"target\":{\"@type\":\"EntryPoint\",\"urlTemplate\":\"https:\\\/\\\/www.altominho.tv\\\/site\\\/?s={search_term_string}\"},\"query-input\":{\"@type\":\"PropertyValueSpecification\",\"valueRequired\":true,\"valueName\":\"search_term_string\"}}],\"inLanguage\":\"pt-PT\"},{\"@type\":\"Person\",\"@id\":\"https:\\\/\\\/www.altominho.tv\\\/site\\\/#\\\/schema\\\/person\\\/dbaf181c01b51ff40c9f461a905d321e\",\"name\":\"Andreia Cunha | Lusa\",\"image\":{\"@type\":\"ImageObject\",\"inLanguage\":\"pt-PT\",\"@id\":\"https:\\\/\\\/www.altominho.tv\\\/site\\\/wp-content\\\/uploads\\\/2017\\\/11\\\/Andreia_Cunha-1-150x150.jpg\",\"url\":\"https:\\\/\\\/www.altominho.tv\\\/site\\\/wp-content\\\/uploads\\\/2017\\\/11\\\/Andreia_Cunha-1-150x150.jpg\",\"contentUrl\":\"https:\\\/\\\/www.altominho.tv\\\/site\\\/wp-content\\\/uploads\\\/2017\\\/11\\\/Andreia_Cunha-1-150x150.jpg\",\"caption\":\"Andreia Cunha | Lusa\"},\"sameAs\":[\"https:\\\/\\\/www.altominho.tv\\\/site\"],\"url\":\"https:\\\/\\\/www.altominho.tv\\\/site\\\/author\\\/andreiacunhalusa\\\/\"}]}<\/script>\n<!-- \/ Yoast SEO Premium plugin. -->","yoast_head_json":{"title":"Costa n\u00e3o exclui quadro sancionat\u00f3rio se houver desrespeito pelas regras em vigor","robots":{"index":"index","follow":"follow","max-snippet":"max-snippet:-1","max-image-preview":"max-image-preview:large","max-video-preview":"max-video-preview:-1"},"canonical":"https:\/\/www.altominho.tv\/site\/2020\/03\/24\/costa-nao-exclui-quadro-sancionatorio-se-houver-desrespeito-pelas-regras-em-vigor\/","og_locale":"pt_PT","og_type":"article","og_title":"Costa n\u00e3o exclui quadro sancionat\u00f3rio se houver desrespeito pelas regras em vigor","og_description":"O primeiro-ministro, Ant\u00f3nio Costa, defendeu que tem optado pela prud\u00eancia na defini\u00e7\u00e3o do \u00e2mbito das medidas do estado de emerg\u00eancia, mas n\u00e3o excluiu uma eventual imposi\u00e7\u00e3o de um quadro sancionat\u00f3rio caso se verifique desrespeito pelas regras em vigor. &#8220;Se for necess\u00e1rio impor um quadro sancionat\u00f3rio, imporemos. Mas aquilo que eu quero acreditar \u00e9 que os [&hellip;]","og_url":"https:\/\/www.altominho.tv\/site\/2020\/03\/24\/costa-nao-exclui-quadro-sancionatorio-se-houver-desrespeito-pelas-regras-em-vigor\/","og_site_name":"Altominho.tv","article_publisher":"https:\/\/www.facebook.com\/altominhotv","article_published_time":"2020-03-24T07:37:34+00:00","article_modified_time":"2020-03-24T07:37:42+00:00","og_image":[{"width":770,"height":433,"url":"https:\/\/www.altominho.tv\/site\/wp-content\/uploads\/2020\/03\/Anuncio_Antonio-Costa.jpg","type":"image\/jpeg"}],"author":"Andreia Cunha | Lusa","twitter_card":"summary_large_image","twitter_creator":"@altominhoTV","twitter_site":"@altominhoTV","twitter_misc":{"Escrito por":"Andreia Cunha | Lusa","Tempo estimado de leitura":"2 minutos"},"schema":{"@context":"https:\/\/schema.org","@graph":[{"@type":"Article","@id":"https:\/\/www.altominho.tv\/site\/2020\/03\/24\/costa-nao-exclui-quadro-sancionatorio-se-houver-desrespeito-pelas-regras-em-vigor\/#article","isPartOf":{"@id":"https:\/\/www.altominho.tv\/site\/2020\/03\/24\/costa-nao-exclui-quadro-sancionatorio-se-houver-desrespeito-pelas-regras-em-vigor\/"},"author":{"name":"Andreia Cunha | Lusa","@id":"https:\/\/www.altominho.tv\/site\/#\/schema\/person\/dbaf181c01b51ff40c9f461a905d321e"},"headline":"Costa n\u00e3o exclui quadro sancionat\u00f3rio se houver desrespeito pelas regras em vigor","datePublished":"2020-03-24T07:37:34+00:00","dateModified":"2020-03-24T07:37:42+00:00","mainEntityOfPage":{"@id":"https:\/\/www.altominho.tv\/site\/2020\/03\/24\/costa-nao-exclui-quadro-sancionatorio-se-houver-desrespeito-pelas-regras-em-vigor\/"},"wordCount":412,"image":{"@id":"https:\/\/www.altominho.tv\/site\/2020\/03\/24\/costa-nao-exclui-quadro-sancionatorio-se-houver-desrespeito-pelas-regras-em-vigor\/#primaryimage"},"thumbnailUrl":"https:\/\/www.altominho.tv\/site\/wp-content\/uploads\/2020\/03\/Anuncio_Antonio-Costa.jpg","keywords":["Sa\u00fade","Sociedade"],"articleSection":["Coronav\u00edrus"],"inLanguage":"pt-PT","copyrightYear":"2020","copyrightHolder":{"@id":"https:\/\/www.altominho.tv\/site\/#organization"}},{"@type":"WebPage","@id":"https:\/\/www.altominho.tv\/site\/2020\/03\/24\/costa-nao-exclui-quadro-sancionatorio-se-houver-desrespeito-pelas-regras-em-vigor\/","url":"https:\/\/www.altominho.tv\/site\/2020\/03\/24\/costa-nao-exclui-quadro-sancionatorio-se-houver-desrespeito-pelas-regras-em-vigor\/","name":"Costa n\u00e3o exclui quadro sancionat\u00f3rio se houver desrespeito pelas regras em vigor","isPartOf":{"@id":"https:\/\/www.altominho.tv\/site\/#website"},"primaryImageOfPage":{"@id":"https:\/\/www.altominho.tv\/site\/2020\/03\/24\/costa-nao-exclui-quadro-sancionatorio-se-houver-desrespeito-pelas-regras-em-vigor\/#primaryimage"},"image":{"@id":"https:\/\/www.altominho.tv\/site\/2020\/03\/24\/costa-nao-exclui-quadro-sancionatorio-se-houver-desrespeito-pelas-regras-em-vigor\/#primaryimage"},"thumbnailUrl":"https:\/\/www.altominho.tv\/site\/wp-content\/uploads\/2020\/03\/Anuncio_Antonio-Costa.jpg","datePublished":"2020-03-24T07:37:34+00:00","dateModified":"2020-03-24T07:37:42+00:00","author":{"@id":"https:\/\/www.altominho.tv\/site\/#\/schema\/person\/dbaf181c01b51ff40c9f461a905d321e"},"breadcrumb":{"@id":"https:\/\/www.altominho.tv\/site\/2020\/03\/24\/costa-nao-exclui-quadro-sancionatorio-se-houver-desrespeito-pelas-regras-em-vigor\/#breadcrumb"},"inLanguage":"pt-PT","potentialAction":[{"@type":"ReadAction","target":["https:\/\/www.altominho.tv\/site\/2020\/03\/24\/costa-nao-exclui-quadro-sancionatorio-se-houver-desrespeito-pelas-regras-em-vigor\/"]}]},{"@type":"ImageObject","inLanguage":"pt-PT","@id":"https:\/\/www.altominho.tv\/site\/2020\/03\/24\/costa-nao-exclui-quadro-sancionatorio-se-houver-desrespeito-pelas-regras-em-vigor\/#primaryimage","url":"https:\/\/www.altominho.tv\/site\/wp-content\/uploads\/2020\/03\/Anuncio_Antonio-Costa.jpg","contentUrl":"https:\/\/www.altominho.tv\/site\/wp-content\/uploads\/2020\/03\/Anuncio_Antonio-Costa.jpg","width":770,"height":433},{"@type":"BreadcrumbList","@id":"https:\/\/www.altominho.tv\/site\/2020\/03\/24\/costa-nao-exclui-quadro-sancionatorio-se-houver-desrespeito-pelas-regras-em-vigor\/#breadcrumb","itemListElement":[{"@type":"ListItem","position":1,"name":"In\u00edcio","item":"https:\/\/www.altominho.tv\/site\/"},{"@type":"ListItem","position":2,"name":"Costa n\u00e3o exclui quadro sancionat\u00f3rio se houver desrespeito pelas regras em vigor"}]},{"@type":"WebSite","@id":"https:\/\/www.altominho.tv\/site\/#website","url":"https:\/\/www.altominho.tv\/site\/","name":"Altominho.tv","description":"A sua regi\u00e3o \u00e0 dist\u00e2ncia de um clique...","potentialAction":[{"@type":"SearchAction","target":{"@type":"EntryPoint","urlTemplate":"https:\/\/www.altominho.tv\/site\/?s={search_term_string}"},"query-input":{"@type":"PropertyValueSpecification","valueRequired":true,"valueName":"search_term_string"}}],"inLanguage":"pt-PT"},{"@type":"Person","@id":"https:\/\/www.altominho.tv\/site\/#\/schema\/person\/dbaf181c01b51ff40c9f461a905d321e","name":"Andreia Cunha | Lusa","image":{"@type":"ImageObject","inLanguage":"pt-PT","@id":"https:\/\/www.altominho.tv\/site\/wp-content\/uploads\/2017\/11\/Andreia_Cunha-1-150x150.jpg","url":"https:\/\/www.altominho.tv\/site\/wp-content\/uploads\/2017\/11\/Andreia_Cunha-1-150x150.jpg","contentUrl":"https:\/\/www.altominho.tv\/site\/wp-content\/uploads\/2017\/11\/Andreia_Cunha-1-150x150.jpg","caption":"Andreia Cunha | Lusa"},"sameAs":["https:\/\/www.altominho.tv\/site"],"url":"https:\/\/www.altominho.tv\/site\/author\/andreiacunhalusa\/"}]}},"_links":{"self":[{"href":"https:\/\/www.altominho.tv\/site\/wp-json\/wp\/v2\/posts\/42492","targetHints":{"allow":["GET"]}}],"collection":[{"href":"https:\/\/www.altominho.tv\/site\/wp-json\/wp\/v2\/posts"}],"about":[{"href":"https:\/\/www.altominho.tv\/site\/wp-json\/wp\/v2\/types\/post"}],"author":[{"embeddable":true,"href":"https:\/\/www.altominho.tv\/site\/wp-json\/wp\/v2\/users\/16"}],"replies":[{"embeddable":true,"href":"https:\/\/www.altominho.tv\/site\/wp-json\/wp\/v2\/comments?post=42492"}],"version-history":[{"count":0,"href":"https:\/\/www.altominho.tv\/site\/wp-json\/wp\/v2\/posts\/42492\/revisions"}],"wp:featuredmedia":[{"embeddable":true,"href":"https:\/\/www.altominho.tv\/site\/wp-json\/wp\/v2\/media\/42093"}],"wp:attachment":[{"href":"https:\/\/www.altominho.tv\/site\/wp-json\/wp\/v2\/media?parent=42492"}],"wp:term":[{"taxonomy":"category","embeddable":true,"href":"https:\/\/www.altominho.tv\/site\/wp-json\/wp\/v2\/categories?post=42492"},{"taxonomy":"post_tag","embeddable":true,"href":"https:\/\/www.altominho.tv\/site\/wp-json\/wp\/v2\/tags?post=42492"}],"curies":[{"name":"wp","href":"https:\/\/api.w.org\/{rel}","templated":true}]}}