{"id":42482,"date":"2020-03-24T00:03:38","date_gmt":"2020-03-24T00:03:38","guid":{"rendered":"http:\/\/www.altominho.tv\/site\/?p=42482"},"modified":"2020-03-24T00:03:45","modified_gmt":"2020-03-24T00:03:45","slug":"sindicato-critica-falta-de-informacao-sobre-a-evolucao-do-coronavirus-no-alto-minho","status":"publish","type":"post","link":"https:\/\/www.altominho.tv\/site\/2020\/03\/24\/sindicato-critica-falta-de-informacao-sobre-a-evolucao-do-coronavirus-no-alto-minho\/","title":{"rendered":"Sindicato cr\u00edtica falta de informa\u00e7\u00e3o sobre a evolu\u00e7\u00e3o do coronav\u00edrus no Alto Minho"},"content":{"rendered":"<p><strong>O Sindicato dos Enfermeiros Portugueses criticou hoje a falta de informa\u00e7\u00e3o sobre o n\u00famero de profissionais no distrito de Viana do Castelo infetados com covid-19 e defendeu que a popula\u00e7\u00e3o deve ter &#8220;conhecimento&#8221; da &#8220;din\u00e2mica&#8221; da doen\u00e7a<\/strong>.<\/p>\n<p>&#8220;Neste momento, em rela\u00e7\u00e3o ao distrito de Viana do Castelo, tenho tido contactos com os colegas que est\u00e3o a\u00ed e n\u00e3o temos ainda informa\u00e7\u00e3o sobre enfermeiros infetados, em quarentena ou em isolamento profil\u00e1tico. Seria bom que n\u00e3o existissem, mas estamos em crer que devem existir&#8221;, afirmou hoje Guadalupe Sim\u00f5es, da dire\u00e7\u00e3o nacional do Sindicato de Enfermeiros Portugueses (SEP).<\/p>\n<p>Em declara\u00e7\u00f5es por telefone \u00e0 ag\u00eancia Lusa, Guadalupe Sim\u00f5es disse que &#8220;<strong>ainda hoje o SEP questionou as autoridades de sa\u00fade sobre o n\u00famero de casos de enfermeiros porque, sistematicamente, esse n\u00famero n\u00e3o \u00e9 dado<\/strong>&#8220;.<\/p>\n<p>&#8220;S\u00f3 s\u00e3o dados os casos de m\u00e9dicos e, portanto, vamos ter de tomar essa iniciativa na perspetiva de que \u00e9 importante conhecer o n\u00famero de pessoas infetadas, nomeadamente as que, nesta fase, est\u00e3o a ser acompanhadas em casa&#8221;, referiu.<\/p>\n<p>Questionada sobre se a falta de informa\u00e7\u00e3o se verifica noutros distritos do pa\u00eds respondeu: &#8220;<strong>Dos outros distritos, apesar de tudo, vamos tendo algum conhecimento. Ainda hoje recebi informa\u00e7\u00e3o do que se est\u00e1 a passar em Braga, o n\u00famero de infetados que est\u00e3o a ser acompanhados por cada um dos centros de sa\u00fade e, de Viana do Castelo, n\u00e3o tenho essa informa\u00e7\u00e3o<\/strong>&#8220;.<\/p>\n<p>Guadalupe Sim\u00f5es defendeu que, &#8220;<strong>tal como o Minist\u00e9rio da Sa\u00fade tem vindo a assumir, a transpar\u00eancia nesta situa\u00e7\u00e3o evitaria at\u00e9 poss\u00edveis boatos e seria determinante para que os \u00f3rg\u00e3os de comunica\u00e7\u00e3o social e os pr\u00f3prios profissionais de sa\u00fade tivessem conhecimento da din\u00e2mica da doen\u00e7a em cada um dos distritos<\/strong>&#8220;.<\/p>\n<p>&#8220;At\u00e9 para as pessoas terem a no\u00e7\u00e3o de qual \u00e9 a din\u00e2mica da doen\u00e7a na comunidade. Por parte do pr\u00f3prio Minist\u00e9rio da Sa\u00fade, nas confer\u00eancias de imprensa, s\u00e3o divulgados os n\u00fameros divulgados de cada Administra\u00e7\u00e3o Regional de Sa\u00fade (ARS).<\/p>\n<p>Ao n\u00edvel das popula\u00e7\u00f5es locais esses n\u00fameros n\u00e3o s\u00e3o dados e, naturalmente, entendo que deveriam ser transmitidos&#8221;, sustentou, admitindo que, nesta altura, essa \u00e9 a &#8220;menor&#8221; preocupa\u00e7\u00e3o dos enfermeiros.<\/p>\n<p>Guadalupe Sim\u00f5es avan\u00e7ou que uma das &#8220;maiores preocupa\u00e7\u00f5es&#8221; prende-se com &#8220;a falta de equipamentos de prote\u00e7\u00e3o individual e de m\u00e1scaras nos centros de sa\u00fade&#8221;.<\/p>\n<p>&#8220;Est\u00e3o todos a cuidar das pessoas com potenciais riscos, uma vez que o v\u00edrus j\u00e1 est\u00e1 na comunidade&#8221;, explicou.<\/p>\n<p>Em Portugal, h\u00e1 14 mortes e 1.600 infe\u00e7\u00f5es confirmadas.<br \/>\nPortugal encontra-se em estado de emerg\u00eancia desde as 00:00 de quinta-feira e at\u00e9 \u00e0s 23:59 de 02 de abril.<\/p>\n<p>Al\u00e9m disso, o Governo declarou na ter\u00e7a-feira o estado de calamidade p\u00fablica para o concelho de Ovar.<\/p>\n","protected":false},"excerpt":{"rendered":"<p>O Sindicato dos Enfermeiros Portugueses criticou hoje a falta de informa\u00e7\u00e3o sobre o n\u00famero de profissionais no distrito de Viana do Castelo infetados com covid-19 e defendeu que a popula\u00e7\u00e3o deve ter &#8220;conhecimento&#8221; da &#8220;din\u00e2mica&#8221; da doen\u00e7a. &#8220;Neste momento, em rela\u00e7\u00e3o ao distrito de Viana do Castelo, tenho tido contactos com os colegas que est\u00e3o [&hellip;]<\/p>\n","protected":false},"author":13,"featured_media":42483,"comment_status":"closed","ping_status":"closed","sticky":false,"template":"","format":"standard","meta":{"_exactmetrics_skip_tracking":false,"_exactmetrics_sitenote_active":false,"_exactmetrics_sitenote_note":"","_exactmetrics_sitenote_category":0,"footnotes":""},"categories":[73],"tags":[26],"class_list":["post-42482","post","type-post","status-publish","format-standard","has-post-thumbnail","hentry","category-alto-minho","tag-saude"],"yoast_head":"<!-- This site is optimized with the Yoast SEO Premium plugin v27.5 (Yoast SEO v27.5) - https:\/\/yoast.com\/product\/yoast-seo-premium-wordpress\/ -->\n<title>Sindicato cr\u00edtica falta de informa\u00e7\u00e3o sobre a evolu\u00e7\u00e3o do coronav\u00edrus no Alto Minho<\/title>\n<meta name=\"robots\" content=\"index, follow, max-snippet:-1, max-image-preview:large, max-video-preview:-1\" \/>\n<link rel=\"canonical\" href=\"https:\/\/www.altominho.tv\/site\/2020\/03\/24\/sindicato-critica-falta-de-informacao-sobre-a-evolucao-do-coronavirus-no-alto-minho\/\" \/>\n<meta property=\"og:locale\" content=\"pt_PT\" \/>\n<meta property=\"og:type\" content=\"article\" \/>\n<meta property=\"og:title\" content=\"Sindicato cr\u00edtica falta de informa\u00e7\u00e3o sobre a evolu\u00e7\u00e3o do coronav\u00edrus no Alto Minho\" \/>\n<meta property=\"og:description\" content=\"O Sindicato dos Enfermeiros Portugueses criticou hoje a falta de informa\u00e7\u00e3o sobre o n\u00famero de profissionais no distrito de Viana do Castelo infetados com covid-19 e defendeu que a popula\u00e7\u00e3o deve ter &#8220;conhecimento&#8221; da &#8220;din\u00e2mica&#8221; da doen\u00e7a. &#8220;Neste momento, em rela\u00e7\u00e3o ao distrito de Viana do Castelo, tenho tido contactos com os colegas que est\u00e3o [&hellip;]\" \/>\n<meta property=\"og:url\" content=\"https:\/\/www.altominho.tv\/site\/2020\/03\/24\/sindicato-critica-falta-de-informacao-sobre-a-evolucao-do-coronavirus-no-alto-minho\/\" \/>\n<meta property=\"og:site_name\" content=\"Altominho.tv\" \/>\n<meta property=\"article:publisher\" content=\"https:\/\/www.facebook.com\/altominhotv\" \/>\n<meta property=\"article:published_time\" content=\"2020-03-24T00:03:38+00:00\" \/>\n<meta property=\"article:modified_time\" content=\"2020-03-24T00:03:45+00:00\" \/>\n<meta property=\"og:image\" content=\"https:\/\/www.altominho.tv\/site\/wp-content\/uploads\/2020\/03\/Hospital.jpg\" \/>\n\t<meta property=\"og:image:width\" content=\"1654\" \/>\n\t<meta property=\"og:image:height\" content=\"1101\" \/>\n\t<meta property=\"og:image:type\" content=\"image\/jpeg\" \/>\n<meta name=\"author\" content=\"Lusa\" \/>\n<meta name=\"twitter:card\" content=\"summary_large_image\" \/>\n<meta name=\"twitter:creator\" content=\"@altominhoTV\" \/>\n<meta name=\"twitter:site\" content=\"@altominhoTV\" \/>\n<meta name=\"twitter:label1\" content=\"Escrito por\" \/>\n\t<meta name=\"twitter:data1\" content=\"Lusa\" \/>\n\t<meta name=\"twitter:label2\" content=\"Tempo estimado de leitura\" \/>\n\t<meta name=\"twitter:data2\" content=\"2 minutos\" \/>\n<script type=\"application\/ld+json\" class=\"yoast-schema-graph\">{\"@context\":\"https:\\\/\\\/schema.org\",\"@graph\":[{\"@type\":\"Article\",\"@id\":\"https:\\\/\\\/www.altominho.tv\\\/site\\\/2020\\\/03\\\/24\\\/sindicato-critica-falta-de-informacao-sobre-a-evolucao-do-coronavirus-no-alto-minho\\\/#article\",\"isPartOf\":{\"@id\":\"https:\\\/\\\/www.altominho.tv\\\/site\\\/2020\\\/03\\\/24\\\/sindicato-critica-falta-de-informacao-sobre-a-evolucao-do-coronavirus-no-alto-minho\\\/\"},\"author\":{\"name\":\"Lusa\",\"@id\":\"https:\\\/\\\/www.altominho.tv\\\/site\\\/#\\\/schema\\\/person\\\/63f693da3e1899361cbe955c46f3232e\"},\"headline\":\"Sindicato cr\u00edtica falta de informa\u00e7\u00e3o sobre a evolu\u00e7\u00e3o do coronav\u00edrus no Alto Minho\",\"datePublished\":\"2020-03-24T00:03:38+00:00\",\"dateModified\":\"2020-03-24T00:03:45+00:00\",\"mainEntityOfPage\":{\"@id\":\"https:\\\/\\\/www.altominho.tv\\\/site\\\/2020\\\/03\\\/24\\\/sindicato-critica-falta-de-informacao-sobre-a-evolucao-do-coronavirus-no-alto-minho\\\/\"},\"wordCount\":515,\"image\":{\"@id\":\"https:\\\/\\\/www.altominho.tv\\\/site\\\/2020\\\/03\\\/24\\\/sindicato-critica-falta-de-informacao-sobre-a-evolucao-do-coronavirus-no-alto-minho\\\/#primaryimage\"},\"thumbnailUrl\":\"https:\\\/\\\/www.altominho.tv\\\/site\\\/wp-content\\\/uploads\\\/2020\\\/03\\\/Hospital.jpg\",\"keywords\":[\"Sa\u00fade\"],\"articleSection\":[\"Alto Minho\"],\"inLanguage\":\"pt-PT\",\"copyrightYear\":\"2020\",\"copyrightHolder\":{\"@id\":\"https:\\\/\\\/www.altominho.tv\\\/site\\\/#organization\"}},{\"@type\":\"WebPage\",\"@id\":\"https:\\\/\\\/www.altominho.tv\\\/site\\\/2020\\\/03\\\/24\\\/sindicato-critica-falta-de-informacao-sobre-a-evolucao-do-coronavirus-no-alto-minho\\\/\",\"url\":\"https:\\\/\\\/www.altominho.tv\\\/site\\\/2020\\\/03\\\/24\\\/sindicato-critica-falta-de-informacao-sobre-a-evolucao-do-coronavirus-no-alto-minho\\\/\",\"name\":\"Sindicato cr\u00edtica falta de informa\u00e7\u00e3o sobre a evolu\u00e7\u00e3o do coronav\u00edrus no Alto Minho\",\"isPartOf\":{\"@id\":\"https:\\\/\\\/www.altominho.tv\\\/site\\\/#website\"},\"primaryImageOfPage\":{\"@id\":\"https:\\\/\\\/www.altominho.tv\\\/site\\\/2020\\\/03\\\/24\\\/sindicato-critica-falta-de-informacao-sobre-a-evolucao-do-coronavirus-no-alto-minho\\\/#primaryimage\"},\"image\":{\"@id\":\"https:\\\/\\\/www.altominho.tv\\\/site\\\/2020\\\/03\\\/24\\\/sindicato-critica-falta-de-informacao-sobre-a-evolucao-do-coronavirus-no-alto-minho\\\/#primaryimage\"},\"thumbnailUrl\":\"https:\\\/\\\/www.altominho.tv\\\/site\\\/wp-content\\\/uploads\\\/2020\\\/03\\\/Hospital.jpg\",\"datePublished\":\"2020-03-24T00:03:38+00:00\",\"dateModified\":\"2020-03-24T00:03:45+00:00\",\"author\":{\"@id\":\"https:\\\/\\\/www.altominho.tv\\\/site\\\/#\\\/schema\\\/person\\\/63f693da3e1899361cbe955c46f3232e\"},\"breadcrumb\":{\"@id\":\"https:\\\/\\\/www.altominho.tv\\\/site\\\/2020\\\/03\\\/24\\\/sindicato-critica-falta-de-informacao-sobre-a-evolucao-do-coronavirus-no-alto-minho\\\/#breadcrumb\"},\"inLanguage\":\"pt-PT\",\"potentialAction\":[{\"@type\":\"ReadAction\",\"target\":[\"https:\\\/\\\/www.altominho.tv\\\/site\\\/2020\\\/03\\\/24\\\/sindicato-critica-falta-de-informacao-sobre-a-evolucao-do-coronavirus-no-alto-minho\\\/\"]}]},{\"@type\":\"ImageObject\",\"inLanguage\":\"pt-PT\",\"@id\":\"https:\\\/\\\/www.altominho.tv\\\/site\\\/2020\\\/03\\\/24\\\/sindicato-critica-falta-de-informacao-sobre-a-evolucao-do-coronavirus-no-alto-minho\\\/#primaryimage\",\"url\":\"https:\\\/\\\/www.altominho.tv\\\/site\\\/wp-content\\\/uploads\\\/2020\\\/03\\\/Hospital.jpg\",\"contentUrl\":\"https:\\\/\\\/www.altominho.tv\\\/site\\\/wp-content\\\/uploads\\\/2020\\\/03\\\/Hospital.jpg\",\"width\":1654,\"height\":1101,\"caption\":\"Paulo Pimenta\"},{\"@type\":\"BreadcrumbList\",\"@id\":\"https:\\\/\\\/www.altominho.tv\\\/site\\\/2020\\\/03\\\/24\\\/sindicato-critica-falta-de-informacao-sobre-a-evolucao-do-coronavirus-no-alto-minho\\\/#breadcrumb\",\"itemListElement\":[{\"@type\":\"ListItem\",\"position\":1,\"name\":\"In\u00edcio\",\"item\":\"https:\\\/\\\/www.altominho.tv\\\/site\\\/\"},{\"@type\":\"ListItem\",\"position\":2,\"name\":\"Sindicato cr\u00edtica falta de informa\u00e7\u00e3o sobre a evolu\u00e7\u00e3o do coronav\u00edrus no Alto Minho\"}]},{\"@type\":\"WebSite\",\"@id\":\"https:\\\/\\\/www.altominho.tv\\\/site\\\/#website\",\"url\":\"https:\\\/\\\/www.altominho.tv\\\/site\\\/\",\"name\":\"Altominho.tv\",\"description\":\"A sua regi\u00e3o \u00e0 dist\u00e2ncia de um clique...\",\"potentialAction\":[{\"@type\":\"SearchAction\",\"target\":{\"@type\":\"EntryPoint\",\"urlTemplate\":\"https:\\\/\\\/www.altominho.tv\\\/site\\\/?s={search_term_string}\"},\"query-input\":{\"@type\":\"PropertyValueSpecification\",\"valueRequired\":true,\"valueName\":\"search_term_string\"}}],\"inLanguage\":\"pt-PT\"},{\"@type\":\"Person\",\"@id\":\"https:\\\/\\\/www.altominho.tv\\\/site\\\/#\\\/schema\\\/person\\\/63f693da3e1899361cbe955c46f3232e\",\"name\":\"Lusa\",\"image\":{\"@type\":\"ImageObject\",\"inLanguage\":\"pt-PT\",\"@id\":\"https:\\\/\\\/www.altominho.tv\\\/site\\\/wp-content\\\/uploads\\\/2019\\\/08\\\/LUSA_Logo.gif\",\"url\":\"https:\\\/\\\/www.altominho.tv\\\/site\\\/wp-content\\\/uploads\\\/2019\\\/08\\\/LUSA_Logo.gif\",\"contentUrl\":\"https:\\\/\\\/www.altominho.tv\\\/site\\\/wp-content\\\/uploads\\\/2019\\\/08\\\/LUSA_Logo.gif\",\"caption\":\"Lusa\"},\"sameAs\":[\"http:\\\/\\\/\\\/\\\/www.altominho.tv\\\/site\"],\"url\":\"https:\\\/\\\/www.altominho.tv\\\/site\\\/author\\\/lusa\\\/\"}]}<\/script>\n<!-- \/ Yoast SEO Premium plugin. -->","yoast_head_json":{"title":"Sindicato cr\u00edtica falta de informa\u00e7\u00e3o sobre a evolu\u00e7\u00e3o do coronav\u00edrus no Alto Minho","robots":{"index":"index","follow":"follow","max-snippet":"max-snippet:-1","max-image-preview":"max-image-preview:large","max-video-preview":"max-video-preview:-1"},"canonical":"https:\/\/www.altominho.tv\/site\/2020\/03\/24\/sindicato-critica-falta-de-informacao-sobre-a-evolucao-do-coronavirus-no-alto-minho\/","og_locale":"pt_PT","og_type":"article","og_title":"Sindicato cr\u00edtica falta de informa\u00e7\u00e3o sobre a evolu\u00e7\u00e3o do coronav\u00edrus no Alto Minho","og_description":"O Sindicato dos Enfermeiros Portugueses criticou hoje a falta de informa\u00e7\u00e3o sobre o n\u00famero de profissionais no distrito de Viana do Castelo infetados com covid-19 e defendeu que a popula\u00e7\u00e3o deve ter &#8220;conhecimento&#8221; da &#8220;din\u00e2mica&#8221; da doen\u00e7a. &#8220;Neste momento, em rela\u00e7\u00e3o ao distrito de Viana do Castelo, tenho tido contactos com os colegas que est\u00e3o [&hellip;]","og_url":"https:\/\/www.altominho.tv\/site\/2020\/03\/24\/sindicato-critica-falta-de-informacao-sobre-a-evolucao-do-coronavirus-no-alto-minho\/","og_site_name":"Altominho.tv","article_publisher":"https:\/\/www.facebook.com\/altominhotv","article_published_time":"2020-03-24T00:03:38+00:00","article_modified_time":"2020-03-24T00:03:45+00:00","og_image":[{"width":1654,"height":1101,"url":"https:\/\/www.altominho.tv\/site\/wp-content\/uploads\/2020\/03\/Hospital.jpg","type":"image\/jpeg"}],"author":"Lusa","twitter_card":"summary_large_image","twitter_creator":"@altominhoTV","twitter_site":"@altominhoTV","twitter_misc":{"Escrito por":"Lusa","Tempo estimado de leitura":"2 minutos"},"schema":{"@context":"https:\/\/schema.org","@graph":[{"@type":"Article","@id":"https:\/\/www.altominho.tv\/site\/2020\/03\/24\/sindicato-critica-falta-de-informacao-sobre-a-evolucao-do-coronavirus-no-alto-minho\/#article","isPartOf":{"@id":"https:\/\/www.altominho.tv\/site\/2020\/03\/24\/sindicato-critica-falta-de-informacao-sobre-a-evolucao-do-coronavirus-no-alto-minho\/"},"author":{"name":"Lusa","@id":"https:\/\/www.altominho.tv\/site\/#\/schema\/person\/63f693da3e1899361cbe955c46f3232e"},"headline":"Sindicato cr\u00edtica falta de informa\u00e7\u00e3o sobre a evolu\u00e7\u00e3o do coronav\u00edrus no Alto Minho","datePublished":"2020-03-24T00:03:38+00:00","dateModified":"2020-03-24T00:03:45+00:00","mainEntityOfPage":{"@id":"https:\/\/www.altominho.tv\/site\/2020\/03\/24\/sindicato-critica-falta-de-informacao-sobre-a-evolucao-do-coronavirus-no-alto-minho\/"},"wordCount":515,"image":{"@id":"https:\/\/www.altominho.tv\/site\/2020\/03\/24\/sindicato-critica-falta-de-informacao-sobre-a-evolucao-do-coronavirus-no-alto-minho\/#primaryimage"},"thumbnailUrl":"https:\/\/www.altominho.tv\/site\/wp-content\/uploads\/2020\/03\/Hospital.jpg","keywords":["Sa\u00fade"],"articleSection":["Alto Minho"],"inLanguage":"pt-PT","copyrightYear":"2020","copyrightHolder":{"@id":"https:\/\/www.altominho.tv\/site\/#organization"}},{"@type":"WebPage","@id":"https:\/\/www.altominho.tv\/site\/2020\/03\/24\/sindicato-critica-falta-de-informacao-sobre-a-evolucao-do-coronavirus-no-alto-minho\/","url":"https:\/\/www.altominho.tv\/site\/2020\/03\/24\/sindicato-critica-falta-de-informacao-sobre-a-evolucao-do-coronavirus-no-alto-minho\/","name":"Sindicato cr\u00edtica falta de informa\u00e7\u00e3o sobre a evolu\u00e7\u00e3o do coronav\u00edrus no Alto Minho","isPartOf":{"@id":"https:\/\/www.altominho.tv\/site\/#website"},"primaryImageOfPage":{"@id":"https:\/\/www.altominho.tv\/site\/2020\/03\/24\/sindicato-critica-falta-de-informacao-sobre-a-evolucao-do-coronavirus-no-alto-minho\/#primaryimage"},"image":{"@id":"https:\/\/www.altominho.tv\/site\/2020\/03\/24\/sindicato-critica-falta-de-informacao-sobre-a-evolucao-do-coronavirus-no-alto-minho\/#primaryimage"},"thumbnailUrl":"https:\/\/www.altominho.tv\/site\/wp-content\/uploads\/2020\/03\/Hospital.jpg","datePublished":"2020-03-24T00:03:38+00:00","dateModified":"2020-03-24T00:03:45+00:00","author":{"@id":"https:\/\/www.altominho.tv\/site\/#\/schema\/person\/63f693da3e1899361cbe955c46f3232e"},"breadcrumb":{"@id":"https:\/\/www.altominho.tv\/site\/2020\/03\/24\/sindicato-critica-falta-de-informacao-sobre-a-evolucao-do-coronavirus-no-alto-minho\/#breadcrumb"},"inLanguage":"pt-PT","potentialAction":[{"@type":"ReadAction","target":["https:\/\/www.altominho.tv\/site\/2020\/03\/24\/sindicato-critica-falta-de-informacao-sobre-a-evolucao-do-coronavirus-no-alto-minho\/"]}]},{"@type":"ImageObject","inLanguage":"pt-PT","@id":"https:\/\/www.altominho.tv\/site\/2020\/03\/24\/sindicato-critica-falta-de-informacao-sobre-a-evolucao-do-coronavirus-no-alto-minho\/#primaryimage","url":"https:\/\/www.altominho.tv\/site\/wp-content\/uploads\/2020\/03\/Hospital.jpg","contentUrl":"https:\/\/www.altominho.tv\/site\/wp-content\/uploads\/2020\/03\/Hospital.jpg","width":1654,"height":1101,"caption":"Paulo Pimenta"},{"@type":"BreadcrumbList","@id":"https:\/\/www.altominho.tv\/site\/2020\/03\/24\/sindicato-critica-falta-de-informacao-sobre-a-evolucao-do-coronavirus-no-alto-minho\/#breadcrumb","itemListElement":[{"@type":"ListItem","position":1,"name":"In\u00edcio","item":"https:\/\/www.altominho.tv\/site\/"},{"@type":"ListItem","position":2,"name":"Sindicato cr\u00edtica falta de informa\u00e7\u00e3o sobre a evolu\u00e7\u00e3o do coronav\u00edrus no Alto Minho"}]},{"@type":"WebSite","@id":"https:\/\/www.altominho.tv\/site\/#website","url":"https:\/\/www.altominho.tv\/site\/","name":"Altominho.tv","description":"A sua regi\u00e3o \u00e0 dist\u00e2ncia de um clique...","potentialAction":[{"@type":"SearchAction","target":{"@type":"EntryPoint","urlTemplate":"https:\/\/www.altominho.tv\/site\/?s={search_term_string}"},"query-input":{"@type":"PropertyValueSpecification","valueRequired":true,"valueName":"search_term_string"}}],"inLanguage":"pt-PT"},{"@type":"Person","@id":"https:\/\/www.altominho.tv\/site\/#\/schema\/person\/63f693da3e1899361cbe955c46f3232e","name":"Lusa","image":{"@type":"ImageObject","inLanguage":"pt-PT","@id":"https:\/\/www.altominho.tv\/site\/wp-content\/uploads\/2019\/08\/LUSA_Logo.gif","url":"https:\/\/www.altominho.tv\/site\/wp-content\/uploads\/2019\/08\/LUSA_Logo.gif","contentUrl":"https:\/\/www.altominho.tv\/site\/wp-content\/uploads\/2019\/08\/LUSA_Logo.gif","caption":"Lusa"},"sameAs":["http:\/\/\/\/www.altominho.tv\/site"],"url":"https:\/\/www.altominho.tv\/site\/author\/lusa\/"}]}},"_links":{"self":[{"href":"https:\/\/www.altominho.tv\/site\/wp-json\/wp\/v2\/posts\/42482","targetHints":{"allow":["GET"]}}],"collection":[{"href":"https:\/\/www.altominho.tv\/site\/wp-json\/wp\/v2\/posts"}],"about":[{"href":"https:\/\/www.altominho.tv\/site\/wp-json\/wp\/v2\/types\/post"}],"author":[{"embeddable":true,"href":"https:\/\/www.altominho.tv\/site\/wp-json\/wp\/v2\/users\/13"}],"replies":[{"embeddable":true,"href":"https:\/\/www.altominho.tv\/site\/wp-json\/wp\/v2\/comments?post=42482"}],"version-history":[{"count":0,"href":"https:\/\/www.altominho.tv\/site\/wp-json\/wp\/v2\/posts\/42482\/revisions"}],"wp:featuredmedia":[{"embeddable":true,"href":"https:\/\/www.altominho.tv\/site\/wp-json\/wp\/v2\/media\/42483"}],"wp:attachment":[{"href":"https:\/\/www.altominho.tv\/site\/wp-json\/wp\/v2\/media?parent=42482"}],"wp:term":[{"taxonomy":"category","embeddable":true,"href":"https:\/\/www.altominho.tv\/site\/wp-json\/wp\/v2\/categories?post=42482"},{"taxonomy":"post_tag","embeddable":true,"href":"https:\/\/www.altominho.tv\/site\/wp-json\/wp\/v2\/tags?post=42482"}],"curies":[{"name":"wp","href":"https:\/\/api.w.org\/{rel}","templated":true}]}}