{"id":42420,"date":"2020-03-23T14:13:41","date_gmt":"2020-03-23T14:13:41","guid":{"rendered":"http:\/\/www.altominho.tv\/site\/?p=42420"},"modified":"2020-03-23T14:13:52","modified_gmt":"2020-03-23T14:13:52","slug":"psp-confirma-a-existencia-de-sete-infetados-e-cerca-de-250-estao-em-quarentena","status":"publish","type":"post","link":"https:\/\/www.altominho.tv\/site\/2020\/03\/23\/psp-confirma-a-existencia-de-sete-infetados-e-cerca-de-250-estao-em-quarentena\/","title":{"rendered":"PSP confirma a exist\u00eancia de sete infetados e cerca de 250 est\u00e3o em quarentena"},"content":{"rendered":"<p>Cinco pol\u00edcias e dois t\u00e9cnicos sem fun\u00e7\u00f5es policiais est\u00e3o infetados com covid-19 e uma esquadra no concelho de Vila Nova de Gaia est\u00e1 encerrada, revelou hoje a Pol\u00edcia de Seguran\u00e7a P\u00fablica.<\/p>\n<p class=\"text-paragraph\">Em comunicado, a dire\u00e7\u00e3o nacional da PSP especifica que, at\u00e9 ao momento, h\u00e1 a confirma\u00e7\u00e3o de sete profissionais (cinco pol\u00edcias e dois t\u00e9cnico sem fun\u00e7\u00f5es policiais) infetados com o novo coronav\u00edrus e cerca de 250 elementos desta pol\u00edcia est\u00e3o em quarentena.<\/p>\n<p class=\"text-paragraph\">Esta for\u00e7a de seguran\u00e7a d\u00e1 conta que \u201cforam contagiadas fora do contexto profissional\u201d e que foram seguidos os protocolos em vigor, tendo sido de \u201cimediato encaminhadas para isolamento\u201d as pessoas que mantiveram contato direto ou partilharam o mesmo espa\u00e7o de trabalho com os infetados.<\/p>\n<p class=\"text-paragraph\">\u00a0Segundo a PSP, 11 pol\u00edcias foram sujeitos a testes m\u00e9dicos, ap\u00f3s apresentarem sintomas, e os resultados foram negativos.<\/p>\n<p class=\"text-paragraph\">Esta for\u00e7a de seguran\u00e7a acrescenta que a Esquadra de Seguran\u00e7a Ferrovi\u00e1ria \u2013 Devesas, em Vila Nova de Gaia, est\u00e1 temporariamente encerrada, uma vez que um pol\u00edcia desta instala\u00e7\u00e3o policial est\u00e1 infetado com o covid-19 e todos os outros 20 pol\u00edcias que mantiveram contato direto com o agente infetado entraram em isolamento imediato at\u00e9 conhecimento dos resultados dos testes epidemiol\u00f3gicos.<\/p>\n<p class=\"text-paragraph\">A PSP refere a situa\u00e7\u00e3o da esquadra ser\u00e1 reanalisada ap\u00f3s conhecidos os respetivo resultados, sublinhando que a \u00e1rea de responsabilidade desta esquadra encontra-se a ser patrulhada por outras subunidades para garantir a continuidade da seguran\u00e7a.<\/p>\n<p class=\"text-paragraph\">\u00a0Esta for\u00e7a de seguran\u00e7a indica tamb\u00e9m que j\u00e1 difundiu a todos os pol\u00edcias instru\u00e7\u00f5es de interven\u00e7\u00e3o e os preceitos legais que est\u00e3o em vigor durante o estado de emerg\u00eancia que se vive no pa\u00eds.<\/p>\n<p class=\"text-paragraph\">A PSP real\u00e7a que, at\u00e9 ao momento, prestou apoio a cerca de 600 cidad\u00e3os em quarentena e a nove pessoas que se encontram em confinamento na respetiva resid\u00eancia por se encontrarem infetados com o covid-19.<\/p>\n<p class=\"text-paragraph\">A PSP apela ainda a todos os cidad\u00e3os para que cumpram as disposi\u00e7\u00f5es legais e as indica\u00e7\u00f5es da pol\u00edcia, contribuindo para a redu\u00e7\u00e3o do n\u00famero de pessoas infetadas e difus\u00e3o de redes de cont\u00e1gio.<\/p>\n<p class=\"text-paragraph\">O n\u00famero de mortes associado \u00e0 covid-19 subiu para as 23 e os casos de infe\u00e7\u00e3o s\u00e3o 2060, mais 460 que no domingo, segundo o boletim epidemiol\u00f3gico da DGS divulgado ao final da manh\u00e3.<\/p>\n<p class=\"text-paragraph\">Portugal est\u00e1 em estado de emerg\u00eancia desde as 00:00 de quinta-feira, at\u00e9 \u00e0s 23:59 de 02 de abril, e compete \u00e0s for\u00e7as e servi\u00e7os de seguran\u00e7a fiscalizar as medidas previstas.<\/p>\n","protected":false},"excerpt":{"rendered":"<p>Cinco pol\u00edcias e dois t\u00e9cnicos sem fun\u00e7\u00f5es policiais est\u00e3o infetados com covid-19 e uma esquadra no concelho de Vila Nova de Gaia est\u00e1 encerrada, revelou hoje a Pol\u00edcia de Seguran\u00e7a P\u00fablica. Em comunicado, a dire\u00e7\u00e3o nacional da PSP especifica que, at\u00e9 ao momento, h\u00e1 a confirma\u00e7\u00e3o de sete profissionais (cinco pol\u00edcias e dois t\u00e9cnico sem [&hellip;]<\/p>\n","protected":false},"author":1,"featured_media":42422,"comment_status":"closed","ping_status":"closed","sticky":false,"template":"","format":"standard","meta":{"_exactmetrics_skip_tracking":false,"_exactmetrics_sitenote_active":false,"_exactmetrics_sitenote_note":"","_exactmetrics_sitenote_category":0,"footnotes":""},"categories":[42722],"tags":[27],"class_list":["post-42420","post","type-post","status-publish","format-standard","has-post-thumbnail","hentry","category-covid-19","tag-sociedade"],"yoast_head":"<!-- This site is optimized with the Yoast SEO Premium plugin v27.5 (Yoast SEO v27.5) - https:\/\/yoast.com\/product\/yoast-seo-premium-wordpress\/ -->\n<title>PSP confirma a exist\u00eancia de sete infetados e cerca de 250 est\u00e3o em quarentena<\/title>\n<meta name=\"robots\" content=\"index, follow, max-snippet:-1, max-image-preview:large, max-video-preview:-1\" \/>\n<link rel=\"canonical\" href=\"https:\/\/www.altominho.tv\/site\/2020\/03\/23\/psp-confirma-a-existencia-de-sete-infetados-e-cerca-de-250-estao-em-quarentena\/\" \/>\n<meta property=\"og:locale\" content=\"pt_PT\" \/>\n<meta property=\"og:type\" content=\"article\" \/>\n<meta property=\"og:title\" content=\"PSP confirma a exist\u00eancia de sete infetados e cerca de 250 est\u00e3o em quarentena\" \/>\n<meta property=\"og:description\" content=\"Cinco pol\u00edcias e dois t\u00e9cnicos sem fun\u00e7\u00f5es policiais est\u00e3o infetados com covid-19 e uma esquadra no concelho de Vila Nova de Gaia est\u00e1 encerrada, revelou hoje a Pol\u00edcia de Seguran\u00e7a P\u00fablica. Em comunicado, a dire\u00e7\u00e3o nacional da PSP especifica que, at\u00e9 ao momento, h\u00e1 a confirma\u00e7\u00e3o de sete profissionais (cinco pol\u00edcias e dois t\u00e9cnico sem [&hellip;]\" \/>\n<meta property=\"og:url\" content=\"https:\/\/www.altominho.tv\/site\/2020\/03\/23\/psp-confirma-a-existencia-de-sete-infetados-e-cerca-de-250-estao-em-quarentena\/\" \/>\n<meta property=\"og:site_name\" content=\"Altominho.tv\" \/>\n<meta property=\"article:publisher\" content=\"https:\/\/www.facebook.com\/altominhotv\" \/>\n<meta property=\"article:published_time\" content=\"2020-03-23T14:13:41+00:00\" \/>\n<meta property=\"article:modified_time\" content=\"2020-03-23T14:13:52+00:00\" \/>\n<meta property=\"og:image\" content=\"https:\/\/www.altominho.tv\/site\/wp-content\/uploads\/2020\/03\/Policia_PSP_Covi19.jpg\" \/>\n\t<meta property=\"og:image:width\" content=\"1920\" \/>\n\t<meta property=\"og:image:height\" content=\"1080\" \/>\n\t<meta property=\"og:image:type\" content=\"image\/jpeg\" \/>\n<meta name=\"author\" content=\"Altominho.tv\" \/>\n<meta name=\"twitter:card\" content=\"summary_large_image\" \/>\n<meta name=\"twitter:creator\" content=\"@altominhoTV\" \/>\n<meta name=\"twitter:site\" content=\"@altominhoTV\" \/>\n<meta name=\"twitter:label1\" content=\"Escrito por\" \/>\n\t<meta name=\"twitter:data1\" content=\"Altominho.tv\" \/>\n\t<meta name=\"twitter:label2\" content=\"Tempo estimado de leitura\" \/>\n\t<meta name=\"twitter:data2\" content=\"2 minutos\" \/>\n<script type=\"application\/ld+json\" class=\"yoast-schema-graph\">{\"@context\":\"https:\\\/\\\/schema.org\",\"@graph\":[{\"@type\":\"Article\",\"@id\":\"https:\\\/\\\/www.altominho.tv\\\/site\\\/2020\\\/03\\\/23\\\/psp-confirma-a-existencia-de-sete-infetados-e-cerca-de-250-estao-em-quarentena\\\/#article\",\"isPartOf\":{\"@id\":\"https:\\\/\\\/www.altominho.tv\\\/site\\\/2020\\\/03\\\/23\\\/psp-confirma-a-existencia-de-sete-infetados-e-cerca-de-250-estao-em-quarentena\\\/\"},\"author\":{\"name\":\"Altominho.tv\",\"@id\":\"https:\\\/\\\/www.altominho.tv\\\/site\\\/#\\\/schema\\\/person\\\/4e536851627d7914baf3dac752b6af22\"},\"headline\":\"PSP confirma a exist\u00eancia de sete infetados e cerca de 250 est\u00e3o em quarentena\",\"datePublished\":\"2020-03-23T14:13:41+00:00\",\"dateModified\":\"2020-03-23T14:13:52+00:00\",\"mainEntityOfPage\":{\"@id\":\"https:\\\/\\\/www.altominho.tv\\\/site\\\/2020\\\/03\\\/23\\\/psp-confirma-a-existencia-de-sete-infetados-e-cerca-de-250-estao-em-quarentena\\\/\"},\"wordCount\":458,\"image\":{\"@id\":\"https:\\\/\\\/www.altominho.tv\\\/site\\\/2020\\\/03\\\/23\\\/psp-confirma-a-existencia-de-sete-infetados-e-cerca-de-250-estao-em-quarentena\\\/#primaryimage\"},\"thumbnailUrl\":\"https:\\\/\\\/www.altominho.tv\\\/site\\\/wp-content\\\/uploads\\\/2020\\\/03\\\/Policia_PSP_Covi19.jpg\",\"keywords\":[\"Sociedade\"],\"articleSection\":[\"Coronav\u00edrus\"],\"inLanguage\":\"pt-PT\",\"copyrightYear\":\"2020\",\"copyrightHolder\":{\"@id\":\"https:\\\/\\\/www.altominho.tv\\\/site\\\/#organization\"}},{\"@type\":\"WebPage\",\"@id\":\"https:\\\/\\\/www.altominho.tv\\\/site\\\/2020\\\/03\\\/23\\\/psp-confirma-a-existencia-de-sete-infetados-e-cerca-de-250-estao-em-quarentena\\\/\",\"url\":\"https:\\\/\\\/www.altominho.tv\\\/site\\\/2020\\\/03\\\/23\\\/psp-confirma-a-existencia-de-sete-infetados-e-cerca-de-250-estao-em-quarentena\\\/\",\"name\":\"PSP confirma a exist\u00eancia de sete infetados e cerca de 250 est\u00e3o em quarentena\",\"isPartOf\":{\"@id\":\"https:\\\/\\\/www.altominho.tv\\\/site\\\/#website\"},\"primaryImageOfPage\":{\"@id\":\"https:\\\/\\\/www.altominho.tv\\\/site\\\/2020\\\/03\\\/23\\\/psp-confirma-a-existencia-de-sete-infetados-e-cerca-de-250-estao-em-quarentena\\\/#primaryimage\"},\"image\":{\"@id\":\"https:\\\/\\\/www.altominho.tv\\\/site\\\/2020\\\/03\\\/23\\\/psp-confirma-a-existencia-de-sete-infetados-e-cerca-de-250-estao-em-quarentena\\\/#primaryimage\"},\"thumbnailUrl\":\"https:\\\/\\\/www.altominho.tv\\\/site\\\/wp-content\\\/uploads\\\/2020\\\/03\\\/Policia_PSP_Covi19.jpg\",\"datePublished\":\"2020-03-23T14:13:41+00:00\",\"dateModified\":\"2020-03-23T14:13:52+00:00\",\"author\":{\"@id\":\"https:\\\/\\\/www.altominho.tv\\\/site\\\/#\\\/schema\\\/person\\\/4e536851627d7914baf3dac752b6af22\"},\"breadcrumb\":{\"@id\":\"https:\\\/\\\/www.altominho.tv\\\/site\\\/2020\\\/03\\\/23\\\/psp-confirma-a-existencia-de-sete-infetados-e-cerca-de-250-estao-em-quarentena\\\/#breadcrumb\"},\"inLanguage\":\"pt-PT\",\"potentialAction\":[{\"@type\":\"ReadAction\",\"target\":[\"https:\\\/\\\/www.altominho.tv\\\/site\\\/2020\\\/03\\\/23\\\/psp-confirma-a-existencia-de-sete-infetados-e-cerca-de-250-estao-em-quarentena\\\/\"]}]},{\"@type\":\"ImageObject\",\"inLanguage\":\"pt-PT\",\"@id\":\"https:\\\/\\\/www.altominho.tv\\\/site\\\/2020\\\/03\\\/23\\\/psp-confirma-a-existencia-de-sete-infetados-e-cerca-de-250-estao-em-quarentena\\\/#primaryimage\",\"url\":\"https:\\\/\\\/www.altominho.tv\\\/site\\\/wp-content\\\/uploads\\\/2020\\\/03\\\/Policia_PSP_Covi19.jpg\",\"contentUrl\":\"https:\\\/\\\/www.altominho.tv\\\/site\\\/wp-content\\\/uploads\\\/2020\\\/03\\\/Policia_PSP_Covi19.jpg\",\"width\":1920,\"height\":1080},{\"@type\":\"BreadcrumbList\",\"@id\":\"https:\\\/\\\/www.altominho.tv\\\/site\\\/2020\\\/03\\\/23\\\/psp-confirma-a-existencia-de-sete-infetados-e-cerca-de-250-estao-em-quarentena\\\/#breadcrumb\",\"itemListElement\":[{\"@type\":\"ListItem\",\"position\":1,\"name\":\"In\u00edcio\",\"item\":\"https:\\\/\\\/www.altominho.tv\\\/site\\\/\"},{\"@type\":\"ListItem\",\"position\":2,\"name\":\"PSP confirma a exist\u00eancia de sete infetados e cerca de 250 est\u00e3o em quarentena\"}]},{\"@type\":\"WebSite\",\"@id\":\"https:\\\/\\\/www.altominho.tv\\\/site\\\/#website\",\"url\":\"https:\\\/\\\/www.altominho.tv\\\/site\\\/\",\"name\":\"Altominho.tv\",\"description\":\"A sua regi\u00e3o \u00e0 dist\u00e2ncia de um clique...\",\"potentialAction\":[{\"@type\":\"SearchAction\",\"target\":{\"@type\":\"EntryPoint\",\"urlTemplate\":\"https:\\\/\\\/www.altominho.tv\\\/site\\\/?s={search_term_string}\"},\"query-input\":{\"@type\":\"PropertyValueSpecification\",\"valueRequired\":true,\"valueName\":\"search_term_string\"}}],\"inLanguage\":\"pt-PT\"},{\"@type\":\"Person\",\"@id\":\"https:\\\/\\\/www.altominho.tv\\\/site\\\/#\\\/schema\\\/person\\\/4e536851627d7914baf3dac752b6af22\",\"name\":\"Altominho.tv\",\"image\":{\"@type\":\"ImageObject\",\"inLanguage\":\"pt-PT\",\"@id\":\"https:\\\/\\\/www.altominho.tv\\\/site\\\/wp-content\\\/uploads\\\/2019\\\/11\\\/Logo_Avatar_2-150x150.jpg\",\"url\":\"https:\\\/\\\/www.altominho.tv\\\/site\\\/wp-content\\\/uploads\\\/2019\\\/11\\\/Logo_Avatar_2-150x150.jpg\",\"contentUrl\":\"https:\\\/\\\/www.altominho.tv\\\/site\\\/wp-content\\\/uploads\\\/2019\\\/11\\\/Logo_Avatar_2-150x150.jpg\",\"caption\":\"Altominho.tv\"},\"url\":\"https:\\\/\\\/www.altominho.tv\\\/site\\\/author\\\/altominhotv-tecnico\\\/\"}]}<\/script>\n<!-- \/ Yoast SEO Premium plugin. -->","yoast_head_json":{"title":"PSP confirma a exist\u00eancia de sete infetados e cerca de 250 est\u00e3o em quarentena","robots":{"index":"index","follow":"follow","max-snippet":"max-snippet:-1","max-image-preview":"max-image-preview:large","max-video-preview":"max-video-preview:-1"},"canonical":"https:\/\/www.altominho.tv\/site\/2020\/03\/23\/psp-confirma-a-existencia-de-sete-infetados-e-cerca-de-250-estao-em-quarentena\/","og_locale":"pt_PT","og_type":"article","og_title":"PSP confirma a exist\u00eancia de sete infetados e cerca de 250 est\u00e3o em quarentena","og_description":"Cinco pol\u00edcias e dois t\u00e9cnicos sem fun\u00e7\u00f5es policiais est\u00e3o infetados com covid-19 e uma esquadra no concelho de Vila Nova de Gaia est\u00e1 encerrada, revelou hoje a Pol\u00edcia de Seguran\u00e7a P\u00fablica. Em comunicado, a dire\u00e7\u00e3o nacional da PSP especifica que, at\u00e9 ao momento, h\u00e1 a confirma\u00e7\u00e3o de sete profissionais (cinco pol\u00edcias e dois t\u00e9cnico sem [&hellip;]","og_url":"https:\/\/www.altominho.tv\/site\/2020\/03\/23\/psp-confirma-a-existencia-de-sete-infetados-e-cerca-de-250-estao-em-quarentena\/","og_site_name":"Altominho.tv","article_publisher":"https:\/\/www.facebook.com\/altominhotv","article_published_time":"2020-03-23T14:13:41+00:00","article_modified_time":"2020-03-23T14:13:52+00:00","og_image":[{"width":1920,"height":1080,"url":"https:\/\/www.altominho.tv\/site\/wp-content\/uploads\/2020\/03\/Policia_PSP_Covi19.jpg","type":"image\/jpeg"}],"author":"Altominho.tv","twitter_card":"summary_large_image","twitter_creator":"@altominhoTV","twitter_site":"@altominhoTV","twitter_misc":{"Escrito por":"Altominho.tv","Tempo estimado de leitura":"2 minutos"},"schema":{"@context":"https:\/\/schema.org","@graph":[{"@type":"Article","@id":"https:\/\/www.altominho.tv\/site\/2020\/03\/23\/psp-confirma-a-existencia-de-sete-infetados-e-cerca-de-250-estao-em-quarentena\/#article","isPartOf":{"@id":"https:\/\/www.altominho.tv\/site\/2020\/03\/23\/psp-confirma-a-existencia-de-sete-infetados-e-cerca-de-250-estao-em-quarentena\/"},"author":{"name":"Altominho.tv","@id":"https:\/\/www.altominho.tv\/site\/#\/schema\/person\/4e536851627d7914baf3dac752b6af22"},"headline":"PSP confirma a exist\u00eancia de sete infetados e cerca de 250 est\u00e3o em quarentena","datePublished":"2020-03-23T14:13:41+00:00","dateModified":"2020-03-23T14:13:52+00:00","mainEntityOfPage":{"@id":"https:\/\/www.altominho.tv\/site\/2020\/03\/23\/psp-confirma-a-existencia-de-sete-infetados-e-cerca-de-250-estao-em-quarentena\/"},"wordCount":458,"image":{"@id":"https:\/\/www.altominho.tv\/site\/2020\/03\/23\/psp-confirma-a-existencia-de-sete-infetados-e-cerca-de-250-estao-em-quarentena\/#primaryimage"},"thumbnailUrl":"https:\/\/www.altominho.tv\/site\/wp-content\/uploads\/2020\/03\/Policia_PSP_Covi19.jpg","keywords":["Sociedade"],"articleSection":["Coronav\u00edrus"],"inLanguage":"pt-PT","copyrightYear":"2020","copyrightHolder":{"@id":"https:\/\/www.altominho.tv\/site\/#organization"}},{"@type":"WebPage","@id":"https:\/\/www.altominho.tv\/site\/2020\/03\/23\/psp-confirma-a-existencia-de-sete-infetados-e-cerca-de-250-estao-em-quarentena\/","url":"https:\/\/www.altominho.tv\/site\/2020\/03\/23\/psp-confirma-a-existencia-de-sete-infetados-e-cerca-de-250-estao-em-quarentena\/","name":"PSP confirma a exist\u00eancia de sete infetados e cerca de 250 est\u00e3o em quarentena","isPartOf":{"@id":"https:\/\/www.altominho.tv\/site\/#website"},"primaryImageOfPage":{"@id":"https:\/\/www.altominho.tv\/site\/2020\/03\/23\/psp-confirma-a-existencia-de-sete-infetados-e-cerca-de-250-estao-em-quarentena\/#primaryimage"},"image":{"@id":"https:\/\/www.altominho.tv\/site\/2020\/03\/23\/psp-confirma-a-existencia-de-sete-infetados-e-cerca-de-250-estao-em-quarentena\/#primaryimage"},"thumbnailUrl":"https:\/\/www.altominho.tv\/site\/wp-content\/uploads\/2020\/03\/Policia_PSP_Covi19.jpg","datePublished":"2020-03-23T14:13:41+00:00","dateModified":"2020-03-23T14:13:52+00:00","author":{"@id":"https:\/\/www.altominho.tv\/site\/#\/schema\/person\/4e536851627d7914baf3dac752b6af22"},"breadcrumb":{"@id":"https:\/\/www.altominho.tv\/site\/2020\/03\/23\/psp-confirma-a-existencia-de-sete-infetados-e-cerca-de-250-estao-em-quarentena\/#breadcrumb"},"inLanguage":"pt-PT","potentialAction":[{"@type":"ReadAction","target":["https:\/\/www.altominho.tv\/site\/2020\/03\/23\/psp-confirma-a-existencia-de-sete-infetados-e-cerca-de-250-estao-em-quarentena\/"]}]},{"@type":"ImageObject","inLanguage":"pt-PT","@id":"https:\/\/www.altominho.tv\/site\/2020\/03\/23\/psp-confirma-a-existencia-de-sete-infetados-e-cerca-de-250-estao-em-quarentena\/#primaryimage","url":"https:\/\/www.altominho.tv\/site\/wp-content\/uploads\/2020\/03\/Policia_PSP_Covi19.jpg","contentUrl":"https:\/\/www.altominho.tv\/site\/wp-content\/uploads\/2020\/03\/Policia_PSP_Covi19.jpg","width":1920,"height":1080},{"@type":"BreadcrumbList","@id":"https:\/\/www.altominho.tv\/site\/2020\/03\/23\/psp-confirma-a-existencia-de-sete-infetados-e-cerca-de-250-estao-em-quarentena\/#breadcrumb","itemListElement":[{"@type":"ListItem","position":1,"name":"In\u00edcio","item":"https:\/\/www.altominho.tv\/site\/"},{"@type":"ListItem","position":2,"name":"PSP confirma a exist\u00eancia de sete infetados e cerca de 250 est\u00e3o em quarentena"}]},{"@type":"WebSite","@id":"https:\/\/www.altominho.tv\/site\/#website","url":"https:\/\/www.altominho.tv\/site\/","name":"Altominho.tv","description":"A sua regi\u00e3o \u00e0 dist\u00e2ncia de um clique...","potentialAction":[{"@type":"SearchAction","target":{"@type":"EntryPoint","urlTemplate":"https:\/\/www.altominho.tv\/site\/?s={search_term_string}"},"query-input":{"@type":"PropertyValueSpecification","valueRequired":true,"valueName":"search_term_string"}}],"inLanguage":"pt-PT"},{"@type":"Person","@id":"https:\/\/www.altominho.tv\/site\/#\/schema\/person\/4e536851627d7914baf3dac752b6af22","name":"Altominho.tv","image":{"@type":"ImageObject","inLanguage":"pt-PT","@id":"https:\/\/www.altominho.tv\/site\/wp-content\/uploads\/2019\/11\/Logo_Avatar_2-150x150.jpg","url":"https:\/\/www.altominho.tv\/site\/wp-content\/uploads\/2019\/11\/Logo_Avatar_2-150x150.jpg","contentUrl":"https:\/\/www.altominho.tv\/site\/wp-content\/uploads\/2019\/11\/Logo_Avatar_2-150x150.jpg","caption":"Altominho.tv"},"url":"https:\/\/www.altominho.tv\/site\/author\/altominhotv-tecnico\/"}]}},"_links":{"self":[{"href":"https:\/\/www.altominho.tv\/site\/wp-json\/wp\/v2\/posts\/42420","targetHints":{"allow":["GET"]}}],"collection":[{"href":"https:\/\/www.altominho.tv\/site\/wp-json\/wp\/v2\/posts"}],"about":[{"href":"https:\/\/www.altominho.tv\/site\/wp-json\/wp\/v2\/types\/post"}],"author":[{"embeddable":true,"href":"https:\/\/www.altominho.tv\/site\/wp-json\/wp\/v2\/users\/1"}],"replies":[{"embeddable":true,"href":"https:\/\/www.altominho.tv\/site\/wp-json\/wp\/v2\/comments?post=42420"}],"version-history":[{"count":0,"href":"https:\/\/www.altominho.tv\/site\/wp-json\/wp\/v2\/posts\/42420\/revisions"}],"wp:featuredmedia":[{"embeddable":true,"href":"https:\/\/www.altominho.tv\/site\/wp-json\/wp\/v2\/media\/42422"}],"wp:attachment":[{"href":"https:\/\/www.altominho.tv\/site\/wp-json\/wp\/v2\/media?parent=42420"}],"wp:term":[{"taxonomy":"category","embeddable":true,"href":"https:\/\/www.altominho.tv\/site\/wp-json\/wp\/v2\/categories?post=42420"},{"taxonomy":"post_tag","embeddable":true,"href":"https:\/\/www.altominho.tv\/site\/wp-json\/wp\/v2\/tags?post=42420"}],"curies":[{"name":"wp","href":"https:\/\/api.w.org\/{rel}","templated":true}]}}