{"id":42411,"date":"2020-03-23T13:21:43","date_gmt":"2020-03-23T13:21:43","guid":{"rendered":"http:\/\/www.altominho.tv\/site\/?p=42411"},"modified":"2020-03-23T14:48:11","modified_gmt":"2020-03-23T14:48:11","slug":"ministerio-da-educacao-cria-brigada-para-apoiar-escolas-no-ensino-a-distancia","status":"publish","type":"post","link":"https:\/\/www.altominho.tv\/site\/2020\/03\/23\/ministerio-da-educacao-cria-brigada-para-apoiar-escolas-no-ensino-a-distancia\/","title":{"rendered":"Minist\u00e9rio da Educa\u00e7\u00e3o cria brigada para apoiar escolas no ensino \u00e0 dist\u00e2ncia"},"content":{"rendered":"\n<p>O Minist\u00e9rio da Educa\u00e7\u00e3o criou uma brigada de profissionais que est\u00e3o a partir de hoje dispon\u00edveis para acompanhar e dar apoio \u00e0s escolas na sua adapta\u00e7\u00e3o ao ensino \u00e0 dist\u00e2ncia face \u00e0 pandemia covid-19, anunciou a tutela.<\/p>\n\n\n\n<p>\u201cNum momento em que, por conta do surto epidemiol\u00f3gico que o pa\u00eds atravessa, \u00e9 imperativa a adapta\u00e7\u00e3o do processo de ensino-aprendizagem, esta equipa tem como fun\u00e7\u00e3o garantir um acompanhamento de proximidade \u00e0s escolas\u201d, escreve o Minist\u00e9rio da Educa\u00e7\u00e3o em comunicado.<\/p>\n\n\n\n<p>A equipa composta por mais de uma centena de profissionais, integrados em \u00e1reas como literacia, tecnologia e curr\u00edculo, vai contribuir para recolher e partilhar boas pr\u00e1ticas que estejam a ser adotadas pelas escolas, mas tamb\u00e9m para reunir as principais dificuldades que os professores e diretores estejam a sentir.<\/p>\n\n\n\n<p>Segundo o Minist\u00e9rio da Educa\u00e7\u00e3o, a brigada \u201cestamos on com as escolas\u201d serve, sobretudo, para dar um \u201capoio especializado em algumas necessidades identificadas pelas escolas, possibilitar uma harmoniza\u00e7\u00e3o de tarefas e procedimento, e garantir que as redes de escolas j\u00e1 constitu\u00eddas se mant\u00eam ativas\u201d.<\/p>\n","protected":false},"excerpt":{"rendered":"<p>O Minist\u00e9rio da Educa\u00e7\u00e3o criou uma brigada de profissionais que est\u00e3o a partir de hoje dispon\u00edveis para acompanhar e dar apoio \u00e0s escolas na sua adapta\u00e7\u00e3o ao ensino \u00e0 dist\u00e2ncia face \u00e0 pandemia covid-19, anunciou a tutela. \u201cNum momento em que, por conta do surto epidemiol\u00f3gico que o pa\u00eds atravessa, \u00e9 imperativa a adapta\u00e7\u00e3o do [&hellip;]<\/p>\n","protected":false},"author":13,"featured_media":42412,"comment_status":"closed","ping_status":"closed","sticky":false,"template":"","format":"standard","meta":{"_exactmetrics_skip_tracking":false,"_exactmetrics_sitenote_active":false,"_exactmetrics_sitenote_note":"","_exactmetrics_sitenote_category":0,"footnotes":""},"categories":[42722],"tags":[26,27],"class_list":["post-42411","post","type-post","status-publish","format-standard","has-post-thumbnail","hentry","category-covid-19","tag-saude","tag-sociedade"],"yoast_head":"<!-- This site is optimized with the Yoast SEO Premium plugin v27.5 (Yoast SEO v27.5) - https:\/\/yoast.com\/product\/yoast-seo-premium-wordpress\/ -->\n<title>Minist\u00e9rio da Educa\u00e7\u00e3o cria brigada para apoiar escolas no ensino \u00e0 dist\u00e2ncia<\/title>\n<meta name=\"robots\" content=\"index, follow, max-snippet:-1, max-image-preview:large, max-video-preview:-1\" \/>\n<link rel=\"canonical\" href=\"https:\/\/www.altominho.tv\/site\/2020\/03\/23\/ministerio-da-educacao-cria-brigada-para-apoiar-escolas-no-ensino-a-distancia\/\" \/>\n<meta property=\"og:locale\" content=\"pt_PT\" \/>\n<meta property=\"og:type\" content=\"article\" \/>\n<meta property=\"og:title\" content=\"Minist\u00e9rio da Educa\u00e7\u00e3o cria brigada para apoiar escolas no ensino \u00e0 dist\u00e2ncia\" \/>\n<meta property=\"og:description\" content=\"O Minist\u00e9rio da Educa\u00e7\u00e3o criou uma brigada de profissionais que est\u00e3o a partir de hoje dispon\u00edveis para acompanhar e dar apoio \u00e0s escolas na sua adapta\u00e7\u00e3o ao ensino \u00e0 dist\u00e2ncia face \u00e0 pandemia covid-19, anunciou a tutela. \u201cNum momento em que, por conta do surto epidemiol\u00f3gico que o pa\u00eds atravessa, \u00e9 imperativa a adapta\u00e7\u00e3o do [&hellip;]\" \/>\n<meta property=\"og:url\" content=\"https:\/\/www.altominho.tv\/site\/2020\/03\/23\/ministerio-da-educacao-cria-brigada-para-apoiar-escolas-no-ensino-a-distancia\/\" \/>\n<meta property=\"og:site_name\" content=\"Altominho.tv\" \/>\n<meta property=\"article:publisher\" content=\"https:\/\/www.facebook.com\/altominhotv\" \/>\n<meta property=\"article:published_time\" content=\"2020-03-23T13:21:43+00:00\" \/>\n<meta property=\"article:modified_time\" content=\"2020-03-23T14:48:11+00:00\" \/>\n<meta property=\"og:image\" content=\"https:\/\/www.altominho.tv\/site\/wp-content\/uploads\/2020\/03\/escola-2.png\" \/>\n\t<meta property=\"og:image:width\" content=\"1024\" \/>\n\t<meta property=\"og:image:height\" content=\"682\" \/>\n\t<meta property=\"og:image:type\" content=\"image\/png\" \/>\n<meta name=\"author\" content=\"Lusa\" \/>\n<meta name=\"twitter:card\" content=\"summary_large_image\" \/>\n<meta name=\"twitter:creator\" content=\"@altominhoTV\" \/>\n<meta name=\"twitter:site\" content=\"@altominhoTV\" \/>\n<meta name=\"twitter:label1\" content=\"Escrito por\" \/>\n\t<meta name=\"twitter:data1\" content=\"Lusa\" \/>\n\t<meta name=\"twitter:label2\" content=\"Tempo estimado de leitura\" \/>\n\t<meta name=\"twitter:data2\" content=\"1 minuto\" \/>\n<script type=\"application\/ld+json\" class=\"yoast-schema-graph\">{\"@context\":\"https:\\\/\\\/schema.org\",\"@graph\":[{\"@type\":\"Article\",\"@id\":\"https:\\\/\\\/www.altominho.tv\\\/site\\\/2020\\\/03\\\/23\\\/ministerio-da-educacao-cria-brigada-para-apoiar-escolas-no-ensino-a-distancia\\\/#article\",\"isPartOf\":{\"@id\":\"https:\\\/\\\/www.altominho.tv\\\/site\\\/2020\\\/03\\\/23\\\/ministerio-da-educacao-cria-brigada-para-apoiar-escolas-no-ensino-a-distancia\\\/\"},\"author\":{\"name\":\"Lusa\",\"@id\":\"https:\\\/\\\/www.altominho.tv\\\/site\\\/#\\\/schema\\\/person\\\/63f693da3e1899361cbe955c46f3232e\"},\"headline\":\"Minist\u00e9rio da Educa\u00e7\u00e3o cria brigada para apoiar escolas no ensino \u00e0 dist\u00e2ncia\",\"datePublished\":\"2020-03-23T13:21:43+00:00\",\"dateModified\":\"2020-03-23T14:48:11+00:00\",\"mainEntityOfPage\":{\"@id\":\"https:\\\/\\\/www.altominho.tv\\\/site\\\/2020\\\/03\\\/23\\\/ministerio-da-educacao-cria-brigada-para-apoiar-escolas-no-ensino-a-distancia\\\/\"},\"wordCount\":200,\"image\":{\"@id\":\"https:\\\/\\\/www.altominho.tv\\\/site\\\/2020\\\/03\\\/23\\\/ministerio-da-educacao-cria-brigada-para-apoiar-escolas-no-ensino-a-distancia\\\/#primaryimage\"},\"thumbnailUrl\":\"https:\\\/\\\/www.altominho.tv\\\/site\\\/wp-content\\\/uploads\\\/2020\\\/03\\\/escola-2.png\",\"keywords\":[\"Sa\u00fade\",\"Sociedade\"],\"articleSection\":[\"Coronav\u00edrus\"],\"inLanguage\":\"pt-PT\",\"copyrightYear\":\"2020\",\"copyrightHolder\":{\"@id\":\"https:\\\/\\\/www.altominho.tv\\\/site\\\/#organization\"}},{\"@type\":\"WebPage\",\"@id\":\"https:\\\/\\\/www.altominho.tv\\\/site\\\/2020\\\/03\\\/23\\\/ministerio-da-educacao-cria-brigada-para-apoiar-escolas-no-ensino-a-distancia\\\/\",\"url\":\"https:\\\/\\\/www.altominho.tv\\\/site\\\/2020\\\/03\\\/23\\\/ministerio-da-educacao-cria-brigada-para-apoiar-escolas-no-ensino-a-distancia\\\/\",\"name\":\"Minist\u00e9rio da Educa\u00e7\u00e3o cria brigada para apoiar escolas no ensino \u00e0 dist\u00e2ncia\",\"isPartOf\":{\"@id\":\"https:\\\/\\\/www.altominho.tv\\\/site\\\/#website\"},\"primaryImageOfPage\":{\"@id\":\"https:\\\/\\\/www.altominho.tv\\\/site\\\/2020\\\/03\\\/23\\\/ministerio-da-educacao-cria-brigada-para-apoiar-escolas-no-ensino-a-distancia\\\/#primaryimage\"},\"image\":{\"@id\":\"https:\\\/\\\/www.altominho.tv\\\/site\\\/2020\\\/03\\\/23\\\/ministerio-da-educacao-cria-brigada-para-apoiar-escolas-no-ensino-a-distancia\\\/#primaryimage\"},\"thumbnailUrl\":\"https:\\\/\\\/www.altominho.tv\\\/site\\\/wp-content\\\/uploads\\\/2020\\\/03\\\/escola-2.png\",\"datePublished\":\"2020-03-23T13:21:43+00:00\",\"dateModified\":\"2020-03-23T14:48:11+00:00\",\"author\":{\"@id\":\"https:\\\/\\\/www.altominho.tv\\\/site\\\/#\\\/schema\\\/person\\\/63f693da3e1899361cbe955c46f3232e\"},\"breadcrumb\":{\"@id\":\"https:\\\/\\\/www.altominho.tv\\\/site\\\/2020\\\/03\\\/23\\\/ministerio-da-educacao-cria-brigada-para-apoiar-escolas-no-ensino-a-distancia\\\/#breadcrumb\"},\"inLanguage\":\"pt-PT\",\"potentialAction\":[{\"@type\":\"ReadAction\",\"target\":[\"https:\\\/\\\/www.altominho.tv\\\/site\\\/2020\\\/03\\\/23\\\/ministerio-da-educacao-cria-brigada-para-apoiar-escolas-no-ensino-a-distancia\\\/\"]}]},{\"@type\":\"ImageObject\",\"inLanguage\":\"pt-PT\",\"@id\":\"https:\\\/\\\/www.altominho.tv\\\/site\\\/2020\\\/03\\\/23\\\/ministerio-da-educacao-cria-brigada-para-apoiar-escolas-no-ensino-a-distancia\\\/#primaryimage\",\"url\":\"https:\\\/\\\/www.altominho.tv\\\/site\\\/wp-content\\\/uploads\\\/2020\\\/03\\\/escola-2.png\",\"contentUrl\":\"https:\\\/\\\/www.altominho.tv\\\/site\\\/wp-content\\\/uploads\\\/2020\\\/03\\\/escola-2.png\",\"width\":1024,\"height\":682},{\"@type\":\"BreadcrumbList\",\"@id\":\"https:\\\/\\\/www.altominho.tv\\\/site\\\/2020\\\/03\\\/23\\\/ministerio-da-educacao-cria-brigada-para-apoiar-escolas-no-ensino-a-distancia\\\/#breadcrumb\",\"itemListElement\":[{\"@type\":\"ListItem\",\"position\":1,\"name\":\"In\u00edcio\",\"item\":\"https:\\\/\\\/www.altominho.tv\\\/site\\\/\"},{\"@type\":\"ListItem\",\"position\":2,\"name\":\"Minist\u00e9rio da Educa\u00e7\u00e3o cria brigada para apoiar escolas no ensino \u00e0 dist\u00e2ncia\"}]},{\"@type\":\"WebSite\",\"@id\":\"https:\\\/\\\/www.altominho.tv\\\/site\\\/#website\",\"url\":\"https:\\\/\\\/www.altominho.tv\\\/site\\\/\",\"name\":\"Altominho.tv\",\"description\":\"A sua regi\u00e3o \u00e0 dist\u00e2ncia de um clique...\",\"potentialAction\":[{\"@type\":\"SearchAction\",\"target\":{\"@type\":\"EntryPoint\",\"urlTemplate\":\"https:\\\/\\\/www.altominho.tv\\\/site\\\/?s={search_term_string}\"},\"query-input\":{\"@type\":\"PropertyValueSpecification\",\"valueRequired\":true,\"valueName\":\"search_term_string\"}}],\"inLanguage\":\"pt-PT\"},{\"@type\":\"Person\",\"@id\":\"https:\\\/\\\/www.altominho.tv\\\/site\\\/#\\\/schema\\\/person\\\/63f693da3e1899361cbe955c46f3232e\",\"name\":\"Lusa\",\"image\":{\"@type\":\"ImageObject\",\"inLanguage\":\"pt-PT\",\"@id\":\"https:\\\/\\\/www.altominho.tv\\\/site\\\/wp-content\\\/uploads\\\/2019\\\/08\\\/LUSA_Logo.gif\",\"url\":\"https:\\\/\\\/www.altominho.tv\\\/site\\\/wp-content\\\/uploads\\\/2019\\\/08\\\/LUSA_Logo.gif\",\"contentUrl\":\"https:\\\/\\\/www.altominho.tv\\\/site\\\/wp-content\\\/uploads\\\/2019\\\/08\\\/LUSA_Logo.gif\",\"caption\":\"Lusa\"},\"sameAs\":[\"http:\\\/\\\/\\\/\\\/www.altominho.tv\\\/site\"],\"url\":\"https:\\\/\\\/www.altominho.tv\\\/site\\\/author\\\/lusa\\\/\"}]}<\/script>\n<!-- \/ Yoast SEO Premium plugin. -->","yoast_head_json":{"title":"Minist\u00e9rio da Educa\u00e7\u00e3o cria brigada para apoiar escolas no ensino \u00e0 dist\u00e2ncia","robots":{"index":"index","follow":"follow","max-snippet":"max-snippet:-1","max-image-preview":"max-image-preview:large","max-video-preview":"max-video-preview:-1"},"canonical":"https:\/\/www.altominho.tv\/site\/2020\/03\/23\/ministerio-da-educacao-cria-brigada-para-apoiar-escolas-no-ensino-a-distancia\/","og_locale":"pt_PT","og_type":"article","og_title":"Minist\u00e9rio da Educa\u00e7\u00e3o cria brigada para apoiar escolas no ensino \u00e0 dist\u00e2ncia","og_description":"O Minist\u00e9rio da Educa\u00e7\u00e3o criou uma brigada de profissionais que est\u00e3o a partir de hoje dispon\u00edveis para acompanhar e dar apoio \u00e0s escolas na sua adapta\u00e7\u00e3o ao ensino \u00e0 dist\u00e2ncia face \u00e0 pandemia covid-19, anunciou a tutela. \u201cNum momento em que, por conta do surto epidemiol\u00f3gico que o pa\u00eds atravessa, \u00e9 imperativa a adapta\u00e7\u00e3o do [&hellip;]","og_url":"https:\/\/www.altominho.tv\/site\/2020\/03\/23\/ministerio-da-educacao-cria-brigada-para-apoiar-escolas-no-ensino-a-distancia\/","og_site_name":"Altominho.tv","article_publisher":"https:\/\/www.facebook.com\/altominhotv","article_published_time":"2020-03-23T13:21:43+00:00","article_modified_time":"2020-03-23T14:48:11+00:00","og_image":[{"width":1024,"height":682,"url":"https:\/\/www.altominho.tv\/site\/wp-content\/uploads\/2020\/03\/escola-2.png","type":"image\/png"}],"author":"Lusa","twitter_card":"summary_large_image","twitter_creator":"@altominhoTV","twitter_site":"@altominhoTV","twitter_misc":{"Escrito por":"Lusa","Tempo estimado de leitura":"1 minuto"},"schema":{"@context":"https:\/\/schema.org","@graph":[{"@type":"Article","@id":"https:\/\/www.altominho.tv\/site\/2020\/03\/23\/ministerio-da-educacao-cria-brigada-para-apoiar-escolas-no-ensino-a-distancia\/#article","isPartOf":{"@id":"https:\/\/www.altominho.tv\/site\/2020\/03\/23\/ministerio-da-educacao-cria-brigada-para-apoiar-escolas-no-ensino-a-distancia\/"},"author":{"name":"Lusa","@id":"https:\/\/www.altominho.tv\/site\/#\/schema\/person\/63f693da3e1899361cbe955c46f3232e"},"headline":"Minist\u00e9rio da Educa\u00e7\u00e3o cria brigada para apoiar escolas no ensino \u00e0 dist\u00e2ncia","datePublished":"2020-03-23T13:21:43+00:00","dateModified":"2020-03-23T14:48:11+00:00","mainEntityOfPage":{"@id":"https:\/\/www.altominho.tv\/site\/2020\/03\/23\/ministerio-da-educacao-cria-brigada-para-apoiar-escolas-no-ensino-a-distancia\/"},"wordCount":200,"image":{"@id":"https:\/\/www.altominho.tv\/site\/2020\/03\/23\/ministerio-da-educacao-cria-brigada-para-apoiar-escolas-no-ensino-a-distancia\/#primaryimage"},"thumbnailUrl":"https:\/\/www.altominho.tv\/site\/wp-content\/uploads\/2020\/03\/escola-2.png","keywords":["Sa\u00fade","Sociedade"],"articleSection":["Coronav\u00edrus"],"inLanguage":"pt-PT","copyrightYear":"2020","copyrightHolder":{"@id":"https:\/\/www.altominho.tv\/site\/#organization"}},{"@type":"WebPage","@id":"https:\/\/www.altominho.tv\/site\/2020\/03\/23\/ministerio-da-educacao-cria-brigada-para-apoiar-escolas-no-ensino-a-distancia\/","url":"https:\/\/www.altominho.tv\/site\/2020\/03\/23\/ministerio-da-educacao-cria-brigada-para-apoiar-escolas-no-ensino-a-distancia\/","name":"Minist\u00e9rio da Educa\u00e7\u00e3o cria brigada para apoiar escolas no ensino \u00e0 dist\u00e2ncia","isPartOf":{"@id":"https:\/\/www.altominho.tv\/site\/#website"},"primaryImageOfPage":{"@id":"https:\/\/www.altominho.tv\/site\/2020\/03\/23\/ministerio-da-educacao-cria-brigada-para-apoiar-escolas-no-ensino-a-distancia\/#primaryimage"},"image":{"@id":"https:\/\/www.altominho.tv\/site\/2020\/03\/23\/ministerio-da-educacao-cria-brigada-para-apoiar-escolas-no-ensino-a-distancia\/#primaryimage"},"thumbnailUrl":"https:\/\/www.altominho.tv\/site\/wp-content\/uploads\/2020\/03\/escola-2.png","datePublished":"2020-03-23T13:21:43+00:00","dateModified":"2020-03-23T14:48:11+00:00","author":{"@id":"https:\/\/www.altominho.tv\/site\/#\/schema\/person\/63f693da3e1899361cbe955c46f3232e"},"breadcrumb":{"@id":"https:\/\/www.altominho.tv\/site\/2020\/03\/23\/ministerio-da-educacao-cria-brigada-para-apoiar-escolas-no-ensino-a-distancia\/#breadcrumb"},"inLanguage":"pt-PT","potentialAction":[{"@type":"ReadAction","target":["https:\/\/www.altominho.tv\/site\/2020\/03\/23\/ministerio-da-educacao-cria-brigada-para-apoiar-escolas-no-ensino-a-distancia\/"]}]},{"@type":"ImageObject","inLanguage":"pt-PT","@id":"https:\/\/www.altominho.tv\/site\/2020\/03\/23\/ministerio-da-educacao-cria-brigada-para-apoiar-escolas-no-ensino-a-distancia\/#primaryimage","url":"https:\/\/www.altominho.tv\/site\/wp-content\/uploads\/2020\/03\/escola-2.png","contentUrl":"https:\/\/www.altominho.tv\/site\/wp-content\/uploads\/2020\/03\/escola-2.png","width":1024,"height":682},{"@type":"BreadcrumbList","@id":"https:\/\/www.altominho.tv\/site\/2020\/03\/23\/ministerio-da-educacao-cria-brigada-para-apoiar-escolas-no-ensino-a-distancia\/#breadcrumb","itemListElement":[{"@type":"ListItem","position":1,"name":"In\u00edcio","item":"https:\/\/www.altominho.tv\/site\/"},{"@type":"ListItem","position":2,"name":"Minist\u00e9rio da Educa\u00e7\u00e3o cria brigada para apoiar escolas no ensino \u00e0 dist\u00e2ncia"}]},{"@type":"WebSite","@id":"https:\/\/www.altominho.tv\/site\/#website","url":"https:\/\/www.altominho.tv\/site\/","name":"Altominho.tv","description":"A sua regi\u00e3o \u00e0 dist\u00e2ncia de um clique...","potentialAction":[{"@type":"SearchAction","target":{"@type":"EntryPoint","urlTemplate":"https:\/\/www.altominho.tv\/site\/?s={search_term_string}"},"query-input":{"@type":"PropertyValueSpecification","valueRequired":true,"valueName":"search_term_string"}}],"inLanguage":"pt-PT"},{"@type":"Person","@id":"https:\/\/www.altominho.tv\/site\/#\/schema\/person\/63f693da3e1899361cbe955c46f3232e","name":"Lusa","image":{"@type":"ImageObject","inLanguage":"pt-PT","@id":"https:\/\/www.altominho.tv\/site\/wp-content\/uploads\/2019\/08\/LUSA_Logo.gif","url":"https:\/\/www.altominho.tv\/site\/wp-content\/uploads\/2019\/08\/LUSA_Logo.gif","contentUrl":"https:\/\/www.altominho.tv\/site\/wp-content\/uploads\/2019\/08\/LUSA_Logo.gif","caption":"Lusa"},"sameAs":["http:\/\/\/\/www.altominho.tv\/site"],"url":"https:\/\/www.altominho.tv\/site\/author\/lusa\/"}]}},"_links":{"self":[{"href":"https:\/\/www.altominho.tv\/site\/wp-json\/wp\/v2\/posts\/42411","targetHints":{"allow":["GET"]}}],"collection":[{"href":"https:\/\/www.altominho.tv\/site\/wp-json\/wp\/v2\/posts"}],"about":[{"href":"https:\/\/www.altominho.tv\/site\/wp-json\/wp\/v2\/types\/post"}],"author":[{"embeddable":true,"href":"https:\/\/www.altominho.tv\/site\/wp-json\/wp\/v2\/users\/13"}],"replies":[{"embeddable":true,"href":"https:\/\/www.altominho.tv\/site\/wp-json\/wp\/v2\/comments?post=42411"}],"version-history":[{"count":0,"href":"https:\/\/www.altominho.tv\/site\/wp-json\/wp\/v2\/posts\/42411\/revisions"}],"wp:featuredmedia":[{"embeddable":true,"href":"https:\/\/www.altominho.tv\/site\/wp-json\/wp\/v2\/media\/42412"}],"wp:attachment":[{"href":"https:\/\/www.altominho.tv\/site\/wp-json\/wp\/v2\/media?parent=42411"}],"wp:term":[{"taxonomy":"category","embeddable":true,"href":"https:\/\/www.altominho.tv\/site\/wp-json\/wp\/v2\/categories?post=42411"},{"taxonomy":"post_tag","embeddable":true,"href":"https:\/\/www.altominho.tv\/site\/wp-json\/wp\/v2\/tags?post=42411"}],"curies":[{"name":"wp","href":"https:\/\/api.w.org\/{rel}","templated":true}]}}