{"id":42364,"date":"2020-03-22T15:20:23","date_gmt":"2020-03-22T15:20:23","guid":{"rendered":"http:\/\/www.altominho.tv\/site\/?p=42364"},"modified":"2020-03-22T15:20:30","modified_gmt":"2020-03-22T15:20:30","slug":"atletas-do-projeto-olimpico-podem-treinar-ao-abrigo-de-quadro-de-excecao","status":"publish","type":"post","link":"https:\/\/www.altominho.tv\/site\/2020\/03\/22\/atletas-do-projeto-olimpico-podem-treinar-ao-abrigo-de-quadro-de-excecao\/","title":{"rendered":"Atletas do projeto ol\u00edmpico podem treinar ao abrigo de \u201cquadro de exce\u00e7\u00e3o\u201d"},"content":{"rendered":"\n<p>Os atletas de alto rendimento, incluindo os integrados no programa ol\u00edmpico para T\u00f3quio2020, poder\u00e3o treinar ao ar livre ou em instala\u00e7\u00f5es j\u00e1 testadas, ao abrigo de um &#8220;quadro de exce\u00e7\u00e3o&#8221;, anunciou hoje o Comit\u00e9 Ol\u00edmpico de Portugal (COP).<\/p>\n\n\n\n<p>Os treinos, que eram uma reivindica\u00e7\u00e3o do COP e dos atletas perante a situa\u00e7\u00e3o atual, provocada pela pandemia de covid-19, devem agora decorrer na via p\u00fablica, sendo de curta dura\u00e7\u00e3o, ou em algumas instala\u00e7\u00f5es preparadas para o efeito.<\/p>\n\n\n\n<p>&#8220;O COP remeteu \u00e0s federa\u00e7\u00f5es desportivas com atletas integrados no Projeto T\u00f3quio2020 uma comunica\u00e7\u00e3o a explicitar em que condi\u00e7\u00f5es deve ser realizada a sua prepara\u00e7\u00e3o desportiva no quadro de exce\u00e7\u00e3o estabelecido pelo decreto aprovado pelo Governo, tendo sempre a sa\u00fade p\u00fablica como primeira prioridade&#8221;, indica o organismo ol\u00edmpico no s\u00edtio oficial na Internet.<\/p>\n\n\n\n<p>Os atletas de alto rendimento podem fazer exerc\u00edcio de curta dura\u00e7\u00e3o na via p\u00fablica, bem como aceder aos locais de pr\u00e1tica, duas exce\u00e7\u00f5es previstas \u00e0s medidas aprovadas no \u00e2mbito do estado de emerg\u00eancia decretado pelo Governo portugu\u00eas.<\/p>\n\n\n\n<p>No s\u00e1bado, o COP revelou que o Instituto Portugu\u00eas do Desporto e Juventude estava a avaliar as condi\u00e7\u00f5es de utiliza\u00e7\u00e3o do centro desportivo nacional do Jamor &#8220;em seguran\u00e7a&#8221;, depois de o comit\u00e9 ter pedido esta semana ao Governo uma solu\u00e7\u00e3o para estes desportistas poderem prosseguir a prepara\u00e7\u00e3o para T\u00f3quio2020.<\/p>\n\n\n\n<p>Aos atletas do programa ol\u00edmpico ficam tr\u00eas recomenda\u00e7\u00f5es: &#8220;N\u00e3o utilizar espa\u00e7os p\u00fablicos onde se encontrem outras pessoas na proximidade&#8221;, &#8220;n\u00e3o realizar os treinos em ambientes fechados em conjunto com outros atletas&#8221;, e &#8220;utilizar espa\u00e7os ao ar livre certificando-se que n\u00e3o contactam com outras pessoas&#8221;.<\/p>\n\n\n\n<p>No caso do uso de instala\u00e7\u00f5es fechadas, devem ser seguidas &#8220;as regras adotadas&#8221; por essas infraestruturas, com o COP a confirmar que estas j\u00e1 existem nos centros de alto rendimento do pa\u00eds.<\/p>\n\n\n\n<p>O COP explica ainda \u00e0s federa\u00e7\u00f5es que a decis\u00e3o do Comit\u00e9 Ol\u00edmpico Internacional de &#8220;manter a realiza\u00e7\u00e3o dos Jogos na data prevista&#8221;, de 24 de julho a 09 de agosto, &#8220;est\u00e1 a traduzir-se numa enorme press\u00e3o sobre os atletas dos pa\u00edses atingidos pela pandemia&#8221;.<\/p>\n\n\n\n<p>&#8220;\u00c9 recomend\u00e1vel que nos preparemos para o que a\u00ed vem e para as condi\u00e7\u00f5es espec\u00edficas exigidas no exerc\u00edcio das nossas atividades&#8221;, adverte o organismo ol\u00edmpico.<\/p>\n\n\n\n<p>O novo coronav\u00edrus, respons\u00e1vel pela pandemia da covid-19, j\u00e1 infetou mais de 308 mil pessoas em todo o mundo, das quais mais de 13.400 morreram.<\/p>\n\n\n\n<p>Depois de surgir na China, em dezembro de 2019, o surto espalhou-se por todo o mundo, o que levou a Organiza\u00e7\u00e3o Mundial da Sa\u00fade a declarar uma situa\u00e7\u00e3o de pandemia.<\/p>\n\n\n\n<p>O continente europeu tornou-se o epicentro da pandemia, com a It\u00e1lia a ser o pa\u00eds do mundo com maior n\u00famero de v\u00edtimas mortais (4.825), o que levou v\u00e1rios pa\u00edses a adotarem medidas excecionais, incluindo o regime de quarentena e o encerramento de fronteiras.<\/p>\n\n\n\n<p>Em Portugal, que se encontra em estado de emerg\u00eancia desde as 00:00 de quinta-feira, a Dire\u00e7\u00e3o-Geral da Sa\u00fade elevou hoje o n\u00famero de casos confirmados de infe\u00e7\u00e3o para 1.600, mais 320 do que no dia anterior. O n\u00famero de mortos no pa\u00eds subiu para 14.<\/p>\n","protected":false},"excerpt":{"rendered":"<p>Os atletas de alto rendimento, incluindo os integrados no programa ol\u00edmpico para T\u00f3quio2020, poder\u00e3o treinar ao ar livre ou em instala\u00e7\u00f5es j\u00e1 testadas, ao abrigo de um &#8220;quadro de exce\u00e7\u00e3o&#8221;, anunciou hoje o Comit\u00e9 Ol\u00edmpico de Portugal (COP). Os treinos, que eram uma reivindica\u00e7\u00e3o do COP e dos atletas perante a situa\u00e7\u00e3o atual, provocada pela [&hellip;]<\/p>\n","protected":false},"author":16,"featured_media":42365,"comment_status":"closed","ping_status":"closed","sticky":false,"template":"","format":"standard","meta":{"_exactmetrics_skip_tracking":false,"_exactmetrics_sitenote_active":false,"_exactmetrics_sitenote_note":"","_exactmetrics_sitenote_category":0,"footnotes":""},"categories":[42722],"tags":[20,26],"class_list":["post-42364","post","type-post","status-publish","format-standard","has-post-thumbnail","hentry","category-covid-19","tag-desporto","tag-saude"],"yoast_head":"<!-- This site is optimized with the Yoast SEO Premium plugin v27.5 (Yoast SEO v27.5) - https:\/\/yoast.com\/product\/yoast-seo-premium-wordpress\/ -->\n<title>Atletas do projeto ol\u00edmpico podem treinar ao abrigo de \u201cquadro de exce\u00e7\u00e3o\u201d<\/title>\n<meta name=\"robots\" content=\"index, follow, max-snippet:-1, max-image-preview:large, max-video-preview:-1\" \/>\n<link rel=\"canonical\" href=\"https:\/\/www.altominho.tv\/site\/2020\/03\/22\/atletas-do-projeto-olimpico-podem-treinar-ao-abrigo-de-quadro-de-excecao\/\" \/>\n<meta property=\"og:locale\" content=\"pt_PT\" \/>\n<meta property=\"og:type\" content=\"article\" \/>\n<meta property=\"og:title\" content=\"Atletas do projeto ol\u00edmpico podem treinar ao abrigo de \u201cquadro de exce\u00e7\u00e3o\u201d\" \/>\n<meta property=\"og:description\" content=\"Os atletas de alto rendimento, incluindo os integrados no programa ol\u00edmpico para T\u00f3quio2020, poder\u00e3o treinar ao ar livre ou em instala\u00e7\u00f5es j\u00e1 testadas, ao abrigo de um &#8220;quadro de exce\u00e7\u00e3o&#8221;, anunciou hoje o Comit\u00e9 Ol\u00edmpico de Portugal (COP). Os treinos, que eram uma reivindica\u00e7\u00e3o do COP e dos atletas perante a situa\u00e7\u00e3o atual, provocada pela [&hellip;]\" \/>\n<meta property=\"og:url\" content=\"https:\/\/www.altominho.tv\/site\/2020\/03\/22\/atletas-do-projeto-olimpico-podem-treinar-ao-abrigo-de-quadro-de-excecao\/\" \/>\n<meta property=\"og:site_name\" content=\"Altominho.tv\" \/>\n<meta property=\"article:publisher\" content=\"https:\/\/www.facebook.com\/altominhotv\" \/>\n<meta property=\"article:published_time\" content=\"2020-03-22T15:20:23+00:00\" \/>\n<meta property=\"article:modified_time\" content=\"2020-03-22T15:20:30+00:00\" \/>\n<meta property=\"og:image\" content=\"https:\/\/www.altominho.tv\/site\/wp-content\/uploads\/2020\/03\/tokyo2020.jpg\" \/>\n\t<meta property=\"og:image:width\" content=\"830\" \/>\n\t<meta property=\"og:image:height\" content=\"465\" \/>\n\t<meta property=\"og:image:type\" content=\"image\/jpeg\" \/>\n<meta name=\"author\" content=\"Andreia Cunha | Lusa\" \/>\n<meta name=\"twitter:card\" content=\"summary_large_image\" \/>\n<meta name=\"twitter:creator\" content=\"@altominhoTV\" \/>\n<meta name=\"twitter:site\" content=\"@altominhoTV\" \/>\n<meta name=\"twitter:label1\" content=\"Escrito por\" \/>\n\t<meta name=\"twitter:data1\" content=\"Andreia Cunha | Lusa\" \/>\n\t<meta name=\"twitter:label2\" content=\"Tempo estimado de leitura\" \/>\n\t<meta name=\"twitter:data2\" content=\"3 minutos\" \/>\n<script type=\"application\/ld+json\" class=\"yoast-schema-graph\">{\"@context\":\"https:\\\/\\\/schema.org\",\"@graph\":[{\"@type\":\"Article\",\"@id\":\"https:\\\/\\\/www.altominho.tv\\\/site\\\/2020\\\/03\\\/22\\\/atletas-do-projeto-olimpico-podem-treinar-ao-abrigo-de-quadro-de-excecao\\\/#article\",\"isPartOf\":{\"@id\":\"https:\\\/\\\/www.altominho.tv\\\/site\\\/2020\\\/03\\\/22\\\/atletas-do-projeto-olimpico-podem-treinar-ao-abrigo-de-quadro-de-excecao\\\/\"},\"author\":{\"name\":\"Andreia Cunha | Lusa\",\"@id\":\"https:\\\/\\\/www.altominho.tv\\\/site\\\/#\\\/schema\\\/person\\\/dbaf181c01b51ff40c9f461a905d321e\"},\"headline\":\"Atletas do projeto ol\u00edmpico podem treinar ao abrigo de \u201cquadro de exce\u00e7\u00e3o\u201d\",\"datePublished\":\"2020-03-22T15:20:23+00:00\",\"dateModified\":\"2020-03-22T15:20:30+00:00\",\"mainEntityOfPage\":{\"@id\":\"https:\\\/\\\/www.altominho.tv\\\/site\\\/2020\\\/03\\\/22\\\/atletas-do-projeto-olimpico-podem-treinar-ao-abrigo-de-quadro-de-excecao\\\/\"},\"wordCount\":582,\"image\":{\"@id\":\"https:\\\/\\\/www.altominho.tv\\\/site\\\/2020\\\/03\\\/22\\\/atletas-do-projeto-olimpico-podem-treinar-ao-abrigo-de-quadro-de-excecao\\\/#primaryimage\"},\"thumbnailUrl\":\"https:\\\/\\\/www.altominho.tv\\\/site\\\/wp-content\\\/uploads\\\/2020\\\/03\\\/tokyo2020.jpg\",\"keywords\":[\"Desporto\",\"Sa\u00fade\"],\"articleSection\":[\"Coronav\u00edrus\"],\"inLanguage\":\"pt-PT\",\"copyrightYear\":\"2020\",\"copyrightHolder\":{\"@id\":\"https:\\\/\\\/www.altominho.tv\\\/site\\\/#organization\"}},{\"@type\":\"WebPage\",\"@id\":\"https:\\\/\\\/www.altominho.tv\\\/site\\\/2020\\\/03\\\/22\\\/atletas-do-projeto-olimpico-podem-treinar-ao-abrigo-de-quadro-de-excecao\\\/\",\"url\":\"https:\\\/\\\/www.altominho.tv\\\/site\\\/2020\\\/03\\\/22\\\/atletas-do-projeto-olimpico-podem-treinar-ao-abrigo-de-quadro-de-excecao\\\/\",\"name\":\"Atletas do projeto ol\u00edmpico podem treinar ao abrigo de \u201cquadro de exce\u00e7\u00e3o\u201d\",\"isPartOf\":{\"@id\":\"https:\\\/\\\/www.altominho.tv\\\/site\\\/#website\"},\"primaryImageOfPage\":{\"@id\":\"https:\\\/\\\/www.altominho.tv\\\/site\\\/2020\\\/03\\\/22\\\/atletas-do-projeto-olimpico-podem-treinar-ao-abrigo-de-quadro-de-excecao\\\/#primaryimage\"},\"image\":{\"@id\":\"https:\\\/\\\/www.altominho.tv\\\/site\\\/2020\\\/03\\\/22\\\/atletas-do-projeto-olimpico-podem-treinar-ao-abrigo-de-quadro-de-excecao\\\/#primaryimage\"},\"thumbnailUrl\":\"https:\\\/\\\/www.altominho.tv\\\/site\\\/wp-content\\\/uploads\\\/2020\\\/03\\\/tokyo2020.jpg\",\"datePublished\":\"2020-03-22T15:20:23+00:00\",\"dateModified\":\"2020-03-22T15:20:30+00:00\",\"author\":{\"@id\":\"https:\\\/\\\/www.altominho.tv\\\/site\\\/#\\\/schema\\\/person\\\/dbaf181c01b51ff40c9f461a905d321e\"},\"breadcrumb\":{\"@id\":\"https:\\\/\\\/www.altominho.tv\\\/site\\\/2020\\\/03\\\/22\\\/atletas-do-projeto-olimpico-podem-treinar-ao-abrigo-de-quadro-de-excecao\\\/#breadcrumb\"},\"inLanguage\":\"pt-PT\",\"potentialAction\":[{\"@type\":\"ReadAction\",\"target\":[\"https:\\\/\\\/www.altominho.tv\\\/site\\\/2020\\\/03\\\/22\\\/atletas-do-projeto-olimpico-podem-treinar-ao-abrigo-de-quadro-de-excecao\\\/\"]}]},{\"@type\":\"ImageObject\",\"inLanguage\":\"pt-PT\",\"@id\":\"https:\\\/\\\/www.altominho.tv\\\/site\\\/2020\\\/03\\\/22\\\/atletas-do-projeto-olimpico-podem-treinar-ao-abrigo-de-quadro-de-excecao\\\/#primaryimage\",\"url\":\"https:\\\/\\\/www.altominho.tv\\\/site\\\/wp-content\\\/uploads\\\/2020\\\/03\\\/tokyo2020.jpg\",\"contentUrl\":\"https:\\\/\\\/www.altominho.tv\\\/site\\\/wp-content\\\/uploads\\\/2020\\\/03\\\/tokyo2020.jpg\",\"width\":830,\"height\":465},{\"@type\":\"BreadcrumbList\",\"@id\":\"https:\\\/\\\/www.altominho.tv\\\/site\\\/2020\\\/03\\\/22\\\/atletas-do-projeto-olimpico-podem-treinar-ao-abrigo-de-quadro-de-excecao\\\/#breadcrumb\",\"itemListElement\":[{\"@type\":\"ListItem\",\"position\":1,\"name\":\"In\u00edcio\",\"item\":\"https:\\\/\\\/www.altominho.tv\\\/site\\\/\"},{\"@type\":\"ListItem\",\"position\":2,\"name\":\"Atletas do projeto ol\u00edmpico podem treinar ao abrigo de \u201cquadro de exce\u00e7\u00e3o\u201d\"}]},{\"@type\":\"WebSite\",\"@id\":\"https:\\\/\\\/www.altominho.tv\\\/site\\\/#website\",\"url\":\"https:\\\/\\\/www.altominho.tv\\\/site\\\/\",\"name\":\"Altominho.tv\",\"description\":\"A sua regi\u00e3o \u00e0 dist\u00e2ncia de um clique...\",\"potentialAction\":[{\"@type\":\"SearchAction\",\"target\":{\"@type\":\"EntryPoint\",\"urlTemplate\":\"https:\\\/\\\/www.altominho.tv\\\/site\\\/?s={search_term_string}\"},\"query-input\":{\"@type\":\"PropertyValueSpecification\",\"valueRequired\":true,\"valueName\":\"search_term_string\"}}],\"inLanguage\":\"pt-PT\"},{\"@type\":\"Person\",\"@id\":\"https:\\\/\\\/www.altominho.tv\\\/site\\\/#\\\/schema\\\/person\\\/dbaf181c01b51ff40c9f461a905d321e\",\"name\":\"Andreia Cunha | Lusa\",\"image\":{\"@type\":\"ImageObject\",\"inLanguage\":\"pt-PT\",\"@id\":\"https:\\\/\\\/www.altominho.tv\\\/site\\\/wp-content\\\/uploads\\\/2017\\\/11\\\/Andreia_Cunha-1-150x150.jpg\",\"url\":\"https:\\\/\\\/www.altominho.tv\\\/site\\\/wp-content\\\/uploads\\\/2017\\\/11\\\/Andreia_Cunha-1-150x150.jpg\",\"contentUrl\":\"https:\\\/\\\/www.altominho.tv\\\/site\\\/wp-content\\\/uploads\\\/2017\\\/11\\\/Andreia_Cunha-1-150x150.jpg\",\"caption\":\"Andreia Cunha | Lusa\"},\"sameAs\":[\"https:\\\/\\\/www.altominho.tv\\\/site\"],\"url\":\"https:\\\/\\\/www.altominho.tv\\\/site\\\/author\\\/andreiacunhalusa\\\/\"}]}<\/script>\n<!-- \/ Yoast SEO Premium plugin. -->","yoast_head_json":{"title":"Atletas do projeto ol\u00edmpico podem treinar ao abrigo de \u201cquadro de exce\u00e7\u00e3o\u201d","robots":{"index":"index","follow":"follow","max-snippet":"max-snippet:-1","max-image-preview":"max-image-preview:large","max-video-preview":"max-video-preview:-1"},"canonical":"https:\/\/www.altominho.tv\/site\/2020\/03\/22\/atletas-do-projeto-olimpico-podem-treinar-ao-abrigo-de-quadro-de-excecao\/","og_locale":"pt_PT","og_type":"article","og_title":"Atletas do projeto ol\u00edmpico podem treinar ao abrigo de \u201cquadro de exce\u00e7\u00e3o\u201d","og_description":"Os atletas de alto rendimento, incluindo os integrados no programa ol\u00edmpico para T\u00f3quio2020, poder\u00e3o treinar ao ar livre ou em instala\u00e7\u00f5es j\u00e1 testadas, ao abrigo de um &#8220;quadro de exce\u00e7\u00e3o&#8221;, anunciou hoje o Comit\u00e9 Ol\u00edmpico de Portugal (COP). Os treinos, que eram uma reivindica\u00e7\u00e3o do COP e dos atletas perante a situa\u00e7\u00e3o atual, provocada pela [&hellip;]","og_url":"https:\/\/www.altominho.tv\/site\/2020\/03\/22\/atletas-do-projeto-olimpico-podem-treinar-ao-abrigo-de-quadro-de-excecao\/","og_site_name":"Altominho.tv","article_publisher":"https:\/\/www.facebook.com\/altominhotv","article_published_time":"2020-03-22T15:20:23+00:00","article_modified_time":"2020-03-22T15:20:30+00:00","og_image":[{"width":830,"height":465,"url":"https:\/\/www.altominho.tv\/site\/wp-content\/uploads\/2020\/03\/tokyo2020.jpg","type":"image\/jpeg"}],"author":"Andreia Cunha | Lusa","twitter_card":"summary_large_image","twitter_creator":"@altominhoTV","twitter_site":"@altominhoTV","twitter_misc":{"Escrito por":"Andreia Cunha | Lusa","Tempo estimado de leitura":"3 minutos"},"schema":{"@context":"https:\/\/schema.org","@graph":[{"@type":"Article","@id":"https:\/\/www.altominho.tv\/site\/2020\/03\/22\/atletas-do-projeto-olimpico-podem-treinar-ao-abrigo-de-quadro-de-excecao\/#article","isPartOf":{"@id":"https:\/\/www.altominho.tv\/site\/2020\/03\/22\/atletas-do-projeto-olimpico-podem-treinar-ao-abrigo-de-quadro-de-excecao\/"},"author":{"name":"Andreia Cunha | Lusa","@id":"https:\/\/www.altominho.tv\/site\/#\/schema\/person\/dbaf181c01b51ff40c9f461a905d321e"},"headline":"Atletas do projeto ol\u00edmpico podem treinar ao abrigo de \u201cquadro de exce\u00e7\u00e3o\u201d","datePublished":"2020-03-22T15:20:23+00:00","dateModified":"2020-03-22T15:20:30+00:00","mainEntityOfPage":{"@id":"https:\/\/www.altominho.tv\/site\/2020\/03\/22\/atletas-do-projeto-olimpico-podem-treinar-ao-abrigo-de-quadro-de-excecao\/"},"wordCount":582,"image":{"@id":"https:\/\/www.altominho.tv\/site\/2020\/03\/22\/atletas-do-projeto-olimpico-podem-treinar-ao-abrigo-de-quadro-de-excecao\/#primaryimage"},"thumbnailUrl":"https:\/\/www.altominho.tv\/site\/wp-content\/uploads\/2020\/03\/tokyo2020.jpg","keywords":["Desporto","Sa\u00fade"],"articleSection":["Coronav\u00edrus"],"inLanguage":"pt-PT","copyrightYear":"2020","copyrightHolder":{"@id":"https:\/\/www.altominho.tv\/site\/#organization"}},{"@type":"WebPage","@id":"https:\/\/www.altominho.tv\/site\/2020\/03\/22\/atletas-do-projeto-olimpico-podem-treinar-ao-abrigo-de-quadro-de-excecao\/","url":"https:\/\/www.altominho.tv\/site\/2020\/03\/22\/atletas-do-projeto-olimpico-podem-treinar-ao-abrigo-de-quadro-de-excecao\/","name":"Atletas do projeto ol\u00edmpico podem treinar ao abrigo de \u201cquadro de exce\u00e7\u00e3o\u201d","isPartOf":{"@id":"https:\/\/www.altominho.tv\/site\/#website"},"primaryImageOfPage":{"@id":"https:\/\/www.altominho.tv\/site\/2020\/03\/22\/atletas-do-projeto-olimpico-podem-treinar-ao-abrigo-de-quadro-de-excecao\/#primaryimage"},"image":{"@id":"https:\/\/www.altominho.tv\/site\/2020\/03\/22\/atletas-do-projeto-olimpico-podem-treinar-ao-abrigo-de-quadro-de-excecao\/#primaryimage"},"thumbnailUrl":"https:\/\/www.altominho.tv\/site\/wp-content\/uploads\/2020\/03\/tokyo2020.jpg","datePublished":"2020-03-22T15:20:23+00:00","dateModified":"2020-03-22T15:20:30+00:00","author":{"@id":"https:\/\/www.altominho.tv\/site\/#\/schema\/person\/dbaf181c01b51ff40c9f461a905d321e"},"breadcrumb":{"@id":"https:\/\/www.altominho.tv\/site\/2020\/03\/22\/atletas-do-projeto-olimpico-podem-treinar-ao-abrigo-de-quadro-de-excecao\/#breadcrumb"},"inLanguage":"pt-PT","potentialAction":[{"@type":"ReadAction","target":["https:\/\/www.altominho.tv\/site\/2020\/03\/22\/atletas-do-projeto-olimpico-podem-treinar-ao-abrigo-de-quadro-de-excecao\/"]}]},{"@type":"ImageObject","inLanguage":"pt-PT","@id":"https:\/\/www.altominho.tv\/site\/2020\/03\/22\/atletas-do-projeto-olimpico-podem-treinar-ao-abrigo-de-quadro-de-excecao\/#primaryimage","url":"https:\/\/www.altominho.tv\/site\/wp-content\/uploads\/2020\/03\/tokyo2020.jpg","contentUrl":"https:\/\/www.altominho.tv\/site\/wp-content\/uploads\/2020\/03\/tokyo2020.jpg","width":830,"height":465},{"@type":"BreadcrumbList","@id":"https:\/\/www.altominho.tv\/site\/2020\/03\/22\/atletas-do-projeto-olimpico-podem-treinar-ao-abrigo-de-quadro-de-excecao\/#breadcrumb","itemListElement":[{"@type":"ListItem","position":1,"name":"In\u00edcio","item":"https:\/\/www.altominho.tv\/site\/"},{"@type":"ListItem","position":2,"name":"Atletas do projeto ol\u00edmpico podem treinar ao abrigo de \u201cquadro de exce\u00e7\u00e3o\u201d"}]},{"@type":"WebSite","@id":"https:\/\/www.altominho.tv\/site\/#website","url":"https:\/\/www.altominho.tv\/site\/","name":"Altominho.tv","description":"A sua regi\u00e3o \u00e0 dist\u00e2ncia de um clique...","potentialAction":[{"@type":"SearchAction","target":{"@type":"EntryPoint","urlTemplate":"https:\/\/www.altominho.tv\/site\/?s={search_term_string}"},"query-input":{"@type":"PropertyValueSpecification","valueRequired":true,"valueName":"search_term_string"}}],"inLanguage":"pt-PT"},{"@type":"Person","@id":"https:\/\/www.altominho.tv\/site\/#\/schema\/person\/dbaf181c01b51ff40c9f461a905d321e","name":"Andreia Cunha | Lusa","image":{"@type":"ImageObject","inLanguage":"pt-PT","@id":"https:\/\/www.altominho.tv\/site\/wp-content\/uploads\/2017\/11\/Andreia_Cunha-1-150x150.jpg","url":"https:\/\/www.altominho.tv\/site\/wp-content\/uploads\/2017\/11\/Andreia_Cunha-1-150x150.jpg","contentUrl":"https:\/\/www.altominho.tv\/site\/wp-content\/uploads\/2017\/11\/Andreia_Cunha-1-150x150.jpg","caption":"Andreia Cunha | Lusa"},"sameAs":["https:\/\/www.altominho.tv\/site"],"url":"https:\/\/www.altominho.tv\/site\/author\/andreiacunhalusa\/"}]}},"_links":{"self":[{"href":"https:\/\/www.altominho.tv\/site\/wp-json\/wp\/v2\/posts\/42364","targetHints":{"allow":["GET"]}}],"collection":[{"href":"https:\/\/www.altominho.tv\/site\/wp-json\/wp\/v2\/posts"}],"about":[{"href":"https:\/\/www.altominho.tv\/site\/wp-json\/wp\/v2\/types\/post"}],"author":[{"embeddable":true,"href":"https:\/\/www.altominho.tv\/site\/wp-json\/wp\/v2\/users\/16"}],"replies":[{"embeddable":true,"href":"https:\/\/www.altominho.tv\/site\/wp-json\/wp\/v2\/comments?post=42364"}],"version-history":[{"count":0,"href":"https:\/\/www.altominho.tv\/site\/wp-json\/wp\/v2\/posts\/42364\/revisions"}],"wp:featuredmedia":[{"embeddable":true,"href":"https:\/\/www.altominho.tv\/site\/wp-json\/wp\/v2\/media\/42365"}],"wp:attachment":[{"href":"https:\/\/www.altominho.tv\/site\/wp-json\/wp\/v2\/media?parent=42364"}],"wp:term":[{"taxonomy":"category","embeddable":true,"href":"https:\/\/www.altominho.tv\/site\/wp-json\/wp\/v2\/categories?post=42364"},{"taxonomy":"post_tag","embeddable":true,"href":"https:\/\/www.altominho.tv\/site\/wp-json\/wp\/v2\/tags?post=42364"}],"curies":[{"name":"wp","href":"https:\/\/api.w.org\/{rel}","templated":true}]}}