{"id":42211,"date":"2020-03-21T11:22:30","date_gmt":"2020-03-21T11:22:30","guid":{"rendered":"http:\/\/www.altominho.tv\/site\/?p=42211"},"modified":"2020-03-21T11:22:37","modified_gmt":"2020-03-21T11:22:37","slug":"municipio-de-moncao-cria-linhas-de-apoio-para-familias-empresarios-e-trabalhadores","status":"publish","type":"post","link":"https:\/\/www.altominho.tv\/site\/2020\/03\/21\/municipio-de-moncao-cria-linhas-de-apoio-para-familias-empresarios-e-trabalhadores\/","title":{"rendered":"Munic\u00edpio de Mon\u00e7\u00e3o cria linhas de apoio para fam\u00edlias, empres\u00e1rios e trabalhadores"},"content":{"rendered":"<p>A C\u00e2mara de Mon\u00e7\u00e3o criou duas linhas de apoio para &#8220;responder \u00e0s necessidades das fam\u00edlias, empres\u00e1rios e trabalhadores&#8221; do concelho, durante a pandemia da Covid-19.<\/p>\n<p>A linha social, j\u00e1 dispon\u00edvel atrav\u00e9s do n\u00famero 251 649 001, pretende &#8220;prestar esclarecimentos e apoiar os mon\u00e7anenses em condi\u00e7\u00e3o de fragilidade social, isolamento ou outras situa\u00e7\u00f5es de vulnerabilidade, decorrentes da pandemia&#8221;.<\/p>\n<p>Esta linha, segundo a autarquia, procura ser &#8220;mais um instrumento de apoio para proteger a popula\u00e7\u00e3o local neste per\u00edodo de conten\u00e7\u00e3o e emerg\u00eancia social&#8221;.<\/p>\n<p>J\u00e1 a linha destinada \u00e0s empresas e trabalhadores do concelho &#8211; independentes e por conta de outrem -, com o n\u00famero 251 649 002, pretende &#8220;contribuir para dissipar d\u00favidas, assegurar apoio t\u00e9cnico nas quest\u00f5es laborais e informar os interessados sobre as medidas de apoio j\u00e1 conhecidas&#8221;.<\/p>\n<p>O munic\u00edpio adianta que as medidas revestem-se de um &#8220;car\u00e1ter extraordin\u00e1rio, tempor\u00e1rio e transit\u00f3rio, destinando-se quer aos trabalhadores, quer aos empregadores que, de alguma forma, estejam a ser afetados pelo surto do novo coronav\u00edrus&#8221;.<\/p>\n<p><span style=\"font-size: inherit\">De acordo com a nota de imprensa, as linhas est\u00e3o dispon\u00edveis entre as 09h00 e as 17h00. No caso da linha de apoio social, poder\u00e1 estar contact\u00e1vel 24 horas em caso de urg\u00eancia.<\/span><\/p>\n","protected":false},"excerpt":{"rendered":"<p>A C\u00e2mara de Mon\u00e7\u00e3o criou duas linhas de apoio para &#8220;responder \u00e0s necessidades das fam\u00edlias, empres\u00e1rios e trabalhadores&#8221; do concelho, durante a pandemia da Covid-19. A linha social, j\u00e1 dispon\u00edvel atrav\u00e9s do n\u00famero 251 649 001, pretende &#8220;prestar esclarecimentos e apoiar os mon\u00e7anenses em condi\u00e7\u00e3o de fragilidade social, isolamento ou outras situa\u00e7\u00f5es de vulnerabilidade, decorrentes [&hellip;]<\/p>\n","protected":false},"author":12,"featured_media":42215,"comment_status":"closed","ping_status":"closed","sticky":false,"template":"","format":"standard","meta":{"_exactmetrics_skip_tracking":false,"footnotes":""},"categories":[9],"tags":[27],"class_list":["post-42211","post","type-post","status-publish","format-standard","has-post-thumbnail","hentry","category-moncao","tag-sociedade"],"yoast_head":"<!-- This site is optimized with the Yoast SEO Premium plugin v28.3 (Yoast SEO v28.3) - https:\/\/yoast.com\/product\/yoast-seo-premium-wordpress\/ -->\n<title>Munic\u00edpio de Mon\u00e7\u00e3o cria linhas de apoio para fam\u00edlias, empres\u00e1rios e trabalhadores<\/title>\n<meta name=\"robots\" content=\"index, follow, max-snippet:-1, max-image-preview:large, max-video-preview:-1\" \/>\n<link rel=\"canonical\" href=\"https:\/\/www.altominho.tv\/site\/2020\/03\/21\/municipio-de-moncao-cria-linhas-de-apoio-para-familias-empresarios-e-trabalhadores\/\" \/>\n<meta property=\"og:locale\" content=\"pt_PT\" \/>\n<meta property=\"og:type\" content=\"article\" \/>\n<meta property=\"og:title\" content=\"Munic\u00edpio de Mon\u00e7\u00e3o cria linhas de apoio para fam\u00edlias, empres\u00e1rios e trabalhadores\" \/>\n<meta property=\"og:description\" content=\"A C\u00e2mara de Mon\u00e7\u00e3o criou duas linhas de apoio para &#8220;responder \u00e0s necessidades das fam\u00edlias, empres\u00e1rios e trabalhadores&#8221; do concelho, durante a pandemia da Covid-19. A linha social, j\u00e1 dispon\u00edvel atrav\u00e9s do n\u00famero 251 649 001, pretende &#8220;prestar esclarecimentos e apoiar os mon\u00e7anenses em condi\u00e7\u00e3o de fragilidade social, isolamento ou outras situa\u00e7\u00f5es de vulnerabilidade, decorrentes [&hellip;]\" \/>\n<meta property=\"og:url\" content=\"https:\/\/www.altominho.tv\/site\/2020\/03\/21\/municipio-de-moncao-cria-linhas-de-apoio-para-familias-empresarios-e-trabalhadores\/\" \/>\n<meta property=\"og:site_name\" content=\"Altominho.tv\" \/>\n<meta property=\"article:publisher\" content=\"https:\/\/www.facebook.com\/altominhotv\" \/>\n<meta property=\"article:published_time\" content=\"2020-03-21T11:22:30+00:00\" \/>\n<meta property=\"article:modified_time\" content=\"2020-03-21T11:22:37+00:00\" \/>\n<meta property=\"og:image\" content=\"https:\/\/www.altominho.tv\/site\/wp-content\/uploads\/2020\/03\/1491786505397.jpg\" \/>\n\t<meta property=\"og:image:width\" content=\"1024\" \/>\n\t<meta property=\"og:image:height\" content=\"621\" \/>\n\t<meta property=\"og:image:type\" content=\"image\/jpeg\" \/>\n<meta name=\"author\" content=\"Andreia Ferreira\" \/>\n<meta name=\"twitter:card\" content=\"summary_large_image\" \/>\n<meta name=\"twitter:creator\" content=\"@altominhoTV\" \/>\n<meta name=\"twitter:site\" content=\"@altominhoTV\" \/>\n<meta name=\"twitter:label1\" content=\"Escrito por\" \/>\n\t<meta name=\"twitter:data1\" content=\"Andreia Ferreira\" \/>\n\t<meta name=\"twitter:label2\" content=\"Tempo estimado de leitura\" \/>\n\t<meta name=\"twitter:data2\" content=\"1 minuto\" \/>\n<script type=\"application\/ld+json\" class=\"yoast-schema-graph\">{\"@context\":\"https:\\\/\\\/schema.org\",\"@graph\":[{\"@type\":\"Article\",\"@id\":\"https:\\\/\\\/www.altominho.tv\\\/site\\\/2020\\\/03\\\/21\\\/municipio-de-moncao-cria-linhas-de-apoio-para-familias-empresarios-e-trabalhadores\\\/#article\",\"isPartOf\":{\"@id\":\"https:\\\/\\\/www.altominho.tv\\\/site\\\/2020\\\/03\\\/21\\\/municipio-de-moncao-cria-linhas-de-apoio-para-familias-empresarios-e-trabalhadores\\\/\"},\"author\":{\"name\":\"Andreia Ferreira\",\"@id\":\"https:\\\/\\\/www.altominho.tv\\\/site\\\/#\\\/schema\\\/person\\\/d9be4265364723f14ea8e0d56a1d38cd\"},\"headline\":\"Munic\u00edpio de Mon\u00e7\u00e3o cria linhas de apoio para fam\u00edlias, empres\u00e1rios e trabalhadores\",\"datePublished\":\"2020-03-21T11:22:30+00:00\",\"dateModified\":\"2020-03-21T11:22:37+00:00\",\"mainEntityOfPage\":{\"@id\":\"https:\\\/\\\/www.altominho.tv\\\/site\\\/2020\\\/03\\\/21\\\/municipio-de-moncao-cria-linhas-de-apoio-para-familias-empresarios-e-trabalhadores\\\/\"},\"wordCount\":231,\"image\":{\"@id\":\"https:\\\/\\\/www.altominho.tv\\\/site\\\/2020\\\/03\\\/21\\\/municipio-de-moncao-cria-linhas-de-apoio-para-familias-empresarios-e-trabalhadores\\\/#primaryimage\"},\"thumbnailUrl\":\"https:\\\/\\\/www.altominho.tv\\\/site\\\/wp-content\\\/uploads\\\/2020\\\/03\\\/1491786505397.jpg\",\"keywords\":[\"Sociedade\"],\"articleSection\":[\"Mon\u00e7\u00e3o\"],\"inLanguage\":\"pt-PT\",\"copyrightYear\":\"2020\",\"copyrightHolder\":{\"@id\":\"https:\\\/\\\/www.altominho.tv\\\/site\\\/#organization\"}},{\"@type\":\"WebPage\",\"@id\":\"https:\\\/\\\/www.altominho.tv\\\/site\\\/2020\\\/03\\\/21\\\/municipio-de-moncao-cria-linhas-de-apoio-para-familias-empresarios-e-trabalhadores\\\/\",\"url\":\"https:\\\/\\\/www.altominho.tv\\\/site\\\/2020\\\/03\\\/21\\\/municipio-de-moncao-cria-linhas-de-apoio-para-familias-empresarios-e-trabalhadores\\\/\",\"name\":\"Munic\u00edpio de Mon\u00e7\u00e3o cria linhas de apoio para fam\u00edlias, empres\u00e1rios e trabalhadores\",\"isPartOf\":{\"@id\":\"https:\\\/\\\/www.altominho.tv\\\/site\\\/#website\"},\"primaryImageOfPage\":{\"@id\":\"https:\\\/\\\/www.altominho.tv\\\/site\\\/2020\\\/03\\\/21\\\/municipio-de-moncao-cria-linhas-de-apoio-para-familias-empresarios-e-trabalhadores\\\/#primaryimage\"},\"image\":{\"@id\":\"https:\\\/\\\/www.altominho.tv\\\/site\\\/2020\\\/03\\\/21\\\/municipio-de-moncao-cria-linhas-de-apoio-para-familias-empresarios-e-trabalhadores\\\/#primaryimage\"},\"thumbnailUrl\":\"https:\\\/\\\/www.altominho.tv\\\/site\\\/wp-content\\\/uploads\\\/2020\\\/03\\\/1491786505397.jpg\",\"datePublished\":\"2020-03-21T11:22:30+00:00\",\"dateModified\":\"2020-03-21T11:22:37+00:00\",\"author\":{\"@id\":\"https:\\\/\\\/www.altominho.tv\\\/site\\\/#\\\/schema\\\/person\\\/d9be4265364723f14ea8e0d56a1d38cd\"},\"breadcrumb\":{\"@id\":\"https:\\\/\\\/www.altominho.tv\\\/site\\\/2020\\\/03\\\/21\\\/municipio-de-moncao-cria-linhas-de-apoio-para-familias-empresarios-e-trabalhadores\\\/#breadcrumb\"},\"inLanguage\":\"pt-PT\",\"potentialAction\":[{\"@type\":\"ReadAction\",\"target\":[\"https:\\\/\\\/www.altominho.tv\\\/site\\\/2020\\\/03\\\/21\\\/municipio-de-moncao-cria-linhas-de-apoio-para-familias-empresarios-e-trabalhadores\\\/\"]}]},{\"@type\":\"ImageObject\",\"inLanguage\":\"pt-PT\",\"@id\":\"https:\\\/\\\/www.altominho.tv\\\/site\\\/2020\\\/03\\\/21\\\/municipio-de-moncao-cria-linhas-de-apoio-para-familias-empresarios-e-trabalhadores\\\/#primaryimage\",\"url\":\"https:\\\/\\\/www.altominho.tv\\\/site\\\/wp-content\\\/uploads\\\/2020\\\/03\\\/1491786505397.jpg\",\"contentUrl\":\"https:\\\/\\\/www.altominho.tv\\\/site\\\/wp-content\\\/uploads\\\/2020\\\/03\\\/1491786505397.jpg\",\"width\":1024,\"height\":621},{\"@type\":\"BreadcrumbList\",\"@id\":\"https:\\\/\\\/www.altominho.tv\\\/site\\\/2020\\\/03\\\/21\\\/municipio-de-moncao-cria-linhas-de-apoio-para-familias-empresarios-e-trabalhadores\\\/#breadcrumb\",\"itemListElement\":[{\"@type\":\"ListItem\",\"position\":1,\"name\":\"In\u00edcio\",\"item\":\"https:\\\/\\\/www.altominho.tv\\\/site\\\/\"},{\"@type\":\"ListItem\",\"position\":2,\"name\":\"Munic\u00edpio de Mon\u00e7\u00e3o cria linhas de apoio para fam\u00edlias, empres\u00e1rios e trabalhadores\"}]},{\"@type\":\"WebSite\",\"@id\":\"https:\\\/\\\/www.altominho.tv\\\/site\\\/#website\",\"url\":\"https:\\\/\\\/www.altominho.tv\\\/site\\\/\",\"name\":\"Altominho.tv\",\"description\":\"A sua regi\u00e3o \u00e0 dist\u00e2ncia de um clique...\",\"potentialAction\":[{\"@type\":\"SearchAction\",\"target\":{\"@type\":\"EntryPoint\",\"urlTemplate\":\"https:\\\/\\\/www.altominho.tv\\\/site\\\/?s={search_term_string}\"},\"query-input\":{\"@type\":\"PropertyValueSpecification\",\"valueRequired\":true,\"valueName\":\"search_term_string\"}}],\"inLanguage\":\"pt-PT\"},{\"@type\":\"Person\",\"@id\":\"https:\\\/\\\/www.altominho.tv\\\/site\\\/#\\\/schema\\\/person\\\/d9be4265364723f14ea8e0d56a1d38cd\",\"name\":\"Andreia Ferreira\",\"image\":{\"@type\":\"ImageObject\",\"inLanguage\":\"pt-PT\",\"@id\":\"https:\\\/\\\/www.altominho.tv\\\/site\\\/wp-content\\\/uploads\\\/2021\\\/01\\\/AndreiaFerreira-150x150.jpg\",\"url\":\"https:\\\/\\\/www.altominho.tv\\\/site\\\/wp-content\\\/uploads\\\/2021\\\/01\\\/AndreiaFerreira-150x150.jpg\",\"contentUrl\":\"https:\\\/\\\/www.altominho.tv\\\/site\\\/wp-content\\\/uploads\\\/2021\\\/01\\\/AndreiaFerreira-150x150.jpg\",\"caption\":\"Andreia Ferreira\"},\"url\":\"https:\\\/\\\/www.altominho.tv\\\/site\\\/author\\\/andreiaferreira\\\/\"}]}<\/script>\n<!-- \/ Yoast SEO Premium plugin. -->","yoast_head_json":{"title":"Munic\u00edpio de Mon\u00e7\u00e3o cria linhas de apoio para fam\u00edlias, empres\u00e1rios e trabalhadores","robots":{"index":"index","follow":"follow","max-snippet":"max-snippet:-1","max-image-preview":"max-image-preview:large","max-video-preview":"max-video-preview:-1"},"canonical":"https:\/\/www.altominho.tv\/site\/2020\/03\/21\/municipio-de-moncao-cria-linhas-de-apoio-para-familias-empresarios-e-trabalhadores\/","og_locale":"pt_PT","og_type":"article","og_title":"Munic\u00edpio de Mon\u00e7\u00e3o cria linhas de apoio para fam\u00edlias, empres\u00e1rios e trabalhadores","og_description":"A C\u00e2mara de Mon\u00e7\u00e3o criou duas linhas de apoio para &#8220;responder \u00e0s necessidades das fam\u00edlias, empres\u00e1rios e trabalhadores&#8221; do concelho, durante a pandemia da Covid-19. A linha social, j\u00e1 dispon\u00edvel atrav\u00e9s do n\u00famero 251 649 001, pretende &#8220;prestar esclarecimentos e apoiar os mon\u00e7anenses em condi\u00e7\u00e3o de fragilidade social, isolamento ou outras situa\u00e7\u00f5es de vulnerabilidade, decorrentes [&hellip;]","og_url":"https:\/\/www.altominho.tv\/site\/2020\/03\/21\/municipio-de-moncao-cria-linhas-de-apoio-para-familias-empresarios-e-trabalhadores\/","og_site_name":"Altominho.tv","article_publisher":"https:\/\/www.facebook.com\/altominhotv","article_published_time":"2020-03-21T11:22:30+00:00","article_modified_time":"2020-03-21T11:22:37+00:00","og_image":[{"width":1024,"height":621,"url":"https:\/\/www.altominho.tv\/site\/wp-content\/uploads\/2020\/03\/1491786505397.jpg","type":"image\/jpeg"}],"author":"Andreia Ferreira","twitter_card":"summary_large_image","twitter_creator":"@altominhoTV","twitter_site":"@altominhoTV","twitter_misc":{"Escrito por":"Andreia Ferreira","Tempo estimado de leitura":"1 minuto"},"schema":{"@context":"https:\/\/schema.org","@graph":[{"@type":"Article","@id":"https:\/\/www.altominho.tv\/site\/2020\/03\/21\/municipio-de-moncao-cria-linhas-de-apoio-para-familias-empresarios-e-trabalhadores\/#article","isPartOf":{"@id":"https:\/\/www.altominho.tv\/site\/2020\/03\/21\/municipio-de-moncao-cria-linhas-de-apoio-para-familias-empresarios-e-trabalhadores\/"},"author":{"name":"Andreia Ferreira","@id":"https:\/\/www.altominho.tv\/site\/#\/schema\/person\/d9be4265364723f14ea8e0d56a1d38cd"},"headline":"Munic\u00edpio de Mon\u00e7\u00e3o cria linhas de apoio para fam\u00edlias, empres\u00e1rios e trabalhadores","datePublished":"2020-03-21T11:22:30+00:00","dateModified":"2020-03-21T11:22:37+00:00","mainEntityOfPage":{"@id":"https:\/\/www.altominho.tv\/site\/2020\/03\/21\/municipio-de-moncao-cria-linhas-de-apoio-para-familias-empresarios-e-trabalhadores\/"},"wordCount":231,"image":{"@id":"https:\/\/www.altominho.tv\/site\/2020\/03\/21\/municipio-de-moncao-cria-linhas-de-apoio-para-familias-empresarios-e-trabalhadores\/#primaryimage"},"thumbnailUrl":"https:\/\/www.altominho.tv\/site\/wp-content\/uploads\/2020\/03\/1491786505397.jpg","keywords":["Sociedade"],"articleSection":["Mon\u00e7\u00e3o"],"inLanguage":"pt-PT","copyrightYear":"2020","copyrightHolder":{"@id":"https:\/\/www.altominho.tv\/site\/#organization"}},{"@type":"WebPage","@id":"https:\/\/www.altominho.tv\/site\/2020\/03\/21\/municipio-de-moncao-cria-linhas-de-apoio-para-familias-empresarios-e-trabalhadores\/","url":"https:\/\/www.altominho.tv\/site\/2020\/03\/21\/municipio-de-moncao-cria-linhas-de-apoio-para-familias-empresarios-e-trabalhadores\/","name":"Munic\u00edpio de Mon\u00e7\u00e3o cria linhas de apoio para fam\u00edlias, empres\u00e1rios e trabalhadores","isPartOf":{"@id":"https:\/\/www.altominho.tv\/site\/#website"},"primaryImageOfPage":{"@id":"https:\/\/www.altominho.tv\/site\/2020\/03\/21\/municipio-de-moncao-cria-linhas-de-apoio-para-familias-empresarios-e-trabalhadores\/#primaryimage"},"image":{"@id":"https:\/\/www.altominho.tv\/site\/2020\/03\/21\/municipio-de-moncao-cria-linhas-de-apoio-para-familias-empresarios-e-trabalhadores\/#primaryimage"},"thumbnailUrl":"https:\/\/www.altominho.tv\/site\/wp-content\/uploads\/2020\/03\/1491786505397.jpg","datePublished":"2020-03-21T11:22:30+00:00","dateModified":"2020-03-21T11:22:37+00:00","author":{"@id":"https:\/\/www.altominho.tv\/site\/#\/schema\/person\/d9be4265364723f14ea8e0d56a1d38cd"},"breadcrumb":{"@id":"https:\/\/www.altominho.tv\/site\/2020\/03\/21\/municipio-de-moncao-cria-linhas-de-apoio-para-familias-empresarios-e-trabalhadores\/#breadcrumb"},"inLanguage":"pt-PT","potentialAction":[{"@type":"ReadAction","target":["https:\/\/www.altominho.tv\/site\/2020\/03\/21\/municipio-de-moncao-cria-linhas-de-apoio-para-familias-empresarios-e-trabalhadores\/"]}]},{"@type":"ImageObject","inLanguage":"pt-PT","@id":"https:\/\/www.altominho.tv\/site\/2020\/03\/21\/municipio-de-moncao-cria-linhas-de-apoio-para-familias-empresarios-e-trabalhadores\/#primaryimage","url":"https:\/\/www.altominho.tv\/site\/wp-content\/uploads\/2020\/03\/1491786505397.jpg","contentUrl":"https:\/\/www.altominho.tv\/site\/wp-content\/uploads\/2020\/03\/1491786505397.jpg","width":1024,"height":621},{"@type":"BreadcrumbList","@id":"https:\/\/www.altominho.tv\/site\/2020\/03\/21\/municipio-de-moncao-cria-linhas-de-apoio-para-familias-empresarios-e-trabalhadores\/#breadcrumb","itemListElement":[{"@type":"ListItem","position":1,"name":"In\u00edcio","item":"https:\/\/www.altominho.tv\/site\/"},{"@type":"ListItem","position":2,"name":"Munic\u00edpio de Mon\u00e7\u00e3o cria linhas de apoio para fam\u00edlias, empres\u00e1rios e trabalhadores"}]},{"@type":"WebSite","@id":"https:\/\/www.altominho.tv\/site\/#website","url":"https:\/\/www.altominho.tv\/site\/","name":"Altominho.tv","description":"A sua regi\u00e3o \u00e0 dist\u00e2ncia de um clique...","potentialAction":[{"@type":"SearchAction","target":{"@type":"EntryPoint","urlTemplate":"https:\/\/www.altominho.tv\/site\/?s={search_term_string}"},"query-input":{"@type":"PropertyValueSpecification","valueRequired":true,"valueName":"search_term_string"}}],"inLanguage":"pt-PT"},{"@type":"Person","@id":"https:\/\/www.altominho.tv\/site\/#\/schema\/person\/d9be4265364723f14ea8e0d56a1d38cd","name":"Andreia Ferreira","image":{"@type":"ImageObject","inLanguage":"pt-PT","@id":"https:\/\/www.altominho.tv\/site\/wp-content\/uploads\/2021\/01\/AndreiaFerreira-150x150.jpg","url":"https:\/\/www.altominho.tv\/site\/wp-content\/uploads\/2021\/01\/AndreiaFerreira-150x150.jpg","contentUrl":"https:\/\/www.altominho.tv\/site\/wp-content\/uploads\/2021\/01\/AndreiaFerreira-150x150.jpg","caption":"Andreia Ferreira"},"url":"https:\/\/www.altominho.tv\/site\/author\/andreiaferreira\/"}]}},"_links":{"self":[{"href":"https:\/\/www.altominho.tv\/site\/wp-json\/wp\/v2\/posts\/42211","targetHints":{"allow":["GET"]}}],"collection":[{"href":"https:\/\/www.altominho.tv\/site\/wp-json\/wp\/v2\/posts"}],"about":[{"href":"https:\/\/www.altominho.tv\/site\/wp-json\/wp\/v2\/types\/post"}],"author":[{"embeddable":true,"href":"https:\/\/www.altominho.tv\/site\/wp-json\/wp\/v2\/users\/12"}],"replies":[{"embeddable":true,"href":"https:\/\/www.altominho.tv\/site\/wp-json\/wp\/v2\/comments?post=42211"}],"version-history":[{"count":0,"href":"https:\/\/www.altominho.tv\/site\/wp-json\/wp\/v2\/posts\/42211\/revisions"}],"wp:featuredmedia":[{"embeddable":true,"href":"https:\/\/www.altominho.tv\/site\/wp-json\/wp\/v2\/media\/42215"}],"wp:attachment":[{"href":"https:\/\/www.altominho.tv\/site\/wp-json\/wp\/v2\/media?parent=42211"}],"wp:term":[{"taxonomy":"category","embeddable":true,"href":"https:\/\/www.altominho.tv\/site\/wp-json\/wp\/v2\/categories?post=42211"},{"taxonomy":"post_tag","embeddable":true,"href":"https:\/\/www.altominho.tv\/site\/wp-json\/wp\/v2\/tags?post=42211"}],"curies":[{"name":"wp","href":"https:\/\/api.w.org\/{rel}","templated":true}]}}