{"id":42080,"date":"2020-03-19T20:54:50","date_gmt":"2020-03-19T20:54:50","guid":{"rendered":"http:\/\/www.altominho.tv\/site\/?p=42080"},"modified":"2020-03-19T20:54:55","modified_gmt":"2020-03-19T20:54:55","slug":"pescadores-de-caminha-queixam-se-de-situacao-caotica-e-pedem-ajuda-ao-governo","status":"publish","type":"post","link":"https:\/\/www.altominho.tv\/site\/2020\/03\/19\/pescadores-de-caminha-queixam-se-de-situacao-caotica-e-pedem-ajuda-ao-governo\/","title":{"rendered":"Pescadores de Caminha queixam-se de \u201csitua\u00e7\u00e3o ca\u00f3tica\u201d e pedem ajuda ao Governo"},"content":{"rendered":"<p>O presidente da Associa\u00e7\u00e3o de Pescadores do Rio Minho e do Mar (APPRMM) disse hoje que a comunidade de Caminha est\u00e1 em situa\u00e7\u00e3o ca\u00f3tica por n\u00e3o ter como escoar o pescado e apelou ao Governo que tome medidas rapidamente.<\/p>\n<p>&#8220;Vemo-nos sem poder pescar a nossa lampreia porque n\u00e3o temos a quem a vender e tamb\u00e9m n\u00e3o temos um espa\u00e7o f\u00edsico onde vender o peixe. Pedimos que o Governo olhe rapidamente para este setor, sen\u00e3o ser\u00e1 o caos instalado.<\/p>\n<p>Estamos h\u00e1 mais de 15 dias sem ganhar um euro&#8221;, afirmou Augusto Porto.<br \/>O respons\u00e1vel da associa\u00e7\u00e3o explicou a comunidade piscat\u00f3ria do concelho de Caminha, no distrito de Viana do Castelo, &#8220;depende fundamentalmente&#8221; da pesca da lampreia, atualmente sem escoamento.<\/p>\n<p>&#8220;Desde s\u00e1bado, fic\u00e1mos sem toda a restaura\u00e7\u00e3o que habitualmente comprava lampreia e que fechou. Os intermedi\u00e1rios tamb\u00e9m deixaram de comprar. Estamos a viver uma situa\u00e7\u00e3o ca\u00f3tica a n\u00edvel financeiro para as nossas pequenas empresas e para as cerca de 300 fam\u00edlias que dependem do sustento do rio&#8221;, refor\u00e7ou.<\/p>\n<p>Augusto Porto adiantou que o encerramento do mercado municipal veio agravar a situa\u00e7\u00e3o dos pescadores.<\/p>\n<p>&#8220;Compreendemos e concordamos inteiramente com o encerramento decidido pela C\u00e2mara de Caminha porque o mercado deixou de ter condi\u00e7\u00f5es, mas fic\u00e1mos sem local f\u00edsico para vender o nosso peixe&#8221;, lamentou.<\/p>\n<p>O presidente da APPRMM disse ainda que o encerramento da Docapesca, &#8220;por raz\u00f5es \u00f3bvias de sa\u00fade p\u00fablica&#8221;, deixou &#8220;toda a comunidade piscat\u00f3ria \u00e0 deriva&#8221;.<\/p>\n<p>&#8220;A solu\u00e7\u00e3o que a Docapesca nos arranjou foi a de sermos n\u00f3s a comprar o nosso pr\u00f3prio peixe e sermos n\u00f3s a vend\u00ea-lo. N\u00e3o cabe na cabe\u00e7a de ningu\u00e9m, neste momento de pandemia, sermos n\u00f3s a vender o pescado, de porta em porta, por n\u00e3o termos canais de venda ou local f\u00edsico para o efeito&#8221;, explicou.<br \/>Augusto Porto disse que contactou o presidente da C\u00e2mara de Caminha, que informou &#8220;n\u00e3o ter muitas solu\u00e7\u00f5es, porque ainda n\u00e3o est\u00e3o criadas&#8221;.<\/p>\n<p>&#8220;N\u00f3s n\u00e3o vamos ao mar porque n\u00e3o queremos estragar recursos. Os setores prim\u00e1rios, como a pesca, est\u00e3o sem saber o que fazer&#8221;, refor\u00e7ou.<\/p>\n<p>\u00a0<\/p>\n<p>Recorde a reportagem da Altominho.tv, que acompanhou durante um dia a faina da lampreia de Manuel Silva e Augusto Porto, com 66 e 69 anos de vida. S\u00e3o os pescadores mais antigos de Caminha e nunca pensaram em mudar de profiss\u00e3o.<\/p>\n\n\n<figure class=\"wp-block-embed-youtube wp-block-embed is-type-video is-provider-youtube wp-embed-aspect-16-9 wp-has-aspect-ratio\"><div class=\"wp-block-embed__wrapper\">\n<iframe loading=\"lazy\" title=\"Pescadores dedicam mais de meio s\u00e9culo de vida ao rio Minho | Altominho TV\" width=\"770\" height=\"433\" src=\"https:\/\/www.youtube.com\/embed\/AhqGmIF3PHI?feature=oembed\" frameborder=\"0\" allow=\"accelerometer; autoplay; encrypted-media; gyroscope; picture-in-picture\" allowfullscreen><\/iframe>\n<\/div><\/figure>\n","protected":false},"excerpt":{"rendered":"<p>O presidente da Associa\u00e7\u00e3o de Pescadores do Rio Minho e do Mar (APPRMM) disse hoje que a comunidade de Caminha est\u00e1 em situa\u00e7\u00e3o ca\u00f3tica por n\u00e3o ter como escoar o pescado e apelou ao Governo que tome medidas rapidamente. &#8220;Vemo-nos sem poder pescar a nossa lampreia porque n\u00e3o temos a quem a vender e tamb\u00e9m [&hellip;]<\/p>\n","protected":false},"author":1,"featured_media":42081,"comment_status":"closed","ping_status":"closed","sticky":false,"template":"","format":"standard","meta":{"_exactmetrics_skip_tracking":false,"_exactmetrics_sitenote_active":false,"_exactmetrics_sitenote_note":"","_exactmetrics_sitenote_category":0,"footnotes":""},"categories":[7],"tags":[21],"class_list":["post-42080","post","type-post","status-publish","format-standard","has-post-thumbnail","hentry","category-caminha","tag-economia"],"yoast_head":"<!-- This site is optimized with the Yoast SEO Premium plugin v27.5 (Yoast SEO v27.5) - https:\/\/yoast.com\/product\/yoast-seo-premium-wordpress\/ -->\n<title>Pescadores de Caminha queixam-se de \u201csitua\u00e7\u00e3o ca\u00f3tica\u201d e pedem ajuda ao Governo<\/title>\n<meta name=\"robots\" content=\"index, follow, max-snippet:-1, max-image-preview:large, max-video-preview:-1\" \/>\n<link rel=\"canonical\" href=\"https:\/\/www.altominho.tv\/site\/2020\/03\/19\/pescadores-de-caminha-queixam-se-de-situacao-caotica-e-pedem-ajuda-ao-governo\/\" \/>\n<meta property=\"og:locale\" content=\"pt_PT\" \/>\n<meta property=\"og:type\" content=\"article\" \/>\n<meta property=\"og:title\" content=\"Pescadores de Caminha queixam-se de \u201csitua\u00e7\u00e3o ca\u00f3tica\u201d e pedem ajuda ao Governo\" \/>\n<meta property=\"og:description\" content=\"O presidente da Associa\u00e7\u00e3o de Pescadores do Rio Minho e do Mar (APPRMM) disse hoje que a comunidade de Caminha est\u00e1 em situa\u00e7\u00e3o ca\u00f3tica por n\u00e3o ter como escoar o pescado e apelou ao Governo que tome medidas rapidamente. &#8220;Vemo-nos sem poder pescar a nossa lampreia porque n\u00e3o temos a quem a vender e tamb\u00e9m [&hellip;]\" \/>\n<meta property=\"og:url\" content=\"https:\/\/www.altominho.tv\/site\/2020\/03\/19\/pescadores-de-caminha-queixam-se-de-situacao-caotica-e-pedem-ajuda-ao-governo\/\" \/>\n<meta property=\"og:site_name\" content=\"Altominho.tv\" \/>\n<meta property=\"article:publisher\" content=\"https:\/\/www.facebook.com\/altominhotv\" \/>\n<meta property=\"article:published_time\" content=\"2020-03-19T20:54:50+00:00\" \/>\n<meta property=\"article:modified_time\" content=\"2020-03-19T20:54:55+00:00\" \/>\n<meta property=\"og:image\" content=\"https:\/\/www.altominho.tv\/site\/wp-content\/uploads\/2020\/03\/Augusto_Porto_caminha.jpg\" \/>\n\t<meta property=\"og:image:width\" content=\"1808\" \/>\n\t<meta property=\"og:image:height\" content=\"1020\" \/>\n\t<meta property=\"og:image:type\" content=\"image\/jpeg\" \/>\n<meta name=\"author\" content=\"Altominho.tv\" \/>\n<meta name=\"twitter:card\" content=\"summary_large_image\" \/>\n<meta name=\"twitter:creator\" content=\"@altominhoTV\" \/>\n<meta name=\"twitter:site\" content=\"@altominhoTV\" \/>\n<meta name=\"twitter:label1\" content=\"Escrito por\" \/>\n\t<meta name=\"twitter:data1\" content=\"Altominho.tv\" \/>\n\t<meta name=\"twitter:label2\" content=\"Tempo estimado de leitura\" \/>\n\t<meta name=\"twitter:data2\" content=\"2 minutos\" \/>\n<script type=\"application\/ld+json\" class=\"yoast-schema-graph\">{\"@context\":\"https:\\\/\\\/schema.org\",\"@graph\":[{\"@type\":\"Article\",\"@id\":\"https:\\\/\\\/www.altominho.tv\\\/site\\\/2020\\\/03\\\/19\\\/pescadores-de-caminha-queixam-se-de-situacao-caotica-e-pedem-ajuda-ao-governo\\\/#article\",\"isPartOf\":{\"@id\":\"https:\\\/\\\/www.altominho.tv\\\/site\\\/2020\\\/03\\\/19\\\/pescadores-de-caminha-queixam-se-de-situacao-caotica-e-pedem-ajuda-ao-governo\\\/\"},\"author\":{\"name\":\"Altominho.tv\",\"@id\":\"https:\\\/\\\/www.altominho.tv\\\/site\\\/#\\\/schema\\\/person\\\/4e536851627d7914baf3dac752b6af22\"},\"headline\":\"Pescadores de Caminha queixam-se de \u201csitua\u00e7\u00e3o ca\u00f3tica\u201d e pedem ajuda ao Governo\",\"datePublished\":\"2020-03-19T20:54:50+00:00\",\"dateModified\":\"2020-03-19T20:54:55+00:00\",\"mainEntityOfPage\":{\"@id\":\"https:\\\/\\\/www.altominho.tv\\\/site\\\/2020\\\/03\\\/19\\\/pescadores-de-caminha-queixam-se-de-situacao-caotica-e-pedem-ajuda-ao-governo\\\/\"},\"wordCount\":448,\"image\":{\"@id\":\"https:\\\/\\\/www.altominho.tv\\\/site\\\/2020\\\/03\\\/19\\\/pescadores-de-caminha-queixam-se-de-situacao-caotica-e-pedem-ajuda-ao-governo\\\/#primaryimage\"},\"thumbnailUrl\":\"https:\\\/\\\/www.altominho.tv\\\/site\\\/wp-content\\\/uploads\\\/2020\\\/03\\\/Augusto_Porto_caminha.jpg\",\"keywords\":[\"Economia\"],\"articleSection\":[\"Caminha\"],\"inLanguage\":\"pt-PT\",\"copyrightYear\":\"2020\",\"copyrightHolder\":{\"@id\":\"https:\\\/\\\/www.altominho.tv\\\/site\\\/#organization\"}},{\"@type\":\"WebPage\",\"@id\":\"https:\\\/\\\/www.altominho.tv\\\/site\\\/2020\\\/03\\\/19\\\/pescadores-de-caminha-queixam-se-de-situacao-caotica-e-pedem-ajuda-ao-governo\\\/\",\"url\":\"https:\\\/\\\/www.altominho.tv\\\/site\\\/2020\\\/03\\\/19\\\/pescadores-de-caminha-queixam-se-de-situacao-caotica-e-pedem-ajuda-ao-governo\\\/\",\"name\":\"Pescadores de Caminha queixam-se de \u201csitua\u00e7\u00e3o ca\u00f3tica\u201d e pedem ajuda ao Governo\",\"isPartOf\":{\"@id\":\"https:\\\/\\\/www.altominho.tv\\\/site\\\/#website\"},\"primaryImageOfPage\":{\"@id\":\"https:\\\/\\\/www.altominho.tv\\\/site\\\/2020\\\/03\\\/19\\\/pescadores-de-caminha-queixam-se-de-situacao-caotica-e-pedem-ajuda-ao-governo\\\/#primaryimage\"},\"image\":{\"@id\":\"https:\\\/\\\/www.altominho.tv\\\/site\\\/2020\\\/03\\\/19\\\/pescadores-de-caminha-queixam-se-de-situacao-caotica-e-pedem-ajuda-ao-governo\\\/#primaryimage\"},\"thumbnailUrl\":\"https:\\\/\\\/www.altominho.tv\\\/site\\\/wp-content\\\/uploads\\\/2020\\\/03\\\/Augusto_Porto_caminha.jpg\",\"datePublished\":\"2020-03-19T20:54:50+00:00\",\"dateModified\":\"2020-03-19T20:54:55+00:00\",\"author\":{\"@id\":\"https:\\\/\\\/www.altominho.tv\\\/site\\\/#\\\/schema\\\/person\\\/4e536851627d7914baf3dac752b6af22\"},\"breadcrumb\":{\"@id\":\"https:\\\/\\\/www.altominho.tv\\\/site\\\/2020\\\/03\\\/19\\\/pescadores-de-caminha-queixam-se-de-situacao-caotica-e-pedem-ajuda-ao-governo\\\/#breadcrumb\"},\"inLanguage\":\"pt-PT\",\"potentialAction\":[{\"@type\":\"ReadAction\",\"target\":[\"https:\\\/\\\/www.altominho.tv\\\/site\\\/2020\\\/03\\\/19\\\/pescadores-de-caminha-queixam-se-de-situacao-caotica-e-pedem-ajuda-ao-governo\\\/\"]}]},{\"@type\":\"ImageObject\",\"inLanguage\":\"pt-PT\",\"@id\":\"https:\\\/\\\/www.altominho.tv\\\/site\\\/2020\\\/03\\\/19\\\/pescadores-de-caminha-queixam-se-de-situacao-caotica-e-pedem-ajuda-ao-governo\\\/#primaryimage\",\"url\":\"https:\\\/\\\/www.altominho.tv\\\/site\\\/wp-content\\\/uploads\\\/2020\\\/03\\\/Augusto_Porto_caminha.jpg\",\"contentUrl\":\"https:\\\/\\\/www.altominho.tv\\\/site\\\/wp-content\\\/uploads\\\/2020\\\/03\\\/Augusto_Porto_caminha.jpg\",\"width\":1808,\"height\":1020},{\"@type\":\"BreadcrumbList\",\"@id\":\"https:\\\/\\\/www.altominho.tv\\\/site\\\/2020\\\/03\\\/19\\\/pescadores-de-caminha-queixam-se-de-situacao-caotica-e-pedem-ajuda-ao-governo\\\/#breadcrumb\",\"itemListElement\":[{\"@type\":\"ListItem\",\"position\":1,\"name\":\"In\u00edcio\",\"item\":\"https:\\\/\\\/www.altominho.tv\\\/site\\\/\"},{\"@type\":\"ListItem\",\"position\":2,\"name\":\"Pescadores de Caminha queixam-se de \u201csitua\u00e7\u00e3o ca\u00f3tica\u201d e pedem ajuda ao Governo\"}]},{\"@type\":\"WebSite\",\"@id\":\"https:\\\/\\\/www.altominho.tv\\\/site\\\/#website\",\"url\":\"https:\\\/\\\/www.altominho.tv\\\/site\\\/\",\"name\":\"Altominho.tv\",\"description\":\"A sua regi\u00e3o \u00e0 dist\u00e2ncia de um clique...\",\"potentialAction\":[{\"@type\":\"SearchAction\",\"target\":{\"@type\":\"EntryPoint\",\"urlTemplate\":\"https:\\\/\\\/www.altominho.tv\\\/site\\\/?s={search_term_string}\"},\"query-input\":{\"@type\":\"PropertyValueSpecification\",\"valueRequired\":true,\"valueName\":\"search_term_string\"}}],\"inLanguage\":\"pt-PT\"},{\"@type\":\"Person\",\"@id\":\"https:\\\/\\\/www.altominho.tv\\\/site\\\/#\\\/schema\\\/person\\\/4e536851627d7914baf3dac752b6af22\",\"name\":\"Altominho.tv\",\"image\":{\"@type\":\"ImageObject\",\"inLanguage\":\"pt-PT\",\"@id\":\"https:\\\/\\\/www.altominho.tv\\\/site\\\/wp-content\\\/uploads\\\/2019\\\/11\\\/Logo_Avatar_2-150x150.jpg\",\"url\":\"https:\\\/\\\/www.altominho.tv\\\/site\\\/wp-content\\\/uploads\\\/2019\\\/11\\\/Logo_Avatar_2-150x150.jpg\",\"contentUrl\":\"https:\\\/\\\/www.altominho.tv\\\/site\\\/wp-content\\\/uploads\\\/2019\\\/11\\\/Logo_Avatar_2-150x150.jpg\",\"caption\":\"Altominho.tv\"},\"url\":\"https:\\\/\\\/www.altominho.tv\\\/site\\\/author\\\/altominhotv-tecnico\\\/\"}]}<\/script>\n<meta property=\"og:video\" content=\"https:\/\/www.youtube.com\/embed\/AhqGmIF3PHI\" \/>\n<meta property=\"og:video:type\" content=\"text\/html\" \/>\n<meta property=\"og:video:duration\" content=\"308\" \/>\n<meta property=\"og:video:width\" content=\"480\" \/>\n<meta property=\"og:video:height\" content=\"270\" \/>\n<meta property=\"ya:ovs:adult\" content=\"false\" \/>\n<meta property=\"ya:ovs:upload_date\" content=\"2020-03-19T20:54:50+00:00\" \/>\n<meta property=\"ya:ovs:allow_embed\" content=\"true\" \/>\n<!-- \/ Yoast SEO Premium plugin. -->","yoast_head_json":{"title":"Pescadores de Caminha queixam-se de \u201csitua\u00e7\u00e3o ca\u00f3tica\u201d e pedem ajuda ao Governo","robots":{"index":"index","follow":"follow","max-snippet":"max-snippet:-1","max-image-preview":"max-image-preview:large","max-video-preview":"max-video-preview:-1"},"canonical":"https:\/\/www.altominho.tv\/site\/2020\/03\/19\/pescadores-de-caminha-queixam-se-de-situacao-caotica-e-pedem-ajuda-ao-governo\/","og_locale":"pt_PT","og_type":"article","og_title":"Pescadores de Caminha queixam-se de \u201csitua\u00e7\u00e3o ca\u00f3tica\u201d e pedem ajuda ao Governo","og_description":"O presidente da Associa\u00e7\u00e3o de Pescadores do Rio Minho e do Mar (APPRMM) disse hoje que a comunidade de Caminha est\u00e1 em situa\u00e7\u00e3o ca\u00f3tica por n\u00e3o ter como escoar o pescado e apelou ao Governo que tome medidas rapidamente. &#8220;Vemo-nos sem poder pescar a nossa lampreia porque n\u00e3o temos a quem a vender e tamb\u00e9m [&hellip;]","og_url":"https:\/\/www.altominho.tv\/site\/2020\/03\/19\/pescadores-de-caminha-queixam-se-de-situacao-caotica-e-pedem-ajuda-ao-governo\/","og_site_name":"Altominho.tv","article_publisher":"https:\/\/www.facebook.com\/altominhotv","article_published_time":"2020-03-19T20:54:50+00:00","article_modified_time":"2020-03-19T20:54:55+00:00","og_image":[{"width":1808,"height":1020,"url":"https:\/\/www.altominho.tv\/site\/wp-content\/uploads\/2020\/03\/Augusto_Porto_caminha.jpg","type":"image\/jpeg"}],"author":"Altominho.tv","twitter_card":"summary_large_image","twitter_creator":"@altominhoTV","twitter_site":"@altominhoTV","twitter_misc":{"Escrito por":"Altominho.tv","Tempo estimado de leitura":"2 minutos"},"schema":{"@context":"https:\/\/schema.org","@graph":[{"@type":"Article","@id":"https:\/\/www.altominho.tv\/site\/2020\/03\/19\/pescadores-de-caminha-queixam-se-de-situacao-caotica-e-pedem-ajuda-ao-governo\/#article","isPartOf":{"@id":"https:\/\/www.altominho.tv\/site\/2020\/03\/19\/pescadores-de-caminha-queixam-se-de-situacao-caotica-e-pedem-ajuda-ao-governo\/"},"author":{"name":"Altominho.tv","@id":"https:\/\/www.altominho.tv\/site\/#\/schema\/person\/4e536851627d7914baf3dac752b6af22"},"headline":"Pescadores de Caminha queixam-se de \u201csitua\u00e7\u00e3o ca\u00f3tica\u201d e pedem ajuda ao Governo","datePublished":"2020-03-19T20:54:50+00:00","dateModified":"2020-03-19T20:54:55+00:00","mainEntityOfPage":{"@id":"https:\/\/www.altominho.tv\/site\/2020\/03\/19\/pescadores-de-caminha-queixam-se-de-situacao-caotica-e-pedem-ajuda-ao-governo\/"},"wordCount":448,"image":{"@id":"https:\/\/www.altominho.tv\/site\/2020\/03\/19\/pescadores-de-caminha-queixam-se-de-situacao-caotica-e-pedem-ajuda-ao-governo\/#primaryimage"},"thumbnailUrl":"https:\/\/www.altominho.tv\/site\/wp-content\/uploads\/2020\/03\/Augusto_Porto_caminha.jpg","keywords":["Economia"],"articleSection":["Caminha"],"inLanguage":"pt-PT","copyrightYear":"2020","copyrightHolder":{"@id":"https:\/\/www.altominho.tv\/site\/#organization"}},{"@type":"WebPage","@id":"https:\/\/www.altominho.tv\/site\/2020\/03\/19\/pescadores-de-caminha-queixam-se-de-situacao-caotica-e-pedem-ajuda-ao-governo\/","url":"https:\/\/www.altominho.tv\/site\/2020\/03\/19\/pescadores-de-caminha-queixam-se-de-situacao-caotica-e-pedem-ajuda-ao-governo\/","name":"Pescadores de Caminha queixam-se de \u201csitua\u00e7\u00e3o ca\u00f3tica\u201d e pedem ajuda ao Governo","isPartOf":{"@id":"https:\/\/www.altominho.tv\/site\/#website"},"primaryImageOfPage":{"@id":"https:\/\/www.altominho.tv\/site\/2020\/03\/19\/pescadores-de-caminha-queixam-se-de-situacao-caotica-e-pedem-ajuda-ao-governo\/#primaryimage"},"image":{"@id":"https:\/\/www.altominho.tv\/site\/2020\/03\/19\/pescadores-de-caminha-queixam-se-de-situacao-caotica-e-pedem-ajuda-ao-governo\/#primaryimage"},"thumbnailUrl":"https:\/\/www.altominho.tv\/site\/wp-content\/uploads\/2020\/03\/Augusto_Porto_caminha.jpg","datePublished":"2020-03-19T20:54:50+00:00","dateModified":"2020-03-19T20:54:55+00:00","author":{"@id":"https:\/\/www.altominho.tv\/site\/#\/schema\/person\/4e536851627d7914baf3dac752b6af22"},"breadcrumb":{"@id":"https:\/\/www.altominho.tv\/site\/2020\/03\/19\/pescadores-de-caminha-queixam-se-de-situacao-caotica-e-pedem-ajuda-ao-governo\/#breadcrumb"},"inLanguage":"pt-PT","potentialAction":[{"@type":"ReadAction","target":["https:\/\/www.altominho.tv\/site\/2020\/03\/19\/pescadores-de-caminha-queixam-se-de-situacao-caotica-e-pedem-ajuda-ao-governo\/"]}]},{"@type":"ImageObject","inLanguage":"pt-PT","@id":"https:\/\/www.altominho.tv\/site\/2020\/03\/19\/pescadores-de-caminha-queixam-se-de-situacao-caotica-e-pedem-ajuda-ao-governo\/#primaryimage","url":"https:\/\/www.altominho.tv\/site\/wp-content\/uploads\/2020\/03\/Augusto_Porto_caminha.jpg","contentUrl":"https:\/\/www.altominho.tv\/site\/wp-content\/uploads\/2020\/03\/Augusto_Porto_caminha.jpg","width":1808,"height":1020},{"@type":"BreadcrumbList","@id":"https:\/\/www.altominho.tv\/site\/2020\/03\/19\/pescadores-de-caminha-queixam-se-de-situacao-caotica-e-pedem-ajuda-ao-governo\/#breadcrumb","itemListElement":[{"@type":"ListItem","position":1,"name":"In\u00edcio","item":"https:\/\/www.altominho.tv\/site\/"},{"@type":"ListItem","position":2,"name":"Pescadores de Caminha queixam-se de \u201csitua\u00e7\u00e3o ca\u00f3tica\u201d e pedem ajuda ao Governo"}]},{"@type":"WebSite","@id":"https:\/\/www.altominho.tv\/site\/#website","url":"https:\/\/www.altominho.tv\/site\/","name":"Altominho.tv","description":"A sua regi\u00e3o \u00e0 dist\u00e2ncia de um clique...","potentialAction":[{"@type":"SearchAction","target":{"@type":"EntryPoint","urlTemplate":"https:\/\/www.altominho.tv\/site\/?s={search_term_string}"},"query-input":{"@type":"PropertyValueSpecification","valueRequired":true,"valueName":"search_term_string"}}],"inLanguage":"pt-PT"},{"@type":"Person","@id":"https:\/\/www.altominho.tv\/site\/#\/schema\/person\/4e536851627d7914baf3dac752b6af22","name":"Altominho.tv","image":{"@type":"ImageObject","inLanguage":"pt-PT","@id":"https:\/\/www.altominho.tv\/site\/wp-content\/uploads\/2019\/11\/Logo_Avatar_2-150x150.jpg","url":"https:\/\/www.altominho.tv\/site\/wp-content\/uploads\/2019\/11\/Logo_Avatar_2-150x150.jpg","contentUrl":"https:\/\/www.altominho.tv\/site\/wp-content\/uploads\/2019\/11\/Logo_Avatar_2-150x150.jpg","caption":"Altominho.tv"},"url":"https:\/\/www.altominho.tv\/site\/author\/altominhotv-tecnico\/"}]},"og_video":"https:\/\/www.youtube.com\/embed\/AhqGmIF3PHI","og_video_type":"text\/html","og_video_duration":"308","og_video_width":"480","og_video_height":"270","ya_ovs_adult":"false","ya_ovs_upload_date":"2020-03-19T20:54:50+00:00","ya_ovs_allow_embed":"true"},"_links":{"self":[{"href":"https:\/\/www.altominho.tv\/site\/wp-json\/wp\/v2\/posts\/42080","targetHints":{"allow":["GET"]}}],"collection":[{"href":"https:\/\/www.altominho.tv\/site\/wp-json\/wp\/v2\/posts"}],"about":[{"href":"https:\/\/www.altominho.tv\/site\/wp-json\/wp\/v2\/types\/post"}],"author":[{"embeddable":true,"href":"https:\/\/www.altominho.tv\/site\/wp-json\/wp\/v2\/users\/1"}],"replies":[{"embeddable":true,"href":"https:\/\/www.altominho.tv\/site\/wp-json\/wp\/v2\/comments?post=42080"}],"version-history":[{"count":0,"href":"https:\/\/www.altominho.tv\/site\/wp-json\/wp\/v2\/posts\/42080\/revisions"}],"wp:featuredmedia":[{"embeddable":true,"href":"https:\/\/www.altominho.tv\/site\/wp-json\/wp\/v2\/media\/42081"}],"wp:attachment":[{"href":"https:\/\/www.altominho.tv\/site\/wp-json\/wp\/v2\/media?parent=42080"}],"wp:term":[{"taxonomy":"category","embeddable":true,"href":"https:\/\/www.altominho.tv\/site\/wp-json\/wp\/v2\/categories?post=42080"},{"taxonomy":"post_tag","embeddable":true,"href":"https:\/\/www.altominho.tv\/site\/wp-json\/wp\/v2\/tags?post=42080"}],"curies":[{"name":"wp","href":"https:\/\/api.w.org\/{rel}","templated":true}]}}