{"id":41991,"date":"2020-03-19T10:41:09","date_gmt":"2020-03-19T10:41:09","guid":{"rendered":"http:\/\/www.altominho.tv\/site\/?p=41991"},"modified":"2020-03-19T10:41:16","modified_gmt":"2020-03-19T10:41:16","slug":"melgaco-apoia-familias-empresas-e-comerciantes-e-oferece-luvas-e-mascaras-a-instituicoes-do-concelho","status":"publish","type":"post","link":"https:\/\/www.altominho.tv\/site\/2020\/03\/19\/melgaco-apoia-familias-empresas-e-comerciantes-e-oferece-luvas-e-mascaras-a-instituicoes-do-concelho\/","title":{"rendered":"Melga\u00e7o apoia fam\u00edlias, empresas e comerciantes e oferece luvas e m\u00e1scaras a institui\u00e7\u00f5es do concelho"},"content":{"rendered":"<p>A C\u00e2mara de Melga\u00e7o anunciou, esta quinta-feira, que vai avan\u00e7ar com novas medidas de apoio \u00e0s fam\u00edlias, tecido empresarial e comerciantes locais, e oferecer equipamentos de prote\u00e7\u00e3o individual \u00e0s institui\u00e7\u00f5es do concelho, no &#8220;cumprimento das iniciativas de isolamento social&#8221; devido \u00e0 pandemia de Covid-19.<\/p>\n<p>Em comunicado, a autarquia adianta que, n<span style=\"font-size: inherit\">os meses de abril e maio, &#8220;os consumidores n\u00e3o dom\u00e9sticos ter\u00e3o isen\u00e7\u00e3o total das tarifas nos servi\u00e7os de abastecimento de \u00e1gua, saneamento e res\u00edduos urbanos&#8221;, uma medida que<\/span> &#8220;abrange ind\u00fastrias, com\u00e9rcios, servi\u00e7os e equiparados&#8221;.<\/p>\n<p>A todos os consumidores dom\u00e9sticos &#8220;ser\u00e1 aplicado o 1\u00ba escal\u00e3o relativo \u00e0 tarifa vari\u00e1vel nos servi\u00e7os de abastecimento de \u00e1gua, saneamento e res\u00edduos urbanos&#8221;. Segundo o munic\u00edpio, &#8220;o primeiro escal\u00e3o \u00e9 o valor mais baixo, o que vai ajudar as fam\u00edlias, uma vez que estando em casa e consumindo mais, usufruir\u00e3o desta forma de um significativo desconto&#8221;.<\/p>\n<p>O presidente da autarquia, Manoel Batista, apresentou tamb\u00e9m, em reuni\u00e3o de C\u00e2mara, a &#8220;oferta de equipamento de prote\u00e7\u00e3o individual \u00e0s IPSS, Santa Casa da Miseric\u00f3rdia e Associa\u00e7\u00e3o Humanit\u00e1ria dos Bombeiros Volunt\u00e1rios de Melga\u00e7o&#8221;, anunciando que ser\u00e3o &#8220;distribu\u00eddas 10 mil luvas e 1.500 m\u00e1scaras&#8221;.<\/p>\n<p>A C\u00e2mara Municipal assegura ainda que est\u00e3o &#8220;garantidos os servi\u00e7os de \u00e1gua, saneamento, res\u00edduos, Comiss\u00e3o de Prote\u00e7\u00e3o de Crian\u00e7as e Jovens de Melga\u00e7o e Comiss\u00e3o Municipal de Prote\u00e7\u00e3o de Pessoas Idosas de Melga\u00e7o&#8221;.<\/p>\n<p class=\"t-article-content-intro-1 selectionShareable\">A autarquia desenvolveu uma campanha nas ruas, incluindo <em>outdoors<\/em> na fachada do edif\u00edcio da C\u00e2mara Municipal, com o objetivo de sensibilizar a popula\u00e7\u00e3o para que &#8220;fique em casa&#8221;, durante o surto de coronav\u00edrus.<\/p>\n","protected":false},"excerpt":{"rendered":"<p>A C\u00e2mara de Melga\u00e7o anunciou, esta quinta-feira, que vai avan\u00e7ar com novas medidas de apoio \u00e0s fam\u00edlias, tecido empresarial e comerciantes locais, e oferecer equipamentos de prote\u00e7\u00e3o individual \u00e0s institui\u00e7\u00f5es do concelho, no &#8220;cumprimento das iniciativas de isolamento social&#8221; devido \u00e0 pandemia de Covid-19. Em comunicado, a autarquia adianta que, nos meses de abril e [&hellip;]<\/p>\n","protected":false},"author":12,"featured_media":41992,"comment_status":"closed","ping_status":"closed","sticky":false,"template":"","format":"standard","meta":{"_exactmetrics_skip_tracking":false,"_exactmetrics_sitenote_active":false,"_exactmetrics_sitenote_note":"","_exactmetrics_sitenote_category":0,"footnotes":""},"categories":[8],"tags":[27],"class_list":["post-41991","post","type-post","status-publish","format-standard","has-post-thumbnail","hentry","category-melgaco","tag-sociedade"],"yoast_head":"<!-- This site is optimized with the Yoast SEO Premium plugin v27.5 (Yoast SEO v27.5) - https:\/\/yoast.com\/product\/yoast-seo-premium-wordpress\/ -->\n<title>Melga\u00e7o apoia fam\u00edlias, empresas e comerciantes e oferece luvas e m\u00e1scaras a institui\u00e7\u00f5es do concelho<\/title>\n<meta name=\"robots\" content=\"index, follow, max-snippet:-1, max-image-preview:large, max-video-preview:-1\" \/>\n<link rel=\"canonical\" href=\"https:\/\/www.altominho.tv\/site\/2020\/03\/19\/melgaco-apoia-familias-empresas-e-comerciantes-e-oferece-luvas-e-mascaras-a-instituicoes-do-concelho\/\" \/>\n<meta property=\"og:locale\" content=\"pt_PT\" \/>\n<meta property=\"og:type\" content=\"article\" \/>\n<meta property=\"og:title\" content=\"Melga\u00e7o apoia fam\u00edlias, empresas e comerciantes e oferece luvas e m\u00e1scaras a institui\u00e7\u00f5es do concelho\" \/>\n<meta property=\"og:description\" content=\"A C\u00e2mara de Melga\u00e7o anunciou, esta quinta-feira, que vai avan\u00e7ar com novas medidas de apoio \u00e0s fam\u00edlias, tecido empresarial e comerciantes locais, e oferecer equipamentos de prote\u00e7\u00e3o individual \u00e0s institui\u00e7\u00f5es do concelho, no &#8220;cumprimento das iniciativas de isolamento social&#8221; devido \u00e0 pandemia de Covid-19. Em comunicado, a autarquia adianta que, nos meses de abril e [&hellip;]\" \/>\n<meta property=\"og:url\" content=\"https:\/\/www.altominho.tv\/site\/2020\/03\/19\/melgaco-apoia-familias-empresas-e-comerciantes-e-oferece-luvas-e-mascaras-a-instituicoes-do-concelho\/\" \/>\n<meta property=\"og:site_name\" content=\"Altominho.tv\" \/>\n<meta property=\"article:publisher\" content=\"https:\/\/www.facebook.com\/altominhotv\" \/>\n<meta property=\"article:published_time\" content=\"2020-03-19T10:41:09+00:00\" \/>\n<meta property=\"article:modified_time\" content=\"2020-03-19T10:41:16+00:00\" \/>\n<meta property=\"og:image\" content=\"https:\/\/www.altominho.tv\/site\/wp-content\/uploads\/2020\/03\/fiqueemcasa.jpg\" \/>\n\t<meta property=\"og:image:width\" content=\"1667\" \/>\n\t<meta property=\"og:image:height\" content=\"1129\" \/>\n\t<meta property=\"og:image:type\" content=\"image\/jpeg\" \/>\n<meta name=\"author\" content=\"Andreia Ferreira\" \/>\n<meta name=\"twitter:card\" content=\"summary_large_image\" \/>\n<meta name=\"twitter:creator\" content=\"@altominhoTV\" \/>\n<meta name=\"twitter:site\" content=\"@altominhoTV\" \/>\n<meta name=\"twitter:label1\" content=\"Escrito por\" \/>\n\t<meta name=\"twitter:data1\" content=\"Andreia Ferreira\" \/>\n\t<meta name=\"twitter:label2\" content=\"Tempo estimado de leitura\" \/>\n\t<meta name=\"twitter:data2\" content=\"1 minuto\" \/>\n<script type=\"application\/ld+json\" class=\"yoast-schema-graph\">{\"@context\":\"https:\\\/\\\/schema.org\",\"@graph\":[{\"@type\":\"Article\",\"@id\":\"https:\\\/\\\/www.altominho.tv\\\/site\\\/2020\\\/03\\\/19\\\/melgaco-apoia-familias-empresas-e-comerciantes-e-oferece-luvas-e-mascaras-a-instituicoes-do-concelho\\\/#article\",\"isPartOf\":{\"@id\":\"https:\\\/\\\/www.altominho.tv\\\/site\\\/2020\\\/03\\\/19\\\/melgaco-apoia-familias-empresas-e-comerciantes-e-oferece-luvas-e-mascaras-a-instituicoes-do-concelho\\\/\"},\"author\":{\"name\":\"Andreia Ferreira\",\"@id\":\"https:\\\/\\\/www.altominho.tv\\\/site\\\/#\\\/schema\\\/person\\\/d9be4265364723f14ea8e0d56a1d38cd\"},\"headline\":\"Melga\u00e7o apoia fam\u00edlias, empresas e comerciantes e oferece luvas e m\u00e1scaras a institui\u00e7\u00f5es do concelho\",\"datePublished\":\"2020-03-19T10:41:09+00:00\",\"dateModified\":\"2020-03-19T10:41:16+00:00\",\"mainEntityOfPage\":{\"@id\":\"https:\\\/\\\/www.altominho.tv\\\/site\\\/2020\\\/03\\\/19\\\/melgaco-apoia-familias-empresas-e-comerciantes-e-oferece-luvas-e-mascaras-a-instituicoes-do-concelho\\\/\"},\"wordCount\":314,\"image\":{\"@id\":\"https:\\\/\\\/www.altominho.tv\\\/site\\\/2020\\\/03\\\/19\\\/melgaco-apoia-familias-empresas-e-comerciantes-e-oferece-luvas-e-mascaras-a-instituicoes-do-concelho\\\/#primaryimage\"},\"thumbnailUrl\":\"https:\\\/\\\/www.altominho.tv\\\/site\\\/wp-content\\\/uploads\\\/2020\\\/03\\\/fiqueemcasa.jpg\",\"keywords\":[\"Sociedade\"],\"articleSection\":[\"Melga\u00e7o\"],\"inLanguage\":\"pt-PT\",\"copyrightYear\":\"2020\",\"copyrightHolder\":{\"@id\":\"https:\\\/\\\/www.altominho.tv\\\/site\\\/#organization\"}},{\"@type\":\"WebPage\",\"@id\":\"https:\\\/\\\/www.altominho.tv\\\/site\\\/2020\\\/03\\\/19\\\/melgaco-apoia-familias-empresas-e-comerciantes-e-oferece-luvas-e-mascaras-a-instituicoes-do-concelho\\\/\",\"url\":\"https:\\\/\\\/www.altominho.tv\\\/site\\\/2020\\\/03\\\/19\\\/melgaco-apoia-familias-empresas-e-comerciantes-e-oferece-luvas-e-mascaras-a-instituicoes-do-concelho\\\/\",\"name\":\"Melga\u00e7o apoia fam\u00edlias, empresas e comerciantes e oferece luvas e m\u00e1scaras a institui\u00e7\u00f5es do concelho\",\"isPartOf\":{\"@id\":\"https:\\\/\\\/www.altominho.tv\\\/site\\\/#website\"},\"primaryImageOfPage\":{\"@id\":\"https:\\\/\\\/www.altominho.tv\\\/site\\\/2020\\\/03\\\/19\\\/melgaco-apoia-familias-empresas-e-comerciantes-e-oferece-luvas-e-mascaras-a-instituicoes-do-concelho\\\/#primaryimage\"},\"image\":{\"@id\":\"https:\\\/\\\/www.altominho.tv\\\/site\\\/2020\\\/03\\\/19\\\/melgaco-apoia-familias-empresas-e-comerciantes-e-oferece-luvas-e-mascaras-a-instituicoes-do-concelho\\\/#primaryimage\"},\"thumbnailUrl\":\"https:\\\/\\\/www.altominho.tv\\\/site\\\/wp-content\\\/uploads\\\/2020\\\/03\\\/fiqueemcasa.jpg\",\"datePublished\":\"2020-03-19T10:41:09+00:00\",\"dateModified\":\"2020-03-19T10:41:16+00:00\",\"author\":{\"@id\":\"https:\\\/\\\/www.altominho.tv\\\/site\\\/#\\\/schema\\\/person\\\/d9be4265364723f14ea8e0d56a1d38cd\"},\"breadcrumb\":{\"@id\":\"https:\\\/\\\/www.altominho.tv\\\/site\\\/2020\\\/03\\\/19\\\/melgaco-apoia-familias-empresas-e-comerciantes-e-oferece-luvas-e-mascaras-a-instituicoes-do-concelho\\\/#breadcrumb\"},\"inLanguage\":\"pt-PT\",\"potentialAction\":[{\"@type\":\"ReadAction\",\"target\":[\"https:\\\/\\\/www.altominho.tv\\\/site\\\/2020\\\/03\\\/19\\\/melgaco-apoia-familias-empresas-e-comerciantes-e-oferece-luvas-e-mascaras-a-instituicoes-do-concelho\\\/\"]}]},{\"@type\":\"ImageObject\",\"inLanguage\":\"pt-PT\",\"@id\":\"https:\\\/\\\/www.altominho.tv\\\/site\\\/2020\\\/03\\\/19\\\/melgaco-apoia-familias-empresas-e-comerciantes-e-oferece-luvas-e-mascaras-a-instituicoes-do-concelho\\\/#primaryimage\",\"url\":\"https:\\\/\\\/www.altominho.tv\\\/site\\\/wp-content\\\/uploads\\\/2020\\\/03\\\/fiqueemcasa.jpg\",\"contentUrl\":\"https:\\\/\\\/www.altominho.tv\\\/site\\\/wp-content\\\/uploads\\\/2020\\\/03\\\/fiqueemcasa.jpg\",\"width\":1667,\"height\":1129},{\"@type\":\"BreadcrumbList\",\"@id\":\"https:\\\/\\\/www.altominho.tv\\\/site\\\/2020\\\/03\\\/19\\\/melgaco-apoia-familias-empresas-e-comerciantes-e-oferece-luvas-e-mascaras-a-instituicoes-do-concelho\\\/#breadcrumb\",\"itemListElement\":[{\"@type\":\"ListItem\",\"position\":1,\"name\":\"In\u00edcio\",\"item\":\"https:\\\/\\\/www.altominho.tv\\\/site\\\/\"},{\"@type\":\"ListItem\",\"position\":2,\"name\":\"Melga\u00e7o apoia fam\u00edlias, empresas e comerciantes e oferece luvas e m\u00e1scaras a institui\u00e7\u00f5es do concelho\"}]},{\"@type\":\"WebSite\",\"@id\":\"https:\\\/\\\/www.altominho.tv\\\/site\\\/#website\",\"url\":\"https:\\\/\\\/www.altominho.tv\\\/site\\\/\",\"name\":\"Altominho.tv\",\"description\":\"A sua regi\u00e3o \u00e0 dist\u00e2ncia de um clique...\",\"potentialAction\":[{\"@type\":\"SearchAction\",\"target\":{\"@type\":\"EntryPoint\",\"urlTemplate\":\"https:\\\/\\\/www.altominho.tv\\\/site\\\/?s={search_term_string}\"},\"query-input\":{\"@type\":\"PropertyValueSpecification\",\"valueRequired\":true,\"valueName\":\"search_term_string\"}}],\"inLanguage\":\"pt-PT\"},{\"@type\":\"Person\",\"@id\":\"https:\\\/\\\/www.altominho.tv\\\/site\\\/#\\\/schema\\\/person\\\/d9be4265364723f14ea8e0d56a1d38cd\",\"name\":\"Andreia Ferreira\",\"image\":{\"@type\":\"ImageObject\",\"inLanguage\":\"pt-PT\",\"@id\":\"https:\\\/\\\/www.altominho.tv\\\/site\\\/wp-content\\\/uploads\\\/2021\\\/01\\\/AndreiaFerreira-150x150.jpg\",\"url\":\"https:\\\/\\\/www.altominho.tv\\\/site\\\/wp-content\\\/uploads\\\/2021\\\/01\\\/AndreiaFerreira-150x150.jpg\",\"contentUrl\":\"https:\\\/\\\/www.altominho.tv\\\/site\\\/wp-content\\\/uploads\\\/2021\\\/01\\\/AndreiaFerreira-150x150.jpg\",\"caption\":\"Andreia Ferreira\"},\"url\":\"https:\\\/\\\/www.altominho.tv\\\/site\\\/author\\\/andreiaferreira\\\/\"}]}<\/script>\n<!-- \/ Yoast SEO Premium plugin. -->","yoast_head_json":{"title":"Melga\u00e7o apoia fam\u00edlias, empresas e comerciantes e oferece luvas e m\u00e1scaras a institui\u00e7\u00f5es do concelho","robots":{"index":"index","follow":"follow","max-snippet":"max-snippet:-1","max-image-preview":"max-image-preview:large","max-video-preview":"max-video-preview:-1"},"canonical":"https:\/\/www.altominho.tv\/site\/2020\/03\/19\/melgaco-apoia-familias-empresas-e-comerciantes-e-oferece-luvas-e-mascaras-a-instituicoes-do-concelho\/","og_locale":"pt_PT","og_type":"article","og_title":"Melga\u00e7o apoia fam\u00edlias, empresas e comerciantes e oferece luvas e m\u00e1scaras a institui\u00e7\u00f5es do concelho","og_description":"A C\u00e2mara de Melga\u00e7o anunciou, esta quinta-feira, que vai avan\u00e7ar com novas medidas de apoio \u00e0s fam\u00edlias, tecido empresarial e comerciantes locais, e oferecer equipamentos de prote\u00e7\u00e3o individual \u00e0s institui\u00e7\u00f5es do concelho, no &#8220;cumprimento das iniciativas de isolamento social&#8221; devido \u00e0 pandemia de Covid-19. Em comunicado, a autarquia adianta que, nos meses de abril e [&hellip;]","og_url":"https:\/\/www.altominho.tv\/site\/2020\/03\/19\/melgaco-apoia-familias-empresas-e-comerciantes-e-oferece-luvas-e-mascaras-a-instituicoes-do-concelho\/","og_site_name":"Altominho.tv","article_publisher":"https:\/\/www.facebook.com\/altominhotv","article_published_time":"2020-03-19T10:41:09+00:00","article_modified_time":"2020-03-19T10:41:16+00:00","og_image":[{"width":1667,"height":1129,"url":"https:\/\/www.altominho.tv\/site\/wp-content\/uploads\/2020\/03\/fiqueemcasa.jpg","type":"image\/jpeg"}],"author":"Andreia Ferreira","twitter_card":"summary_large_image","twitter_creator":"@altominhoTV","twitter_site":"@altominhoTV","twitter_misc":{"Escrito por":"Andreia Ferreira","Tempo estimado de leitura":"1 minuto"},"schema":{"@context":"https:\/\/schema.org","@graph":[{"@type":"Article","@id":"https:\/\/www.altominho.tv\/site\/2020\/03\/19\/melgaco-apoia-familias-empresas-e-comerciantes-e-oferece-luvas-e-mascaras-a-instituicoes-do-concelho\/#article","isPartOf":{"@id":"https:\/\/www.altominho.tv\/site\/2020\/03\/19\/melgaco-apoia-familias-empresas-e-comerciantes-e-oferece-luvas-e-mascaras-a-instituicoes-do-concelho\/"},"author":{"name":"Andreia Ferreira","@id":"https:\/\/www.altominho.tv\/site\/#\/schema\/person\/d9be4265364723f14ea8e0d56a1d38cd"},"headline":"Melga\u00e7o apoia fam\u00edlias, empresas e comerciantes e oferece luvas e m\u00e1scaras a institui\u00e7\u00f5es do concelho","datePublished":"2020-03-19T10:41:09+00:00","dateModified":"2020-03-19T10:41:16+00:00","mainEntityOfPage":{"@id":"https:\/\/www.altominho.tv\/site\/2020\/03\/19\/melgaco-apoia-familias-empresas-e-comerciantes-e-oferece-luvas-e-mascaras-a-instituicoes-do-concelho\/"},"wordCount":314,"image":{"@id":"https:\/\/www.altominho.tv\/site\/2020\/03\/19\/melgaco-apoia-familias-empresas-e-comerciantes-e-oferece-luvas-e-mascaras-a-instituicoes-do-concelho\/#primaryimage"},"thumbnailUrl":"https:\/\/www.altominho.tv\/site\/wp-content\/uploads\/2020\/03\/fiqueemcasa.jpg","keywords":["Sociedade"],"articleSection":["Melga\u00e7o"],"inLanguage":"pt-PT","copyrightYear":"2020","copyrightHolder":{"@id":"https:\/\/www.altominho.tv\/site\/#organization"}},{"@type":"WebPage","@id":"https:\/\/www.altominho.tv\/site\/2020\/03\/19\/melgaco-apoia-familias-empresas-e-comerciantes-e-oferece-luvas-e-mascaras-a-instituicoes-do-concelho\/","url":"https:\/\/www.altominho.tv\/site\/2020\/03\/19\/melgaco-apoia-familias-empresas-e-comerciantes-e-oferece-luvas-e-mascaras-a-instituicoes-do-concelho\/","name":"Melga\u00e7o apoia fam\u00edlias, empresas e comerciantes e oferece luvas e m\u00e1scaras a institui\u00e7\u00f5es do concelho","isPartOf":{"@id":"https:\/\/www.altominho.tv\/site\/#website"},"primaryImageOfPage":{"@id":"https:\/\/www.altominho.tv\/site\/2020\/03\/19\/melgaco-apoia-familias-empresas-e-comerciantes-e-oferece-luvas-e-mascaras-a-instituicoes-do-concelho\/#primaryimage"},"image":{"@id":"https:\/\/www.altominho.tv\/site\/2020\/03\/19\/melgaco-apoia-familias-empresas-e-comerciantes-e-oferece-luvas-e-mascaras-a-instituicoes-do-concelho\/#primaryimage"},"thumbnailUrl":"https:\/\/www.altominho.tv\/site\/wp-content\/uploads\/2020\/03\/fiqueemcasa.jpg","datePublished":"2020-03-19T10:41:09+00:00","dateModified":"2020-03-19T10:41:16+00:00","author":{"@id":"https:\/\/www.altominho.tv\/site\/#\/schema\/person\/d9be4265364723f14ea8e0d56a1d38cd"},"breadcrumb":{"@id":"https:\/\/www.altominho.tv\/site\/2020\/03\/19\/melgaco-apoia-familias-empresas-e-comerciantes-e-oferece-luvas-e-mascaras-a-instituicoes-do-concelho\/#breadcrumb"},"inLanguage":"pt-PT","potentialAction":[{"@type":"ReadAction","target":["https:\/\/www.altominho.tv\/site\/2020\/03\/19\/melgaco-apoia-familias-empresas-e-comerciantes-e-oferece-luvas-e-mascaras-a-instituicoes-do-concelho\/"]}]},{"@type":"ImageObject","inLanguage":"pt-PT","@id":"https:\/\/www.altominho.tv\/site\/2020\/03\/19\/melgaco-apoia-familias-empresas-e-comerciantes-e-oferece-luvas-e-mascaras-a-instituicoes-do-concelho\/#primaryimage","url":"https:\/\/www.altominho.tv\/site\/wp-content\/uploads\/2020\/03\/fiqueemcasa.jpg","contentUrl":"https:\/\/www.altominho.tv\/site\/wp-content\/uploads\/2020\/03\/fiqueemcasa.jpg","width":1667,"height":1129},{"@type":"BreadcrumbList","@id":"https:\/\/www.altominho.tv\/site\/2020\/03\/19\/melgaco-apoia-familias-empresas-e-comerciantes-e-oferece-luvas-e-mascaras-a-instituicoes-do-concelho\/#breadcrumb","itemListElement":[{"@type":"ListItem","position":1,"name":"In\u00edcio","item":"https:\/\/www.altominho.tv\/site\/"},{"@type":"ListItem","position":2,"name":"Melga\u00e7o apoia fam\u00edlias, empresas e comerciantes e oferece luvas e m\u00e1scaras a institui\u00e7\u00f5es do concelho"}]},{"@type":"WebSite","@id":"https:\/\/www.altominho.tv\/site\/#website","url":"https:\/\/www.altominho.tv\/site\/","name":"Altominho.tv","description":"A sua regi\u00e3o \u00e0 dist\u00e2ncia de um clique...","potentialAction":[{"@type":"SearchAction","target":{"@type":"EntryPoint","urlTemplate":"https:\/\/www.altominho.tv\/site\/?s={search_term_string}"},"query-input":{"@type":"PropertyValueSpecification","valueRequired":true,"valueName":"search_term_string"}}],"inLanguage":"pt-PT"},{"@type":"Person","@id":"https:\/\/www.altominho.tv\/site\/#\/schema\/person\/d9be4265364723f14ea8e0d56a1d38cd","name":"Andreia Ferreira","image":{"@type":"ImageObject","inLanguage":"pt-PT","@id":"https:\/\/www.altominho.tv\/site\/wp-content\/uploads\/2021\/01\/AndreiaFerreira-150x150.jpg","url":"https:\/\/www.altominho.tv\/site\/wp-content\/uploads\/2021\/01\/AndreiaFerreira-150x150.jpg","contentUrl":"https:\/\/www.altominho.tv\/site\/wp-content\/uploads\/2021\/01\/AndreiaFerreira-150x150.jpg","caption":"Andreia Ferreira"},"url":"https:\/\/www.altominho.tv\/site\/author\/andreiaferreira\/"}]}},"_links":{"self":[{"href":"https:\/\/www.altominho.tv\/site\/wp-json\/wp\/v2\/posts\/41991","targetHints":{"allow":["GET"]}}],"collection":[{"href":"https:\/\/www.altominho.tv\/site\/wp-json\/wp\/v2\/posts"}],"about":[{"href":"https:\/\/www.altominho.tv\/site\/wp-json\/wp\/v2\/types\/post"}],"author":[{"embeddable":true,"href":"https:\/\/www.altominho.tv\/site\/wp-json\/wp\/v2\/users\/12"}],"replies":[{"embeddable":true,"href":"https:\/\/www.altominho.tv\/site\/wp-json\/wp\/v2\/comments?post=41991"}],"version-history":[{"count":0,"href":"https:\/\/www.altominho.tv\/site\/wp-json\/wp\/v2\/posts\/41991\/revisions"}],"wp:featuredmedia":[{"embeddable":true,"href":"https:\/\/www.altominho.tv\/site\/wp-json\/wp\/v2\/media\/41992"}],"wp:attachment":[{"href":"https:\/\/www.altominho.tv\/site\/wp-json\/wp\/v2\/media?parent=41991"}],"wp:term":[{"taxonomy":"category","embeddable":true,"href":"https:\/\/www.altominho.tv\/site\/wp-json\/wp\/v2\/categories?post=41991"},{"taxonomy":"post_tag","embeddable":true,"href":"https:\/\/www.altominho.tv\/site\/wp-json\/wp\/v2\/tags?post=41991"}],"curies":[{"name":"wp","href":"https:\/\/api.w.org\/{rel}","templated":true}]}}