{"id":41868,"date":"2020-03-17T23:28:38","date_gmt":"2020-03-17T23:28:38","guid":{"rendered":"http:\/\/www.altominho.tv\/site\/?p=41868"},"modified":"2020-03-18T11:33:43","modified_gmt":"2020-03-18T11:33:43","slug":"professor-em-arcos-de-valdevez-e-o-quarto-caso-confirmado-no-concelho","status":"publish","type":"post","link":"https:\/\/www.altominho.tv\/site\/2020\/03\/17\/professor-em-arcos-de-valdevez-e-o-quarto-caso-confirmado-no-concelho\/","title":{"rendered":"Professor em Arcos de Valdevez \u00e9 o quarto caso confirmado no concelho"},"content":{"rendered":"<p id=\":na\" class=\"a3s aXjCH \"><strong>Um professor que leciona em Arcos de Valdevez \u00e9 o quarto caso confirmado de infe\u00e7\u00e3o pelo novo coronav\u00edrus no concelho, o que eleva para sete o n\u00famero de casos confirmados no distrito de Viana do Castelo<\/strong>, foi hoje anunciado.<\/p>\n<p class=\"a3s aXjCH \">&#8220;\u00c9 o primeiro caso positivo de um colega infetado pelo novo cornav\u00edrus&#8221;, l\u00ea-se na nota hoje publicada na p\u00e1gina oficial do agrupamento escolar no Facebook.<\/p>\n<p class=\"a3s aXjCH \">O documento acrescenta que &#8220;ser\u00e1 a delegada de sa\u00fade a estabelecer a comunica\u00e7\u00e3o com os professores, os assistentes t\u00e9cnicos e operacionais e os alunos que estiveram em contacto com o professor em causa&#8221;.<\/p>\n<p class=\"a3s aXjCH \">&#8220;Todos os esclarecimentos e medidas preventivas ser\u00e3o emanados pela Dire\u00e7\u00e3o-Geral da Sa\u00fade. Nesse sentido, aguardamos orienta\u00e7\u00f5es oficiais das entidades competentes&#8221;, acrescenta a nota publicada cerca das 20h00.<\/p>\n<p>Segundo o que a Altominho.tv apurou, trata-se de um professor de matem\u00e1tica, dos 5\u00ba e 6\u00ba anos e dava apoio a uma turma de 8\u00ba ano uma vez por semana. A informa\u00e7\u00e3o foi confirmada pela Dire\u00e7\u00e3o do Agrupamento de Escolas de Valdevez que esclarece tamb\u00e9m que todos os profissionais e alunos que possam ter tido contacto com o docente est\u00e3o a ser contactados pela Delegada de Sa\u00fade.<\/p>\n<p class=\"a3s aXjCH \">No s\u00e1bado, as autoridades de sa\u00fade <a href=\"https:\/\/www.altominho.tv\/site\/2020\/03\/14\/ultima-hora-tres-casos-confirmados-em-arcos-de-valdevez\/\">confirmaram a infe\u00e7\u00e3o pelo novo coronav\u00edrus em tr\u00eas outras pessoas daquele concelho, um casal e uma filha<\/a>.<\/p>\n<p class=\"a3s aXjCH \">Al\u00e9m de Arcos de Valdevez, h\u00e1 dois casos confirmados em Mon\u00e7\u00e3o, <a href=\"https:\/\/www.altominho.tv\/site\/2020\/03\/14\/moncao-confirma-primeiro-caso-de-coronavirus-no-concelho-e-define-novas-recomendacoes\/\">um emigrante em Fran\u00e7a de 64 anos<\/a> e a <a href=\"https:\/\/www.altominho.tv\/site\/2020\/03\/16\/segundo-caso-de-covid-19-confirmado-em-moncao\/\">irm\u00e3, de 59 anos<\/a>, e um <a href=\"https:\/\/www.altominho.tv\/site\/2020\/03\/15\/professor-com-60-anos-e-o-primeiro-caso-confirmado-no-concelho-de-viana-do-castelo\/\">outro no concelho de Viana do Castelo, um professor de 60 anos<\/a> da Escola B\u00e1sica e Secund\u00e1ria de Barroselas.<\/p>\n<p class=\"a3s aXjCH \">O coronav\u00edrus respons\u00e1vel pela pandemia da Covid-19 infetou mais de 189 mil pessoas, das quais mais de 7.800 morreram.<\/p>\n<p class=\"a3s aXjCH \">Em Portugal, a Dire\u00e7\u00e3o-Geral da Sa\u00fade elevou hoje n\u00famero de casos confirmados de infe\u00e7\u00e3o para 448, mais 117 do que na segunda-feira, dia em que se registou a primeira morte no pa\u00eds.<\/p>\n","protected":false},"excerpt":{"rendered":"<p>Um professor que leciona em Arcos de Valdevez \u00e9 o quarto caso confirmado de infe\u00e7\u00e3o pelo novo coronav\u00edrus no concelho, o que eleva para sete o n\u00famero de casos confirmados no distrito de Viana do Castelo, foi hoje anunciado. &#8220;\u00c9 o primeiro caso positivo de um colega infetado pelo novo cornav\u00edrus&#8221;, l\u00ea-se na nota hoje [&hellip;]<\/p>\n","protected":false},"author":13,"featured_media":41869,"comment_status":"closed","ping_status":"closed","sticky":false,"template":"","format":"standard","meta":{"_exactmetrics_skip_tracking":false,"_exactmetrics_sitenote_active":false,"_exactmetrics_sitenote_note":"","_exactmetrics_sitenote_category":0,"footnotes":""},"categories":[2],"tags":[26,27],"class_list":["post-41868","post","type-post","status-publish","format-standard","has-post-thumbnail","hentry","category-arcos-de-valdevez","tag-saude","tag-sociedade"],"yoast_head":"<!-- This site is optimized with the Yoast SEO Premium plugin v27.4 (Yoast SEO v27.4) - https:\/\/yoast.com\/product\/yoast-seo-premium-wordpress\/ -->\n<title>Professor em Arcos de Valdevez \u00e9 o quarto caso confirmado no concelho<\/title>\n<meta name=\"robots\" content=\"index, follow, max-snippet:-1, max-image-preview:large, max-video-preview:-1\" \/>\n<link rel=\"canonical\" href=\"https:\/\/www.altominho.tv\/site\/2020\/03\/17\/professor-em-arcos-de-valdevez-e-o-quarto-caso-confirmado-no-concelho\/\" \/>\n<meta property=\"og:locale\" content=\"pt_PT\" \/>\n<meta property=\"og:type\" content=\"article\" \/>\n<meta property=\"og:title\" content=\"Professor em Arcos de Valdevez \u00e9 o quarto caso confirmado no concelho\" \/>\n<meta property=\"og:description\" content=\"Um professor que leciona em Arcos de Valdevez \u00e9 o quarto caso confirmado de infe\u00e7\u00e3o pelo novo coronav\u00edrus no concelho, o que eleva para sete o n\u00famero de casos confirmados no distrito de Viana do Castelo, foi hoje anunciado. &#8220;\u00c9 o primeiro caso positivo de um colega infetado pelo novo cornav\u00edrus&#8221;, l\u00ea-se na nota hoje [&hellip;]\" \/>\n<meta property=\"og:url\" content=\"https:\/\/www.altominho.tv\/site\/2020\/03\/17\/professor-em-arcos-de-valdevez-e-o-quarto-caso-confirmado-no-concelho\/\" \/>\n<meta property=\"og:site_name\" content=\"Altominho.tv\" \/>\n<meta property=\"article:publisher\" content=\"https:\/\/www.facebook.com\/altominhotv\" \/>\n<meta property=\"article:published_time\" content=\"2020-03-17T23:28:38+00:00\" \/>\n<meta property=\"article:modified_time\" content=\"2020-03-18T11:33:43+00:00\" \/>\n<meta property=\"og:image\" content=\"https:\/\/www.altominho.tv\/site\/wp-content\/uploads\/2020\/03\/Escola_Arcos.jpg\" \/>\n\t<meta property=\"og:image:width\" content=\"2048\" \/>\n\t<meta property=\"og:image:height\" content=\"1365\" \/>\n\t<meta property=\"og:image:type\" content=\"image\/jpeg\" \/>\n<meta name=\"author\" content=\"Lusa\" \/>\n<meta name=\"twitter:card\" content=\"summary_large_image\" \/>\n<meta name=\"twitter:creator\" content=\"@altominhoTV\" \/>\n<meta name=\"twitter:site\" content=\"@altominhoTV\" \/>\n<meta name=\"twitter:label1\" content=\"Escrito por\" \/>\n\t<meta name=\"twitter:data1\" content=\"Lusa\" \/>\n\t<meta name=\"twitter:label2\" content=\"Tempo estimado de leitura\" \/>\n\t<meta name=\"twitter:data2\" content=\"2 minutos\" \/>\n<script type=\"application\/ld+json\" class=\"yoast-schema-graph\">{\"@context\":\"https:\\\/\\\/schema.org\",\"@graph\":[{\"@type\":\"Article\",\"@id\":\"https:\\\/\\\/www.altominho.tv\\\/site\\\/2020\\\/03\\\/17\\\/professor-em-arcos-de-valdevez-e-o-quarto-caso-confirmado-no-concelho\\\/#article\",\"isPartOf\":{\"@id\":\"https:\\\/\\\/www.altominho.tv\\\/site\\\/2020\\\/03\\\/17\\\/professor-em-arcos-de-valdevez-e-o-quarto-caso-confirmado-no-concelho\\\/\"},\"author\":{\"name\":\"Lusa\",\"@id\":\"https:\\\/\\\/www.altominho.tv\\\/site\\\/#\\\/schema\\\/person\\\/63f693da3e1899361cbe955c46f3232e\"},\"headline\":\"Professor em Arcos de Valdevez \u00e9 o quarto caso confirmado no concelho\",\"datePublished\":\"2020-03-17T23:28:38+00:00\",\"dateModified\":\"2020-03-18T11:33:43+00:00\",\"mainEntityOfPage\":{\"@id\":\"https:\\\/\\\/www.altominho.tv\\\/site\\\/2020\\\/03\\\/17\\\/professor-em-arcos-de-valdevez-e-o-quarto-caso-confirmado-no-concelho\\\/\"},\"wordCount\":346,\"image\":{\"@id\":\"https:\\\/\\\/www.altominho.tv\\\/site\\\/2020\\\/03\\\/17\\\/professor-em-arcos-de-valdevez-e-o-quarto-caso-confirmado-no-concelho\\\/#primaryimage\"},\"thumbnailUrl\":\"https:\\\/\\\/www.altominho.tv\\\/site\\\/wp-content\\\/uploads\\\/2020\\\/03\\\/Escola_Arcos.jpg\",\"keywords\":[\"Sa\u00fade\",\"Sociedade\"],\"articleSection\":[\"Arcos de Valdevez\"],\"inLanguage\":\"pt-PT\",\"copyrightYear\":\"2020\",\"copyrightHolder\":{\"@id\":\"https:\\\/\\\/www.altominho.tv\\\/site\\\/#organization\"}},{\"@type\":\"WebPage\",\"@id\":\"https:\\\/\\\/www.altominho.tv\\\/site\\\/2020\\\/03\\\/17\\\/professor-em-arcos-de-valdevez-e-o-quarto-caso-confirmado-no-concelho\\\/\",\"url\":\"https:\\\/\\\/www.altominho.tv\\\/site\\\/2020\\\/03\\\/17\\\/professor-em-arcos-de-valdevez-e-o-quarto-caso-confirmado-no-concelho\\\/\",\"name\":\"Professor em Arcos de Valdevez \u00e9 o quarto caso confirmado no concelho\",\"isPartOf\":{\"@id\":\"https:\\\/\\\/www.altominho.tv\\\/site\\\/#website\"},\"primaryImageOfPage\":{\"@id\":\"https:\\\/\\\/www.altominho.tv\\\/site\\\/2020\\\/03\\\/17\\\/professor-em-arcos-de-valdevez-e-o-quarto-caso-confirmado-no-concelho\\\/#primaryimage\"},\"image\":{\"@id\":\"https:\\\/\\\/www.altominho.tv\\\/site\\\/2020\\\/03\\\/17\\\/professor-em-arcos-de-valdevez-e-o-quarto-caso-confirmado-no-concelho\\\/#primaryimage\"},\"thumbnailUrl\":\"https:\\\/\\\/www.altominho.tv\\\/site\\\/wp-content\\\/uploads\\\/2020\\\/03\\\/Escola_Arcos.jpg\",\"datePublished\":\"2020-03-17T23:28:38+00:00\",\"dateModified\":\"2020-03-18T11:33:43+00:00\",\"author\":{\"@id\":\"https:\\\/\\\/www.altominho.tv\\\/site\\\/#\\\/schema\\\/person\\\/63f693da3e1899361cbe955c46f3232e\"},\"breadcrumb\":{\"@id\":\"https:\\\/\\\/www.altominho.tv\\\/site\\\/2020\\\/03\\\/17\\\/professor-em-arcos-de-valdevez-e-o-quarto-caso-confirmado-no-concelho\\\/#breadcrumb\"},\"inLanguage\":\"pt-PT\",\"potentialAction\":[{\"@type\":\"ReadAction\",\"target\":[\"https:\\\/\\\/www.altominho.tv\\\/site\\\/2020\\\/03\\\/17\\\/professor-em-arcos-de-valdevez-e-o-quarto-caso-confirmado-no-concelho\\\/\"]}]},{\"@type\":\"ImageObject\",\"inLanguage\":\"pt-PT\",\"@id\":\"https:\\\/\\\/www.altominho.tv\\\/site\\\/2020\\\/03\\\/17\\\/professor-em-arcos-de-valdevez-e-o-quarto-caso-confirmado-no-concelho\\\/#primaryimage\",\"url\":\"https:\\\/\\\/www.altominho.tv\\\/site\\\/wp-content\\\/uploads\\\/2020\\\/03\\\/Escola_Arcos.jpg\",\"contentUrl\":\"https:\\\/\\\/www.altominho.tv\\\/site\\\/wp-content\\\/uploads\\\/2020\\\/03\\\/Escola_Arcos.jpg\",\"width\":2048,\"height\":1365},{\"@type\":\"BreadcrumbList\",\"@id\":\"https:\\\/\\\/www.altominho.tv\\\/site\\\/2020\\\/03\\\/17\\\/professor-em-arcos-de-valdevez-e-o-quarto-caso-confirmado-no-concelho\\\/#breadcrumb\",\"itemListElement\":[{\"@type\":\"ListItem\",\"position\":1,\"name\":\"In\u00edcio\",\"item\":\"https:\\\/\\\/www.altominho.tv\\\/site\\\/\"},{\"@type\":\"ListItem\",\"position\":2,\"name\":\"Professor em Arcos de Valdevez \u00e9 o quarto caso confirmado no concelho\"}]},{\"@type\":\"WebSite\",\"@id\":\"https:\\\/\\\/www.altominho.tv\\\/site\\\/#website\",\"url\":\"https:\\\/\\\/www.altominho.tv\\\/site\\\/\",\"name\":\"Altominho.tv\",\"description\":\"A sua regi\u00e3o \u00e0 dist\u00e2ncia de um clique...\",\"potentialAction\":[{\"@type\":\"SearchAction\",\"target\":{\"@type\":\"EntryPoint\",\"urlTemplate\":\"https:\\\/\\\/www.altominho.tv\\\/site\\\/?s={search_term_string}\"},\"query-input\":{\"@type\":\"PropertyValueSpecification\",\"valueRequired\":true,\"valueName\":\"search_term_string\"}}],\"inLanguage\":\"pt-PT\"},{\"@type\":\"Person\",\"@id\":\"https:\\\/\\\/www.altominho.tv\\\/site\\\/#\\\/schema\\\/person\\\/63f693da3e1899361cbe955c46f3232e\",\"name\":\"Lusa\",\"image\":{\"@type\":\"ImageObject\",\"inLanguage\":\"pt-PT\",\"@id\":\"https:\\\/\\\/www.altominho.tv\\\/site\\\/wp-content\\\/uploads\\\/2019\\\/08\\\/LUSA_Logo.gif\",\"url\":\"https:\\\/\\\/www.altominho.tv\\\/site\\\/wp-content\\\/uploads\\\/2019\\\/08\\\/LUSA_Logo.gif\",\"contentUrl\":\"https:\\\/\\\/www.altominho.tv\\\/site\\\/wp-content\\\/uploads\\\/2019\\\/08\\\/LUSA_Logo.gif\",\"caption\":\"Lusa\"},\"sameAs\":[\"http:\\\/\\\/\\\/\\\/www.altominho.tv\\\/site\"],\"url\":\"https:\\\/\\\/www.altominho.tv\\\/site\\\/author\\\/lusa\\\/\"}]}<\/script>\n<!-- \/ Yoast SEO Premium plugin. -->","yoast_head_json":{"title":"Professor em Arcos de Valdevez \u00e9 o quarto caso confirmado no concelho","robots":{"index":"index","follow":"follow","max-snippet":"max-snippet:-1","max-image-preview":"max-image-preview:large","max-video-preview":"max-video-preview:-1"},"canonical":"https:\/\/www.altominho.tv\/site\/2020\/03\/17\/professor-em-arcos-de-valdevez-e-o-quarto-caso-confirmado-no-concelho\/","og_locale":"pt_PT","og_type":"article","og_title":"Professor em Arcos de Valdevez \u00e9 o quarto caso confirmado no concelho","og_description":"Um professor que leciona em Arcos de Valdevez \u00e9 o quarto caso confirmado de infe\u00e7\u00e3o pelo novo coronav\u00edrus no concelho, o que eleva para sete o n\u00famero de casos confirmados no distrito de Viana do Castelo, foi hoje anunciado. &#8220;\u00c9 o primeiro caso positivo de um colega infetado pelo novo cornav\u00edrus&#8221;, l\u00ea-se na nota hoje [&hellip;]","og_url":"https:\/\/www.altominho.tv\/site\/2020\/03\/17\/professor-em-arcos-de-valdevez-e-o-quarto-caso-confirmado-no-concelho\/","og_site_name":"Altominho.tv","article_publisher":"https:\/\/www.facebook.com\/altominhotv","article_published_time":"2020-03-17T23:28:38+00:00","article_modified_time":"2020-03-18T11:33:43+00:00","og_image":[{"width":2048,"height":1365,"url":"https:\/\/www.altominho.tv\/site\/wp-content\/uploads\/2020\/03\/Escola_Arcos.jpg","type":"image\/jpeg"}],"author":"Lusa","twitter_card":"summary_large_image","twitter_creator":"@altominhoTV","twitter_site":"@altominhoTV","twitter_misc":{"Escrito por":"Lusa","Tempo estimado de leitura":"2 minutos"},"schema":{"@context":"https:\/\/schema.org","@graph":[{"@type":"Article","@id":"https:\/\/www.altominho.tv\/site\/2020\/03\/17\/professor-em-arcos-de-valdevez-e-o-quarto-caso-confirmado-no-concelho\/#article","isPartOf":{"@id":"https:\/\/www.altominho.tv\/site\/2020\/03\/17\/professor-em-arcos-de-valdevez-e-o-quarto-caso-confirmado-no-concelho\/"},"author":{"name":"Lusa","@id":"https:\/\/www.altominho.tv\/site\/#\/schema\/person\/63f693da3e1899361cbe955c46f3232e"},"headline":"Professor em Arcos de Valdevez \u00e9 o quarto caso confirmado no concelho","datePublished":"2020-03-17T23:28:38+00:00","dateModified":"2020-03-18T11:33:43+00:00","mainEntityOfPage":{"@id":"https:\/\/www.altominho.tv\/site\/2020\/03\/17\/professor-em-arcos-de-valdevez-e-o-quarto-caso-confirmado-no-concelho\/"},"wordCount":346,"image":{"@id":"https:\/\/www.altominho.tv\/site\/2020\/03\/17\/professor-em-arcos-de-valdevez-e-o-quarto-caso-confirmado-no-concelho\/#primaryimage"},"thumbnailUrl":"https:\/\/www.altominho.tv\/site\/wp-content\/uploads\/2020\/03\/Escola_Arcos.jpg","keywords":["Sa\u00fade","Sociedade"],"articleSection":["Arcos de Valdevez"],"inLanguage":"pt-PT","copyrightYear":"2020","copyrightHolder":{"@id":"https:\/\/www.altominho.tv\/site\/#organization"}},{"@type":"WebPage","@id":"https:\/\/www.altominho.tv\/site\/2020\/03\/17\/professor-em-arcos-de-valdevez-e-o-quarto-caso-confirmado-no-concelho\/","url":"https:\/\/www.altominho.tv\/site\/2020\/03\/17\/professor-em-arcos-de-valdevez-e-o-quarto-caso-confirmado-no-concelho\/","name":"Professor em Arcos de Valdevez \u00e9 o quarto caso confirmado no concelho","isPartOf":{"@id":"https:\/\/www.altominho.tv\/site\/#website"},"primaryImageOfPage":{"@id":"https:\/\/www.altominho.tv\/site\/2020\/03\/17\/professor-em-arcos-de-valdevez-e-o-quarto-caso-confirmado-no-concelho\/#primaryimage"},"image":{"@id":"https:\/\/www.altominho.tv\/site\/2020\/03\/17\/professor-em-arcos-de-valdevez-e-o-quarto-caso-confirmado-no-concelho\/#primaryimage"},"thumbnailUrl":"https:\/\/www.altominho.tv\/site\/wp-content\/uploads\/2020\/03\/Escola_Arcos.jpg","datePublished":"2020-03-17T23:28:38+00:00","dateModified":"2020-03-18T11:33:43+00:00","author":{"@id":"https:\/\/www.altominho.tv\/site\/#\/schema\/person\/63f693da3e1899361cbe955c46f3232e"},"breadcrumb":{"@id":"https:\/\/www.altominho.tv\/site\/2020\/03\/17\/professor-em-arcos-de-valdevez-e-o-quarto-caso-confirmado-no-concelho\/#breadcrumb"},"inLanguage":"pt-PT","potentialAction":[{"@type":"ReadAction","target":["https:\/\/www.altominho.tv\/site\/2020\/03\/17\/professor-em-arcos-de-valdevez-e-o-quarto-caso-confirmado-no-concelho\/"]}]},{"@type":"ImageObject","inLanguage":"pt-PT","@id":"https:\/\/www.altominho.tv\/site\/2020\/03\/17\/professor-em-arcos-de-valdevez-e-o-quarto-caso-confirmado-no-concelho\/#primaryimage","url":"https:\/\/www.altominho.tv\/site\/wp-content\/uploads\/2020\/03\/Escola_Arcos.jpg","contentUrl":"https:\/\/www.altominho.tv\/site\/wp-content\/uploads\/2020\/03\/Escola_Arcos.jpg","width":2048,"height":1365},{"@type":"BreadcrumbList","@id":"https:\/\/www.altominho.tv\/site\/2020\/03\/17\/professor-em-arcos-de-valdevez-e-o-quarto-caso-confirmado-no-concelho\/#breadcrumb","itemListElement":[{"@type":"ListItem","position":1,"name":"In\u00edcio","item":"https:\/\/www.altominho.tv\/site\/"},{"@type":"ListItem","position":2,"name":"Professor em Arcos de Valdevez \u00e9 o quarto caso confirmado no concelho"}]},{"@type":"WebSite","@id":"https:\/\/www.altominho.tv\/site\/#website","url":"https:\/\/www.altominho.tv\/site\/","name":"Altominho.tv","description":"A sua regi\u00e3o \u00e0 dist\u00e2ncia de um clique...","potentialAction":[{"@type":"SearchAction","target":{"@type":"EntryPoint","urlTemplate":"https:\/\/www.altominho.tv\/site\/?s={search_term_string}"},"query-input":{"@type":"PropertyValueSpecification","valueRequired":true,"valueName":"search_term_string"}}],"inLanguage":"pt-PT"},{"@type":"Person","@id":"https:\/\/www.altominho.tv\/site\/#\/schema\/person\/63f693da3e1899361cbe955c46f3232e","name":"Lusa","image":{"@type":"ImageObject","inLanguage":"pt-PT","@id":"https:\/\/www.altominho.tv\/site\/wp-content\/uploads\/2019\/08\/LUSA_Logo.gif","url":"https:\/\/www.altominho.tv\/site\/wp-content\/uploads\/2019\/08\/LUSA_Logo.gif","contentUrl":"https:\/\/www.altominho.tv\/site\/wp-content\/uploads\/2019\/08\/LUSA_Logo.gif","caption":"Lusa"},"sameAs":["http:\/\/\/\/www.altominho.tv\/site"],"url":"https:\/\/www.altominho.tv\/site\/author\/lusa\/"}]}},"_links":{"self":[{"href":"https:\/\/www.altominho.tv\/site\/wp-json\/wp\/v2\/posts\/41868","targetHints":{"allow":["GET"]}}],"collection":[{"href":"https:\/\/www.altominho.tv\/site\/wp-json\/wp\/v2\/posts"}],"about":[{"href":"https:\/\/www.altominho.tv\/site\/wp-json\/wp\/v2\/types\/post"}],"author":[{"embeddable":true,"href":"https:\/\/www.altominho.tv\/site\/wp-json\/wp\/v2\/users\/13"}],"replies":[{"embeddable":true,"href":"https:\/\/www.altominho.tv\/site\/wp-json\/wp\/v2\/comments?post=41868"}],"version-history":[{"count":0,"href":"https:\/\/www.altominho.tv\/site\/wp-json\/wp\/v2\/posts\/41868\/revisions"}],"wp:featuredmedia":[{"embeddable":true,"href":"https:\/\/www.altominho.tv\/site\/wp-json\/wp\/v2\/media\/41869"}],"wp:attachment":[{"href":"https:\/\/www.altominho.tv\/site\/wp-json\/wp\/v2\/media?parent=41868"}],"wp:term":[{"taxonomy":"category","embeddable":true,"href":"https:\/\/www.altominho.tv\/site\/wp-json\/wp\/v2\/categories?post=41868"},{"taxonomy":"post_tag","embeddable":true,"href":"https:\/\/www.altominho.tv\/site\/wp-json\/wp\/v2\/tags?post=41868"}],"curies":[{"name":"wp","href":"https:\/\/api.w.org\/{rel}","templated":true}]}}