{"id":41694,"date":"2020-03-16T14:51:10","date_gmt":"2020-03-16T14:51:10","guid":{"rendered":"http:\/\/www.altominho.tv\/site\/?p=41694"},"modified":"2020-03-16T17:50:03","modified_gmt":"2020-03-16T17:50:03","slug":"reposicao-das-fronteiras-e-definicao-de-nove-pontos-de-passagem","status":"publish","type":"post","link":"https:\/\/www.altominho.tv\/site\/2020\/03\/16\/reposicao-das-fronteiras-e-definicao-de-nove-pontos-de-passagem\/","title":{"rendered":"Reposi\u00e7\u00e3o das fronteiras e defini\u00e7\u00e3o de nove pontos de passagem"},"content":{"rendered":"<div class=\"card__inner\">\n<div class=\"card__content\">\n<p class=\"card__header\"><strong>Portugal e Espanha est\u00e3o a concluir as notas t\u00e9cnicas que permitir\u00e3o ainda hoje reintroduzir os controlos de fronteiras terrestres, estabelecendo exclusivamente nove pontos de passagem<\/strong>, disse Eduardo Cabrita, avan\u00e7ando que \u201ctodas as outras passagens v\u00e3o ser absolutamente interditadas\u201d.<\/p>\n<p class=\"card__body live-post__body\">Valen\u00e7a\/Tui, Chaves\/Ver\u00edn, Quintanilha\/San Vitero, Vilar Formoso\/Fuentes de O\u00f1oro, Monfortinho, Marv\u00e3o\/Val\u00eancia de Alc\u00e2ntara, Caia\/Badajoz, Vila Verde de Ficalho\/Rosal de La Frontera e Castro Marim\/Ayamonte s\u00e3o os nove pontos em que a fronteira permanece &#8220;aberta&#8221;, exclusivamente para passagem de mercadorias e desloca\u00e7\u00f5es em trabalho. O controlo sanit\u00e1rio ser\u00e1 feito pelos dois pa\u00edses.<\/p>\n<p><span style=\"font-size: inherit\">O fecho das fronteiras terrestres com Espanha ocorrer\u00e1 ainda esta segunda-feira, estando ainda <\/span>por decidir a hora a que tal acontecer\u00e1 bem como a hip\u00f3tese de suspender as liga\u00e7\u00f5es a\u00e9reas entre os dois pa\u00edses<span style=\"font-size: inherit\">. As reuni\u00f5es que decorrem entre o Governo portugu\u00eas e o\u00a0 espanhol est\u00e3o a definir as regras para o fecho da fronteira terrestre e a avaliar \u201cmedidas a adotar em rela\u00e7\u00e3o \u00e0 fronteira a\u00e9rea\u201d.<\/span><\/p>\n<div class=\"card__body live-post__body\">\n<p>&#8220;Economia deve ser mantida a funcionar pelo que \u00e9 essencial garantir manuten\u00e7\u00e3o do transporte de mercadorias, nomeadamente a circula\u00e7\u00e3o de produtos alimentares&#8221;, disse Eduardo Cabrita. Esta restri\u00e7\u00e3o de movimentos ser\u00e1 aplicada, em articula\u00e7\u00e3o com as autoridades espanholas, ainda esta segunda-feira.<\/p>\n<p>As maiores mudan\u00e7as dizem respeito ao tr\u00e2nsito de lazer e turismo, especialmente quando se aproxima a P\u00e1scoa, altura em que \u00e9 comum a presen\u00e7a de milhares de turistas espanh\u00f3is em Portugal. Este fluxo vai ser impedido.<\/p>\n<\/div>\n<footer class=\"card__meta\">\n<p class=\"selectionShareable\">Sobre os aeroportos, foi anunciado pela ministra da Sa\u00fade, em confer\u00eancia de imprensa conjunta, depois de uma reuni\u00e3o os hom\u00f3logos europeus, que se ir\u00e3o manter as medidas de restri\u00e7\u00e3o de voos entre o nosso pa\u00eds e China e It\u00e1lia. Ser\u00e3o refor\u00e7ados os cuidados sanit\u00e1rios \u00e0 chegada de passageiros a Portugal, com inqu\u00e9ritos epidemiol\u00f3gicos, observa\u00e7\u00e3o visual e distribui\u00e7\u00e3o de folhetos de informa\u00e7\u00e3o.<\/p>\n<p class=\"selectionShareable\">Para uma confer\u00eancia de imprensa agendada ainda para a tarde desta segunda-feira, fica o an\u00fancio da tomada de decis\u00e3o sobre as liga\u00e7\u00f5es a\u00e9reas entre Portugal e Espanha e a que horas ocorrer\u00e1 o fecho de fronteiras terrestres.<\/p>\n<p><em><strong>Not\u00edcia atualizada \u00e0s 17h30<\/strong><\/em><\/p>\n<\/footer>\n<\/div>\n<\/div>\n","protected":false},"excerpt":{"rendered":"<p>Portugal e Espanha est\u00e3o a concluir as notas t\u00e9cnicas que permitir\u00e3o ainda hoje reintroduzir os controlos de fronteiras terrestres, estabelecendo exclusivamente nove pontos de passagem, disse Eduardo Cabrita, avan\u00e7ando que \u201ctodas as outras passagens v\u00e3o ser absolutamente interditadas\u201d. Valen\u00e7a\/Tui, Chaves\/Ver\u00edn, Quintanilha\/San Vitero, Vilar Formoso\/Fuentes de O\u00f1oro, Monfortinho, Marv\u00e3o\/Val\u00eancia de Alc\u00e2ntara, Caia\/Badajoz, Vila Verde de Ficalho\/Rosal [&hellip;]<\/p>\n","protected":false},"author":1,"featured_media":41708,"comment_status":"closed","ping_status":"closed","sticky":false,"template":"","format":"standard","meta":{"_exactmetrics_skip_tracking":false,"_exactmetrics_sitenote_active":false,"_exactmetrics_sitenote_note":"","_exactmetrics_sitenote_category":0,"footnotes":""},"categories":[73],"tags":[21,26],"class_list":["post-41694","post","type-post","status-publish","format-standard","has-post-thumbnail","hentry","category-alto-minho","tag-economia","tag-saude"],"yoast_head":"<!-- This site is optimized with the Yoast SEO Premium plugin v27.5 (Yoast SEO v27.5) - https:\/\/yoast.com\/product\/yoast-seo-premium-wordpress\/ -->\n<title>Reposi\u00e7\u00e3o das fronteiras e defini\u00e7\u00e3o de nove pontos de passagem<\/title>\n<meta name=\"robots\" content=\"index, follow, max-snippet:-1, max-image-preview:large, max-video-preview:-1\" \/>\n<link rel=\"canonical\" href=\"https:\/\/www.altominho.tv\/site\/2020\/03\/16\/reposicao-das-fronteiras-e-definicao-de-nove-pontos-de-passagem\/\" \/>\n<meta property=\"og:locale\" content=\"pt_PT\" \/>\n<meta property=\"og:type\" content=\"article\" \/>\n<meta property=\"og:title\" content=\"Reposi\u00e7\u00e3o das fronteiras e defini\u00e7\u00e3o de nove pontos de passagem\" \/>\n<meta property=\"og:description\" content=\"Portugal e Espanha est\u00e3o a concluir as notas t\u00e9cnicas que permitir\u00e3o ainda hoje reintroduzir os controlos de fronteiras terrestres, estabelecendo exclusivamente nove pontos de passagem, disse Eduardo Cabrita, avan\u00e7ando que \u201ctodas as outras passagens v\u00e3o ser absolutamente interditadas\u201d. Valen\u00e7a\/Tui, Chaves\/Ver\u00edn, Quintanilha\/San Vitero, Vilar Formoso\/Fuentes de O\u00f1oro, Monfortinho, Marv\u00e3o\/Val\u00eancia de Alc\u00e2ntara, Caia\/Badajoz, Vila Verde de Ficalho\/Rosal [&hellip;]\" \/>\n<meta property=\"og:url\" content=\"https:\/\/www.altominho.tv\/site\/2020\/03\/16\/reposicao-das-fronteiras-e-definicao-de-nove-pontos-de-passagem\/\" \/>\n<meta property=\"og:site_name\" content=\"Altominho.tv\" \/>\n<meta property=\"article:publisher\" content=\"https:\/\/www.facebook.com\/altominhotv\" \/>\n<meta property=\"article:published_time\" content=\"2020-03-16T14:51:10+00:00\" \/>\n<meta property=\"article:modified_time\" content=\"2020-03-16T17:50:03+00:00\" \/>\n<meta property=\"og:image\" content=\"https:\/\/www.altominho.tv\/site\/wp-content\/uploads\/2020\/03\/Fronteias_TUi.jpg\" \/>\n\t<meta property=\"og:image:width\" content=\"700\" \/>\n\t<meta property=\"og:image:height\" content=\"450\" \/>\n\t<meta property=\"og:image:type\" content=\"image\/jpeg\" \/>\n<meta name=\"author\" content=\"Altominho.tv\" \/>\n<meta name=\"twitter:card\" content=\"summary_large_image\" \/>\n<meta name=\"twitter:creator\" content=\"@altominhoTV\" \/>\n<meta name=\"twitter:site\" content=\"@altominhoTV\" \/>\n<meta name=\"twitter:label1\" content=\"Escrito por\" \/>\n\t<meta name=\"twitter:data1\" content=\"Altominho.tv\" \/>\n\t<meta name=\"twitter:label2\" content=\"Tempo estimado de leitura\" \/>\n\t<meta name=\"twitter:data2\" content=\"2 minutos\" \/>\n<script type=\"application\/ld+json\" class=\"yoast-schema-graph\">{\"@context\":\"https:\\\/\\\/schema.org\",\"@graph\":[{\"@type\":\"Article\",\"@id\":\"https:\\\/\\\/www.altominho.tv\\\/site\\\/2020\\\/03\\\/16\\\/reposicao-das-fronteiras-e-definicao-de-nove-pontos-de-passagem\\\/#article\",\"isPartOf\":{\"@id\":\"https:\\\/\\\/www.altominho.tv\\\/site\\\/2020\\\/03\\\/16\\\/reposicao-das-fronteiras-e-definicao-de-nove-pontos-de-passagem\\\/\"},\"author\":{\"name\":\"Altominho.tv\",\"@id\":\"https:\\\/\\\/www.altominho.tv\\\/site\\\/#\\\/schema\\\/person\\\/4e536851627d7914baf3dac752b6af22\"},\"headline\":\"Reposi\u00e7\u00e3o das fronteiras e defini\u00e7\u00e3o de nove pontos de passagem\",\"datePublished\":\"2020-03-16T14:51:10+00:00\",\"dateModified\":\"2020-03-16T17:50:03+00:00\",\"mainEntityOfPage\":{\"@id\":\"https:\\\/\\\/www.altominho.tv\\\/site\\\/2020\\\/03\\\/16\\\/reposicao-das-fronteiras-e-definicao-de-nove-pontos-de-passagem\\\/\"},\"wordCount\":404,\"image\":{\"@id\":\"https:\\\/\\\/www.altominho.tv\\\/site\\\/2020\\\/03\\\/16\\\/reposicao-das-fronteiras-e-definicao-de-nove-pontos-de-passagem\\\/#primaryimage\"},\"thumbnailUrl\":\"https:\\\/\\\/www.altominho.tv\\\/site\\\/wp-content\\\/uploads\\\/2020\\\/03\\\/Fronteias_TUi.jpg\",\"keywords\":[\"Economia\",\"Sa\u00fade\"],\"articleSection\":[\"Alto Minho\"],\"inLanguage\":\"pt-PT\",\"copyrightYear\":\"2020\",\"copyrightHolder\":{\"@id\":\"https:\\\/\\\/www.altominho.tv\\\/site\\\/#organization\"}},{\"@type\":\"WebPage\",\"@id\":\"https:\\\/\\\/www.altominho.tv\\\/site\\\/2020\\\/03\\\/16\\\/reposicao-das-fronteiras-e-definicao-de-nove-pontos-de-passagem\\\/\",\"url\":\"https:\\\/\\\/www.altominho.tv\\\/site\\\/2020\\\/03\\\/16\\\/reposicao-das-fronteiras-e-definicao-de-nove-pontos-de-passagem\\\/\",\"name\":\"Reposi\u00e7\u00e3o das fronteiras e defini\u00e7\u00e3o de nove pontos de passagem\",\"isPartOf\":{\"@id\":\"https:\\\/\\\/www.altominho.tv\\\/site\\\/#website\"},\"primaryImageOfPage\":{\"@id\":\"https:\\\/\\\/www.altominho.tv\\\/site\\\/2020\\\/03\\\/16\\\/reposicao-das-fronteiras-e-definicao-de-nove-pontos-de-passagem\\\/#primaryimage\"},\"image\":{\"@id\":\"https:\\\/\\\/www.altominho.tv\\\/site\\\/2020\\\/03\\\/16\\\/reposicao-das-fronteiras-e-definicao-de-nove-pontos-de-passagem\\\/#primaryimage\"},\"thumbnailUrl\":\"https:\\\/\\\/www.altominho.tv\\\/site\\\/wp-content\\\/uploads\\\/2020\\\/03\\\/Fronteias_TUi.jpg\",\"datePublished\":\"2020-03-16T14:51:10+00:00\",\"dateModified\":\"2020-03-16T17:50:03+00:00\",\"author\":{\"@id\":\"https:\\\/\\\/www.altominho.tv\\\/site\\\/#\\\/schema\\\/person\\\/4e536851627d7914baf3dac752b6af22\"},\"breadcrumb\":{\"@id\":\"https:\\\/\\\/www.altominho.tv\\\/site\\\/2020\\\/03\\\/16\\\/reposicao-das-fronteiras-e-definicao-de-nove-pontos-de-passagem\\\/#breadcrumb\"},\"inLanguage\":\"pt-PT\",\"potentialAction\":[{\"@type\":\"ReadAction\",\"target\":[\"https:\\\/\\\/www.altominho.tv\\\/site\\\/2020\\\/03\\\/16\\\/reposicao-das-fronteiras-e-definicao-de-nove-pontos-de-passagem\\\/\"]}]},{\"@type\":\"ImageObject\",\"inLanguage\":\"pt-PT\",\"@id\":\"https:\\\/\\\/www.altominho.tv\\\/site\\\/2020\\\/03\\\/16\\\/reposicao-das-fronteiras-e-definicao-de-nove-pontos-de-passagem\\\/#primaryimage\",\"url\":\"https:\\\/\\\/www.altominho.tv\\\/site\\\/wp-content\\\/uploads\\\/2020\\\/03\\\/Fronteias_TUi.jpg\",\"contentUrl\":\"https:\\\/\\\/www.altominho.tv\\\/site\\\/wp-content\\\/uploads\\\/2020\\\/03\\\/Fronteias_TUi.jpg\",\"width\":700,\"height\":450},{\"@type\":\"BreadcrumbList\",\"@id\":\"https:\\\/\\\/www.altominho.tv\\\/site\\\/2020\\\/03\\\/16\\\/reposicao-das-fronteiras-e-definicao-de-nove-pontos-de-passagem\\\/#breadcrumb\",\"itemListElement\":[{\"@type\":\"ListItem\",\"position\":1,\"name\":\"In\u00edcio\",\"item\":\"https:\\\/\\\/www.altominho.tv\\\/site\\\/\"},{\"@type\":\"ListItem\",\"position\":2,\"name\":\"Reposi\u00e7\u00e3o das fronteiras e defini\u00e7\u00e3o de nove pontos de passagem\"}]},{\"@type\":\"WebSite\",\"@id\":\"https:\\\/\\\/www.altominho.tv\\\/site\\\/#website\",\"url\":\"https:\\\/\\\/www.altominho.tv\\\/site\\\/\",\"name\":\"Altominho.tv\",\"description\":\"A sua regi\u00e3o \u00e0 dist\u00e2ncia de um clique...\",\"potentialAction\":[{\"@type\":\"SearchAction\",\"target\":{\"@type\":\"EntryPoint\",\"urlTemplate\":\"https:\\\/\\\/www.altominho.tv\\\/site\\\/?s={search_term_string}\"},\"query-input\":{\"@type\":\"PropertyValueSpecification\",\"valueRequired\":true,\"valueName\":\"search_term_string\"}}],\"inLanguage\":\"pt-PT\"},{\"@type\":\"Person\",\"@id\":\"https:\\\/\\\/www.altominho.tv\\\/site\\\/#\\\/schema\\\/person\\\/4e536851627d7914baf3dac752b6af22\",\"name\":\"Altominho.tv\",\"image\":{\"@type\":\"ImageObject\",\"inLanguage\":\"pt-PT\",\"@id\":\"https:\\\/\\\/www.altominho.tv\\\/site\\\/wp-content\\\/uploads\\\/2019\\\/11\\\/Logo_Avatar_2-150x150.jpg\",\"url\":\"https:\\\/\\\/www.altominho.tv\\\/site\\\/wp-content\\\/uploads\\\/2019\\\/11\\\/Logo_Avatar_2-150x150.jpg\",\"contentUrl\":\"https:\\\/\\\/www.altominho.tv\\\/site\\\/wp-content\\\/uploads\\\/2019\\\/11\\\/Logo_Avatar_2-150x150.jpg\",\"caption\":\"Altominho.tv\"},\"url\":\"https:\\\/\\\/www.altominho.tv\\\/site\\\/author\\\/altominhotv-tecnico\\\/\"}]}<\/script>\n<!-- \/ Yoast SEO Premium plugin. -->","yoast_head_json":{"title":"Reposi\u00e7\u00e3o das fronteiras e defini\u00e7\u00e3o de nove pontos de passagem","robots":{"index":"index","follow":"follow","max-snippet":"max-snippet:-1","max-image-preview":"max-image-preview:large","max-video-preview":"max-video-preview:-1"},"canonical":"https:\/\/www.altominho.tv\/site\/2020\/03\/16\/reposicao-das-fronteiras-e-definicao-de-nove-pontos-de-passagem\/","og_locale":"pt_PT","og_type":"article","og_title":"Reposi\u00e7\u00e3o das fronteiras e defini\u00e7\u00e3o de nove pontos de passagem","og_description":"Portugal e Espanha est\u00e3o a concluir as notas t\u00e9cnicas que permitir\u00e3o ainda hoje reintroduzir os controlos de fronteiras terrestres, estabelecendo exclusivamente nove pontos de passagem, disse Eduardo Cabrita, avan\u00e7ando que \u201ctodas as outras passagens v\u00e3o ser absolutamente interditadas\u201d. Valen\u00e7a\/Tui, Chaves\/Ver\u00edn, Quintanilha\/San Vitero, Vilar Formoso\/Fuentes de O\u00f1oro, Monfortinho, Marv\u00e3o\/Val\u00eancia de Alc\u00e2ntara, Caia\/Badajoz, Vila Verde de Ficalho\/Rosal [&hellip;]","og_url":"https:\/\/www.altominho.tv\/site\/2020\/03\/16\/reposicao-das-fronteiras-e-definicao-de-nove-pontos-de-passagem\/","og_site_name":"Altominho.tv","article_publisher":"https:\/\/www.facebook.com\/altominhotv","article_published_time":"2020-03-16T14:51:10+00:00","article_modified_time":"2020-03-16T17:50:03+00:00","og_image":[{"width":700,"height":450,"url":"https:\/\/www.altominho.tv\/site\/wp-content\/uploads\/2020\/03\/Fronteias_TUi.jpg","type":"image\/jpeg"}],"author":"Altominho.tv","twitter_card":"summary_large_image","twitter_creator":"@altominhoTV","twitter_site":"@altominhoTV","twitter_misc":{"Escrito por":"Altominho.tv","Tempo estimado de leitura":"2 minutos"},"schema":{"@context":"https:\/\/schema.org","@graph":[{"@type":"Article","@id":"https:\/\/www.altominho.tv\/site\/2020\/03\/16\/reposicao-das-fronteiras-e-definicao-de-nove-pontos-de-passagem\/#article","isPartOf":{"@id":"https:\/\/www.altominho.tv\/site\/2020\/03\/16\/reposicao-das-fronteiras-e-definicao-de-nove-pontos-de-passagem\/"},"author":{"name":"Altominho.tv","@id":"https:\/\/www.altominho.tv\/site\/#\/schema\/person\/4e536851627d7914baf3dac752b6af22"},"headline":"Reposi\u00e7\u00e3o das fronteiras e defini\u00e7\u00e3o de nove pontos de passagem","datePublished":"2020-03-16T14:51:10+00:00","dateModified":"2020-03-16T17:50:03+00:00","mainEntityOfPage":{"@id":"https:\/\/www.altominho.tv\/site\/2020\/03\/16\/reposicao-das-fronteiras-e-definicao-de-nove-pontos-de-passagem\/"},"wordCount":404,"image":{"@id":"https:\/\/www.altominho.tv\/site\/2020\/03\/16\/reposicao-das-fronteiras-e-definicao-de-nove-pontos-de-passagem\/#primaryimage"},"thumbnailUrl":"https:\/\/www.altominho.tv\/site\/wp-content\/uploads\/2020\/03\/Fronteias_TUi.jpg","keywords":["Economia","Sa\u00fade"],"articleSection":["Alto Minho"],"inLanguage":"pt-PT","copyrightYear":"2020","copyrightHolder":{"@id":"https:\/\/www.altominho.tv\/site\/#organization"}},{"@type":"WebPage","@id":"https:\/\/www.altominho.tv\/site\/2020\/03\/16\/reposicao-das-fronteiras-e-definicao-de-nove-pontos-de-passagem\/","url":"https:\/\/www.altominho.tv\/site\/2020\/03\/16\/reposicao-das-fronteiras-e-definicao-de-nove-pontos-de-passagem\/","name":"Reposi\u00e7\u00e3o das fronteiras e defini\u00e7\u00e3o de nove pontos de passagem","isPartOf":{"@id":"https:\/\/www.altominho.tv\/site\/#website"},"primaryImageOfPage":{"@id":"https:\/\/www.altominho.tv\/site\/2020\/03\/16\/reposicao-das-fronteiras-e-definicao-de-nove-pontos-de-passagem\/#primaryimage"},"image":{"@id":"https:\/\/www.altominho.tv\/site\/2020\/03\/16\/reposicao-das-fronteiras-e-definicao-de-nove-pontos-de-passagem\/#primaryimage"},"thumbnailUrl":"https:\/\/www.altominho.tv\/site\/wp-content\/uploads\/2020\/03\/Fronteias_TUi.jpg","datePublished":"2020-03-16T14:51:10+00:00","dateModified":"2020-03-16T17:50:03+00:00","author":{"@id":"https:\/\/www.altominho.tv\/site\/#\/schema\/person\/4e536851627d7914baf3dac752b6af22"},"breadcrumb":{"@id":"https:\/\/www.altominho.tv\/site\/2020\/03\/16\/reposicao-das-fronteiras-e-definicao-de-nove-pontos-de-passagem\/#breadcrumb"},"inLanguage":"pt-PT","potentialAction":[{"@type":"ReadAction","target":["https:\/\/www.altominho.tv\/site\/2020\/03\/16\/reposicao-das-fronteiras-e-definicao-de-nove-pontos-de-passagem\/"]}]},{"@type":"ImageObject","inLanguage":"pt-PT","@id":"https:\/\/www.altominho.tv\/site\/2020\/03\/16\/reposicao-das-fronteiras-e-definicao-de-nove-pontos-de-passagem\/#primaryimage","url":"https:\/\/www.altominho.tv\/site\/wp-content\/uploads\/2020\/03\/Fronteias_TUi.jpg","contentUrl":"https:\/\/www.altominho.tv\/site\/wp-content\/uploads\/2020\/03\/Fronteias_TUi.jpg","width":700,"height":450},{"@type":"BreadcrumbList","@id":"https:\/\/www.altominho.tv\/site\/2020\/03\/16\/reposicao-das-fronteiras-e-definicao-de-nove-pontos-de-passagem\/#breadcrumb","itemListElement":[{"@type":"ListItem","position":1,"name":"In\u00edcio","item":"https:\/\/www.altominho.tv\/site\/"},{"@type":"ListItem","position":2,"name":"Reposi\u00e7\u00e3o das fronteiras e defini\u00e7\u00e3o de nove pontos de passagem"}]},{"@type":"WebSite","@id":"https:\/\/www.altominho.tv\/site\/#website","url":"https:\/\/www.altominho.tv\/site\/","name":"Altominho.tv","description":"A sua regi\u00e3o \u00e0 dist\u00e2ncia de um clique...","potentialAction":[{"@type":"SearchAction","target":{"@type":"EntryPoint","urlTemplate":"https:\/\/www.altominho.tv\/site\/?s={search_term_string}"},"query-input":{"@type":"PropertyValueSpecification","valueRequired":true,"valueName":"search_term_string"}}],"inLanguage":"pt-PT"},{"@type":"Person","@id":"https:\/\/www.altominho.tv\/site\/#\/schema\/person\/4e536851627d7914baf3dac752b6af22","name":"Altominho.tv","image":{"@type":"ImageObject","inLanguage":"pt-PT","@id":"https:\/\/www.altominho.tv\/site\/wp-content\/uploads\/2019\/11\/Logo_Avatar_2-150x150.jpg","url":"https:\/\/www.altominho.tv\/site\/wp-content\/uploads\/2019\/11\/Logo_Avatar_2-150x150.jpg","contentUrl":"https:\/\/www.altominho.tv\/site\/wp-content\/uploads\/2019\/11\/Logo_Avatar_2-150x150.jpg","caption":"Altominho.tv"},"url":"https:\/\/www.altominho.tv\/site\/author\/altominhotv-tecnico\/"}]}},"_links":{"self":[{"href":"https:\/\/www.altominho.tv\/site\/wp-json\/wp\/v2\/posts\/41694","targetHints":{"allow":["GET"]}}],"collection":[{"href":"https:\/\/www.altominho.tv\/site\/wp-json\/wp\/v2\/posts"}],"about":[{"href":"https:\/\/www.altominho.tv\/site\/wp-json\/wp\/v2\/types\/post"}],"author":[{"embeddable":true,"href":"https:\/\/www.altominho.tv\/site\/wp-json\/wp\/v2\/users\/1"}],"replies":[{"embeddable":true,"href":"https:\/\/www.altominho.tv\/site\/wp-json\/wp\/v2\/comments?post=41694"}],"version-history":[{"count":0,"href":"https:\/\/www.altominho.tv\/site\/wp-json\/wp\/v2\/posts\/41694\/revisions"}],"wp:featuredmedia":[{"embeddable":true,"href":"https:\/\/www.altominho.tv\/site\/wp-json\/wp\/v2\/media\/41708"}],"wp:attachment":[{"href":"https:\/\/www.altominho.tv\/site\/wp-json\/wp\/v2\/media?parent=41694"}],"wp:term":[{"taxonomy":"category","embeddable":true,"href":"https:\/\/www.altominho.tv\/site\/wp-json\/wp\/v2\/categories?post=41694"},{"taxonomy":"post_tag","embeddable":true,"href":"https:\/\/www.altominho.tv\/site\/wp-json\/wp\/v2\/tags?post=41694"}],"curies":[{"name":"wp","href":"https:\/\/api.w.org\/{rel}","templated":true}]}}