{"id":41674,"date":"2020-03-15T21:19:06","date_gmt":"2020-03-15T21:19:06","guid":{"rendered":"http:\/\/www.altominho.tv\/site\/?p=41674"},"modified":"2020-03-15T21:19:14","modified_gmt":"2020-03-15T21:19:14","slug":"ultima-hora-estado-de-emergencia-sera-decidido-na-quarta-feira","status":"publish","type":"post","link":"https:\/\/www.altominho.tv\/site\/2020\/03\/15\/ultima-hora-estado-de-emergencia-sera-decidido-na-quarta-feira\/","title":{"rendered":"\u00daLTIMA HORA: Estado de emerg\u00eancia ser\u00e1 decidido na quarta-feira"},"content":{"rendered":"\n<p>Marcelo Rebelo de Sousa falou ao pa\u00eds este domingo e revelou ter convocado uma reuni\u00e3o com o Conselho de Estado para esta quarta-feira.<\/p>\n\n\n\n<p>O Presidente da Rep\u00fablica referiu que tem acompanhado minuto a minuto a situa\u00e7\u00e3o que o Pa\u00eds enfrenta.<\/p>\n\n\n\n<p>Marcelo Rebelo de Sousa deixou ainda um agradecimento e um apelo aos portugueses. <\/p>\n\n\n\n<p>O Presidente da Rep\u00fablica apelou aos mais jovens\u00a0e menos jovens e recordou que outras lutas j\u00e1 foram travadas e ultrapassadas.<\/p>\n\n\n\n<p><em>&#8220;Apelar aos menos jovens, como eu, para que saibam compreender e resistir, aos mais jovens para que respeitem os menos jovens, a quem tanto devem, nomeadamente na crise econ\u00f3mica e financeira. Mais do que um apelo, uma certeza, vencemos a pneum\u00f3nica h\u00e1 100 anos, foi devastadora, vencemos pestes desde que somos Portugal, vencemos crises econ\u00f3micas e financeiras, vamos vencer&#8221;.<\/em><\/p>\n\n\n\n<p>O Primeiro- Ministro Ant\u00f3nio Costa referiu este domingo que caso o Presidente da Rep\u00fablica procurasse convocar o Conselho de Estado, e este sugerisse o Estado de Emerg\u00eancia Nacional, o Governo n\u00e3o se oporia \u00e0 vontade de Marcelo Rebelo de Sousa. <\/p>\n\n\n\n<p>A decis\u00e3o ser\u00e1 tomada na quarta-feira. <\/p>\n","protected":false},"excerpt":{"rendered":"<p>Marcelo Rebelo de Sousa falou ao pa\u00eds este domingo e revelou ter convocado uma reuni\u00e3o com o Conselho de Estado para esta quarta-feira. O Presidente da Rep\u00fablica referiu que tem acompanhado minuto a minuto a situa\u00e7\u00e3o que o Pa\u00eds enfrenta. Marcelo Rebelo de Sousa deixou ainda um agradecimento e um apelo aos portugueses. O Presidente [&hellip;]<\/p>\n","protected":false},"author":7,"featured_media":41675,"comment_status":"closed","ping_status":"closed","sticky":false,"template":"","format":"standard","meta":{"_exactmetrics_skip_tracking":false,"_exactmetrics_sitenote_active":false,"_exactmetrics_sitenote_note":"","_exactmetrics_sitenote_category":0,"footnotes":""},"categories":[73],"tags":[26,27],"class_list":["post-41674","post","type-post","status-publish","format-standard","has-post-thumbnail","hentry","category-alto-minho","tag-saude","tag-sociedade"],"yoast_head":"<!-- This site is optimized with the Yoast SEO Premium plugin v27.5 (Yoast SEO v27.5) - https:\/\/yoast.com\/product\/yoast-seo-premium-wordpress\/ -->\n<title>\u00daLTIMA HORA: Estado de emerg\u00eancia ser\u00e1 decidido na quarta-feira<\/title>\n<meta name=\"robots\" content=\"index, follow, max-snippet:-1, max-image-preview:large, max-video-preview:-1\" \/>\n<link rel=\"canonical\" href=\"https:\/\/www.altominho.tv\/site\/2020\/03\/15\/ultima-hora-estado-de-emergencia-sera-decidido-na-quarta-feira\/\" \/>\n<meta property=\"og:locale\" content=\"pt_PT\" \/>\n<meta property=\"og:type\" content=\"article\" \/>\n<meta property=\"og:title\" content=\"\u00daLTIMA HORA: Estado de emerg\u00eancia ser\u00e1 decidido na quarta-feira\" \/>\n<meta property=\"og:description\" content=\"Marcelo Rebelo de Sousa falou ao pa\u00eds este domingo e revelou ter convocado uma reuni\u00e3o com o Conselho de Estado para esta quarta-feira. O Presidente da Rep\u00fablica referiu que tem acompanhado minuto a minuto a situa\u00e7\u00e3o que o Pa\u00eds enfrenta. Marcelo Rebelo de Sousa deixou ainda um agradecimento e um apelo aos portugueses. O Presidente [&hellip;]\" \/>\n<meta property=\"og:url\" content=\"https:\/\/www.altominho.tv\/site\/2020\/03\/15\/ultima-hora-estado-de-emergencia-sera-decidido-na-quarta-feira\/\" \/>\n<meta property=\"og:site_name\" content=\"Altominho.tv\" \/>\n<meta property=\"article:publisher\" content=\"https:\/\/www.facebook.com\/altominhotv\" \/>\n<meta property=\"article:published_time\" content=\"2020-03-15T21:19:06+00:00\" \/>\n<meta property=\"article:modified_time\" content=\"2020-03-15T21:19:14+00:00\" \/>\n<meta property=\"og:image\" content=\"https:\/\/www.altominho.tv\/site\/wp-content\/uploads\/2020\/03\/marcelors.jpg\" \/>\n\t<meta property=\"og:image:width\" content=\"960\" \/>\n\t<meta property=\"og:image:height\" content=\"640\" \/>\n\t<meta property=\"og:image:type\" content=\"image\/jpeg\" \/>\n<meta name=\"author\" content=\"Andreia Cunha\" \/>\n<meta name=\"twitter:card\" content=\"summary_large_image\" \/>\n<meta name=\"twitter:creator\" content=\"@altominhoTV\" \/>\n<meta name=\"twitter:site\" content=\"@altominhoTV\" \/>\n<meta name=\"twitter:label1\" content=\"Escrito por\" \/>\n\t<meta name=\"twitter:data1\" content=\"Andreia Cunha\" \/>\n\t<meta name=\"twitter:label2\" content=\"Tempo estimado de leitura\" \/>\n\t<meta name=\"twitter:data2\" content=\"1 minuto\" \/>\n<script type=\"application\/ld+json\" class=\"yoast-schema-graph\">{\"@context\":\"https:\\\/\\\/schema.org\",\"@graph\":[{\"@type\":\"Article\",\"@id\":\"https:\\\/\\\/www.altominho.tv\\\/site\\\/2020\\\/03\\\/15\\\/ultima-hora-estado-de-emergencia-sera-decidido-na-quarta-feira\\\/#article\",\"isPartOf\":{\"@id\":\"https:\\\/\\\/www.altominho.tv\\\/site\\\/2020\\\/03\\\/15\\\/ultima-hora-estado-de-emergencia-sera-decidido-na-quarta-feira\\\/\"},\"author\":{\"name\":\"Andreia Cunha\",\"@id\":\"https:\\\/\\\/www.altominho.tv\\\/site\\\/#\\\/schema\\\/person\\\/a0e4ef6d041f98ca284393d8f1d97153\"},\"headline\":\"\u00daLTIMA HORA: Estado de emerg\u00eancia ser\u00e1 decidido na quarta-feira\",\"datePublished\":\"2020-03-15T21:19:06+00:00\",\"dateModified\":\"2020-03-15T21:19:14+00:00\",\"mainEntityOfPage\":{\"@id\":\"https:\\\/\\\/www.altominho.tv\\\/site\\\/2020\\\/03\\\/15\\\/ultima-hora-estado-de-emergencia-sera-decidido-na-quarta-feira\\\/\"},\"wordCount\":201,\"image\":{\"@id\":\"https:\\\/\\\/www.altominho.tv\\\/site\\\/2020\\\/03\\\/15\\\/ultima-hora-estado-de-emergencia-sera-decidido-na-quarta-feira\\\/#primaryimage\"},\"thumbnailUrl\":\"https:\\\/\\\/www.altominho.tv\\\/site\\\/wp-content\\\/uploads\\\/2020\\\/03\\\/marcelors.jpg\",\"keywords\":[\"Sa\u00fade\",\"Sociedade\"],\"articleSection\":[\"Alto Minho\"],\"inLanguage\":\"pt-PT\",\"copyrightYear\":\"2020\",\"copyrightHolder\":{\"@id\":\"https:\\\/\\\/www.altominho.tv\\\/site\\\/#organization\"}},{\"@type\":\"WebPage\",\"@id\":\"https:\\\/\\\/www.altominho.tv\\\/site\\\/2020\\\/03\\\/15\\\/ultima-hora-estado-de-emergencia-sera-decidido-na-quarta-feira\\\/\",\"url\":\"https:\\\/\\\/www.altominho.tv\\\/site\\\/2020\\\/03\\\/15\\\/ultima-hora-estado-de-emergencia-sera-decidido-na-quarta-feira\\\/\",\"name\":\"\u00daLTIMA HORA: Estado de emerg\u00eancia ser\u00e1 decidido na quarta-feira\",\"isPartOf\":{\"@id\":\"https:\\\/\\\/www.altominho.tv\\\/site\\\/#website\"},\"primaryImageOfPage\":{\"@id\":\"https:\\\/\\\/www.altominho.tv\\\/site\\\/2020\\\/03\\\/15\\\/ultima-hora-estado-de-emergencia-sera-decidido-na-quarta-feira\\\/#primaryimage\"},\"image\":{\"@id\":\"https:\\\/\\\/www.altominho.tv\\\/site\\\/2020\\\/03\\\/15\\\/ultima-hora-estado-de-emergencia-sera-decidido-na-quarta-feira\\\/#primaryimage\"},\"thumbnailUrl\":\"https:\\\/\\\/www.altominho.tv\\\/site\\\/wp-content\\\/uploads\\\/2020\\\/03\\\/marcelors.jpg\",\"datePublished\":\"2020-03-15T21:19:06+00:00\",\"dateModified\":\"2020-03-15T21:19:14+00:00\",\"author\":{\"@id\":\"https:\\\/\\\/www.altominho.tv\\\/site\\\/#\\\/schema\\\/person\\\/a0e4ef6d041f98ca284393d8f1d97153\"},\"breadcrumb\":{\"@id\":\"https:\\\/\\\/www.altominho.tv\\\/site\\\/2020\\\/03\\\/15\\\/ultima-hora-estado-de-emergencia-sera-decidido-na-quarta-feira\\\/#breadcrumb\"},\"inLanguage\":\"pt-PT\",\"potentialAction\":[{\"@type\":\"ReadAction\",\"target\":[\"https:\\\/\\\/www.altominho.tv\\\/site\\\/2020\\\/03\\\/15\\\/ultima-hora-estado-de-emergencia-sera-decidido-na-quarta-feira\\\/\"]}]},{\"@type\":\"ImageObject\",\"inLanguage\":\"pt-PT\",\"@id\":\"https:\\\/\\\/www.altominho.tv\\\/site\\\/2020\\\/03\\\/15\\\/ultima-hora-estado-de-emergencia-sera-decidido-na-quarta-feira\\\/#primaryimage\",\"url\":\"https:\\\/\\\/www.altominho.tv\\\/site\\\/wp-content\\\/uploads\\\/2020\\\/03\\\/marcelors.jpg\",\"contentUrl\":\"https:\\\/\\\/www.altominho.tv\\\/site\\\/wp-content\\\/uploads\\\/2020\\\/03\\\/marcelors.jpg\",\"width\":960,\"height\":640},{\"@type\":\"BreadcrumbList\",\"@id\":\"https:\\\/\\\/www.altominho.tv\\\/site\\\/2020\\\/03\\\/15\\\/ultima-hora-estado-de-emergencia-sera-decidido-na-quarta-feira\\\/#breadcrumb\",\"itemListElement\":[{\"@type\":\"ListItem\",\"position\":1,\"name\":\"In\u00edcio\",\"item\":\"https:\\\/\\\/www.altominho.tv\\\/site\\\/\"},{\"@type\":\"ListItem\",\"position\":2,\"name\":\"\u00daLTIMA HORA: Estado de emerg\u00eancia ser\u00e1 decidido na quarta-feira\"}]},{\"@type\":\"WebSite\",\"@id\":\"https:\\\/\\\/www.altominho.tv\\\/site\\\/#website\",\"url\":\"https:\\\/\\\/www.altominho.tv\\\/site\\\/\",\"name\":\"Altominho.tv\",\"description\":\"A sua regi\u00e3o \u00e0 dist\u00e2ncia de um clique...\",\"potentialAction\":[{\"@type\":\"SearchAction\",\"target\":{\"@type\":\"EntryPoint\",\"urlTemplate\":\"https:\\\/\\\/www.altominho.tv\\\/site\\\/?s={search_term_string}\"},\"query-input\":{\"@type\":\"PropertyValueSpecification\",\"valueRequired\":true,\"valueName\":\"search_term_string\"}}],\"inLanguage\":\"pt-PT\"},{\"@type\":\"Person\",\"@id\":\"https:\\\/\\\/www.altominho.tv\\\/site\\\/#\\\/schema\\\/person\\\/a0e4ef6d041f98ca284393d8f1d97153\",\"name\":\"Andreia Cunha\",\"image\":{\"@type\":\"ImageObject\",\"inLanguage\":\"pt-PT\",\"@id\":\"https:\\\/\\\/www.altominho.tv\\\/site\\\/wp-content\\\/uploads\\\/2017\\\/11\\\/Andreia_Cunha-1-150x150.jpg\",\"url\":\"https:\\\/\\\/www.altominho.tv\\\/site\\\/wp-content\\\/uploads\\\/2017\\\/11\\\/Andreia_Cunha-1-150x150.jpg\",\"contentUrl\":\"https:\\\/\\\/www.altominho.tv\\\/site\\\/wp-content\\\/uploads\\\/2017\\\/11\\\/Andreia_Cunha-1-150x150.jpg\",\"caption\":\"Andreia Cunha\"},\"url\":\"https:\\\/\\\/www.altominho.tv\\\/site\\\/author\\\/andreiacunha\\\/\"}]}<\/script>\n<!-- \/ Yoast SEO Premium plugin. -->","yoast_head_json":{"title":"\u00daLTIMA HORA: Estado de emerg\u00eancia ser\u00e1 decidido na quarta-feira","robots":{"index":"index","follow":"follow","max-snippet":"max-snippet:-1","max-image-preview":"max-image-preview:large","max-video-preview":"max-video-preview:-1"},"canonical":"https:\/\/www.altominho.tv\/site\/2020\/03\/15\/ultima-hora-estado-de-emergencia-sera-decidido-na-quarta-feira\/","og_locale":"pt_PT","og_type":"article","og_title":"\u00daLTIMA HORA: Estado de emerg\u00eancia ser\u00e1 decidido na quarta-feira","og_description":"Marcelo Rebelo de Sousa falou ao pa\u00eds este domingo e revelou ter convocado uma reuni\u00e3o com o Conselho de Estado para esta quarta-feira. O Presidente da Rep\u00fablica referiu que tem acompanhado minuto a minuto a situa\u00e7\u00e3o que o Pa\u00eds enfrenta. Marcelo Rebelo de Sousa deixou ainda um agradecimento e um apelo aos portugueses. O Presidente [&hellip;]","og_url":"https:\/\/www.altominho.tv\/site\/2020\/03\/15\/ultima-hora-estado-de-emergencia-sera-decidido-na-quarta-feira\/","og_site_name":"Altominho.tv","article_publisher":"https:\/\/www.facebook.com\/altominhotv","article_published_time":"2020-03-15T21:19:06+00:00","article_modified_time":"2020-03-15T21:19:14+00:00","og_image":[{"width":960,"height":640,"url":"https:\/\/www.altominho.tv\/site\/wp-content\/uploads\/2020\/03\/marcelors.jpg","type":"image\/jpeg"}],"author":"Andreia Cunha","twitter_card":"summary_large_image","twitter_creator":"@altominhoTV","twitter_site":"@altominhoTV","twitter_misc":{"Escrito por":"Andreia Cunha","Tempo estimado de leitura":"1 minuto"},"schema":{"@context":"https:\/\/schema.org","@graph":[{"@type":"Article","@id":"https:\/\/www.altominho.tv\/site\/2020\/03\/15\/ultima-hora-estado-de-emergencia-sera-decidido-na-quarta-feira\/#article","isPartOf":{"@id":"https:\/\/www.altominho.tv\/site\/2020\/03\/15\/ultima-hora-estado-de-emergencia-sera-decidido-na-quarta-feira\/"},"author":{"name":"Andreia Cunha","@id":"https:\/\/www.altominho.tv\/site\/#\/schema\/person\/a0e4ef6d041f98ca284393d8f1d97153"},"headline":"\u00daLTIMA HORA: Estado de emerg\u00eancia ser\u00e1 decidido na quarta-feira","datePublished":"2020-03-15T21:19:06+00:00","dateModified":"2020-03-15T21:19:14+00:00","mainEntityOfPage":{"@id":"https:\/\/www.altominho.tv\/site\/2020\/03\/15\/ultima-hora-estado-de-emergencia-sera-decidido-na-quarta-feira\/"},"wordCount":201,"image":{"@id":"https:\/\/www.altominho.tv\/site\/2020\/03\/15\/ultima-hora-estado-de-emergencia-sera-decidido-na-quarta-feira\/#primaryimage"},"thumbnailUrl":"https:\/\/www.altominho.tv\/site\/wp-content\/uploads\/2020\/03\/marcelors.jpg","keywords":["Sa\u00fade","Sociedade"],"articleSection":["Alto Minho"],"inLanguage":"pt-PT","copyrightYear":"2020","copyrightHolder":{"@id":"https:\/\/www.altominho.tv\/site\/#organization"}},{"@type":"WebPage","@id":"https:\/\/www.altominho.tv\/site\/2020\/03\/15\/ultima-hora-estado-de-emergencia-sera-decidido-na-quarta-feira\/","url":"https:\/\/www.altominho.tv\/site\/2020\/03\/15\/ultima-hora-estado-de-emergencia-sera-decidido-na-quarta-feira\/","name":"\u00daLTIMA HORA: Estado de emerg\u00eancia ser\u00e1 decidido na quarta-feira","isPartOf":{"@id":"https:\/\/www.altominho.tv\/site\/#website"},"primaryImageOfPage":{"@id":"https:\/\/www.altominho.tv\/site\/2020\/03\/15\/ultima-hora-estado-de-emergencia-sera-decidido-na-quarta-feira\/#primaryimage"},"image":{"@id":"https:\/\/www.altominho.tv\/site\/2020\/03\/15\/ultima-hora-estado-de-emergencia-sera-decidido-na-quarta-feira\/#primaryimage"},"thumbnailUrl":"https:\/\/www.altominho.tv\/site\/wp-content\/uploads\/2020\/03\/marcelors.jpg","datePublished":"2020-03-15T21:19:06+00:00","dateModified":"2020-03-15T21:19:14+00:00","author":{"@id":"https:\/\/www.altominho.tv\/site\/#\/schema\/person\/a0e4ef6d041f98ca284393d8f1d97153"},"breadcrumb":{"@id":"https:\/\/www.altominho.tv\/site\/2020\/03\/15\/ultima-hora-estado-de-emergencia-sera-decidido-na-quarta-feira\/#breadcrumb"},"inLanguage":"pt-PT","potentialAction":[{"@type":"ReadAction","target":["https:\/\/www.altominho.tv\/site\/2020\/03\/15\/ultima-hora-estado-de-emergencia-sera-decidido-na-quarta-feira\/"]}]},{"@type":"ImageObject","inLanguage":"pt-PT","@id":"https:\/\/www.altominho.tv\/site\/2020\/03\/15\/ultima-hora-estado-de-emergencia-sera-decidido-na-quarta-feira\/#primaryimage","url":"https:\/\/www.altominho.tv\/site\/wp-content\/uploads\/2020\/03\/marcelors.jpg","contentUrl":"https:\/\/www.altominho.tv\/site\/wp-content\/uploads\/2020\/03\/marcelors.jpg","width":960,"height":640},{"@type":"BreadcrumbList","@id":"https:\/\/www.altominho.tv\/site\/2020\/03\/15\/ultima-hora-estado-de-emergencia-sera-decidido-na-quarta-feira\/#breadcrumb","itemListElement":[{"@type":"ListItem","position":1,"name":"In\u00edcio","item":"https:\/\/www.altominho.tv\/site\/"},{"@type":"ListItem","position":2,"name":"\u00daLTIMA HORA: Estado de emerg\u00eancia ser\u00e1 decidido na quarta-feira"}]},{"@type":"WebSite","@id":"https:\/\/www.altominho.tv\/site\/#website","url":"https:\/\/www.altominho.tv\/site\/","name":"Altominho.tv","description":"A sua regi\u00e3o \u00e0 dist\u00e2ncia de um clique...","potentialAction":[{"@type":"SearchAction","target":{"@type":"EntryPoint","urlTemplate":"https:\/\/www.altominho.tv\/site\/?s={search_term_string}"},"query-input":{"@type":"PropertyValueSpecification","valueRequired":true,"valueName":"search_term_string"}}],"inLanguage":"pt-PT"},{"@type":"Person","@id":"https:\/\/www.altominho.tv\/site\/#\/schema\/person\/a0e4ef6d041f98ca284393d8f1d97153","name":"Andreia Cunha","image":{"@type":"ImageObject","inLanguage":"pt-PT","@id":"https:\/\/www.altominho.tv\/site\/wp-content\/uploads\/2017\/11\/Andreia_Cunha-1-150x150.jpg","url":"https:\/\/www.altominho.tv\/site\/wp-content\/uploads\/2017\/11\/Andreia_Cunha-1-150x150.jpg","contentUrl":"https:\/\/www.altominho.tv\/site\/wp-content\/uploads\/2017\/11\/Andreia_Cunha-1-150x150.jpg","caption":"Andreia Cunha"},"url":"https:\/\/www.altominho.tv\/site\/author\/andreiacunha\/"}]}},"_links":{"self":[{"href":"https:\/\/www.altominho.tv\/site\/wp-json\/wp\/v2\/posts\/41674","targetHints":{"allow":["GET"]}}],"collection":[{"href":"https:\/\/www.altominho.tv\/site\/wp-json\/wp\/v2\/posts"}],"about":[{"href":"https:\/\/www.altominho.tv\/site\/wp-json\/wp\/v2\/types\/post"}],"author":[{"embeddable":true,"href":"https:\/\/www.altominho.tv\/site\/wp-json\/wp\/v2\/users\/7"}],"replies":[{"embeddable":true,"href":"https:\/\/www.altominho.tv\/site\/wp-json\/wp\/v2\/comments?post=41674"}],"version-history":[{"count":0,"href":"https:\/\/www.altominho.tv\/site\/wp-json\/wp\/v2\/posts\/41674\/revisions"}],"wp:featuredmedia":[{"embeddable":true,"href":"https:\/\/www.altominho.tv\/site\/wp-json\/wp\/v2\/media\/41675"}],"wp:attachment":[{"href":"https:\/\/www.altominho.tv\/site\/wp-json\/wp\/v2\/media?parent=41674"}],"wp:term":[{"taxonomy":"category","embeddable":true,"href":"https:\/\/www.altominho.tv\/site\/wp-json\/wp\/v2\/categories?post=41674"},{"taxonomy":"post_tag","embeddable":true,"href":"https:\/\/www.altominho.tv\/site\/wp-json\/wp\/v2\/tags?post=41674"}],"curies":[{"name":"wp","href":"https:\/\/api.w.org\/{rel}","templated":true}]}}