{"id":41670,"date":"2020-03-15T21:00:30","date_gmt":"2020-03-15T21:00:30","guid":{"rendered":"http:\/\/www.altominho.tv\/site\/?p=41670"},"modified":"2020-03-19T12:34:30","modified_gmt":"2020-03-19T12:34:30","slug":"covid-19-direcoes-regionais-de-cultura-encerram-museus-e-monumentos","status":"publish","type":"post","link":"https:\/\/www.altominho.tv\/site\/2020\/03\/15\/covid-19-direcoes-regionais-de-cultura-encerram-museus-e-monumentos\/","title":{"rendered":"Covid-19: Dire\u00e7\u00f5es regionais de Cultura encerram museus e monumentos"},"content":{"rendered":"\n<p>Os museus e monumentos portugueses, dependentes das dire\u00e7\u00f5es regionais de Cultura do Norte, Centro, Alentejo e Algarve, foram hoje encerrados, por tempo indeterminado, em resposta \u00e0 pandemia de Covid-19, anunciaram estes organismos, nas suas p\u00e1ginas oficiais, na Internet.<br><\/p>\n\n\n\n<p>Num total de quase 40 museus, monumentos e s\u00edtios, geridos pelas quatro dire\u00e7\u00f5es regionais de Cultura de Portugal Continental, a medida abrange locais como o Castelo de Guimar\u00e3es, o Museu Abade de Ba\u00e7al, em Bragan\u00e7a, o Museu de Lamego, o Museu Jos\u00e9 Malhoa, em Caldas da Rainha, o Convento de Santa Clara-a-Velha, em Coimbra, o Museu de Beja, o Castelo de Elvas e a Fortaleza de Sagres, no Algarve.<br><\/p>\n\n\n\n<p>&#8220;Na sequ\u00eancia das medidas adotadas em Conselho de Ministros, e por forma a garantir as recomenda\u00e7\u00f5es da DGS [Dire\u00e7\u00e3o-Geral da Sa\u00fade], relativas \u00e0 concentra\u00e7\u00e3o de pessoas, a partir de 15 mar\u00e7o est\u00e3o encerrados v\u00e1rios museus e monumentos sob gest\u00e3o da Dire\u00e7\u00e3o Regional de Cultura do Norte (DRCN)&#8221;, l\u00ea-se na p\u00e1gina deste organismo tutelado pelo Minist\u00e9rio da Cultura.<br><\/p>\n\n\n\n<p>Avisos do mesmo teor encontram-se nas p\u00e1ginas das dire\u00e7\u00f5es regionais de Cultura do Centro (DRCC), do Alentejo (DRCAlentejo) e do Algarve (DCRAlg). \u00c9 tamb\u00e9m comum a informa\u00e7\u00e3o de que &#8220;o encerramento tempor\u00e1rio ir\u00e1 manter-se at\u00e9 indica\u00e7\u00e3o em contr\u00e1rio&#8221;.<br><\/p>\n\n\n\n<p>A Norte, al\u00e9m do Castelo de Guimar\u00e3es e dos museus de Bragan\u00e7a e de Lamego, encontram-se tamb\u00e9m encerrados ao p\u00fablico os museus D. Diogo de Sousa e dos Biscainhos, e o Mosteiro de Tib\u00e3es, em Braga, o Pa\u00e7o dos Duques de Bragan\u00e7a e o Museu de Alberto Sampaio, em Guimar\u00e3es, a Rede de Monumentos do Vale do Varosa, em Lamego e Tarouca, o Museu da Terra de Miranda e a Concatedral de Miranda do Douro, em Miranda do Douro, a \u00c1rea Arqueol\u00f3gica do Freixo, em Marco de Canaveses, o Centro de Interpreta\u00e7\u00e3o do Patrim\u00f3nio da Serra do Pilar, em Gaia, o Santu\u00e1rio de Panoias, em Vila Real, e a Cit\u00e2nia de Santa Luzia, em Viana do Castelo.<br><\/p>\n\n\n\n<p>Na regi\u00e3o Centro foram igualmente fechados o Museu da Cer\u00e2mica, em Caldas da Rainha, e o Museu Dr. Joaquim Manso, na Nazar\u00e9.<br><\/p>\n\n\n\n<p>A DRCAlentejo, por seu lado, alargou a lista de equipamentos encerrados \u00e0 Gruta do Escoural, aos s\u00edtios arqueol\u00f3gicos de Torre de Palma, de Mir\u00f3briga e de S. Cucufate, \u00e0 Cripta Arqueol\u00f3gica do Castelo de Alc\u00e1cer do Sal, aos castelos de Viana do Alentejo, Belver, Amieira do Tejo e de M\u00e9rtola, ao Pa\u00e7o do Castelo de Evoramonte, \u00e0s s\u00e9s de \u00c9vora e de Elvas, \u00e0s igrejas de S. Francisco de Portalegre, de Nossa Senhora das Salas e do Mosteiro de Santa Maria de Flor da Rosa, \u00e0 Torre e Igreja do Salvador, em \u00c9vora, e ao Lagar de Varas do Fojo, em Moura.<br><\/p>\n\n\n\n<p>No Algarve, a dire\u00e7\u00e3o regional de Cultura encerrou a Ermida de Nossa Senhora de Guadalupe e as Ru\u00ednas Romanas de Milreu, al\u00e9m da&nbsp; Fortaleza de Sagres.<br><\/p>\n\n\n\n<p>As diferentes dire\u00e7\u00f5es regionais preveem ainda a articula\u00e7\u00e3o de medidas de conting\u00eancia com entidades que partilhem a gest\u00e3o de espa\u00e7os patrimoniais, sob a sua administra\u00e7\u00e3o.<br><\/p>\n\n\n\n<p>Hoje \u00e0 tarde, a Dire\u00e7\u00e3o-Geral do Patrim\u00f3nio Cultural (DGPC) tamb\u00e9m tinha conclu\u00eddo o processo de encerramento de todos os museus, monumentos e pal\u00e1cios nacionais, sob a sua tutela, no \u00e2mbito do combate \u00e0 pandemia da Covid-19, que iniciara na sexta-feira.<br><\/p>\n\n\n\n<p>A medida abrange o Mosteiro dos Jer\u00f3nimos e a Torre de Bel\u00e9m, em Lisboa, o Pal\u00e1cio Nacional de Mafra, os mosteiros da Batalha e de Alcoba\u00e7a, e o Convento de Cristo, em Tomar, monumentos inscritos na lista do patrim\u00f3nio mundial da UNESCO, os museus nacionais, assim como o Pante\u00e3o Nacional, o Pal\u00e1cio Nacional da Ajuda, a Casa-Museu Dr. Anast\u00e1cio Gon\u00e7alves e o Museu de Arte Popular, na capital portuguesa.<br><\/p>\n\n\n\n<p>S\u00e3o tutelados pela DGPC os museus nacionais de Arte Antiga, de Arte Contempor\u00e2nea\/Museu do Chiado, de Arqueologia, do Azulejo, dos Coches, de Etnologia, da M\u00fasica, do Traje e do Teatro e da Dan\u00e7a, em Lisboa, o Museu Nacional Machado de Castro, em Coimbra, o Museu Monogr\u00e1fico de Con\u00edmbriga, o Museu Nacional de Soares dos Reis, no Porto, o Museu Gr\u00e3o Vasco, em Viseu, o Museu Nacional Frei Manuel do Cen\u00e1culo, em \u00c9vora, e o Museu Nacional da Resist\u00eancia e da Liberdade, em Peniche.<br><\/p>\n\n\n\n<p>O funcionamento destas entidades ser\u00e1 &#8220;retomado t\u00e3o em breve quanto as circunst\u00e2ncias o permitam&#8221;, segundo a tutela.<br><\/p>\n\n\n\n<p>O novo coronav\u00edrus respons\u00e1vel pela pandemia de Covid-19 foi detetado em dezembro, na China, j\u00e1 provocou mais de 6.400 mortos em todo o mundo, com mais de 164 mil pessoas infetadas e casos registados em pelo menos 141 pa\u00edses e territ\u00f3rios.<\/p>\n\n\n\n<p>Em Portugal, a Dire\u00e7\u00e3o-Geral da Sa\u00fade (DGS) elevou hoje o n\u00famero de casos de infe\u00e7\u00e3o confirmados para 245, mais 76 do que os registados no s\u00e1bado.<br><\/p>\n\n\n\n<p>Entre os casos identificados, 136 est\u00e3o internados, dos quais nove em unidades de cuidados intensivos, e h\u00e1 duas pessoas recuperadas.<br><\/p>\n\n\n\n<p>Lisboa e Vale do Tejo \u00e9 agora a regi\u00e3o que regista o maior n\u00famero de casos confirmados (116), seguida da regi\u00e3o Norte (103), e das regi\u00f5es Centro e do Algarve (10). H\u00e1 um caso nos A\u00e7ores e cinco no estrangeiro.<br><\/p>\n\n\n\n<p>O boletim epidemiol\u00f3gico assinala tamb\u00e9m que, desde o in\u00edcio da epidemia, a DGS registou 2.271 casos suspeitos e mant\u00e9m 4.592 contactos em vigil\u00e2ncia, menos do que no s\u00e1bado (5.011).<br><\/p>\n\n\n\n<p>O Governo declarou o estado de alerta no pa\u00eds, colocando os meios de prote\u00e7\u00e3o civil e as for\u00e7as e servi\u00e7os de seguran\u00e7a em prontid\u00e3o, e anunciou a suspens\u00e3o das atividades letivas presenciais em todas as escolas a partir de segunda-feira.<br><\/p>\n\n\n\n<p>A restri\u00e7\u00e3o de funcionamento de discotecas e similares, a proibi\u00e7\u00e3o do desembarque de passageiros de navios de cruzeiro, exceto dos residentes em Portugal, a suspens\u00e3o de visitas a lares em todo o territ\u00f3rio nacional e o estabelecimento de limita\u00e7\u00f5es de frequ\u00eancia nos centros comerciais e supermercados para assegurar possibilidade de manter dist\u00e2ncia de seguran\u00e7a foram outras das medidas aprovadas.<br> <\/p>\n","protected":false},"excerpt":{"rendered":"<p>Os museus e monumentos portugueses, dependentes das dire\u00e7\u00f5es regionais de Cultura do Norte, Centro, Alentejo e Algarve, foram hoje encerrados, por tempo indeterminado, em resposta \u00e0 pandemia de Covid-19, anunciaram estes organismos, nas suas p\u00e1ginas oficiais, na Internet. Num total de quase 40 museus, monumentos e s\u00edtios, geridos pelas quatro dire\u00e7\u00f5es regionais de Cultura de [&hellip;]<\/p>\n","protected":false},"author":16,"featured_media":41671,"comment_status":"closed","ping_status":"closed","sticky":false,"template":"","format":"standard","meta":{"_exactmetrics_skip_tracking":false,"_exactmetrics_sitenote_active":false,"_exactmetrics_sitenote_note":"","_exactmetrics_sitenote_category":0,"footnotes":""},"categories":[73,42722],"tags":[26,27],"class_list":["post-41670","post","type-post","status-publish","format-standard","has-post-thumbnail","hentry","category-alto-minho","category-covid-19","tag-saude","tag-sociedade"],"yoast_head":"<!-- This site is optimized with the Yoast SEO Premium plugin v27.5 (Yoast SEO v27.5) - https:\/\/yoast.com\/product\/yoast-seo-premium-wordpress\/ -->\n<title>Covid-19: Dire\u00e7\u00f5es regionais de Cultura encerram museus e monumentos<\/title>\n<meta name=\"robots\" content=\"index, follow, max-snippet:-1, max-image-preview:large, max-video-preview:-1\" \/>\n<link rel=\"canonical\" href=\"https:\/\/www.altominho.tv\/site\/2020\/03\/15\/covid-19-direcoes-regionais-de-cultura-encerram-museus-e-monumentos\/\" \/>\n<meta property=\"og:locale\" content=\"pt_PT\" \/>\n<meta property=\"og:type\" content=\"article\" \/>\n<meta property=\"og:title\" content=\"Covid-19: Dire\u00e7\u00f5es regionais de Cultura encerram museus e monumentos\" \/>\n<meta property=\"og:description\" content=\"Os museus e monumentos portugueses, dependentes das dire\u00e7\u00f5es regionais de Cultura do Norte, Centro, Alentejo e Algarve, foram hoje encerrados, por tempo indeterminado, em resposta \u00e0 pandemia de Covid-19, anunciaram estes organismos, nas suas p\u00e1ginas oficiais, na Internet. Num total de quase 40 museus, monumentos e s\u00edtios, geridos pelas quatro dire\u00e7\u00f5es regionais de Cultura de [&hellip;]\" \/>\n<meta property=\"og:url\" content=\"https:\/\/www.altominho.tv\/site\/2020\/03\/15\/covid-19-direcoes-regionais-de-cultura-encerram-museus-e-monumentos\/\" \/>\n<meta property=\"og:site_name\" content=\"Altominho.tv\" \/>\n<meta property=\"article:publisher\" content=\"https:\/\/www.facebook.com\/altominhotv\" \/>\n<meta property=\"article:published_time\" content=\"2020-03-15T21:00:30+00:00\" \/>\n<meta property=\"article:modified_time\" content=\"2020-03-19T12:34:30+00:00\" \/>\n<meta property=\"og:image\" content=\"https:\/\/www.altominho.tv\/site\/wp-content\/uploads\/2020\/03\/citania.jpg\" \/>\n\t<meta property=\"og:image:width\" content=\"720\" \/>\n\t<meta property=\"og:image:height\" content=\"460\" \/>\n\t<meta property=\"og:image:type\" content=\"image\/jpeg\" \/>\n<meta name=\"author\" content=\"Andreia Cunha | Lusa\" \/>\n<meta name=\"twitter:card\" content=\"summary_large_image\" \/>\n<meta name=\"twitter:creator\" content=\"@altominhoTV\" \/>\n<meta name=\"twitter:site\" content=\"@altominhoTV\" \/>\n<meta name=\"twitter:label1\" content=\"Escrito por\" \/>\n\t<meta name=\"twitter:data1\" content=\"Andreia Cunha | Lusa\" \/>\n\t<meta name=\"twitter:label2\" content=\"Tempo estimado de leitura\" \/>\n\t<meta name=\"twitter:data2\" content=\"5 minutos\" \/>\n<script type=\"application\/ld+json\" class=\"yoast-schema-graph\">{\"@context\":\"https:\\\/\\\/schema.org\",\"@graph\":[{\"@type\":\"Article\",\"@id\":\"https:\\\/\\\/www.altominho.tv\\\/site\\\/2020\\\/03\\\/15\\\/covid-19-direcoes-regionais-de-cultura-encerram-museus-e-monumentos\\\/#article\",\"isPartOf\":{\"@id\":\"https:\\\/\\\/www.altominho.tv\\\/site\\\/2020\\\/03\\\/15\\\/covid-19-direcoes-regionais-de-cultura-encerram-museus-e-monumentos\\\/\"},\"author\":{\"name\":\"Andreia Cunha | Lusa\",\"@id\":\"https:\\\/\\\/www.altominho.tv\\\/site\\\/#\\\/schema\\\/person\\\/dbaf181c01b51ff40c9f461a905d321e\"},\"headline\":\"Covid-19: Dire\u00e7\u00f5es regionais de Cultura encerram museus e monumentos\",\"datePublished\":\"2020-03-15T21:00:30+00:00\",\"dateModified\":\"2020-03-19T12:34:30+00:00\",\"mainEntityOfPage\":{\"@id\":\"https:\\\/\\\/www.altominho.tv\\\/site\\\/2020\\\/03\\\/15\\\/covid-19-direcoes-regionais-de-cultura-encerram-museus-e-monumentos\\\/\"},\"wordCount\":1068,\"image\":{\"@id\":\"https:\\\/\\\/www.altominho.tv\\\/site\\\/2020\\\/03\\\/15\\\/covid-19-direcoes-regionais-de-cultura-encerram-museus-e-monumentos\\\/#primaryimage\"},\"thumbnailUrl\":\"https:\\\/\\\/www.altominho.tv\\\/site\\\/wp-content\\\/uploads\\\/2020\\\/03\\\/citania.jpg\",\"keywords\":[\"Sa\u00fade\",\"Sociedade\"],\"articleSection\":[\"Alto Minho\",\"Coronav\u00edrus\"],\"inLanguage\":\"pt-PT\",\"copyrightYear\":\"2020\",\"copyrightHolder\":{\"@id\":\"https:\\\/\\\/www.altominho.tv\\\/site\\\/#organization\"}},{\"@type\":\"WebPage\",\"@id\":\"https:\\\/\\\/www.altominho.tv\\\/site\\\/2020\\\/03\\\/15\\\/covid-19-direcoes-regionais-de-cultura-encerram-museus-e-monumentos\\\/\",\"url\":\"https:\\\/\\\/www.altominho.tv\\\/site\\\/2020\\\/03\\\/15\\\/covid-19-direcoes-regionais-de-cultura-encerram-museus-e-monumentos\\\/\",\"name\":\"Covid-19: Dire\u00e7\u00f5es regionais de Cultura encerram museus e monumentos\",\"isPartOf\":{\"@id\":\"https:\\\/\\\/www.altominho.tv\\\/site\\\/#website\"},\"primaryImageOfPage\":{\"@id\":\"https:\\\/\\\/www.altominho.tv\\\/site\\\/2020\\\/03\\\/15\\\/covid-19-direcoes-regionais-de-cultura-encerram-museus-e-monumentos\\\/#primaryimage\"},\"image\":{\"@id\":\"https:\\\/\\\/www.altominho.tv\\\/site\\\/2020\\\/03\\\/15\\\/covid-19-direcoes-regionais-de-cultura-encerram-museus-e-monumentos\\\/#primaryimage\"},\"thumbnailUrl\":\"https:\\\/\\\/www.altominho.tv\\\/site\\\/wp-content\\\/uploads\\\/2020\\\/03\\\/citania.jpg\",\"datePublished\":\"2020-03-15T21:00:30+00:00\",\"dateModified\":\"2020-03-19T12:34:30+00:00\",\"author\":{\"@id\":\"https:\\\/\\\/www.altominho.tv\\\/site\\\/#\\\/schema\\\/person\\\/dbaf181c01b51ff40c9f461a905d321e\"},\"breadcrumb\":{\"@id\":\"https:\\\/\\\/www.altominho.tv\\\/site\\\/2020\\\/03\\\/15\\\/covid-19-direcoes-regionais-de-cultura-encerram-museus-e-monumentos\\\/#breadcrumb\"},\"inLanguage\":\"pt-PT\",\"potentialAction\":[{\"@type\":\"ReadAction\",\"target\":[\"https:\\\/\\\/www.altominho.tv\\\/site\\\/2020\\\/03\\\/15\\\/covid-19-direcoes-regionais-de-cultura-encerram-museus-e-monumentos\\\/\"]}]},{\"@type\":\"ImageObject\",\"inLanguage\":\"pt-PT\",\"@id\":\"https:\\\/\\\/www.altominho.tv\\\/site\\\/2020\\\/03\\\/15\\\/covid-19-direcoes-regionais-de-cultura-encerram-museus-e-monumentos\\\/#primaryimage\",\"url\":\"https:\\\/\\\/www.altominho.tv\\\/site\\\/wp-content\\\/uploads\\\/2020\\\/03\\\/citania.jpg\",\"contentUrl\":\"https:\\\/\\\/www.altominho.tv\\\/site\\\/wp-content\\\/uploads\\\/2020\\\/03\\\/citania.jpg\",\"width\":720,\"height\":460},{\"@type\":\"BreadcrumbList\",\"@id\":\"https:\\\/\\\/www.altominho.tv\\\/site\\\/2020\\\/03\\\/15\\\/covid-19-direcoes-regionais-de-cultura-encerram-museus-e-monumentos\\\/#breadcrumb\",\"itemListElement\":[{\"@type\":\"ListItem\",\"position\":1,\"name\":\"In\u00edcio\",\"item\":\"https:\\\/\\\/www.altominho.tv\\\/site\\\/\"},{\"@type\":\"ListItem\",\"position\":2,\"name\":\"Covid-19: Dire\u00e7\u00f5es regionais de Cultura encerram museus e monumentos\"}]},{\"@type\":\"WebSite\",\"@id\":\"https:\\\/\\\/www.altominho.tv\\\/site\\\/#website\",\"url\":\"https:\\\/\\\/www.altominho.tv\\\/site\\\/\",\"name\":\"Altominho.tv\",\"description\":\"A sua regi\u00e3o \u00e0 dist\u00e2ncia de um clique...\",\"potentialAction\":[{\"@type\":\"SearchAction\",\"target\":{\"@type\":\"EntryPoint\",\"urlTemplate\":\"https:\\\/\\\/www.altominho.tv\\\/site\\\/?s={search_term_string}\"},\"query-input\":{\"@type\":\"PropertyValueSpecification\",\"valueRequired\":true,\"valueName\":\"search_term_string\"}}],\"inLanguage\":\"pt-PT\"},{\"@type\":\"Person\",\"@id\":\"https:\\\/\\\/www.altominho.tv\\\/site\\\/#\\\/schema\\\/person\\\/dbaf181c01b51ff40c9f461a905d321e\",\"name\":\"Andreia Cunha | Lusa\",\"image\":{\"@type\":\"ImageObject\",\"inLanguage\":\"pt-PT\",\"@id\":\"https:\\\/\\\/www.altominho.tv\\\/site\\\/wp-content\\\/uploads\\\/2017\\\/11\\\/Andreia_Cunha-1-150x150.jpg\",\"url\":\"https:\\\/\\\/www.altominho.tv\\\/site\\\/wp-content\\\/uploads\\\/2017\\\/11\\\/Andreia_Cunha-1-150x150.jpg\",\"contentUrl\":\"https:\\\/\\\/www.altominho.tv\\\/site\\\/wp-content\\\/uploads\\\/2017\\\/11\\\/Andreia_Cunha-1-150x150.jpg\",\"caption\":\"Andreia Cunha | Lusa\"},\"sameAs\":[\"https:\\\/\\\/www.altominho.tv\\\/site\"],\"url\":\"https:\\\/\\\/www.altominho.tv\\\/site\\\/author\\\/andreiacunhalusa\\\/\"}]}<\/script>\n<!-- \/ Yoast SEO Premium plugin. -->","yoast_head_json":{"title":"Covid-19: Dire\u00e7\u00f5es regionais de Cultura encerram museus e monumentos","robots":{"index":"index","follow":"follow","max-snippet":"max-snippet:-1","max-image-preview":"max-image-preview:large","max-video-preview":"max-video-preview:-1"},"canonical":"https:\/\/www.altominho.tv\/site\/2020\/03\/15\/covid-19-direcoes-regionais-de-cultura-encerram-museus-e-monumentos\/","og_locale":"pt_PT","og_type":"article","og_title":"Covid-19: Dire\u00e7\u00f5es regionais de Cultura encerram museus e monumentos","og_description":"Os museus e monumentos portugueses, dependentes das dire\u00e7\u00f5es regionais de Cultura do Norte, Centro, Alentejo e Algarve, foram hoje encerrados, por tempo indeterminado, em resposta \u00e0 pandemia de Covid-19, anunciaram estes organismos, nas suas p\u00e1ginas oficiais, na Internet. Num total de quase 40 museus, monumentos e s\u00edtios, geridos pelas quatro dire\u00e7\u00f5es regionais de Cultura de [&hellip;]","og_url":"https:\/\/www.altominho.tv\/site\/2020\/03\/15\/covid-19-direcoes-regionais-de-cultura-encerram-museus-e-monumentos\/","og_site_name":"Altominho.tv","article_publisher":"https:\/\/www.facebook.com\/altominhotv","article_published_time":"2020-03-15T21:00:30+00:00","article_modified_time":"2020-03-19T12:34:30+00:00","og_image":[{"width":720,"height":460,"url":"https:\/\/www.altominho.tv\/site\/wp-content\/uploads\/2020\/03\/citania.jpg","type":"image\/jpeg"}],"author":"Andreia Cunha | Lusa","twitter_card":"summary_large_image","twitter_creator":"@altominhoTV","twitter_site":"@altominhoTV","twitter_misc":{"Escrito por":"Andreia Cunha | Lusa","Tempo estimado de leitura":"5 minutos"},"schema":{"@context":"https:\/\/schema.org","@graph":[{"@type":"Article","@id":"https:\/\/www.altominho.tv\/site\/2020\/03\/15\/covid-19-direcoes-regionais-de-cultura-encerram-museus-e-monumentos\/#article","isPartOf":{"@id":"https:\/\/www.altominho.tv\/site\/2020\/03\/15\/covid-19-direcoes-regionais-de-cultura-encerram-museus-e-monumentos\/"},"author":{"name":"Andreia Cunha | Lusa","@id":"https:\/\/www.altominho.tv\/site\/#\/schema\/person\/dbaf181c01b51ff40c9f461a905d321e"},"headline":"Covid-19: Dire\u00e7\u00f5es regionais de Cultura encerram museus e monumentos","datePublished":"2020-03-15T21:00:30+00:00","dateModified":"2020-03-19T12:34:30+00:00","mainEntityOfPage":{"@id":"https:\/\/www.altominho.tv\/site\/2020\/03\/15\/covid-19-direcoes-regionais-de-cultura-encerram-museus-e-monumentos\/"},"wordCount":1068,"image":{"@id":"https:\/\/www.altominho.tv\/site\/2020\/03\/15\/covid-19-direcoes-regionais-de-cultura-encerram-museus-e-monumentos\/#primaryimage"},"thumbnailUrl":"https:\/\/www.altominho.tv\/site\/wp-content\/uploads\/2020\/03\/citania.jpg","keywords":["Sa\u00fade","Sociedade"],"articleSection":["Alto Minho","Coronav\u00edrus"],"inLanguage":"pt-PT","copyrightYear":"2020","copyrightHolder":{"@id":"https:\/\/www.altominho.tv\/site\/#organization"}},{"@type":"WebPage","@id":"https:\/\/www.altominho.tv\/site\/2020\/03\/15\/covid-19-direcoes-regionais-de-cultura-encerram-museus-e-monumentos\/","url":"https:\/\/www.altominho.tv\/site\/2020\/03\/15\/covid-19-direcoes-regionais-de-cultura-encerram-museus-e-monumentos\/","name":"Covid-19: Dire\u00e7\u00f5es regionais de Cultura encerram museus e monumentos","isPartOf":{"@id":"https:\/\/www.altominho.tv\/site\/#website"},"primaryImageOfPage":{"@id":"https:\/\/www.altominho.tv\/site\/2020\/03\/15\/covid-19-direcoes-regionais-de-cultura-encerram-museus-e-monumentos\/#primaryimage"},"image":{"@id":"https:\/\/www.altominho.tv\/site\/2020\/03\/15\/covid-19-direcoes-regionais-de-cultura-encerram-museus-e-monumentos\/#primaryimage"},"thumbnailUrl":"https:\/\/www.altominho.tv\/site\/wp-content\/uploads\/2020\/03\/citania.jpg","datePublished":"2020-03-15T21:00:30+00:00","dateModified":"2020-03-19T12:34:30+00:00","author":{"@id":"https:\/\/www.altominho.tv\/site\/#\/schema\/person\/dbaf181c01b51ff40c9f461a905d321e"},"breadcrumb":{"@id":"https:\/\/www.altominho.tv\/site\/2020\/03\/15\/covid-19-direcoes-regionais-de-cultura-encerram-museus-e-monumentos\/#breadcrumb"},"inLanguage":"pt-PT","potentialAction":[{"@type":"ReadAction","target":["https:\/\/www.altominho.tv\/site\/2020\/03\/15\/covid-19-direcoes-regionais-de-cultura-encerram-museus-e-monumentos\/"]}]},{"@type":"ImageObject","inLanguage":"pt-PT","@id":"https:\/\/www.altominho.tv\/site\/2020\/03\/15\/covid-19-direcoes-regionais-de-cultura-encerram-museus-e-monumentos\/#primaryimage","url":"https:\/\/www.altominho.tv\/site\/wp-content\/uploads\/2020\/03\/citania.jpg","contentUrl":"https:\/\/www.altominho.tv\/site\/wp-content\/uploads\/2020\/03\/citania.jpg","width":720,"height":460},{"@type":"BreadcrumbList","@id":"https:\/\/www.altominho.tv\/site\/2020\/03\/15\/covid-19-direcoes-regionais-de-cultura-encerram-museus-e-monumentos\/#breadcrumb","itemListElement":[{"@type":"ListItem","position":1,"name":"In\u00edcio","item":"https:\/\/www.altominho.tv\/site\/"},{"@type":"ListItem","position":2,"name":"Covid-19: Dire\u00e7\u00f5es regionais de Cultura encerram museus e monumentos"}]},{"@type":"WebSite","@id":"https:\/\/www.altominho.tv\/site\/#website","url":"https:\/\/www.altominho.tv\/site\/","name":"Altominho.tv","description":"A sua regi\u00e3o \u00e0 dist\u00e2ncia de um clique...","potentialAction":[{"@type":"SearchAction","target":{"@type":"EntryPoint","urlTemplate":"https:\/\/www.altominho.tv\/site\/?s={search_term_string}"},"query-input":{"@type":"PropertyValueSpecification","valueRequired":true,"valueName":"search_term_string"}}],"inLanguage":"pt-PT"},{"@type":"Person","@id":"https:\/\/www.altominho.tv\/site\/#\/schema\/person\/dbaf181c01b51ff40c9f461a905d321e","name":"Andreia Cunha | Lusa","image":{"@type":"ImageObject","inLanguage":"pt-PT","@id":"https:\/\/www.altominho.tv\/site\/wp-content\/uploads\/2017\/11\/Andreia_Cunha-1-150x150.jpg","url":"https:\/\/www.altominho.tv\/site\/wp-content\/uploads\/2017\/11\/Andreia_Cunha-1-150x150.jpg","contentUrl":"https:\/\/www.altominho.tv\/site\/wp-content\/uploads\/2017\/11\/Andreia_Cunha-1-150x150.jpg","caption":"Andreia Cunha | Lusa"},"sameAs":["https:\/\/www.altominho.tv\/site"],"url":"https:\/\/www.altominho.tv\/site\/author\/andreiacunhalusa\/"}]}},"_links":{"self":[{"href":"https:\/\/www.altominho.tv\/site\/wp-json\/wp\/v2\/posts\/41670","targetHints":{"allow":["GET"]}}],"collection":[{"href":"https:\/\/www.altominho.tv\/site\/wp-json\/wp\/v2\/posts"}],"about":[{"href":"https:\/\/www.altominho.tv\/site\/wp-json\/wp\/v2\/types\/post"}],"author":[{"embeddable":true,"href":"https:\/\/www.altominho.tv\/site\/wp-json\/wp\/v2\/users\/16"}],"replies":[{"embeddable":true,"href":"https:\/\/www.altominho.tv\/site\/wp-json\/wp\/v2\/comments?post=41670"}],"version-history":[{"count":0,"href":"https:\/\/www.altominho.tv\/site\/wp-json\/wp\/v2\/posts\/41670\/revisions"}],"wp:featuredmedia":[{"embeddable":true,"href":"https:\/\/www.altominho.tv\/site\/wp-json\/wp\/v2\/media\/41671"}],"wp:attachment":[{"href":"https:\/\/www.altominho.tv\/site\/wp-json\/wp\/v2\/media?parent=41670"}],"wp:term":[{"taxonomy":"category","embeddable":true,"href":"https:\/\/www.altominho.tv\/site\/wp-json\/wp\/v2\/categories?post=41670"},{"taxonomy":"post_tag","embeddable":true,"href":"https:\/\/www.altominho.tv\/site\/wp-json\/wp\/v2\/tags?post=41670"}],"curies":[{"name":"wp","href":"https:\/\/api.w.org\/{rel}","templated":true}]}}