{"id":41663,"date":"2020-03-15T18:56:41","date_gmt":"2020-03-15T18:56:41","guid":{"rendered":"http:\/\/www.altominho.tv\/site\/?p=41663"},"modified":"2020-03-15T19:10:56","modified_gmt":"2020-03-15T19:10:56","slug":"antonio-costa-anuncia-restricoes-na-transposicao-da-fronteira-entre-os-dois-paises","status":"publish","type":"post","link":"https:\/\/www.altominho.tv\/site\/2020\/03\/15\/antonio-costa-anuncia-restricoes-na-transposicao-da-fronteira-entre-os-dois-paises\/","title":{"rendered":"Ant\u00f3nio Costa anuncia restri\u00e7\u00f5es na transposi\u00e7\u00e3o da fronteira entre os dois pa\u00edses"},"content":{"rendered":"<p><strong>O primeiro-ministro Ant\u00f3nio Costa anunciou este domingo que Portugal e Espanha v\u00e3o decidir amanh\u00e3, novas regras para a transposi\u00e7\u00e3o da fronteira entre os dois pa\u00edses.<\/strong><\/p>\n<p>O primeiro-ministro anunciou que os ministros da Sa\u00fade da Uni\u00e3o Europeia v\u00e3o reunir-se esta segunda-feira para definir novas medidas para a fronteira externa, de forma a combater o surto de Covid-19. No seguimento dessa reuni\u00e3o, os ministros da Administra\u00e7\u00e3o Interna de Portugal e Espanha v\u00e3o estar reunidos para definir novas regras para as fronteiras internas entre os dois pa\u00edses.<\/p>\n<p>O primeiro-ministro mostrou-se preocupado com a quest\u00e3o da fronteira portuguesa com Espanha, mas garantiu que os dois pa\u00edses agir\u00e3o &#8220;em conjunto na quest\u00e3o de uma fronteira que \u00e9 comum&#8221;. &#8220;<strong>Amanh\u00e3 ser\u00e3o definidas as regras que dever\u00e3o passar por manter a livre\u00a0circula\u00e7\u00e3o de mercadorias e garantir os direitos dos trabalhadores, mas dever\u00e1 haver uma restri\u00e7\u00e3o para efeitos de turismo ou lazer, o que \u00e9 importante tendo em conta que sabemos que, nas f\u00e9rias da P\u00e1scoa, h\u00e1 tradicionalmente um aumento de turistas<\/strong>&#8220;, afirmou Ant\u00f3nio Costa.<\/p>\n<p>Desta forma, ser\u00e1 restringida a passagem de pessoas, para efeitos de turismo e lazer, mas permitida a passagem a trabalhadores transfronteiri\u00e7os assim como o transporte de bens e mercadorias, sob medidas concretas que ainda ser\u00e3o definidas na reuni\u00e3o de amanh\u00e3.<\/p>\n<p>Esta decis\u00e3o vem de encontro <a href=\"https:\/\/www.altominho.tv\/site\/2020\/03\/14\/moncao-confirma-primeiro-caso-de-coronavirus-no-concelho-e-define-novas-recomendacoes\/\">\u00e0 recomenda\u00e7\u00e3o da Comiss\u00e3o Municipal de Prote\u00e7\u00e3o Civil e do Munic\u00edpio de Mon\u00e7\u00e3o<\/a> que, ontem, apelaram ao governo para restringir a passagem na fronteira, apenas aos movimentos estritamente necess\u00e1rios.<\/p>\n","protected":false},"excerpt":{"rendered":"<p>O primeiro-ministro Ant\u00f3nio Costa anunciou este domingo que Portugal e Espanha v\u00e3o decidir amanh\u00e3, novas regras para a transposi\u00e7\u00e3o da fronteira entre os dois pa\u00edses. O primeiro-ministro anunciou que os ministros da Sa\u00fade da Uni\u00e3o Europeia v\u00e3o reunir-se esta segunda-feira para definir novas medidas para a fronteira externa, de forma a combater o surto de [&hellip;]<\/p>\n","protected":false},"author":1,"featured_media":41664,"comment_status":"closed","ping_status":"closed","sticky":false,"template":"","format":"standard","meta":{"_exactmetrics_skip_tracking":false,"_exactmetrics_sitenote_active":false,"_exactmetrics_sitenote_note":"","_exactmetrics_sitenote_category":0,"footnotes":""},"categories":[73],"tags":[27],"class_list":["post-41663","post","type-post","status-publish","format-standard","has-post-thumbnail","hentry","category-alto-minho","tag-sociedade"],"yoast_head":"<!-- This site is optimized with the Yoast SEO Premium plugin v27.5 (Yoast SEO v27.5) - https:\/\/yoast.com\/product\/yoast-seo-premium-wordpress\/ -->\n<title>Ant\u00f3nio Costa anuncia restri\u00e7\u00f5es na transposi\u00e7\u00e3o da fronteira entre os dois pa\u00edses<\/title>\n<meta name=\"robots\" content=\"index, follow, max-snippet:-1, max-image-preview:large, max-video-preview:-1\" \/>\n<link rel=\"canonical\" href=\"https:\/\/www.altominho.tv\/site\/2020\/03\/15\/antonio-costa-anuncia-restricoes-na-transposicao-da-fronteira-entre-os-dois-paises\/\" \/>\n<meta property=\"og:locale\" content=\"pt_PT\" \/>\n<meta property=\"og:type\" content=\"article\" \/>\n<meta property=\"og:title\" content=\"Ant\u00f3nio Costa anuncia restri\u00e7\u00f5es na transposi\u00e7\u00e3o da fronteira entre os dois pa\u00edses\" \/>\n<meta property=\"og:description\" content=\"O primeiro-ministro Ant\u00f3nio Costa anunciou este domingo que Portugal e Espanha v\u00e3o decidir amanh\u00e3, novas regras para a transposi\u00e7\u00e3o da fronteira entre os dois pa\u00edses. O primeiro-ministro anunciou que os ministros da Sa\u00fade da Uni\u00e3o Europeia v\u00e3o reunir-se esta segunda-feira para definir novas medidas para a fronteira externa, de forma a combater o surto de [&hellip;]\" \/>\n<meta property=\"og:url\" content=\"https:\/\/www.altominho.tv\/site\/2020\/03\/15\/antonio-costa-anuncia-restricoes-na-transposicao-da-fronteira-entre-os-dois-paises\/\" \/>\n<meta property=\"og:site_name\" content=\"Altominho.tv\" \/>\n<meta property=\"article:publisher\" content=\"https:\/\/www.facebook.com\/altominhotv\" \/>\n<meta property=\"article:published_time\" content=\"2020-03-15T18:56:41+00:00\" \/>\n<meta property=\"article:modified_time\" content=\"2020-03-15T19:10:56+00:00\" \/>\n<meta property=\"og:image\" content=\"https:\/\/www.altominho.tv\/site\/wp-content\/uploads\/2020\/03\/Antonio-Costa.jpg\" \/>\n\t<meta property=\"og:image:width\" content=\"1011\" \/>\n\t<meta property=\"og:image:height\" content=\"674\" \/>\n\t<meta property=\"og:image:type\" content=\"image\/jpeg\" \/>\n<meta name=\"author\" content=\"Altominho.tv\" \/>\n<meta name=\"twitter:card\" content=\"summary_large_image\" \/>\n<meta name=\"twitter:creator\" content=\"@altominhoTV\" \/>\n<meta name=\"twitter:site\" content=\"@altominhoTV\" \/>\n<meta name=\"twitter:label1\" content=\"Escrito por\" \/>\n\t<meta name=\"twitter:data1\" content=\"Altominho.tv\" \/>\n\t<meta name=\"twitter:label2\" content=\"Tempo estimado de leitura\" \/>\n\t<meta name=\"twitter:data2\" content=\"1 minuto\" \/>\n<script type=\"application\/ld+json\" class=\"yoast-schema-graph\">{\"@context\":\"https:\\\/\\\/schema.org\",\"@graph\":[{\"@type\":\"Article\",\"@id\":\"https:\\\/\\\/www.altominho.tv\\\/site\\\/2020\\\/03\\\/15\\\/antonio-costa-anuncia-restricoes-na-transposicao-da-fronteira-entre-os-dois-paises\\\/#article\",\"isPartOf\":{\"@id\":\"https:\\\/\\\/www.altominho.tv\\\/site\\\/2020\\\/03\\\/15\\\/antonio-costa-anuncia-restricoes-na-transposicao-da-fronteira-entre-os-dois-paises\\\/\"},\"author\":{\"name\":\"Altominho.tv\",\"@id\":\"https:\\\/\\\/www.altominho.tv\\\/site\\\/#\\\/schema\\\/person\\\/4e536851627d7914baf3dac752b6af22\"},\"headline\":\"Ant\u00f3nio Costa anuncia restri\u00e7\u00f5es na transposi\u00e7\u00e3o da fronteira entre os dois pa\u00edses\",\"datePublished\":\"2020-03-15T18:56:41+00:00\",\"dateModified\":\"2020-03-15T19:10:56+00:00\",\"mainEntityOfPage\":{\"@id\":\"https:\\\/\\\/www.altominho.tv\\\/site\\\/2020\\\/03\\\/15\\\/antonio-costa-anuncia-restricoes-na-transposicao-da-fronteira-entre-os-dois-paises\\\/\"},\"wordCount\":287,\"image\":{\"@id\":\"https:\\\/\\\/www.altominho.tv\\\/site\\\/2020\\\/03\\\/15\\\/antonio-costa-anuncia-restricoes-na-transposicao-da-fronteira-entre-os-dois-paises\\\/#primaryimage\"},\"thumbnailUrl\":\"https:\\\/\\\/www.altominho.tv\\\/site\\\/wp-content\\\/uploads\\\/2020\\\/03\\\/Antonio-Costa.jpg\",\"keywords\":[\"Sociedade\"],\"articleSection\":[\"Alto Minho\"],\"inLanguage\":\"pt-PT\",\"copyrightYear\":\"2020\",\"copyrightHolder\":{\"@id\":\"https:\\\/\\\/www.altominho.tv\\\/site\\\/#organization\"}},{\"@type\":\"WebPage\",\"@id\":\"https:\\\/\\\/www.altominho.tv\\\/site\\\/2020\\\/03\\\/15\\\/antonio-costa-anuncia-restricoes-na-transposicao-da-fronteira-entre-os-dois-paises\\\/\",\"url\":\"https:\\\/\\\/www.altominho.tv\\\/site\\\/2020\\\/03\\\/15\\\/antonio-costa-anuncia-restricoes-na-transposicao-da-fronteira-entre-os-dois-paises\\\/\",\"name\":\"Ant\u00f3nio Costa anuncia restri\u00e7\u00f5es na transposi\u00e7\u00e3o da fronteira entre os dois pa\u00edses\",\"isPartOf\":{\"@id\":\"https:\\\/\\\/www.altominho.tv\\\/site\\\/#website\"},\"primaryImageOfPage\":{\"@id\":\"https:\\\/\\\/www.altominho.tv\\\/site\\\/2020\\\/03\\\/15\\\/antonio-costa-anuncia-restricoes-na-transposicao-da-fronteira-entre-os-dois-paises\\\/#primaryimage\"},\"image\":{\"@id\":\"https:\\\/\\\/www.altominho.tv\\\/site\\\/2020\\\/03\\\/15\\\/antonio-costa-anuncia-restricoes-na-transposicao-da-fronteira-entre-os-dois-paises\\\/#primaryimage\"},\"thumbnailUrl\":\"https:\\\/\\\/www.altominho.tv\\\/site\\\/wp-content\\\/uploads\\\/2020\\\/03\\\/Antonio-Costa.jpg\",\"datePublished\":\"2020-03-15T18:56:41+00:00\",\"dateModified\":\"2020-03-15T19:10:56+00:00\",\"author\":{\"@id\":\"https:\\\/\\\/www.altominho.tv\\\/site\\\/#\\\/schema\\\/person\\\/4e536851627d7914baf3dac752b6af22\"},\"breadcrumb\":{\"@id\":\"https:\\\/\\\/www.altominho.tv\\\/site\\\/2020\\\/03\\\/15\\\/antonio-costa-anuncia-restricoes-na-transposicao-da-fronteira-entre-os-dois-paises\\\/#breadcrumb\"},\"inLanguage\":\"pt-PT\",\"potentialAction\":[{\"@type\":\"ReadAction\",\"target\":[\"https:\\\/\\\/www.altominho.tv\\\/site\\\/2020\\\/03\\\/15\\\/antonio-costa-anuncia-restricoes-na-transposicao-da-fronteira-entre-os-dois-paises\\\/\"]}]},{\"@type\":\"ImageObject\",\"inLanguage\":\"pt-PT\",\"@id\":\"https:\\\/\\\/www.altominho.tv\\\/site\\\/2020\\\/03\\\/15\\\/antonio-costa-anuncia-restricoes-na-transposicao-da-fronteira-entre-os-dois-paises\\\/#primaryimage\",\"url\":\"https:\\\/\\\/www.altominho.tv\\\/site\\\/wp-content\\\/uploads\\\/2020\\\/03\\\/Antonio-Costa.jpg\",\"contentUrl\":\"https:\\\/\\\/www.altominho.tv\\\/site\\\/wp-content\\\/uploads\\\/2020\\\/03\\\/Antonio-Costa.jpg\",\"width\":1011,\"height\":674},{\"@type\":\"BreadcrumbList\",\"@id\":\"https:\\\/\\\/www.altominho.tv\\\/site\\\/2020\\\/03\\\/15\\\/antonio-costa-anuncia-restricoes-na-transposicao-da-fronteira-entre-os-dois-paises\\\/#breadcrumb\",\"itemListElement\":[{\"@type\":\"ListItem\",\"position\":1,\"name\":\"In\u00edcio\",\"item\":\"https:\\\/\\\/www.altominho.tv\\\/site\\\/\"},{\"@type\":\"ListItem\",\"position\":2,\"name\":\"Ant\u00f3nio Costa anuncia restri\u00e7\u00f5es na transposi\u00e7\u00e3o da fronteira entre os dois pa\u00edses\"}]},{\"@type\":\"WebSite\",\"@id\":\"https:\\\/\\\/www.altominho.tv\\\/site\\\/#website\",\"url\":\"https:\\\/\\\/www.altominho.tv\\\/site\\\/\",\"name\":\"Altominho.tv\",\"description\":\"A sua regi\u00e3o \u00e0 dist\u00e2ncia de um clique...\",\"potentialAction\":[{\"@type\":\"SearchAction\",\"target\":{\"@type\":\"EntryPoint\",\"urlTemplate\":\"https:\\\/\\\/www.altominho.tv\\\/site\\\/?s={search_term_string}\"},\"query-input\":{\"@type\":\"PropertyValueSpecification\",\"valueRequired\":true,\"valueName\":\"search_term_string\"}}],\"inLanguage\":\"pt-PT\"},{\"@type\":\"Person\",\"@id\":\"https:\\\/\\\/www.altominho.tv\\\/site\\\/#\\\/schema\\\/person\\\/4e536851627d7914baf3dac752b6af22\",\"name\":\"Altominho.tv\",\"image\":{\"@type\":\"ImageObject\",\"inLanguage\":\"pt-PT\",\"@id\":\"https:\\\/\\\/www.altominho.tv\\\/site\\\/wp-content\\\/uploads\\\/2019\\\/11\\\/Logo_Avatar_2-150x150.jpg\",\"url\":\"https:\\\/\\\/www.altominho.tv\\\/site\\\/wp-content\\\/uploads\\\/2019\\\/11\\\/Logo_Avatar_2-150x150.jpg\",\"contentUrl\":\"https:\\\/\\\/www.altominho.tv\\\/site\\\/wp-content\\\/uploads\\\/2019\\\/11\\\/Logo_Avatar_2-150x150.jpg\",\"caption\":\"Altominho.tv\"},\"url\":\"https:\\\/\\\/www.altominho.tv\\\/site\\\/author\\\/altominhotv-tecnico\\\/\"}]}<\/script>\n<!-- \/ Yoast SEO Premium plugin. -->","yoast_head_json":{"title":"Ant\u00f3nio Costa anuncia restri\u00e7\u00f5es na transposi\u00e7\u00e3o da fronteira entre os dois pa\u00edses","robots":{"index":"index","follow":"follow","max-snippet":"max-snippet:-1","max-image-preview":"max-image-preview:large","max-video-preview":"max-video-preview:-1"},"canonical":"https:\/\/www.altominho.tv\/site\/2020\/03\/15\/antonio-costa-anuncia-restricoes-na-transposicao-da-fronteira-entre-os-dois-paises\/","og_locale":"pt_PT","og_type":"article","og_title":"Ant\u00f3nio Costa anuncia restri\u00e7\u00f5es na transposi\u00e7\u00e3o da fronteira entre os dois pa\u00edses","og_description":"O primeiro-ministro Ant\u00f3nio Costa anunciou este domingo que Portugal e Espanha v\u00e3o decidir amanh\u00e3, novas regras para a transposi\u00e7\u00e3o da fronteira entre os dois pa\u00edses. O primeiro-ministro anunciou que os ministros da Sa\u00fade da Uni\u00e3o Europeia v\u00e3o reunir-se esta segunda-feira para definir novas medidas para a fronteira externa, de forma a combater o surto de [&hellip;]","og_url":"https:\/\/www.altominho.tv\/site\/2020\/03\/15\/antonio-costa-anuncia-restricoes-na-transposicao-da-fronteira-entre-os-dois-paises\/","og_site_name":"Altominho.tv","article_publisher":"https:\/\/www.facebook.com\/altominhotv","article_published_time":"2020-03-15T18:56:41+00:00","article_modified_time":"2020-03-15T19:10:56+00:00","og_image":[{"width":1011,"height":674,"url":"https:\/\/www.altominho.tv\/site\/wp-content\/uploads\/2020\/03\/Antonio-Costa.jpg","type":"image\/jpeg"}],"author":"Altominho.tv","twitter_card":"summary_large_image","twitter_creator":"@altominhoTV","twitter_site":"@altominhoTV","twitter_misc":{"Escrito por":"Altominho.tv","Tempo estimado de leitura":"1 minuto"},"schema":{"@context":"https:\/\/schema.org","@graph":[{"@type":"Article","@id":"https:\/\/www.altominho.tv\/site\/2020\/03\/15\/antonio-costa-anuncia-restricoes-na-transposicao-da-fronteira-entre-os-dois-paises\/#article","isPartOf":{"@id":"https:\/\/www.altominho.tv\/site\/2020\/03\/15\/antonio-costa-anuncia-restricoes-na-transposicao-da-fronteira-entre-os-dois-paises\/"},"author":{"name":"Altominho.tv","@id":"https:\/\/www.altominho.tv\/site\/#\/schema\/person\/4e536851627d7914baf3dac752b6af22"},"headline":"Ant\u00f3nio Costa anuncia restri\u00e7\u00f5es na transposi\u00e7\u00e3o da fronteira entre os dois pa\u00edses","datePublished":"2020-03-15T18:56:41+00:00","dateModified":"2020-03-15T19:10:56+00:00","mainEntityOfPage":{"@id":"https:\/\/www.altominho.tv\/site\/2020\/03\/15\/antonio-costa-anuncia-restricoes-na-transposicao-da-fronteira-entre-os-dois-paises\/"},"wordCount":287,"image":{"@id":"https:\/\/www.altominho.tv\/site\/2020\/03\/15\/antonio-costa-anuncia-restricoes-na-transposicao-da-fronteira-entre-os-dois-paises\/#primaryimage"},"thumbnailUrl":"https:\/\/www.altominho.tv\/site\/wp-content\/uploads\/2020\/03\/Antonio-Costa.jpg","keywords":["Sociedade"],"articleSection":["Alto Minho"],"inLanguage":"pt-PT","copyrightYear":"2020","copyrightHolder":{"@id":"https:\/\/www.altominho.tv\/site\/#organization"}},{"@type":"WebPage","@id":"https:\/\/www.altominho.tv\/site\/2020\/03\/15\/antonio-costa-anuncia-restricoes-na-transposicao-da-fronteira-entre-os-dois-paises\/","url":"https:\/\/www.altominho.tv\/site\/2020\/03\/15\/antonio-costa-anuncia-restricoes-na-transposicao-da-fronteira-entre-os-dois-paises\/","name":"Ant\u00f3nio Costa anuncia restri\u00e7\u00f5es na transposi\u00e7\u00e3o da fronteira entre os dois pa\u00edses","isPartOf":{"@id":"https:\/\/www.altominho.tv\/site\/#website"},"primaryImageOfPage":{"@id":"https:\/\/www.altominho.tv\/site\/2020\/03\/15\/antonio-costa-anuncia-restricoes-na-transposicao-da-fronteira-entre-os-dois-paises\/#primaryimage"},"image":{"@id":"https:\/\/www.altominho.tv\/site\/2020\/03\/15\/antonio-costa-anuncia-restricoes-na-transposicao-da-fronteira-entre-os-dois-paises\/#primaryimage"},"thumbnailUrl":"https:\/\/www.altominho.tv\/site\/wp-content\/uploads\/2020\/03\/Antonio-Costa.jpg","datePublished":"2020-03-15T18:56:41+00:00","dateModified":"2020-03-15T19:10:56+00:00","author":{"@id":"https:\/\/www.altominho.tv\/site\/#\/schema\/person\/4e536851627d7914baf3dac752b6af22"},"breadcrumb":{"@id":"https:\/\/www.altominho.tv\/site\/2020\/03\/15\/antonio-costa-anuncia-restricoes-na-transposicao-da-fronteira-entre-os-dois-paises\/#breadcrumb"},"inLanguage":"pt-PT","potentialAction":[{"@type":"ReadAction","target":["https:\/\/www.altominho.tv\/site\/2020\/03\/15\/antonio-costa-anuncia-restricoes-na-transposicao-da-fronteira-entre-os-dois-paises\/"]}]},{"@type":"ImageObject","inLanguage":"pt-PT","@id":"https:\/\/www.altominho.tv\/site\/2020\/03\/15\/antonio-costa-anuncia-restricoes-na-transposicao-da-fronteira-entre-os-dois-paises\/#primaryimage","url":"https:\/\/www.altominho.tv\/site\/wp-content\/uploads\/2020\/03\/Antonio-Costa.jpg","contentUrl":"https:\/\/www.altominho.tv\/site\/wp-content\/uploads\/2020\/03\/Antonio-Costa.jpg","width":1011,"height":674},{"@type":"BreadcrumbList","@id":"https:\/\/www.altominho.tv\/site\/2020\/03\/15\/antonio-costa-anuncia-restricoes-na-transposicao-da-fronteira-entre-os-dois-paises\/#breadcrumb","itemListElement":[{"@type":"ListItem","position":1,"name":"In\u00edcio","item":"https:\/\/www.altominho.tv\/site\/"},{"@type":"ListItem","position":2,"name":"Ant\u00f3nio Costa anuncia restri\u00e7\u00f5es na transposi\u00e7\u00e3o da fronteira entre os dois pa\u00edses"}]},{"@type":"WebSite","@id":"https:\/\/www.altominho.tv\/site\/#website","url":"https:\/\/www.altominho.tv\/site\/","name":"Altominho.tv","description":"A sua regi\u00e3o \u00e0 dist\u00e2ncia de um clique...","potentialAction":[{"@type":"SearchAction","target":{"@type":"EntryPoint","urlTemplate":"https:\/\/www.altominho.tv\/site\/?s={search_term_string}"},"query-input":{"@type":"PropertyValueSpecification","valueRequired":true,"valueName":"search_term_string"}}],"inLanguage":"pt-PT"},{"@type":"Person","@id":"https:\/\/www.altominho.tv\/site\/#\/schema\/person\/4e536851627d7914baf3dac752b6af22","name":"Altominho.tv","image":{"@type":"ImageObject","inLanguage":"pt-PT","@id":"https:\/\/www.altominho.tv\/site\/wp-content\/uploads\/2019\/11\/Logo_Avatar_2-150x150.jpg","url":"https:\/\/www.altominho.tv\/site\/wp-content\/uploads\/2019\/11\/Logo_Avatar_2-150x150.jpg","contentUrl":"https:\/\/www.altominho.tv\/site\/wp-content\/uploads\/2019\/11\/Logo_Avatar_2-150x150.jpg","caption":"Altominho.tv"},"url":"https:\/\/www.altominho.tv\/site\/author\/altominhotv-tecnico\/"}]}},"_links":{"self":[{"href":"https:\/\/www.altominho.tv\/site\/wp-json\/wp\/v2\/posts\/41663","targetHints":{"allow":["GET"]}}],"collection":[{"href":"https:\/\/www.altominho.tv\/site\/wp-json\/wp\/v2\/posts"}],"about":[{"href":"https:\/\/www.altominho.tv\/site\/wp-json\/wp\/v2\/types\/post"}],"author":[{"embeddable":true,"href":"https:\/\/www.altominho.tv\/site\/wp-json\/wp\/v2\/users\/1"}],"replies":[{"embeddable":true,"href":"https:\/\/www.altominho.tv\/site\/wp-json\/wp\/v2\/comments?post=41663"}],"version-history":[{"count":0,"href":"https:\/\/www.altominho.tv\/site\/wp-json\/wp\/v2\/posts\/41663\/revisions"}],"wp:featuredmedia":[{"embeddable":true,"href":"https:\/\/www.altominho.tv\/site\/wp-json\/wp\/v2\/media\/41664"}],"wp:attachment":[{"href":"https:\/\/www.altominho.tv\/site\/wp-json\/wp\/v2\/media?parent=41663"}],"wp:term":[{"taxonomy":"category","embeddable":true,"href":"https:\/\/www.altominho.tv\/site\/wp-json\/wp\/v2\/categories?post=41663"},{"taxonomy":"post_tag","embeddable":true,"href":"https:\/\/www.altominho.tv\/site\/wp-json\/wp\/v2\/tags?post=41663"}],"curies":[{"name":"wp","href":"https:\/\/api.w.org\/{rel}","templated":true}]}}