{"id":41623,"date":"2020-03-14T22:48:10","date_gmt":"2020-03-14T22:48:10","guid":{"rendered":"http:\/\/www.altominho.tv\/site\/?p=41623"},"modified":"2020-03-19T12:33:08","modified_gmt":"2020-03-19T12:33:08","slug":"movimento-criado-nas-redes-sociais-aplaudiu-esta-noite-o-esforco-dos-profissionais-de-saude","status":"publish","type":"post","link":"https:\/\/www.altominho.tv\/site\/2020\/03\/14\/movimento-criado-nas-redes-sociais-aplaudiu-esta-noite-o-esforco-dos-profissionais-de-saude\/","title":{"rendered":"Movimento criado nas redes sociais aplaudiu esta noite o esfor\u00e7o dos profissionais de sa\u00fade"},"content":{"rendered":"<p>O movimento criado nas redes sociais #somostodosSNS, para agradecimento aos profissionais de sa\u00fade que est\u00e3o a combater a propaga\u00e7\u00e3o do coronav\u00edrus, conseguiu mobilizar um pouco por todo o pa\u00eds, a popula\u00e7\u00e3o que participou de forma efusiva neste gesto simb\u00f3lico.<\/p>\n<p>&#8220;<strong>Hoje, \u00e0s 22h00, vai haver uma corrente de esperan\u00e7a e energia dedicada a todos os profissionais de sa\u00fade que trabalham em todo o pa\u00eds para nos ajudar a ultrapassar este desafio enorme. \u00c0s 22h00, venham todos \u00e0 janela, \u00e0 varanda, onde puderem, aplaudir os nossos profissionais de sa\u00fade<\/strong>&#8220;, l\u00ea-se na publica\u00e7\u00e3o que est\u00e1 a ser partilhada nas redes sociais.<\/p>\n<p>Em muitos locais do pa\u00eds, \u00e0s 22h00 as pessoas, que est\u00e3o a cumprir o isolamento nas suas casas, vieram \u00e0 janela, \u00e0 varanda, ou outro local exterior, aplaudir os profissionais de sa\u00fade.<\/p>\n<p>Existem j\u00e1 v\u00e1rios v\u00eddeos publicados, que mostram o momento deste gesto simb\u00f3lico de solidariedade coletiva:<\/p>\n\n\n<figure class=\"wp-block-embed-facebook wp-block-embed is-type-video is-provider-facebook\"><div class=\"wp-block-embed__wrapper\">\n<div id=\"fb-root\"><\/div><script async=\"1\" defer=\"1\" crossorigin=\"anonymous\" src=\"https:\/\/connect.facebook.net\/en_GB\/sdk.js#xfbml=1&amp;version=v6.0\"><\/script><div class=\"fb-video\" data-href=\"https:\/\/www.facebook.com\/cynthia.guimaraes.758\/videos\/2913642615360177\/?t=1\" data-width=\"770\"><blockquote cite=\"https:\/\/www.facebook.com\/cynthia.guimaraes.758\/videos\/2913642615360177\/\" class=\"fb-xfbml-parse-ignore\"><a href=\"https:\/\/www.facebook.com\/cynthia.guimaraes.758\/videos\/2913642615360177\/\"><\/a><p>Foi lindo. \u2764\ufe0f\ud83d\udc4f\ud83d\udc4f\ud83d\udc4f 22h00O poder das redes sociais, aplausos para m\u00e9dicos e enfermeiros portugueses. Covid-19<\/p>Posted by <a href=\"https:\/\/www.facebook.com\/cynthia.guimaraes.758\">Cynthia Guimar\u00e3es<\/a> on Saturday, 14 March 2020<\/blockquote><\/div>\n<\/div><\/figure>\n\n\n\n<figure class=\"wp-block-embed-youtube wp-block-embed is-type-video is-provider-youtube wp-embed-aspect-16-9 wp-has-aspect-ratio\"><div class=\"wp-block-embed__wrapper\">\n<iframe loading=\"lazy\" title=\"Aplauso em homenagem aos profissionais do SNS\" width=\"770\" height=\"433\" src=\"https:\/\/www.youtube.com\/embed\/MK9ivtgHi-8?feature=oembed\" frameborder=\"0\" allow=\"accelerometer; autoplay; encrypted-media; gyroscope; picture-in-picture\" allowfullscreen><\/iframe>\n<\/div><\/figure>\n\n\n\n<figure class=\"wp-block-embed-facebook wp-block-embed is-type-video is-provider-facebook\"><div class=\"wp-block-embed__wrapper\">\n<div id=\"fb-root\"><\/div><script async=\"1\" defer=\"1\" crossorigin=\"anonymous\" src=\"https:\/\/connect.facebook.net\/en_GB\/sdk.js#xfbml=1&amp;version=v6.0\"><\/script><div class=\"fb-video\" data-href=\"https:\/\/www.facebook.com\/andre.vieira.1422\/videos\/10207066267051854\/?t=6\" data-width=\"770\"><blockquote cite=\"https:\/\/www.facebook.com\/andre.vieira.1422\/videos\/10207066267051854\/\" class=\"fb-xfbml-parse-ignore\"><a href=\"https:\/\/www.facebook.com\/andre.vieira.1422\/videos\/10207066267051854\/\"><\/a><p>It\u00e1lia vers\u00e3o tuga \ud83e\udd1f\ud83e\udd1f\ud83e\udd1f \ud83d\ude0e<\/p>Posted by <a href=\"#\" role=\"button\">Andr\u00e9 Vieira<\/a> on Saturday, 14 March 2020<\/blockquote><\/div>\n<\/div><\/figure>\n","protected":false},"excerpt":{"rendered":"<p>O movimento criado nas redes sociais #somostodosSNS, para agradecimento aos profissionais de sa\u00fade que est\u00e3o a combater a propaga\u00e7\u00e3o do coronav\u00edrus, conseguiu mobilizar um pouco por todo o pa\u00eds, a popula\u00e7\u00e3o que participou de forma efusiva neste gesto simb\u00f3lico. &#8220;Hoje, \u00e0s 22h00, vai haver uma corrente de esperan\u00e7a e energia dedicada a todos os profissionais [&hellip;]<\/p>\n","protected":false},"author":1,"featured_media":41626,"comment_status":"closed","ping_status":"closed","sticky":false,"template":"","format":"standard","meta":{"_exactmetrics_skip_tracking":false,"_exactmetrics_sitenote_active":false,"_exactmetrics_sitenote_note":"","_exactmetrics_sitenote_category":0,"footnotes":""},"categories":[42722],"tags":[26,27],"class_list":["post-41623","post","type-post","status-publish","format-standard","has-post-thumbnail","hentry","category-covid-19","tag-saude","tag-sociedade"],"yoast_head":"<!-- This site is optimized with the Yoast SEO Premium plugin v27.5 (Yoast SEO v27.5) - https:\/\/yoast.com\/product\/yoast-seo-premium-wordpress\/ -->\n<title>Movimento criado nas redes sociais aplaudiu esta noite o esfor\u00e7o dos profissionais de sa\u00fade<\/title>\n<meta name=\"robots\" content=\"index, follow, max-snippet:-1, max-image-preview:large, max-video-preview:-1\" \/>\n<link rel=\"canonical\" href=\"https:\/\/www.altominho.tv\/site\/2020\/03\/14\/movimento-criado-nas-redes-sociais-aplaudiu-esta-noite-o-esforco-dos-profissionais-de-saude\/\" \/>\n<meta property=\"og:locale\" content=\"pt_PT\" \/>\n<meta property=\"og:type\" content=\"article\" \/>\n<meta property=\"og:title\" content=\"Movimento criado nas redes sociais aplaudiu esta noite o esfor\u00e7o dos profissionais de sa\u00fade\" \/>\n<meta property=\"og:description\" content=\"O movimento criado nas redes sociais #somostodosSNS, para agradecimento aos profissionais de sa\u00fade que est\u00e3o a combater a propaga\u00e7\u00e3o do coronav\u00edrus, conseguiu mobilizar um pouco por todo o pa\u00eds, a popula\u00e7\u00e3o que participou de forma efusiva neste gesto simb\u00f3lico. &#8220;Hoje, \u00e0s 22h00, vai haver uma corrente de esperan\u00e7a e energia dedicada a todos os profissionais [&hellip;]\" \/>\n<meta property=\"og:url\" content=\"https:\/\/www.altominho.tv\/site\/2020\/03\/14\/movimento-criado-nas-redes-sociais-aplaudiu-esta-noite-o-esforco-dos-profissionais-de-saude\/\" \/>\n<meta property=\"og:site_name\" content=\"Altominho.tv\" \/>\n<meta property=\"article:publisher\" content=\"https:\/\/www.facebook.com\/altominhotv\" \/>\n<meta property=\"article:published_time\" content=\"2020-03-14T22:48:10+00:00\" \/>\n<meta property=\"article:modified_time\" content=\"2020-03-19T12:33:08+00:00\" \/>\n<meta property=\"og:image\" content=\"https:\/\/www.altominho.tv\/site\/wp-content\/uploads\/2020\/03\/Imagem_SNS.jpg\" \/>\n\t<meta property=\"og:image:width\" content=\"840\" \/>\n\t<meta property=\"og:image:height\" content=\"490\" \/>\n\t<meta property=\"og:image:type\" content=\"image\/jpeg\" \/>\n<meta name=\"author\" content=\"Altominho.tv\" \/>\n<meta name=\"twitter:card\" content=\"summary_large_image\" \/>\n<meta name=\"twitter:creator\" content=\"@altominhoTV\" \/>\n<meta name=\"twitter:site\" content=\"@altominhoTV\" \/>\n<meta name=\"twitter:label1\" content=\"Escrito por\" \/>\n\t<meta name=\"twitter:data1\" content=\"Altominho.tv\" \/>\n\t<meta name=\"twitter:label2\" content=\"Tempo estimado de leitura\" \/>\n\t<meta name=\"twitter:data2\" content=\"1 minuto\" \/>\n<script type=\"application\/ld+json\" class=\"yoast-schema-graph\">{\"@context\":\"https:\\\/\\\/schema.org\",\"@graph\":[{\"@type\":\"Article\",\"@id\":\"https:\\\/\\\/www.altominho.tv\\\/site\\\/2020\\\/03\\\/14\\\/movimento-criado-nas-redes-sociais-aplaudiu-esta-noite-o-esforco-dos-profissionais-de-saude\\\/#article\",\"isPartOf\":{\"@id\":\"https:\\\/\\\/www.altominho.tv\\\/site\\\/2020\\\/03\\\/14\\\/movimento-criado-nas-redes-sociais-aplaudiu-esta-noite-o-esforco-dos-profissionais-de-saude\\\/\"},\"author\":{\"name\":\"Altominho.tv\",\"@id\":\"https:\\\/\\\/www.altominho.tv\\\/site\\\/#\\\/schema\\\/person\\\/4e536851627d7914baf3dac752b6af22\"},\"headline\":\"Movimento criado nas redes sociais aplaudiu esta noite o esfor\u00e7o dos profissionais de sa\u00fade\",\"datePublished\":\"2020-03-14T22:48:10+00:00\",\"dateModified\":\"2020-03-19T12:33:08+00:00\",\"mainEntityOfPage\":{\"@id\":\"https:\\\/\\\/www.altominho.tv\\\/site\\\/2020\\\/03\\\/14\\\/movimento-criado-nas-redes-sociais-aplaudiu-esta-noite-o-esforco-dos-profissionais-de-saude\\\/\"},\"wordCount\":200,\"image\":{\"@id\":\"https:\\\/\\\/www.altominho.tv\\\/site\\\/2020\\\/03\\\/14\\\/movimento-criado-nas-redes-sociais-aplaudiu-esta-noite-o-esforco-dos-profissionais-de-saude\\\/#primaryimage\"},\"thumbnailUrl\":\"https:\\\/\\\/www.altominho.tv\\\/site\\\/wp-content\\\/uploads\\\/2020\\\/03\\\/Imagem_SNS.jpg\",\"keywords\":[\"Sa\u00fade\",\"Sociedade\"],\"articleSection\":[\"Coronav\u00edrus\"],\"inLanguage\":\"pt-PT\",\"copyrightYear\":\"2020\",\"copyrightHolder\":{\"@id\":\"https:\\\/\\\/www.altominho.tv\\\/site\\\/#organization\"}},{\"@type\":\"WebPage\",\"@id\":\"https:\\\/\\\/www.altominho.tv\\\/site\\\/2020\\\/03\\\/14\\\/movimento-criado-nas-redes-sociais-aplaudiu-esta-noite-o-esforco-dos-profissionais-de-saude\\\/\",\"url\":\"https:\\\/\\\/www.altominho.tv\\\/site\\\/2020\\\/03\\\/14\\\/movimento-criado-nas-redes-sociais-aplaudiu-esta-noite-o-esforco-dos-profissionais-de-saude\\\/\",\"name\":\"Movimento criado nas redes sociais aplaudiu esta noite o esfor\u00e7o dos profissionais de sa\u00fade\",\"isPartOf\":{\"@id\":\"https:\\\/\\\/www.altominho.tv\\\/site\\\/#website\"},\"primaryImageOfPage\":{\"@id\":\"https:\\\/\\\/www.altominho.tv\\\/site\\\/2020\\\/03\\\/14\\\/movimento-criado-nas-redes-sociais-aplaudiu-esta-noite-o-esforco-dos-profissionais-de-saude\\\/#primaryimage\"},\"image\":{\"@id\":\"https:\\\/\\\/www.altominho.tv\\\/site\\\/2020\\\/03\\\/14\\\/movimento-criado-nas-redes-sociais-aplaudiu-esta-noite-o-esforco-dos-profissionais-de-saude\\\/#primaryimage\"},\"thumbnailUrl\":\"https:\\\/\\\/www.altominho.tv\\\/site\\\/wp-content\\\/uploads\\\/2020\\\/03\\\/Imagem_SNS.jpg\",\"datePublished\":\"2020-03-14T22:48:10+00:00\",\"dateModified\":\"2020-03-19T12:33:08+00:00\",\"author\":{\"@id\":\"https:\\\/\\\/www.altominho.tv\\\/site\\\/#\\\/schema\\\/person\\\/4e536851627d7914baf3dac752b6af22\"},\"breadcrumb\":{\"@id\":\"https:\\\/\\\/www.altominho.tv\\\/site\\\/2020\\\/03\\\/14\\\/movimento-criado-nas-redes-sociais-aplaudiu-esta-noite-o-esforco-dos-profissionais-de-saude\\\/#breadcrumb\"},\"inLanguage\":\"pt-PT\",\"potentialAction\":[{\"@type\":\"ReadAction\",\"target\":[\"https:\\\/\\\/www.altominho.tv\\\/site\\\/2020\\\/03\\\/14\\\/movimento-criado-nas-redes-sociais-aplaudiu-esta-noite-o-esforco-dos-profissionais-de-saude\\\/\"]}]},{\"@type\":\"ImageObject\",\"inLanguage\":\"pt-PT\",\"@id\":\"https:\\\/\\\/www.altominho.tv\\\/site\\\/2020\\\/03\\\/14\\\/movimento-criado-nas-redes-sociais-aplaudiu-esta-noite-o-esforco-dos-profissionais-de-saude\\\/#primaryimage\",\"url\":\"https:\\\/\\\/www.altominho.tv\\\/site\\\/wp-content\\\/uploads\\\/2020\\\/03\\\/Imagem_SNS.jpg\",\"contentUrl\":\"https:\\\/\\\/www.altominho.tv\\\/site\\\/wp-content\\\/uploads\\\/2020\\\/03\\\/Imagem_SNS.jpg\",\"width\":840,\"height\":490,\"caption\":\"Josef Lee\"},{\"@type\":\"BreadcrumbList\",\"@id\":\"https:\\\/\\\/www.altominho.tv\\\/site\\\/2020\\\/03\\\/14\\\/movimento-criado-nas-redes-sociais-aplaudiu-esta-noite-o-esforco-dos-profissionais-de-saude\\\/#breadcrumb\",\"itemListElement\":[{\"@type\":\"ListItem\",\"position\":1,\"name\":\"In\u00edcio\",\"item\":\"https:\\\/\\\/www.altominho.tv\\\/site\\\/\"},{\"@type\":\"ListItem\",\"position\":2,\"name\":\"Movimento criado nas redes sociais aplaudiu esta noite o esfor\u00e7o dos profissionais de sa\u00fade\"}]},{\"@type\":\"WebSite\",\"@id\":\"https:\\\/\\\/www.altominho.tv\\\/site\\\/#website\",\"url\":\"https:\\\/\\\/www.altominho.tv\\\/site\\\/\",\"name\":\"Altominho.tv\",\"description\":\"A sua regi\u00e3o \u00e0 dist\u00e2ncia de um clique...\",\"potentialAction\":[{\"@type\":\"SearchAction\",\"target\":{\"@type\":\"EntryPoint\",\"urlTemplate\":\"https:\\\/\\\/www.altominho.tv\\\/site\\\/?s={search_term_string}\"},\"query-input\":{\"@type\":\"PropertyValueSpecification\",\"valueRequired\":true,\"valueName\":\"search_term_string\"}}],\"inLanguage\":\"pt-PT\"},{\"@type\":\"Person\",\"@id\":\"https:\\\/\\\/www.altominho.tv\\\/site\\\/#\\\/schema\\\/person\\\/4e536851627d7914baf3dac752b6af22\",\"name\":\"Altominho.tv\",\"image\":{\"@type\":\"ImageObject\",\"inLanguage\":\"pt-PT\",\"@id\":\"https:\\\/\\\/www.altominho.tv\\\/site\\\/wp-content\\\/uploads\\\/2019\\\/11\\\/Logo_Avatar_2-150x150.jpg\",\"url\":\"https:\\\/\\\/www.altominho.tv\\\/site\\\/wp-content\\\/uploads\\\/2019\\\/11\\\/Logo_Avatar_2-150x150.jpg\",\"contentUrl\":\"https:\\\/\\\/www.altominho.tv\\\/site\\\/wp-content\\\/uploads\\\/2019\\\/11\\\/Logo_Avatar_2-150x150.jpg\",\"caption\":\"Altominho.tv\"},\"url\":\"https:\\\/\\\/www.altominho.tv\\\/site\\\/author\\\/altominhotv-tecnico\\\/\"}]}<\/script>\n<meta property=\"og:video\" content=\"https:\/\/www.youtube.com\/embed\/MK9ivtgHi-8\" \/>\n<meta property=\"og:video:type\" content=\"text\/html\" \/>\n<meta property=\"og:video:duration\" content=\"23\" \/>\n<meta property=\"og:video:width\" content=\"480\" \/>\n<meta property=\"og:video:height\" content=\"270\" \/>\n<meta property=\"ya:ovs:adult\" content=\"false\" \/>\n<meta property=\"ya:ovs:upload_date\" content=\"2020-03-14T22:48:10+00:00\" \/>\n<meta property=\"ya:ovs:allow_embed\" content=\"true\" \/>\n<!-- \/ Yoast SEO Premium plugin. -->","yoast_head_json":{"title":"Movimento criado nas redes sociais aplaudiu esta noite o esfor\u00e7o dos profissionais de sa\u00fade","robots":{"index":"index","follow":"follow","max-snippet":"max-snippet:-1","max-image-preview":"max-image-preview:large","max-video-preview":"max-video-preview:-1"},"canonical":"https:\/\/www.altominho.tv\/site\/2020\/03\/14\/movimento-criado-nas-redes-sociais-aplaudiu-esta-noite-o-esforco-dos-profissionais-de-saude\/","og_locale":"pt_PT","og_type":"article","og_title":"Movimento criado nas redes sociais aplaudiu esta noite o esfor\u00e7o dos profissionais de sa\u00fade","og_description":"O movimento criado nas redes sociais #somostodosSNS, para agradecimento aos profissionais de sa\u00fade que est\u00e3o a combater a propaga\u00e7\u00e3o do coronav\u00edrus, conseguiu mobilizar um pouco por todo o pa\u00eds, a popula\u00e7\u00e3o que participou de forma efusiva neste gesto simb\u00f3lico. &#8220;Hoje, \u00e0s 22h00, vai haver uma corrente de esperan\u00e7a e energia dedicada a todos os profissionais [&hellip;]","og_url":"https:\/\/www.altominho.tv\/site\/2020\/03\/14\/movimento-criado-nas-redes-sociais-aplaudiu-esta-noite-o-esforco-dos-profissionais-de-saude\/","og_site_name":"Altominho.tv","article_publisher":"https:\/\/www.facebook.com\/altominhotv","article_published_time":"2020-03-14T22:48:10+00:00","article_modified_time":"2020-03-19T12:33:08+00:00","og_image":[{"width":840,"height":490,"url":"https:\/\/www.altominho.tv\/site\/wp-content\/uploads\/2020\/03\/Imagem_SNS.jpg","type":"image\/jpeg"}],"author":"Altominho.tv","twitter_card":"summary_large_image","twitter_creator":"@altominhoTV","twitter_site":"@altominhoTV","twitter_misc":{"Escrito por":"Altominho.tv","Tempo estimado de leitura":"1 minuto"},"schema":{"@context":"https:\/\/schema.org","@graph":[{"@type":"Article","@id":"https:\/\/www.altominho.tv\/site\/2020\/03\/14\/movimento-criado-nas-redes-sociais-aplaudiu-esta-noite-o-esforco-dos-profissionais-de-saude\/#article","isPartOf":{"@id":"https:\/\/www.altominho.tv\/site\/2020\/03\/14\/movimento-criado-nas-redes-sociais-aplaudiu-esta-noite-o-esforco-dos-profissionais-de-saude\/"},"author":{"name":"Altominho.tv","@id":"https:\/\/www.altominho.tv\/site\/#\/schema\/person\/4e536851627d7914baf3dac752b6af22"},"headline":"Movimento criado nas redes sociais aplaudiu esta noite o esfor\u00e7o dos profissionais de sa\u00fade","datePublished":"2020-03-14T22:48:10+00:00","dateModified":"2020-03-19T12:33:08+00:00","mainEntityOfPage":{"@id":"https:\/\/www.altominho.tv\/site\/2020\/03\/14\/movimento-criado-nas-redes-sociais-aplaudiu-esta-noite-o-esforco-dos-profissionais-de-saude\/"},"wordCount":200,"image":{"@id":"https:\/\/www.altominho.tv\/site\/2020\/03\/14\/movimento-criado-nas-redes-sociais-aplaudiu-esta-noite-o-esforco-dos-profissionais-de-saude\/#primaryimage"},"thumbnailUrl":"https:\/\/www.altominho.tv\/site\/wp-content\/uploads\/2020\/03\/Imagem_SNS.jpg","keywords":["Sa\u00fade","Sociedade"],"articleSection":["Coronav\u00edrus"],"inLanguage":"pt-PT","copyrightYear":"2020","copyrightHolder":{"@id":"https:\/\/www.altominho.tv\/site\/#organization"}},{"@type":"WebPage","@id":"https:\/\/www.altominho.tv\/site\/2020\/03\/14\/movimento-criado-nas-redes-sociais-aplaudiu-esta-noite-o-esforco-dos-profissionais-de-saude\/","url":"https:\/\/www.altominho.tv\/site\/2020\/03\/14\/movimento-criado-nas-redes-sociais-aplaudiu-esta-noite-o-esforco-dos-profissionais-de-saude\/","name":"Movimento criado nas redes sociais aplaudiu esta noite o esfor\u00e7o dos profissionais de sa\u00fade","isPartOf":{"@id":"https:\/\/www.altominho.tv\/site\/#website"},"primaryImageOfPage":{"@id":"https:\/\/www.altominho.tv\/site\/2020\/03\/14\/movimento-criado-nas-redes-sociais-aplaudiu-esta-noite-o-esforco-dos-profissionais-de-saude\/#primaryimage"},"image":{"@id":"https:\/\/www.altominho.tv\/site\/2020\/03\/14\/movimento-criado-nas-redes-sociais-aplaudiu-esta-noite-o-esforco-dos-profissionais-de-saude\/#primaryimage"},"thumbnailUrl":"https:\/\/www.altominho.tv\/site\/wp-content\/uploads\/2020\/03\/Imagem_SNS.jpg","datePublished":"2020-03-14T22:48:10+00:00","dateModified":"2020-03-19T12:33:08+00:00","author":{"@id":"https:\/\/www.altominho.tv\/site\/#\/schema\/person\/4e536851627d7914baf3dac752b6af22"},"breadcrumb":{"@id":"https:\/\/www.altominho.tv\/site\/2020\/03\/14\/movimento-criado-nas-redes-sociais-aplaudiu-esta-noite-o-esforco-dos-profissionais-de-saude\/#breadcrumb"},"inLanguage":"pt-PT","potentialAction":[{"@type":"ReadAction","target":["https:\/\/www.altominho.tv\/site\/2020\/03\/14\/movimento-criado-nas-redes-sociais-aplaudiu-esta-noite-o-esforco-dos-profissionais-de-saude\/"]}]},{"@type":"ImageObject","inLanguage":"pt-PT","@id":"https:\/\/www.altominho.tv\/site\/2020\/03\/14\/movimento-criado-nas-redes-sociais-aplaudiu-esta-noite-o-esforco-dos-profissionais-de-saude\/#primaryimage","url":"https:\/\/www.altominho.tv\/site\/wp-content\/uploads\/2020\/03\/Imagem_SNS.jpg","contentUrl":"https:\/\/www.altominho.tv\/site\/wp-content\/uploads\/2020\/03\/Imagem_SNS.jpg","width":840,"height":490,"caption":"Josef Lee"},{"@type":"BreadcrumbList","@id":"https:\/\/www.altominho.tv\/site\/2020\/03\/14\/movimento-criado-nas-redes-sociais-aplaudiu-esta-noite-o-esforco-dos-profissionais-de-saude\/#breadcrumb","itemListElement":[{"@type":"ListItem","position":1,"name":"In\u00edcio","item":"https:\/\/www.altominho.tv\/site\/"},{"@type":"ListItem","position":2,"name":"Movimento criado nas redes sociais aplaudiu esta noite o esfor\u00e7o dos profissionais de sa\u00fade"}]},{"@type":"WebSite","@id":"https:\/\/www.altominho.tv\/site\/#website","url":"https:\/\/www.altominho.tv\/site\/","name":"Altominho.tv","description":"A sua regi\u00e3o \u00e0 dist\u00e2ncia de um clique...","potentialAction":[{"@type":"SearchAction","target":{"@type":"EntryPoint","urlTemplate":"https:\/\/www.altominho.tv\/site\/?s={search_term_string}"},"query-input":{"@type":"PropertyValueSpecification","valueRequired":true,"valueName":"search_term_string"}}],"inLanguage":"pt-PT"},{"@type":"Person","@id":"https:\/\/www.altominho.tv\/site\/#\/schema\/person\/4e536851627d7914baf3dac752b6af22","name":"Altominho.tv","image":{"@type":"ImageObject","inLanguage":"pt-PT","@id":"https:\/\/www.altominho.tv\/site\/wp-content\/uploads\/2019\/11\/Logo_Avatar_2-150x150.jpg","url":"https:\/\/www.altominho.tv\/site\/wp-content\/uploads\/2019\/11\/Logo_Avatar_2-150x150.jpg","contentUrl":"https:\/\/www.altominho.tv\/site\/wp-content\/uploads\/2019\/11\/Logo_Avatar_2-150x150.jpg","caption":"Altominho.tv"},"url":"https:\/\/www.altominho.tv\/site\/author\/altominhotv-tecnico\/"}]},"og_video":"https:\/\/www.youtube.com\/embed\/MK9ivtgHi-8","og_video_type":"text\/html","og_video_duration":"23","og_video_width":"480","og_video_height":"270","ya_ovs_adult":"false","ya_ovs_upload_date":"2020-03-14T22:48:10+00:00","ya_ovs_allow_embed":"true"},"_links":{"self":[{"href":"https:\/\/www.altominho.tv\/site\/wp-json\/wp\/v2\/posts\/41623","targetHints":{"allow":["GET"]}}],"collection":[{"href":"https:\/\/www.altominho.tv\/site\/wp-json\/wp\/v2\/posts"}],"about":[{"href":"https:\/\/www.altominho.tv\/site\/wp-json\/wp\/v2\/types\/post"}],"author":[{"embeddable":true,"href":"https:\/\/www.altominho.tv\/site\/wp-json\/wp\/v2\/users\/1"}],"replies":[{"embeddable":true,"href":"https:\/\/www.altominho.tv\/site\/wp-json\/wp\/v2\/comments?post=41623"}],"version-history":[{"count":0,"href":"https:\/\/www.altominho.tv\/site\/wp-json\/wp\/v2\/posts\/41623\/revisions"}],"wp:featuredmedia":[{"embeddable":true,"href":"https:\/\/www.altominho.tv\/site\/wp-json\/wp\/v2\/media\/41626"}],"wp:attachment":[{"href":"https:\/\/www.altominho.tv\/site\/wp-json\/wp\/v2\/media?parent=41623"}],"wp:term":[{"taxonomy":"category","embeddable":true,"href":"https:\/\/www.altominho.tv\/site\/wp-json\/wp\/v2\/categories?post=41623"},{"taxonomy":"post_tag","embeddable":true,"href":"https:\/\/www.altominho.tv\/site\/wp-json\/wp\/v2\/tags?post=41623"}],"curies":[{"name":"wp","href":"https:\/\/api.w.org\/{rel}","templated":true}]}}