{"id":41586,"date":"2020-03-13T19:03:50","date_gmt":"2020-03-13T19:03:50","guid":{"rendered":"http:\/\/www.altominho.tv\/site\/?p=41586"},"modified":"2020-03-13T19:16:16","modified_gmt":"2020-03-13T19:16:16","slug":"moncao-anuncia-novas-medidas-preventivas-de-contencao-ao-coronavirus","status":"publish","type":"post","link":"https:\/\/www.altominho.tv\/site\/2020\/03\/13\/moncao-anuncia-novas-medidas-preventivas-de-contencao-ao-coronavirus\/","title":{"rendered":"Mon\u00e7\u00e3o anuncia novas medidas preventivas de conten\u00e7\u00e3o ao coronav\u00edrus"},"content":{"rendered":"<p>A C\u00e2mara Municipal de Mon\u00e7\u00e3o acaba de emitir um comunicado a dar nota de um conjunto de restri\u00e7\u00f5es adicionais no sentido de refor\u00e7ar as medidas de conting\u00eancia atualmente implementadas.<\/p>\n<p>Nesse sentido, no passado dia 10, com efeitos a partir do dia 11, o Munic\u00edpio de Mon\u00e7\u00e3o determinou o adiamento das comemora\u00e7\u00f5es do feriado municipal, a suspens\u00e3o da programa\u00e7\u00e3o do Cine Teatro Jo\u00e3o Verde e todas as atividades culturais e desportivas do munic\u00edpio, bem como o encerramento da Piscina Municipal.<\/p>\n<p>Reunido hoje, 13 de mar\u00e7o, para avaliar a situa\u00e7\u00e3o, o Munic\u00edpio de Mon\u00e7\u00e3o decidiu implementar mais um conjunto de medidas:<\/p>\n<p>-Encerramento dos seguintes servi\u00e7os municipais: Arquivo Municipais, Cine Teatro Jo\u00e3o Verde, Museu do Alvarinho, Loja Interativa de Turismo, Biblioteca Municipal, Pavilh\u00e3o Municipal, Complexo Desportivo do Parque das Caldas, N\u00facleo Museol\u00f3gico \u201cTorre de Lapela\u201d, Centro Interpretativo do Castro de S. Caetano, Sede da Eurocidade, e sanit\u00e1rios p\u00fablicos.<\/p>\n<p>-Redu\u00e7\u00e3o do hor\u00e1rio de atendimento no Edif\u00edcio do Loreto e Edif\u00edcio da Casa do Dr. Pinho (10h00 \u00e0s 11h00 e das 15h00 \u00e0s 16h00).<\/p>\n<p>-Suspens\u00e3o dos atendimentos presenciais nos edif\u00edcios dos servi\u00e7os municipais, nomeadamente para participa\u00e7\u00f5es de queimas e queimadas, comunica\u00e7\u00f5es de ninhos de vespa asi\u00e1tica, pagamento de faturas de \u00e1gua e saneamento, refei\u00e7\u00f5es de cantinas escolares, mercados e feiras, sendo os referidos contactos efetuados, exclusivamente, via telefone ou correio eletr\u00f3nico.<\/p>\n<p>-Isen\u00e7\u00e3o de pagamento de taxa de requerimento, prevista na Tabela de Taxas Gerais do Munic\u00edpio de Mon\u00e7\u00e3o, sob o c\u00f3digo 010199.<\/p>\n<p>-N\u00e3o aplica\u00e7\u00e3o, desde o dia 13 de mar\u00e7o, de juros de mora aos atrasos de pagamento de faturas de fornecimento de \u00e1gua e saneamento, refei\u00e7\u00f5es de cantinas escolares, mercados e feiras, durante a vig\u00eancia do presente despacho.<\/p>\n<p>-De acordo com a decis\u00e3o sa\u00edda da reuni\u00e3o da Comiss\u00e3o Municipal de Prote\u00e7\u00e3o Civil, realizada no dia 13 de mar\u00e7o, determinou-se restringir o hor\u00e1rio de funcionamento dos seguintes estabelecimentos, em todo o Concelho, at\u00e9 \u00e0s 22h00 (restaurantes, marisqueiras, casas de pasto, pizzarias, snack-bars, self-services, eat-drivers, take-away, fast-food, bares, caf\u00e9s, cervejarias, tabernas, casas de ch\u00e1, confeitarias, pastelarias, gelatarias e boutiques de p\u00e3o quente e outros estabelecimentos similares).<\/p>\n<p><u><\/u> &#8211;<u><\/u>Suspens\u00e3o da Feira Semanal do Concelho de Mon\u00e7\u00e3o.<\/p>\n<p><u><\/u> &#8211;<u><\/u>Suspens\u00e3o da realiza\u00e7\u00e3o dos est\u00e1gios curriculares a decorrer no Munic\u00edpio de Mon\u00e7\u00e3o.<\/p>\n<p>O presente despacho produz efeitos imediatos, sendo objeto de revis\u00e3o de acordo com a evolu\u00e7\u00e3o do problema epidemiol\u00f3gico e com as necessidades que se verifiquem a cada momento, existindo uma avalia\u00e7\u00e3o e acompanhamento permanente.<u><\/u><u><\/u><\/p>\n","protected":false},"excerpt":{"rendered":"<p>A C\u00e2mara Municipal de Mon\u00e7\u00e3o acaba de emitir um comunicado a dar nota de um conjunto de restri\u00e7\u00f5es adicionais no sentido de refor\u00e7ar as medidas de conting\u00eancia atualmente implementadas. Nesse sentido, no passado dia 10, com efeitos a partir do dia 11, o Munic\u00edpio de Mon\u00e7\u00e3o determinou o adiamento das comemora\u00e7\u00f5es do feriado municipal, a [&hellip;]<\/p>\n","protected":false},"author":1,"featured_media":41587,"comment_status":"closed","ping_status":"closed","sticky":false,"template":"","format":"standard","meta":{"_exactmetrics_skip_tracking":false,"_exactmetrics_sitenote_active":false,"_exactmetrics_sitenote_note":"","_exactmetrics_sitenote_category":0,"footnotes":""},"categories":[9],"tags":[21,26],"class_list":["post-41586","post","type-post","status-publish","format-standard","has-post-thumbnail","hentry","category-moncao","tag-economia","tag-saude"],"yoast_head":"<!-- This site is optimized with the Yoast SEO Premium plugin v27.5 (Yoast SEO v27.5) - https:\/\/yoast.com\/product\/yoast-seo-premium-wordpress\/ -->\n<title>Mon\u00e7\u00e3o anuncia novas medidas preventivas de conten\u00e7\u00e3o ao coronav\u00edrus<\/title>\n<meta name=\"robots\" content=\"index, follow, max-snippet:-1, max-image-preview:large, max-video-preview:-1\" \/>\n<link rel=\"canonical\" href=\"https:\/\/www.altominho.tv\/site\/2020\/03\/13\/moncao-anuncia-novas-medidas-preventivas-de-contencao-ao-coronavirus\/\" \/>\n<meta property=\"og:locale\" content=\"pt_PT\" \/>\n<meta property=\"og:type\" content=\"article\" \/>\n<meta property=\"og:title\" content=\"Mon\u00e7\u00e3o anuncia novas medidas preventivas de conten\u00e7\u00e3o ao coronav\u00edrus\" \/>\n<meta property=\"og:description\" content=\"A C\u00e2mara Municipal de Mon\u00e7\u00e3o acaba de emitir um comunicado a dar nota de um conjunto de restri\u00e7\u00f5es adicionais no sentido de refor\u00e7ar as medidas de conting\u00eancia atualmente implementadas. Nesse sentido, no passado dia 10, com efeitos a partir do dia 11, o Munic\u00edpio de Mon\u00e7\u00e3o determinou o adiamento das comemora\u00e7\u00f5es do feriado municipal, a [&hellip;]\" \/>\n<meta property=\"og:url\" content=\"https:\/\/www.altominho.tv\/site\/2020\/03\/13\/moncao-anuncia-novas-medidas-preventivas-de-contencao-ao-coronavirus\/\" \/>\n<meta property=\"og:site_name\" content=\"Altominho.tv\" \/>\n<meta property=\"article:publisher\" content=\"https:\/\/www.facebook.com\/altominhotv\" \/>\n<meta property=\"article:published_time\" content=\"2020-03-13T19:03:50+00:00\" \/>\n<meta property=\"article:modified_time\" content=\"2020-03-13T19:16:16+00:00\" \/>\n<meta property=\"og:image\" content=\"https:\/\/www.altominho.tv\/site\/wp-content\/uploads\/2020\/03\/Monc\u0327a\u0303o.jpg\" \/>\n\t<meta property=\"og:image:width\" content=\"1700\" \/>\n\t<meta property=\"og:image:height\" content=\"1047\" \/>\n\t<meta property=\"og:image:type\" content=\"image\/jpeg\" \/>\n<meta name=\"author\" content=\"Altominho.tv\" \/>\n<meta name=\"twitter:card\" content=\"summary_large_image\" \/>\n<meta name=\"twitter:creator\" content=\"@altominhoTV\" \/>\n<meta name=\"twitter:site\" content=\"@altominhoTV\" \/>\n<meta name=\"twitter:label1\" content=\"Escrito por\" \/>\n\t<meta name=\"twitter:data1\" content=\"Altominho.tv\" \/>\n\t<meta name=\"twitter:label2\" content=\"Tempo estimado de leitura\" \/>\n\t<meta name=\"twitter:data2\" content=\"2 minutos\" \/>\n<script type=\"application\/ld+json\" class=\"yoast-schema-graph\">{\"@context\":\"https:\\\/\\\/schema.org\",\"@graph\":[{\"@type\":\"Article\",\"@id\":\"https:\\\/\\\/www.altominho.tv\\\/site\\\/2020\\\/03\\\/13\\\/moncao-anuncia-novas-medidas-preventivas-de-contencao-ao-coronavirus\\\/#article\",\"isPartOf\":{\"@id\":\"https:\\\/\\\/www.altominho.tv\\\/site\\\/2020\\\/03\\\/13\\\/moncao-anuncia-novas-medidas-preventivas-de-contencao-ao-coronavirus\\\/\"},\"author\":{\"name\":\"Altominho.tv\",\"@id\":\"https:\\\/\\\/www.altominho.tv\\\/site\\\/#\\\/schema\\\/person\\\/4e536851627d7914baf3dac752b6af22\"},\"headline\":\"Mon\u00e7\u00e3o anuncia novas medidas preventivas de conten\u00e7\u00e3o ao coronav\u00edrus\",\"datePublished\":\"2020-03-13T19:03:50+00:00\",\"dateModified\":\"2020-03-13T19:16:16+00:00\",\"mainEntityOfPage\":{\"@id\":\"https:\\\/\\\/www.altominho.tv\\\/site\\\/2020\\\/03\\\/13\\\/moncao-anuncia-novas-medidas-preventivas-de-contencao-ao-coronavirus\\\/\"},\"wordCount\":466,\"image\":{\"@id\":\"https:\\\/\\\/www.altominho.tv\\\/site\\\/2020\\\/03\\\/13\\\/moncao-anuncia-novas-medidas-preventivas-de-contencao-ao-coronavirus\\\/#primaryimage\"},\"thumbnailUrl\":\"https:\\\/\\\/www.altominho.tv\\\/site\\\/wp-content\\\/uploads\\\/2020\\\/03\\\/Monc\u0327a\u0303o.jpg\",\"keywords\":[\"Economia\",\"Sa\u00fade\"],\"articleSection\":[\"Mon\u00e7\u00e3o\"],\"inLanguage\":\"pt-PT\",\"copyrightYear\":\"2020\",\"copyrightHolder\":{\"@id\":\"https:\\\/\\\/www.altominho.tv\\\/site\\\/#organization\"}},{\"@type\":\"WebPage\",\"@id\":\"https:\\\/\\\/www.altominho.tv\\\/site\\\/2020\\\/03\\\/13\\\/moncao-anuncia-novas-medidas-preventivas-de-contencao-ao-coronavirus\\\/\",\"url\":\"https:\\\/\\\/www.altominho.tv\\\/site\\\/2020\\\/03\\\/13\\\/moncao-anuncia-novas-medidas-preventivas-de-contencao-ao-coronavirus\\\/\",\"name\":\"Mon\u00e7\u00e3o anuncia novas medidas preventivas de conten\u00e7\u00e3o ao coronav\u00edrus\",\"isPartOf\":{\"@id\":\"https:\\\/\\\/www.altominho.tv\\\/site\\\/#website\"},\"primaryImageOfPage\":{\"@id\":\"https:\\\/\\\/www.altominho.tv\\\/site\\\/2020\\\/03\\\/13\\\/moncao-anuncia-novas-medidas-preventivas-de-contencao-ao-coronavirus\\\/#primaryimage\"},\"image\":{\"@id\":\"https:\\\/\\\/www.altominho.tv\\\/site\\\/2020\\\/03\\\/13\\\/moncao-anuncia-novas-medidas-preventivas-de-contencao-ao-coronavirus\\\/#primaryimage\"},\"thumbnailUrl\":\"https:\\\/\\\/www.altominho.tv\\\/site\\\/wp-content\\\/uploads\\\/2020\\\/03\\\/Monc\u0327a\u0303o.jpg\",\"datePublished\":\"2020-03-13T19:03:50+00:00\",\"dateModified\":\"2020-03-13T19:16:16+00:00\",\"author\":{\"@id\":\"https:\\\/\\\/www.altominho.tv\\\/site\\\/#\\\/schema\\\/person\\\/4e536851627d7914baf3dac752b6af22\"},\"breadcrumb\":{\"@id\":\"https:\\\/\\\/www.altominho.tv\\\/site\\\/2020\\\/03\\\/13\\\/moncao-anuncia-novas-medidas-preventivas-de-contencao-ao-coronavirus\\\/#breadcrumb\"},\"inLanguage\":\"pt-PT\",\"potentialAction\":[{\"@type\":\"ReadAction\",\"target\":[\"https:\\\/\\\/www.altominho.tv\\\/site\\\/2020\\\/03\\\/13\\\/moncao-anuncia-novas-medidas-preventivas-de-contencao-ao-coronavirus\\\/\"]}]},{\"@type\":\"ImageObject\",\"inLanguage\":\"pt-PT\",\"@id\":\"https:\\\/\\\/www.altominho.tv\\\/site\\\/2020\\\/03\\\/13\\\/moncao-anuncia-novas-medidas-preventivas-de-contencao-ao-coronavirus\\\/#primaryimage\",\"url\":\"https:\\\/\\\/www.altominho.tv\\\/site\\\/wp-content\\\/uploads\\\/2020\\\/03\\\/Monc\u0327a\u0303o.jpg\",\"contentUrl\":\"https:\\\/\\\/www.altominho.tv\\\/site\\\/wp-content\\\/uploads\\\/2020\\\/03\\\/Monc\u0327a\u0303o.jpg\",\"width\":1700,\"height\":1047},{\"@type\":\"BreadcrumbList\",\"@id\":\"https:\\\/\\\/www.altominho.tv\\\/site\\\/2020\\\/03\\\/13\\\/moncao-anuncia-novas-medidas-preventivas-de-contencao-ao-coronavirus\\\/#breadcrumb\",\"itemListElement\":[{\"@type\":\"ListItem\",\"position\":1,\"name\":\"In\u00edcio\",\"item\":\"https:\\\/\\\/www.altominho.tv\\\/site\\\/\"},{\"@type\":\"ListItem\",\"position\":2,\"name\":\"Mon\u00e7\u00e3o anuncia novas medidas preventivas de conten\u00e7\u00e3o ao coronav\u00edrus\"}]},{\"@type\":\"WebSite\",\"@id\":\"https:\\\/\\\/www.altominho.tv\\\/site\\\/#website\",\"url\":\"https:\\\/\\\/www.altominho.tv\\\/site\\\/\",\"name\":\"Altominho.tv\",\"description\":\"A sua regi\u00e3o \u00e0 dist\u00e2ncia de um clique...\",\"potentialAction\":[{\"@type\":\"SearchAction\",\"target\":{\"@type\":\"EntryPoint\",\"urlTemplate\":\"https:\\\/\\\/www.altominho.tv\\\/site\\\/?s={search_term_string}\"},\"query-input\":{\"@type\":\"PropertyValueSpecification\",\"valueRequired\":true,\"valueName\":\"search_term_string\"}}],\"inLanguage\":\"pt-PT\"},{\"@type\":\"Person\",\"@id\":\"https:\\\/\\\/www.altominho.tv\\\/site\\\/#\\\/schema\\\/person\\\/4e536851627d7914baf3dac752b6af22\",\"name\":\"Altominho.tv\",\"image\":{\"@type\":\"ImageObject\",\"inLanguage\":\"pt-PT\",\"@id\":\"https:\\\/\\\/www.altominho.tv\\\/site\\\/wp-content\\\/uploads\\\/2019\\\/11\\\/Logo_Avatar_2-150x150.jpg\",\"url\":\"https:\\\/\\\/www.altominho.tv\\\/site\\\/wp-content\\\/uploads\\\/2019\\\/11\\\/Logo_Avatar_2-150x150.jpg\",\"contentUrl\":\"https:\\\/\\\/www.altominho.tv\\\/site\\\/wp-content\\\/uploads\\\/2019\\\/11\\\/Logo_Avatar_2-150x150.jpg\",\"caption\":\"Altominho.tv\"},\"url\":\"https:\\\/\\\/www.altominho.tv\\\/site\\\/author\\\/altominhotv-tecnico\\\/\"}]}<\/script>\n<!-- \/ Yoast SEO Premium plugin. -->","yoast_head_json":{"title":"Mon\u00e7\u00e3o anuncia novas medidas preventivas de conten\u00e7\u00e3o ao coronav\u00edrus","robots":{"index":"index","follow":"follow","max-snippet":"max-snippet:-1","max-image-preview":"max-image-preview:large","max-video-preview":"max-video-preview:-1"},"canonical":"https:\/\/www.altominho.tv\/site\/2020\/03\/13\/moncao-anuncia-novas-medidas-preventivas-de-contencao-ao-coronavirus\/","og_locale":"pt_PT","og_type":"article","og_title":"Mon\u00e7\u00e3o anuncia novas medidas preventivas de conten\u00e7\u00e3o ao coronav\u00edrus","og_description":"A C\u00e2mara Municipal de Mon\u00e7\u00e3o acaba de emitir um comunicado a dar nota de um conjunto de restri\u00e7\u00f5es adicionais no sentido de refor\u00e7ar as medidas de conting\u00eancia atualmente implementadas. Nesse sentido, no passado dia 10, com efeitos a partir do dia 11, o Munic\u00edpio de Mon\u00e7\u00e3o determinou o adiamento das comemora\u00e7\u00f5es do feriado municipal, a [&hellip;]","og_url":"https:\/\/www.altominho.tv\/site\/2020\/03\/13\/moncao-anuncia-novas-medidas-preventivas-de-contencao-ao-coronavirus\/","og_site_name":"Altominho.tv","article_publisher":"https:\/\/www.facebook.com\/altominhotv","article_published_time":"2020-03-13T19:03:50+00:00","article_modified_time":"2020-03-13T19:16:16+00:00","og_image":[{"width":1700,"height":1047,"url":"https:\/\/www.altominho.tv\/site\/wp-content\/uploads\/2020\/03\/Monc\u0327a\u0303o.jpg","type":"image\/jpeg"}],"author":"Altominho.tv","twitter_card":"summary_large_image","twitter_creator":"@altominhoTV","twitter_site":"@altominhoTV","twitter_misc":{"Escrito por":"Altominho.tv","Tempo estimado de leitura":"2 minutos"},"schema":{"@context":"https:\/\/schema.org","@graph":[{"@type":"Article","@id":"https:\/\/www.altominho.tv\/site\/2020\/03\/13\/moncao-anuncia-novas-medidas-preventivas-de-contencao-ao-coronavirus\/#article","isPartOf":{"@id":"https:\/\/www.altominho.tv\/site\/2020\/03\/13\/moncao-anuncia-novas-medidas-preventivas-de-contencao-ao-coronavirus\/"},"author":{"name":"Altominho.tv","@id":"https:\/\/www.altominho.tv\/site\/#\/schema\/person\/4e536851627d7914baf3dac752b6af22"},"headline":"Mon\u00e7\u00e3o anuncia novas medidas preventivas de conten\u00e7\u00e3o ao coronav\u00edrus","datePublished":"2020-03-13T19:03:50+00:00","dateModified":"2020-03-13T19:16:16+00:00","mainEntityOfPage":{"@id":"https:\/\/www.altominho.tv\/site\/2020\/03\/13\/moncao-anuncia-novas-medidas-preventivas-de-contencao-ao-coronavirus\/"},"wordCount":466,"image":{"@id":"https:\/\/www.altominho.tv\/site\/2020\/03\/13\/moncao-anuncia-novas-medidas-preventivas-de-contencao-ao-coronavirus\/#primaryimage"},"thumbnailUrl":"https:\/\/www.altominho.tv\/site\/wp-content\/uploads\/2020\/03\/Monc\u0327a\u0303o.jpg","keywords":["Economia","Sa\u00fade"],"articleSection":["Mon\u00e7\u00e3o"],"inLanguage":"pt-PT","copyrightYear":"2020","copyrightHolder":{"@id":"https:\/\/www.altominho.tv\/site\/#organization"}},{"@type":"WebPage","@id":"https:\/\/www.altominho.tv\/site\/2020\/03\/13\/moncao-anuncia-novas-medidas-preventivas-de-contencao-ao-coronavirus\/","url":"https:\/\/www.altominho.tv\/site\/2020\/03\/13\/moncao-anuncia-novas-medidas-preventivas-de-contencao-ao-coronavirus\/","name":"Mon\u00e7\u00e3o anuncia novas medidas preventivas de conten\u00e7\u00e3o ao coronav\u00edrus","isPartOf":{"@id":"https:\/\/www.altominho.tv\/site\/#website"},"primaryImageOfPage":{"@id":"https:\/\/www.altominho.tv\/site\/2020\/03\/13\/moncao-anuncia-novas-medidas-preventivas-de-contencao-ao-coronavirus\/#primaryimage"},"image":{"@id":"https:\/\/www.altominho.tv\/site\/2020\/03\/13\/moncao-anuncia-novas-medidas-preventivas-de-contencao-ao-coronavirus\/#primaryimage"},"thumbnailUrl":"https:\/\/www.altominho.tv\/site\/wp-content\/uploads\/2020\/03\/Monc\u0327a\u0303o.jpg","datePublished":"2020-03-13T19:03:50+00:00","dateModified":"2020-03-13T19:16:16+00:00","author":{"@id":"https:\/\/www.altominho.tv\/site\/#\/schema\/person\/4e536851627d7914baf3dac752b6af22"},"breadcrumb":{"@id":"https:\/\/www.altominho.tv\/site\/2020\/03\/13\/moncao-anuncia-novas-medidas-preventivas-de-contencao-ao-coronavirus\/#breadcrumb"},"inLanguage":"pt-PT","potentialAction":[{"@type":"ReadAction","target":["https:\/\/www.altominho.tv\/site\/2020\/03\/13\/moncao-anuncia-novas-medidas-preventivas-de-contencao-ao-coronavirus\/"]}]},{"@type":"ImageObject","inLanguage":"pt-PT","@id":"https:\/\/www.altominho.tv\/site\/2020\/03\/13\/moncao-anuncia-novas-medidas-preventivas-de-contencao-ao-coronavirus\/#primaryimage","url":"https:\/\/www.altominho.tv\/site\/wp-content\/uploads\/2020\/03\/Monc\u0327a\u0303o.jpg","contentUrl":"https:\/\/www.altominho.tv\/site\/wp-content\/uploads\/2020\/03\/Monc\u0327a\u0303o.jpg","width":1700,"height":1047},{"@type":"BreadcrumbList","@id":"https:\/\/www.altominho.tv\/site\/2020\/03\/13\/moncao-anuncia-novas-medidas-preventivas-de-contencao-ao-coronavirus\/#breadcrumb","itemListElement":[{"@type":"ListItem","position":1,"name":"In\u00edcio","item":"https:\/\/www.altominho.tv\/site\/"},{"@type":"ListItem","position":2,"name":"Mon\u00e7\u00e3o anuncia novas medidas preventivas de conten\u00e7\u00e3o ao coronav\u00edrus"}]},{"@type":"WebSite","@id":"https:\/\/www.altominho.tv\/site\/#website","url":"https:\/\/www.altominho.tv\/site\/","name":"Altominho.tv","description":"A sua regi\u00e3o \u00e0 dist\u00e2ncia de um clique...","potentialAction":[{"@type":"SearchAction","target":{"@type":"EntryPoint","urlTemplate":"https:\/\/www.altominho.tv\/site\/?s={search_term_string}"},"query-input":{"@type":"PropertyValueSpecification","valueRequired":true,"valueName":"search_term_string"}}],"inLanguage":"pt-PT"},{"@type":"Person","@id":"https:\/\/www.altominho.tv\/site\/#\/schema\/person\/4e536851627d7914baf3dac752b6af22","name":"Altominho.tv","image":{"@type":"ImageObject","inLanguage":"pt-PT","@id":"https:\/\/www.altominho.tv\/site\/wp-content\/uploads\/2019\/11\/Logo_Avatar_2-150x150.jpg","url":"https:\/\/www.altominho.tv\/site\/wp-content\/uploads\/2019\/11\/Logo_Avatar_2-150x150.jpg","contentUrl":"https:\/\/www.altominho.tv\/site\/wp-content\/uploads\/2019\/11\/Logo_Avatar_2-150x150.jpg","caption":"Altominho.tv"},"url":"https:\/\/www.altominho.tv\/site\/author\/altominhotv-tecnico\/"}]}},"_links":{"self":[{"href":"https:\/\/www.altominho.tv\/site\/wp-json\/wp\/v2\/posts\/41586","targetHints":{"allow":["GET"]}}],"collection":[{"href":"https:\/\/www.altominho.tv\/site\/wp-json\/wp\/v2\/posts"}],"about":[{"href":"https:\/\/www.altominho.tv\/site\/wp-json\/wp\/v2\/types\/post"}],"author":[{"embeddable":true,"href":"https:\/\/www.altominho.tv\/site\/wp-json\/wp\/v2\/users\/1"}],"replies":[{"embeddable":true,"href":"https:\/\/www.altominho.tv\/site\/wp-json\/wp\/v2\/comments?post=41586"}],"version-history":[{"count":0,"href":"https:\/\/www.altominho.tv\/site\/wp-json\/wp\/v2\/posts\/41586\/revisions"}],"wp:featuredmedia":[{"embeddable":true,"href":"https:\/\/www.altominho.tv\/site\/wp-json\/wp\/v2\/media\/41587"}],"wp:attachment":[{"href":"https:\/\/www.altominho.tv\/site\/wp-json\/wp\/v2\/media?parent=41586"}],"wp:term":[{"taxonomy":"category","embeddable":true,"href":"https:\/\/www.altominho.tv\/site\/wp-json\/wp\/v2\/categories?post=41586"},{"taxonomy":"post_tag","embeddable":true,"href":"https:\/\/www.altominho.tv\/site\/wp-json\/wp\/v2\/tags?post=41586"}],"curies":[{"name":"wp","href":"https:\/\/api.w.org\/{rel}","templated":true}]}}