{"id":41564,"date":"2020-03-13T18:15:48","date_gmt":"2020-03-13T18:15:48","guid":{"rendered":"http:\/\/www.altominho.tv\/site\/?p=41564"},"modified":"2020-03-13T18:15:52","modified_gmt":"2020-03-13T18:15:52","slug":"maratona-btt-de-melgaco-cancelada","status":"publish","type":"post","link":"https:\/\/www.altominho.tv\/site\/2020\/03\/13\/maratona-btt-de-melgaco-cancelada\/","title":{"rendered":"Maratona BTT de Melga\u00e7o cancelada"},"content":{"rendered":"<p class=\"t-article-content-intro-1 selectionShareable\"><strong>A quinta edi\u00e7\u00e3o da Maratona BTT de Melga\u00e7o, agendada para 22 de mar\u00e7o, foi cancelada, por causa do novo coronav\u00edrus.<\/strong><\/p>\n<p class=\"selectionShareable\">Em comunicado, o Centro de Est\u00e1gios de Melga\u00e7o anunciou, esta sexta-feira, o cancelamento daquela <a href=\"https:\/\/www.altominho.tv\/site\/2020\/03\/10\/melgaco-acolhe-5-a-edicao-da-maratona-btt\/\">prova<\/a>, pontu\u00e1vel para a Ta\u00e7a de Portugal e para o Campeonato do Minho BTT XCM \u2013 Discover Melga\u00e7o, bem como o encerramento das instala\u00e7\u00f5es e a suspens\u00e3o de outras atividades.<\/p>\n<p>O espa\u00e7o e todas as suas val\u00eancias (gin\u00e1sio, SPA, aulas de grupo e de fitness<span class=\"text_exposed_show\">, aluguer de equipamentos desportivos) v\u00e3o estar encerrados at\u00e9 ao dia 30 de abril e <\/span><span class=\"text_exposed_show\">\u201cser\u00e1 apenas autorizado o uso das instala\u00e7\u00f5es desportivas do Centro de Est\u00e1gios de Melga\u00e7o nas seguintes situa\u00e7\u00f5es: atividades curriculares (aulas); treinos e competi\u00e7\u00f5es oficiais de equipas e atletas federados, sendo que n\u00e3o est\u00e1 autorizada a presen\u00e7a de p\u00fablico\u201d, refere aquela nota.&nbsp;<\/span><\/p>\n<div class=\"text_exposed_show\">\n<p><span class=\"text_exposed_show\">Canceladas est\u00e3o tamb\u00e9m todas as visitas de estudo agendadas, <em>workshops<\/em>, mostras, encontros e eventos promovidos por esta entidade, inclusive as organizadas com parceiros, como o \u201cProjeto Atividade\u201d, \u201cDiabetes em Movimento\u201d e a \u201cMaratona BTT de Melga\u00e7o\u201d. <\/span><\/p>\n<p><span class=\"text_exposed_show\">As piscinas da vila de Melga\u00e7o encerram a partir do dia 19 de mar\u00e7o.<\/span><\/p>\n<\/div>\n","protected":false},"excerpt":{"rendered":"<p>A quinta edi\u00e7\u00e3o da Maratona BTT de Melga\u00e7o, agendada para 22 de mar\u00e7o, foi cancelada, por causa do novo coronav\u00edrus. Em comunicado, o Centro de Est\u00e1gios de Melga\u00e7o anunciou, esta sexta-feira, o cancelamento daquela prova, pontu\u00e1vel para a Ta\u00e7a de Portugal e para o Campeonato do Minho BTT XCM \u2013 Discover Melga\u00e7o, bem como o [&hellip;]<\/p>\n","protected":false},"author":12,"featured_media":41348,"comment_status":"closed","ping_status":"closed","sticky":false,"template":"","format":"standard","meta":{"_exactmetrics_skip_tracking":false,"_exactmetrics_sitenote_active":false,"_exactmetrics_sitenote_note":"","_exactmetrics_sitenote_category":0,"footnotes":""},"categories":[8],"tags":[20],"class_list":["post-41564","post","type-post","status-publish","format-standard","has-post-thumbnail","hentry","category-melgaco","tag-desporto"],"yoast_head":"<!-- This site is optimized with the Yoast SEO Premium plugin v27.5 (Yoast SEO v27.5) - https:\/\/yoast.com\/product\/yoast-seo-premium-wordpress\/ -->\n<title>Maratona BTT de Melga\u00e7o cancelada<\/title>\n<meta name=\"robots\" content=\"index, follow, max-snippet:-1, max-image-preview:large, max-video-preview:-1\" \/>\n<link rel=\"canonical\" href=\"https:\/\/www.altominho.tv\/site\/2020\/03\/13\/maratona-btt-de-melgaco-cancelada\/\" \/>\n<meta property=\"og:locale\" content=\"pt_PT\" \/>\n<meta property=\"og:type\" content=\"article\" \/>\n<meta property=\"og:title\" content=\"Maratona BTT de Melga\u00e7o cancelada\" \/>\n<meta property=\"og:description\" content=\"A quinta edi\u00e7\u00e3o da Maratona BTT de Melga\u00e7o, agendada para 22 de mar\u00e7o, foi cancelada, por causa do novo coronav\u00edrus. Em comunicado, o Centro de Est\u00e1gios de Melga\u00e7o anunciou, esta sexta-feira, o cancelamento daquela prova, pontu\u00e1vel para a Ta\u00e7a de Portugal e para o Campeonato do Minho BTT XCM \u2013 Discover Melga\u00e7o, bem como o [&hellip;]\" \/>\n<meta property=\"og:url\" content=\"https:\/\/www.altominho.tv\/site\/2020\/03\/13\/maratona-btt-de-melgaco-cancelada\/\" \/>\n<meta property=\"og:site_name\" content=\"Altominho.tv\" \/>\n<meta property=\"article:publisher\" content=\"https:\/\/www.facebook.com\/altominhotv\" \/>\n<meta property=\"article:published_time\" content=\"2020-03-13T18:15:48+00:00\" \/>\n<meta property=\"article:modified_time\" content=\"2020-03-13T18:15:52+00:00\" \/>\n<meta property=\"og:image\" content=\"https:\/\/www.altominho.tv\/site\/wp-content\/uploads\/2020\/03\/BTT-1.jpg\" \/>\n\t<meta property=\"og:image:width\" content=\"1890\" \/>\n\t<meta property=\"og:image:height\" content=\"1014\" \/>\n\t<meta property=\"og:image:type\" content=\"image\/jpeg\" \/>\n<meta name=\"author\" content=\"Andreia Ferreira\" \/>\n<meta name=\"twitter:card\" content=\"summary_large_image\" \/>\n<meta name=\"twitter:creator\" content=\"@altominhoTV\" \/>\n<meta name=\"twitter:site\" content=\"@altominhoTV\" \/>\n<meta name=\"twitter:label1\" content=\"Escrito por\" \/>\n\t<meta name=\"twitter:data1\" content=\"Andreia Ferreira\" \/>\n\t<meta name=\"twitter:label2\" content=\"Tempo estimado de leitura\" \/>\n\t<meta name=\"twitter:data2\" content=\"1 minuto\" \/>\n<script type=\"application\/ld+json\" class=\"yoast-schema-graph\">{\"@context\":\"https:\\\/\\\/schema.org\",\"@graph\":[{\"@type\":\"Article\",\"@id\":\"https:\\\/\\\/www.altominho.tv\\\/site\\\/2020\\\/03\\\/13\\\/maratona-btt-de-melgaco-cancelada\\\/#article\",\"isPartOf\":{\"@id\":\"https:\\\/\\\/www.altominho.tv\\\/site\\\/2020\\\/03\\\/13\\\/maratona-btt-de-melgaco-cancelada\\\/\"},\"author\":{\"name\":\"Andreia Ferreira\",\"@id\":\"https:\\\/\\\/www.altominho.tv\\\/site\\\/#\\\/schema\\\/person\\\/d9be4265364723f14ea8e0d56a1d38cd\"},\"headline\":\"Maratona BTT de Melga\u00e7o cancelada\",\"datePublished\":\"2020-03-13T18:15:48+00:00\",\"dateModified\":\"2020-03-13T18:15:52+00:00\",\"mainEntityOfPage\":{\"@id\":\"https:\\\/\\\/www.altominho.tv\\\/site\\\/2020\\\/03\\\/13\\\/maratona-btt-de-melgaco-cancelada\\\/\"},\"wordCount\":215,\"image\":{\"@id\":\"https:\\\/\\\/www.altominho.tv\\\/site\\\/2020\\\/03\\\/13\\\/maratona-btt-de-melgaco-cancelada\\\/#primaryimage\"},\"thumbnailUrl\":\"https:\\\/\\\/www.altominho.tv\\\/site\\\/wp-content\\\/uploads\\\/2020\\\/03\\\/BTT-1.jpg\",\"keywords\":[\"Desporto\"],\"articleSection\":[\"Melga\u00e7o\"],\"inLanguage\":\"pt-PT\",\"copyrightYear\":\"2020\",\"copyrightHolder\":{\"@id\":\"https:\\\/\\\/www.altominho.tv\\\/site\\\/#organization\"}},{\"@type\":\"WebPage\",\"@id\":\"https:\\\/\\\/www.altominho.tv\\\/site\\\/2020\\\/03\\\/13\\\/maratona-btt-de-melgaco-cancelada\\\/\",\"url\":\"https:\\\/\\\/www.altominho.tv\\\/site\\\/2020\\\/03\\\/13\\\/maratona-btt-de-melgaco-cancelada\\\/\",\"name\":\"Maratona BTT de Melga\u00e7o cancelada\",\"isPartOf\":{\"@id\":\"https:\\\/\\\/www.altominho.tv\\\/site\\\/#website\"},\"primaryImageOfPage\":{\"@id\":\"https:\\\/\\\/www.altominho.tv\\\/site\\\/2020\\\/03\\\/13\\\/maratona-btt-de-melgaco-cancelada\\\/#primaryimage\"},\"image\":{\"@id\":\"https:\\\/\\\/www.altominho.tv\\\/site\\\/2020\\\/03\\\/13\\\/maratona-btt-de-melgaco-cancelada\\\/#primaryimage\"},\"thumbnailUrl\":\"https:\\\/\\\/www.altominho.tv\\\/site\\\/wp-content\\\/uploads\\\/2020\\\/03\\\/BTT-1.jpg\",\"datePublished\":\"2020-03-13T18:15:48+00:00\",\"dateModified\":\"2020-03-13T18:15:52+00:00\",\"author\":{\"@id\":\"https:\\\/\\\/www.altominho.tv\\\/site\\\/#\\\/schema\\\/person\\\/d9be4265364723f14ea8e0d56a1d38cd\"},\"breadcrumb\":{\"@id\":\"https:\\\/\\\/www.altominho.tv\\\/site\\\/2020\\\/03\\\/13\\\/maratona-btt-de-melgaco-cancelada\\\/#breadcrumb\"},\"inLanguage\":\"pt-PT\",\"potentialAction\":[{\"@type\":\"ReadAction\",\"target\":[\"https:\\\/\\\/www.altominho.tv\\\/site\\\/2020\\\/03\\\/13\\\/maratona-btt-de-melgaco-cancelada\\\/\"]}]},{\"@type\":\"ImageObject\",\"inLanguage\":\"pt-PT\",\"@id\":\"https:\\\/\\\/www.altominho.tv\\\/site\\\/2020\\\/03\\\/13\\\/maratona-btt-de-melgaco-cancelada\\\/#primaryimage\",\"url\":\"https:\\\/\\\/www.altominho.tv\\\/site\\\/wp-content\\\/uploads\\\/2020\\\/03\\\/BTT-1.jpg\",\"contentUrl\":\"https:\\\/\\\/www.altominho.tv\\\/site\\\/wp-content\\\/uploads\\\/2020\\\/03\\\/BTT-1.jpg\",\"width\":1890,\"height\":1014},{\"@type\":\"BreadcrumbList\",\"@id\":\"https:\\\/\\\/www.altominho.tv\\\/site\\\/2020\\\/03\\\/13\\\/maratona-btt-de-melgaco-cancelada\\\/#breadcrumb\",\"itemListElement\":[{\"@type\":\"ListItem\",\"position\":1,\"name\":\"In\u00edcio\",\"item\":\"https:\\\/\\\/www.altominho.tv\\\/site\\\/\"},{\"@type\":\"ListItem\",\"position\":2,\"name\":\"Maratona BTT de Melga\u00e7o cancelada\"}]},{\"@type\":\"WebSite\",\"@id\":\"https:\\\/\\\/www.altominho.tv\\\/site\\\/#website\",\"url\":\"https:\\\/\\\/www.altominho.tv\\\/site\\\/\",\"name\":\"Altominho.tv\",\"description\":\"A sua regi\u00e3o \u00e0 dist\u00e2ncia de um clique...\",\"potentialAction\":[{\"@type\":\"SearchAction\",\"target\":{\"@type\":\"EntryPoint\",\"urlTemplate\":\"https:\\\/\\\/www.altominho.tv\\\/site\\\/?s={search_term_string}\"},\"query-input\":{\"@type\":\"PropertyValueSpecification\",\"valueRequired\":true,\"valueName\":\"search_term_string\"}}],\"inLanguage\":\"pt-PT\"},{\"@type\":\"Person\",\"@id\":\"https:\\\/\\\/www.altominho.tv\\\/site\\\/#\\\/schema\\\/person\\\/d9be4265364723f14ea8e0d56a1d38cd\",\"name\":\"Andreia Ferreira\",\"image\":{\"@type\":\"ImageObject\",\"inLanguage\":\"pt-PT\",\"@id\":\"https:\\\/\\\/www.altominho.tv\\\/site\\\/wp-content\\\/uploads\\\/2021\\\/01\\\/AndreiaFerreira-150x150.jpg\",\"url\":\"https:\\\/\\\/www.altominho.tv\\\/site\\\/wp-content\\\/uploads\\\/2021\\\/01\\\/AndreiaFerreira-150x150.jpg\",\"contentUrl\":\"https:\\\/\\\/www.altominho.tv\\\/site\\\/wp-content\\\/uploads\\\/2021\\\/01\\\/AndreiaFerreira-150x150.jpg\",\"caption\":\"Andreia Ferreira\"},\"url\":\"https:\\\/\\\/www.altominho.tv\\\/site\\\/author\\\/andreiaferreira\\\/\"}]}<\/script>\n<!-- \/ Yoast SEO Premium plugin. -->","yoast_head_json":{"title":"Maratona BTT de Melga\u00e7o cancelada","robots":{"index":"index","follow":"follow","max-snippet":"max-snippet:-1","max-image-preview":"max-image-preview:large","max-video-preview":"max-video-preview:-1"},"canonical":"https:\/\/www.altominho.tv\/site\/2020\/03\/13\/maratona-btt-de-melgaco-cancelada\/","og_locale":"pt_PT","og_type":"article","og_title":"Maratona BTT de Melga\u00e7o cancelada","og_description":"A quinta edi\u00e7\u00e3o da Maratona BTT de Melga\u00e7o, agendada para 22 de mar\u00e7o, foi cancelada, por causa do novo coronav\u00edrus. Em comunicado, o Centro de Est\u00e1gios de Melga\u00e7o anunciou, esta sexta-feira, o cancelamento daquela prova, pontu\u00e1vel para a Ta\u00e7a de Portugal e para o Campeonato do Minho BTT XCM \u2013 Discover Melga\u00e7o, bem como o [&hellip;]","og_url":"https:\/\/www.altominho.tv\/site\/2020\/03\/13\/maratona-btt-de-melgaco-cancelada\/","og_site_name":"Altominho.tv","article_publisher":"https:\/\/www.facebook.com\/altominhotv","article_published_time":"2020-03-13T18:15:48+00:00","article_modified_time":"2020-03-13T18:15:52+00:00","og_image":[{"width":1890,"height":1014,"url":"https:\/\/www.altominho.tv\/site\/wp-content\/uploads\/2020\/03\/BTT-1.jpg","type":"image\/jpeg"}],"author":"Andreia Ferreira","twitter_card":"summary_large_image","twitter_creator":"@altominhoTV","twitter_site":"@altominhoTV","twitter_misc":{"Escrito por":"Andreia Ferreira","Tempo estimado de leitura":"1 minuto"},"schema":{"@context":"https:\/\/schema.org","@graph":[{"@type":"Article","@id":"https:\/\/www.altominho.tv\/site\/2020\/03\/13\/maratona-btt-de-melgaco-cancelada\/#article","isPartOf":{"@id":"https:\/\/www.altominho.tv\/site\/2020\/03\/13\/maratona-btt-de-melgaco-cancelada\/"},"author":{"name":"Andreia Ferreira","@id":"https:\/\/www.altominho.tv\/site\/#\/schema\/person\/d9be4265364723f14ea8e0d56a1d38cd"},"headline":"Maratona BTT de Melga\u00e7o cancelada","datePublished":"2020-03-13T18:15:48+00:00","dateModified":"2020-03-13T18:15:52+00:00","mainEntityOfPage":{"@id":"https:\/\/www.altominho.tv\/site\/2020\/03\/13\/maratona-btt-de-melgaco-cancelada\/"},"wordCount":215,"image":{"@id":"https:\/\/www.altominho.tv\/site\/2020\/03\/13\/maratona-btt-de-melgaco-cancelada\/#primaryimage"},"thumbnailUrl":"https:\/\/www.altominho.tv\/site\/wp-content\/uploads\/2020\/03\/BTT-1.jpg","keywords":["Desporto"],"articleSection":["Melga\u00e7o"],"inLanguage":"pt-PT","copyrightYear":"2020","copyrightHolder":{"@id":"https:\/\/www.altominho.tv\/site\/#organization"}},{"@type":"WebPage","@id":"https:\/\/www.altominho.tv\/site\/2020\/03\/13\/maratona-btt-de-melgaco-cancelada\/","url":"https:\/\/www.altominho.tv\/site\/2020\/03\/13\/maratona-btt-de-melgaco-cancelada\/","name":"Maratona BTT de Melga\u00e7o cancelada","isPartOf":{"@id":"https:\/\/www.altominho.tv\/site\/#website"},"primaryImageOfPage":{"@id":"https:\/\/www.altominho.tv\/site\/2020\/03\/13\/maratona-btt-de-melgaco-cancelada\/#primaryimage"},"image":{"@id":"https:\/\/www.altominho.tv\/site\/2020\/03\/13\/maratona-btt-de-melgaco-cancelada\/#primaryimage"},"thumbnailUrl":"https:\/\/www.altominho.tv\/site\/wp-content\/uploads\/2020\/03\/BTT-1.jpg","datePublished":"2020-03-13T18:15:48+00:00","dateModified":"2020-03-13T18:15:52+00:00","author":{"@id":"https:\/\/www.altominho.tv\/site\/#\/schema\/person\/d9be4265364723f14ea8e0d56a1d38cd"},"breadcrumb":{"@id":"https:\/\/www.altominho.tv\/site\/2020\/03\/13\/maratona-btt-de-melgaco-cancelada\/#breadcrumb"},"inLanguage":"pt-PT","potentialAction":[{"@type":"ReadAction","target":["https:\/\/www.altominho.tv\/site\/2020\/03\/13\/maratona-btt-de-melgaco-cancelada\/"]}]},{"@type":"ImageObject","inLanguage":"pt-PT","@id":"https:\/\/www.altominho.tv\/site\/2020\/03\/13\/maratona-btt-de-melgaco-cancelada\/#primaryimage","url":"https:\/\/www.altominho.tv\/site\/wp-content\/uploads\/2020\/03\/BTT-1.jpg","contentUrl":"https:\/\/www.altominho.tv\/site\/wp-content\/uploads\/2020\/03\/BTT-1.jpg","width":1890,"height":1014},{"@type":"BreadcrumbList","@id":"https:\/\/www.altominho.tv\/site\/2020\/03\/13\/maratona-btt-de-melgaco-cancelada\/#breadcrumb","itemListElement":[{"@type":"ListItem","position":1,"name":"In\u00edcio","item":"https:\/\/www.altominho.tv\/site\/"},{"@type":"ListItem","position":2,"name":"Maratona BTT de Melga\u00e7o cancelada"}]},{"@type":"WebSite","@id":"https:\/\/www.altominho.tv\/site\/#website","url":"https:\/\/www.altominho.tv\/site\/","name":"Altominho.tv","description":"A sua regi\u00e3o \u00e0 dist\u00e2ncia de um clique...","potentialAction":[{"@type":"SearchAction","target":{"@type":"EntryPoint","urlTemplate":"https:\/\/www.altominho.tv\/site\/?s={search_term_string}"},"query-input":{"@type":"PropertyValueSpecification","valueRequired":true,"valueName":"search_term_string"}}],"inLanguage":"pt-PT"},{"@type":"Person","@id":"https:\/\/www.altominho.tv\/site\/#\/schema\/person\/d9be4265364723f14ea8e0d56a1d38cd","name":"Andreia Ferreira","image":{"@type":"ImageObject","inLanguage":"pt-PT","@id":"https:\/\/www.altominho.tv\/site\/wp-content\/uploads\/2021\/01\/AndreiaFerreira-150x150.jpg","url":"https:\/\/www.altominho.tv\/site\/wp-content\/uploads\/2021\/01\/AndreiaFerreira-150x150.jpg","contentUrl":"https:\/\/www.altominho.tv\/site\/wp-content\/uploads\/2021\/01\/AndreiaFerreira-150x150.jpg","caption":"Andreia Ferreira"},"url":"https:\/\/www.altominho.tv\/site\/author\/andreiaferreira\/"}]}},"_links":{"self":[{"href":"https:\/\/www.altominho.tv\/site\/wp-json\/wp\/v2\/posts\/41564","targetHints":{"allow":["GET"]}}],"collection":[{"href":"https:\/\/www.altominho.tv\/site\/wp-json\/wp\/v2\/posts"}],"about":[{"href":"https:\/\/www.altominho.tv\/site\/wp-json\/wp\/v2\/types\/post"}],"author":[{"embeddable":true,"href":"https:\/\/www.altominho.tv\/site\/wp-json\/wp\/v2\/users\/12"}],"replies":[{"embeddable":true,"href":"https:\/\/www.altominho.tv\/site\/wp-json\/wp\/v2\/comments?post=41564"}],"version-history":[{"count":0,"href":"https:\/\/www.altominho.tv\/site\/wp-json\/wp\/v2\/posts\/41564\/revisions"}],"wp:featuredmedia":[{"embeddable":true,"href":"https:\/\/www.altominho.tv\/site\/wp-json\/wp\/v2\/media\/41348"}],"wp:attachment":[{"href":"https:\/\/www.altominho.tv\/site\/wp-json\/wp\/v2\/media?parent=41564"}],"wp:term":[{"taxonomy":"category","embeddable":true,"href":"https:\/\/www.altominho.tv\/site\/wp-json\/wp\/v2\/categories?post=41564"},{"taxonomy":"post_tag","embeddable":true,"href":"https:\/\/www.altominho.tv\/site\/wp-json\/wp\/v2\/tags?post=41564"}],"curies":[{"name":"wp","href":"https:\/\/api.w.org\/{rel}","templated":true}]}}