{"id":41554,"date":"2020-03-13T16:25:03","date_gmt":"2020-03-13T16:25:03","guid":{"rendered":"http:\/\/www.altominho.tv\/site\/?p=41554"},"modified":"2020-03-13T16:25:10","modified_gmt":"2020-03-13T16:25:10","slug":"camara-de-arcos-de-valdevez-atribui-85-mil-euros-a-instituicoes-sociais","status":"publish","type":"post","link":"https:\/\/www.altominho.tv\/site\/2020\/03\/13\/camara-de-arcos-de-valdevez-atribui-85-mil-euros-a-instituicoes-sociais\/","title":{"rendered":"C\u00e2mara de Arcos de Valdevez atribui 85 mil euros a institui\u00e7\u00f5es sociais"},"content":{"rendered":"<p>A C\u00e2mara de Arcos de Valdevez vai apoiar com cerca de 85 mil euros nove Institui\u00e7\u00f5es Particulares de Solidariedade Social (IPSS) do concelho.<\/p>\n<p>Em comunicado, a autarquia adianta que os apoios aprovados na \u00faltima reuni\u00e3o do executivo &#8220;t\u00eam em vista o financiamento das atividades correntes das respetivas institui\u00e7\u00f5es, contribuindo para a melhoria das respostas sociais aos arcuenses e o desenvolvimento de uma sociedade mais inclusiva e solid\u00e1ria&#8221;.<\/p>\n<p><span style=\"font-size: inherit\">Segundo o munic\u00edpio, as IPSS do concelho &#8220;desempenham um papel fundamental no apoio \u00e0 popula\u00e7\u00e3o, atrav\u00e9s da sua rede de respostas sociais, desde as creches aos lares de idosos, passando pelos jardins de inf\u00e2ncia, ATL, centros de dia e apoio domicili\u00e1rio&#8221;.<\/span><\/p>\n","protected":false},"excerpt":{"rendered":"<p>A C\u00e2mara de Arcos de Valdevez vai apoiar com cerca de 85 mil euros nove Institui\u00e7\u00f5es Particulares de Solidariedade Social (IPSS) do concelho. Em comunicado, a autarquia adianta que os apoios aprovados na \u00faltima reuni\u00e3o do executivo &#8220;t\u00eam em vista o financiamento das atividades correntes das respetivas institui\u00e7\u00f5es, contribuindo para a melhoria das respostas sociais [&hellip;]<\/p>\n","protected":false},"author":12,"featured_media":41393,"comment_status":"closed","ping_status":"closed","sticky":false,"template":"","format":"standard","meta":{"_exactmetrics_skip_tracking":false,"_exactmetrics_sitenote_active":false,"_exactmetrics_sitenote_note":"","_exactmetrics_sitenote_category":0,"footnotes":""},"categories":[2],"tags":[21],"class_list":["post-41554","post","type-post","status-publish","format-standard","has-post-thumbnail","hentry","category-arcos-de-valdevez","tag-economia"],"yoast_head":"<!-- This site is optimized with the Yoast SEO Premium plugin v27.5 (Yoast SEO v27.5) - https:\/\/yoast.com\/product\/yoast-seo-premium-wordpress\/ -->\n<title>C\u00e2mara de Arcos de Valdevez atribui 85 mil euros a institui\u00e7\u00f5es sociais<\/title>\n<meta name=\"robots\" content=\"index, follow, max-snippet:-1, max-image-preview:large, max-video-preview:-1\" \/>\n<link rel=\"canonical\" href=\"https:\/\/www.altominho.tv\/site\/2020\/03\/13\/camara-de-arcos-de-valdevez-atribui-85-mil-euros-a-instituicoes-sociais\/\" \/>\n<meta property=\"og:locale\" content=\"pt_PT\" \/>\n<meta property=\"og:type\" content=\"article\" \/>\n<meta property=\"og:title\" content=\"C\u00e2mara de Arcos de Valdevez atribui 85 mil euros a institui\u00e7\u00f5es sociais\" \/>\n<meta property=\"og:description\" content=\"A C\u00e2mara de Arcos de Valdevez vai apoiar com cerca de 85 mil euros nove Institui\u00e7\u00f5es Particulares de Solidariedade Social (IPSS) do concelho. Em comunicado, a autarquia adianta que os apoios aprovados na \u00faltima reuni\u00e3o do executivo &#8220;t\u00eam em vista o financiamento das atividades correntes das respetivas institui\u00e7\u00f5es, contribuindo para a melhoria das respostas sociais [&hellip;]\" \/>\n<meta property=\"og:url\" content=\"https:\/\/www.altominho.tv\/site\/2020\/03\/13\/camara-de-arcos-de-valdevez-atribui-85-mil-euros-a-instituicoes-sociais\/\" \/>\n<meta property=\"og:site_name\" content=\"Altominho.tv\" \/>\n<meta property=\"article:publisher\" content=\"https:\/\/www.facebook.com\/altominhotv\" \/>\n<meta property=\"article:published_time\" content=\"2020-03-13T16:25:03+00:00\" \/>\n<meta property=\"article:modified_time\" content=\"2020-03-13T16:25:10+00:00\" \/>\n<meta property=\"og:image\" content=\"https:\/\/www.altominho.tv\/site\/wp-content\/uploads\/2020\/03\/Ca\u0302mara-Arcos-de-Valdevez.jpg\" \/>\n\t<meta property=\"og:image:width\" content=\"640\" \/>\n\t<meta property=\"og:image:height\" content=\"427\" \/>\n\t<meta property=\"og:image:type\" content=\"image\/jpeg\" \/>\n<meta name=\"author\" content=\"Andreia Ferreira\" \/>\n<meta name=\"twitter:card\" content=\"summary_large_image\" \/>\n<meta name=\"twitter:creator\" content=\"@altominhoTV\" \/>\n<meta name=\"twitter:site\" content=\"@altominhoTV\" \/>\n<meta name=\"twitter:label1\" content=\"Escrito por\" \/>\n\t<meta name=\"twitter:data1\" content=\"Andreia Ferreira\" \/>\n\t<meta name=\"twitter:label2\" content=\"Tempo estimado de leitura\" \/>\n\t<meta name=\"twitter:data2\" content=\"1 minuto\" \/>\n<script type=\"application\/ld+json\" class=\"yoast-schema-graph\">{\"@context\":\"https:\\\/\\\/schema.org\",\"@graph\":[{\"@type\":\"Article\",\"@id\":\"https:\\\/\\\/www.altominho.tv\\\/site\\\/2020\\\/03\\\/13\\\/camara-de-arcos-de-valdevez-atribui-85-mil-euros-a-instituicoes-sociais\\\/#article\",\"isPartOf\":{\"@id\":\"https:\\\/\\\/www.altominho.tv\\\/site\\\/2020\\\/03\\\/13\\\/camara-de-arcos-de-valdevez-atribui-85-mil-euros-a-instituicoes-sociais\\\/\"},\"author\":{\"name\":\"Andreia Ferreira\",\"@id\":\"https:\\\/\\\/www.altominho.tv\\\/site\\\/#\\\/schema\\\/person\\\/d9be4265364723f14ea8e0d56a1d38cd\"},\"headline\":\"C\u00e2mara de Arcos de Valdevez atribui 85 mil euros a institui\u00e7\u00f5es sociais\",\"datePublished\":\"2020-03-13T16:25:03+00:00\",\"dateModified\":\"2020-03-13T16:25:10+00:00\",\"mainEntityOfPage\":{\"@id\":\"https:\\\/\\\/www.altominho.tv\\\/site\\\/2020\\\/03\\\/13\\\/camara-de-arcos-de-valdevez-atribui-85-mil-euros-a-instituicoes-sociais\\\/\"},\"wordCount\":130,\"image\":{\"@id\":\"https:\\\/\\\/www.altominho.tv\\\/site\\\/2020\\\/03\\\/13\\\/camara-de-arcos-de-valdevez-atribui-85-mil-euros-a-instituicoes-sociais\\\/#primaryimage\"},\"thumbnailUrl\":\"https:\\\/\\\/www.altominho.tv\\\/site\\\/wp-content\\\/uploads\\\/2020\\\/03\\\/Ca\u0302mara-Arcos-de-Valdevez.jpg\",\"keywords\":[\"Economia\"],\"articleSection\":[\"Arcos de Valdevez\"],\"inLanguage\":\"pt-PT\",\"copyrightYear\":\"2020\",\"copyrightHolder\":{\"@id\":\"https:\\\/\\\/www.altominho.tv\\\/site\\\/#organization\"}},{\"@type\":\"WebPage\",\"@id\":\"https:\\\/\\\/www.altominho.tv\\\/site\\\/2020\\\/03\\\/13\\\/camara-de-arcos-de-valdevez-atribui-85-mil-euros-a-instituicoes-sociais\\\/\",\"url\":\"https:\\\/\\\/www.altominho.tv\\\/site\\\/2020\\\/03\\\/13\\\/camara-de-arcos-de-valdevez-atribui-85-mil-euros-a-instituicoes-sociais\\\/\",\"name\":\"C\u00e2mara de Arcos de Valdevez atribui 85 mil euros a institui\u00e7\u00f5es sociais\",\"isPartOf\":{\"@id\":\"https:\\\/\\\/www.altominho.tv\\\/site\\\/#website\"},\"primaryImageOfPage\":{\"@id\":\"https:\\\/\\\/www.altominho.tv\\\/site\\\/2020\\\/03\\\/13\\\/camara-de-arcos-de-valdevez-atribui-85-mil-euros-a-instituicoes-sociais\\\/#primaryimage\"},\"image\":{\"@id\":\"https:\\\/\\\/www.altominho.tv\\\/site\\\/2020\\\/03\\\/13\\\/camara-de-arcos-de-valdevez-atribui-85-mil-euros-a-instituicoes-sociais\\\/#primaryimage\"},\"thumbnailUrl\":\"https:\\\/\\\/www.altominho.tv\\\/site\\\/wp-content\\\/uploads\\\/2020\\\/03\\\/Ca\u0302mara-Arcos-de-Valdevez.jpg\",\"datePublished\":\"2020-03-13T16:25:03+00:00\",\"dateModified\":\"2020-03-13T16:25:10+00:00\",\"author\":{\"@id\":\"https:\\\/\\\/www.altominho.tv\\\/site\\\/#\\\/schema\\\/person\\\/d9be4265364723f14ea8e0d56a1d38cd\"},\"breadcrumb\":{\"@id\":\"https:\\\/\\\/www.altominho.tv\\\/site\\\/2020\\\/03\\\/13\\\/camara-de-arcos-de-valdevez-atribui-85-mil-euros-a-instituicoes-sociais\\\/#breadcrumb\"},\"inLanguage\":\"pt-PT\",\"potentialAction\":[{\"@type\":\"ReadAction\",\"target\":[\"https:\\\/\\\/www.altominho.tv\\\/site\\\/2020\\\/03\\\/13\\\/camara-de-arcos-de-valdevez-atribui-85-mil-euros-a-instituicoes-sociais\\\/\"]}]},{\"@type\":\"ImageObject\",\"inLanguage\":\"pt-PT\",\"@id\":\"https:\\\/\\\/www.altominho.tv\\\/site\\\/2020\\\/03\\\/13\\\/camara-de-arcos-de-valdevez-atribui-85-mil-euros-a-instituicoes-sociais\\\/#primaryimage\",\"url\":\"https:\\\/\\\/www.altominho.tv\\\/site\\\/wp-content\\\/uploads\\\/2020\\\/03\\\/Ca\u0302mara-Arcos-de-Valdevez.jpg\",\"contentUrl\":\"https:\\\/\\\/www.altominho.tv\\\/site\\\/wp-content\\\/uploads\\\/2020\\\/03\\\/Ca\u0302mara-Arcos-de-Valdevez.jpg\",\"width\":640,\"height\":427},{\"@type\":\"BreadcrumbList\",\"@id\":\"https:\\\/\\\/www.altominho.tv\\\/site\\\/2020\\\/03\\\/13\\\/camara-de-arcos-de-valdevez-atribui-85-mil-euros-a-instituicoes-sociais\\\/#breadcrumb\",\"itemListElement\":[{\"@type\":\"ListItem\",\"position\":1,\"name\":\"In\u00edcio\",\"item\":\"https:\\\/\\\/www.altominho.tv\\\/site\\\/\"},{\"@type\":\"ListItem\",\"position\":2,\"name\":\"C\u00e2mara de Arcos de Valdevez atribui 85 mil euros a institui\u00e7\u00f5es sociais\"}]},{\"@type\":\"WebSite\",\"@id\":\"https:\\\/\\\/www.altominho.tv\\\/site\\\/#website\",\"url\":\"https:\\\/\\\/www.altominho.tv\\\/site\\\/\",\"name\":\"Altominho.tv\",\"description\":\"A sua regi\u00e3o \u00e0 dist\u00e2ncia de um clique...\",\"potentialAction\":[{\"@type\":\"SearchAction\",\"target\":{\"@type\":\"EntryPoint\",\"urlTemplate\":\"https:\\\/\\\/www.altominho.tv\\\/site\\\/?s={search_term_string}\"},\"query-input\":{\"@type\":\"PropertyValueSpecification\",\"valueRequired\":true,\"valueName\":\"search_term_string\"}}],\"inLanguage\":\"pt-PT\"},{\"@type\":\"Person\",\"@id\":\"https:\\\/\\\/www.altominho.tv\\\/site\\\/#\\\/schema\\\/person\\\/d9be4265364723f14ea8e0d56a1d38cd\",\"name\":\"Andreia Ferreira\",\"image\":{\"@type\":\"ImageObject\",\"inLanguage\":\"pt-PT\",\"@id\":\"https:\\\/\\\/www.altominho.tv\\\/site\\\/wp-content\\\/uploads\\\/2021\\\/01\\\/AndreiaFerreira-150x150.jpg\",\"url\":\"https:\\\/\\\/www.altominho.tv\\\/site\\\/wp-content\\\/uploads\\\/2021\\\/01\\\/AndreiaFerreira-150x150.jpg\",\"contentUrl\":\"https:\\\/\\\/www.altominho.tv\\\/site\\\/wp-content\\\/uploads\\\/2021\\\/01\\\/AndreiaFerreira-150x150.jpg\",\"caption\":\"Andreia Ferreira\"},\"url\":\"https:\\\/\\\/www.altominho.tv\\\/site\\\/author\\\/andreiaferreira\\\/\"}]}<\/script>\n<!-- \/ Yoast SEO Premium plugin. -->","yoast_head_json":{"title":"C\u00e2mara de Arcos de Valdevez atribui 85 mil euros a institui\u00e7\u00f5es sociais","robots":{"index":"index","follow":"follow","max-snippet":"max-snippet:-1","max-image-preview":"max-image-preview:large","max-video-preview":"max-video-preview:-1"},"canonical":"https:\/\/www.altominho.tv\/site\/2020\/03\/13\/camara-de-arcos-de-valdevez-atribui-85-mil-euros-a-instituicoes-sociais\/","og_locale":"pt_PT","og_type":"article","og_title":"C\u00e2mara de Arcos de Valdevez atribui 85 mil euros a institui\u00e7\u00f5es sociais","og_description":"A C\u00e2mara de Arcos de Valdevez vai apoiar com cerca de 85 mil euros nove Institui\u00e7\u00f5es Particulares de Solidariedade Social (IPSS) do concelho. Em comunicado, a autarquia adianta que os apoios aprovados na \u00faltima reuni\u00e3o do executivo &#8220;t\u00eam em vista o financiamento das atividades correntes das respetivas institui\u00e7\u00f5es, contribuindo para a melhoria das respostas sociais [&hellip;]","og_url":"https:\/\/www.altominho.tv\/site\/2020\/03\/13\/camara-de-arcos-de-valdevez-atribui-85-mil-euros-a-instituicoes-sociais\/","og_site_name":"Altominho.tv","article_publisher":"https:\/\/www.facebook.com\/altominhotv","article_published_time":"2020-03-13T16:25:03+00:00","article_modified_time":"2020-03-13T16:25:10+00:00","og_image":[{"width":640,"height":427,"url":"https:\/\/www.altominho.tv\/site\/wp-content\/uploads\/2020\/03\/Ca\u0302mara-Arcos-de-Valdevez.jpg","type":"image\/jpeg"}],"author":"Andreia Ferreira","twitter_card":"summary_large_image","twitter_creator":"@altominhoTV","twitter_site":"@altominhoTV","twitter_misc":{"Escrito por":"Andreia Ferreira","Tempo estimado de leitura":"1 minuto"},"schema":{"@context":"https:\/\/schema.org","@graph":[{"@type":"Article","@id":"https:\/\/www.altominho.tv\/site\/2020\/03\/13\/camara-de-arcos-de-valdevez-atribui-85-mil-euros-a-instituicoes-sociais\/#article","isPartOf":{"@id":"https:\/\/www.altominho.tv\/site\/2020\/03\/13\/camara-de-arcos-de-valdevez-atribui-85-mil-euros-a-instituicoes-sociais\/"},"author":{"name":"Andreia Ferreira","@id":"https:\/\/www.altominho.tv\/site\/#\/schema\/person\/d9be4265364723f14ea8e0d56a1d38cd"},"headline":"C\u00e2mara de Arcos de Valdevez atribui 85 mil euros a institui\u00e7\u00f5es sociais","datePublished":"2020-03-13T16:25:03+00:00","dateModified":"2020-03-13T16:25:10+00:00","mainEntityOfPage":{"@id":"https:\/\/www.altominho.tv\/site\/2020\/03\/13\/camara-de-arcos-de-valdevez-atribui-85-mil-euros-a-instituicoes-sociais\/"},"wordCount":130,"image":{"@id":"https:\/\/www.altominho.tv\/site\/2020\/03\/13\/camara-de-arcos-de-valdevez-atribui-85-mil-euros-a-instituicoes-sociais\/#primaryimage"},"thumbnailUrl":"https:\/\/www.altominho.tv\/site\/wp-content\/uploads\/2020\/03\/Ca\u0302mara-Arcos-de-Valdevez.jpg","keywords":["Economia"],"articleSection":["Arcos de Valdevez"],"inLanguage":"pt-PT","copyrightYear":"2020","copyrightHolder":{"@id":"https:\/\/www.altominho.tv\/site\/#organization"}},{"@type":"WebPage","@id":"https:\/\/www.altominho.tv\/site\/2020\/03\/13\/camara-de-arcos-de-valdevez-atribui-85-mil-euros-a-instituicoes-sociais\/","url":"https:\/\/www.altominho.tv\/site\/2020\/03\/13\/camara-de-arcos-de-valdevez-atribui-85-mil-euros-a-instituicoes-sociais\/","name":"C\u00e2mara de Arcos de Valdevez atribui 85 mil euros a institui\u00e7\u00f5es sociais","isPartOf":{"@id":"https:\/\/www.altominho.tv\/site\/#website"},"primaryImageOfPage":{"@id":"https:\/\/www.altominho.tv\/site\/2020\/03\/13\/camara-de-arcos-de-valdevez-atribui-85-mil-euros-a-instituicoes-sociais\/#primaryimage"},"image":{"@id":"https:\/\/www.altominho.tv\/site\/2020\/03\/13\/camara-de-arcos-de-valdevez-atribui-85-mil-euros-a-instituicoes-sociais\/#primaryimage"},"thumbnailUrl":"https:\/\/www.altominho.tv\/site\/wp-content\/uploads\/2020\/03\/Ca\u0302mara-Arcos-de-Valdevez.jpg","datePublished":"2020-03-13T16:25:03+00:00","dateModified":"2020-03-13T16:25:10+00:00","author":{"@id":"https:\/\/www.altominho.tv\/site\/#\/schema\/person\/d9be4265364723f14ea8e0d56a1d38cd"},"breadcrumb":{"@id":"https:\/\/www.altominho.tv\/site\/2020\/03\/13\/camara-de-arcos-de-valdevez-atribui-85-mil-euros-a-instituicoes-sociais\/#breadcrumb"},"inLanguage":"pt-PT","potentialAction":[{"@type":"ReadAction","target":["https:\/\/www.altominho.tv\/site\/2020\/03\/13\/camara-de-arcos-de-valdevez-atribui-85-mil-euros-a-instituicoes-sociais\/"]}]},{"@type":"ImageObject","inLanguage":"pt-PT","@id":"https:\/\/www.altominho.tv\/site\/2020\/03\/13\/camara-de-arcos-de-valdevez-atribui-85-mil-euros-a-instituicoes-sociais\/#primaryimage","url":"https:\/\/www.altominho.tv\/site\/wp-content\/uploads\/2020\/03\/Ca\u0302mara-Arcos-de-Valdevez.jpg","contentUrl":"https:\/\/www.altominho.tv\/site\/wp-content\/uploads\/2020\/03\/Ca\u0302mara-Arcos-de-Valdevez.jpg","width":640,"height":427},{"@type":"BreadcrumbList","@id":"https:\/\/www.altominho.tv\/site\/2020\/03\/13\/camara-de-arcos-de-valdevez-atribui-85-mil-euros-a-instituicoes-sociais\/#breadcrumb","itemListElement":[{"@type":"ListItem","position":1,"name":"In\u00edcio","item":"https:\/\/www.altominho.tv\/site\/"},{"@type":"ListItem","position":2,"name":"C\u00e2mara de Arcos de Valdevez atribui 85 mil euros a institui\u00e7\u00f5es sociais"}]},{"@type":"WebSite","@id":"https:\/\/www.altominho.tv\/site\/#website","url":"https:\/\/www.altominho.tv\/site\/","name":"Altominho.tv","description":"A sua regi\u00e3o \u00e0 dist\u00e2ncia de um clique...","potentialAction":[{"@type":"SearchAction","target":{"@type":"EntryPoint","urlTemplate":"https:\/\/www.altominho.tv\/site\/?s={search_term_string}"},"query-input":{"@type":"PropertyValueSpecification","valueRequired":true,"valueName":"search_term_string"}}],"inLanguage":"pt-PT"},{"@type":"Person","@id":"https:\/\/www.altominho.tv\/site\/#\/schema\/person\/d9be4265364723f14ea8e0d56a1d38cd","name":"Andreia Ferreira","image":{"@type":"ImageObject","inLanguage":"pt-PT","@id":"https:\/\/www.altominho.tv\/site\/wp-content\/uploads\/2021\/01\/AndreiaFerreira-150x150.jpg","url":"https:\/\/www.altominho.tv\/site\/wp-content\/uploads\/2021\/01\/AndreiaFerreira-150x150.jpg","contentUrl":"https:\/\/www.altominho.tv\/site\/wp-content\/uploads\/2021\/01\/AndreiaFerreira-150x150.jpg","caption":"Andreia Ferreira"},"url":"https:\/\/www.altominho.tv\/site\/author\/andreiaferreira\/"}]}},"_links":{"self":[{"href":"https:\/\/www.altominho.tv\/site\/wp-json\/wp\/v2\/posts\/41554","targetHints":{"allow":["GET"]}}],"collection":[{"href":"https:\/\/www.altominho.tv\/site\/wp-json\/wp\/v2\/posts"}],"about":[{"href":"https:\/\/www.altominho.tv\/site\/wp-json\/wp\/v2\/types\/post"}],"author":[{"embeddable":true,"href":"https:\/\/www.altominho.tv\/site\/wp-json\/wp\/v2\/users\/12"}],"replies":[{"embeddable":true,"href":"https:\/\/www.altominho.tv\/site\/wp-json\/wp\/v2\/comments?post=41554"}],"version-history":[{"count":0,"href":"https:\/\/www.altominho.tv\/site\/wp-json\/wp\/v2\/posts\/41554\/revisions"}],"wp:featuredmedia":[{"embeddable":true,"href":"https:\/\/www.altominho.tv\/site\/wp-json\/wp\/v2\/media\/41393"}],"wp:attachment":[{"href":"https:\/\/www.altominho.tv\/site\/wp-json\/wp\/v2\/media?parent=41554"}],"wp:term":[{"taxonomy":"category","embeddable":true,"href":"https:\/\/www.altominho.tv\/site\/wp-json\/wp\/v2\/categories?post=41554"},{"taxonomy":"post_tag","embeddable":true,"href":"https:\/\/www.altominho.tv\/site\/wp-json\/wp\/v2\/tags?post=41554"}],"curies":[{"name":"wp","href":"https:\/\/api.w.org\/{rel}","templated":true}]}}