{"id":41405,"date":"2020-03-11T19:17:24","date_gmt":"2020-03-11T19:17:24","guid":{"rendered":"http:\/\/www.altominho.tv\/site\/?p=41405"},"modified":"2020-03-11T20:16:42","modified_gmt":"2020-03-11T20:16:42","slug":"ultima-hora-festa-do-alvarinho-e-do-fumeiro-de-melgaco-cancelada","status":"publish","type":"post","link":"https:\/\/www.altominho.tv\/site\/2020\/03\/11\/ultima-hora-festa-do-alvarinho-e-do-fumeiro-de-melgaco-cancelada\/","title":{"rendered":"\u00daLTIMA HORA: Festa do Alvarinho e do Fumeiro de Melga\u00e7o cancelada"},"content":{"rendered":"<p>\u201cAtendendo \u00e0s orienta\u00e7\u00f5es da Direc\u00e7\u00e3o Geral de Sa\u00fade\u201d, relativas \u00e0s\u00a0directivas e procedimentos face ao surto da covid-19, o munic\u00edpio de Melga\u00e7o \u201c<strong>decidiu cancelar\u201d a pr\u00f3xima edi\u00e7\u00e3o da Festa do Alvarinho e Fumeiro<\/strong>. A celebra\u00e7\u00e3o dos 25 anos do evento estava programada para decorrer de\u00a01 a 3 de maio.<\/p>\n<p>Em comunicado enviado \u00e0 imprensa, a C\u00e2mara presidida por Manoel Batista explicou que o cancelamento foi decidido ap\u00f3s uma reuni\u00e3o realizada hoje naquela autarquia com a Unidade Local de Sa\u00fade do Alto Minho (ULSAM).<\/p>\n<p>Foram tamb\u00e9m determinadas as seguintes medidas, at\u00e9 ao dia 30 de Abril:<\/p>\n<p>1. <strong>N\u00e3o s\u00e3o autorizadas, a partir de hoje, desloca\u00e7\u00f5es em servi\u00e7o, para fora dos limites do munic\u00edpio<\/strong>, incluindo atividades de forma\u00e7\u00e3o;<\/p>\n<p>2. \u00c9 <strong>suspensa a utiliza\u00e7\u00e3o dos equipamentos culturais<\/strong>, bem como o <strong>Solar do Alvarinho, a Porta de Lamas de Mouro e a Loja Interativa de Turismo<\/strong>, com exce\u00e7\u00e3o de atividades letivas ou de ensaios;<\/p>\n<p>3. S\u00e3o <strong>suspensas as atividades e eventos desportivos que se realizem em equipamentos Municipais ou espa\u00e7o p\u00fablico municipal<\/strong>;<\/p>\n<p>4. \u00c9 <strong>suspensa a utiliza\u00e7\u00e3o de equipamentos desportivos municipais, estando apenas autorizados os treinos e competi\u00e7\u00f5es oficias para equipas de atletas federados, bem como as atividades curriculares, sendo que nos treinos e competi\u00e7\u00f5es n\u00e3o est\u00e1 autorizada a assist\u00eancia de p\u00fablico<\/strong>;<\/p>\n<p>5. S\u00e3o <strong>suspensos os eventos em salas\/audit\u00f3rios dos equipamentos municipais<\/strong>;<\/p>\n<p>6. S\u00e3o <strong>suspensas as atividades em articula\u00e7\u00e3o com outras entidades, nomeadamente, \u201cProjeto Atividade\u201d e \u201cDiabetes em Movimento<\/strong>\u201d;<\/p>\n<p>7. Ficam <strong>suspensas as feiras semanais dos dias 13, 20 e 27 de mar\u00e7o<\/strong><\/p>\n<p>Em rela\u00e7\u00e3o ao maior evento deste munic\u00edpio, em 2019, e segundo n\u00fameros revelados pelo pr\u00f3prio, <strong>durante os tr\u00eas dias da Festa do Alvarinho e do Fumeiro em Melga\u00e7o, &#8220;passaram pelo recinto mais de 60 mil pessoas<\/strong>&#8220;.<\/p>\n<p>Questionado sobre o impacto econ\u00f3mico do evento, o autarca socialista, Manoel Batista disse &#8220;<strong>n\u00e3o ter n\u00fameros por ser complicado aferir esses resultados<\/strong>&#8220;, mas disse n\u00e3o ter d\u00favidas que \u00e9<strong> &#8220;absolutamente brutal&#8221;<\/strong> para o munic\u00edpio.<\/p>\n<p>Este ano, estava prevista a participa\u00e7\u00e3o de 31 produtores de vinho Alvarinho de Mon\u00e7\u00e3o e Melga\u00e7o e 19 expositores de fumeiro, queijos, broa, lampreia, do\u00e7aria e de outros produtos locais.<\/p>\n<p>Al\u00e9m do vinho\u00a0<span class=\"il\">Alvarinho e do fumeiro tradicional<\/span>, o resto dos destaques do programa do evento passam pelas sess\u00f5es de <em>showcooking<\/em>, provas comentadas e m\u00fasica ao vivo, entre outras atividades.<\/p>\n<p>A\u00a0<a href=\"http:\/\/www.altominho.tv\/site\/2019\/04\/26\/melgaco-recebe-25a-edicao-da-festa-do-alvarinho-e-do-fumeiro\/\">Festa do Alvarinho e do Fumeiro<\/a>\u00a0come\u00e7ou em 1995, por se apresentar como uma mostra de produtos locais, contando com a participa\u00e7\u00e3o de seis produtores de vinho Alvarinho e quatro de fumeiro e produtos da regi\u00e3o, e, em 2009, viu reconhecido o seu interesse para o turismo pelo Turismo de Portugal.<\/p>\n","protected":false},"excerpt":{"rendered":"<p>\u201cAtendendo \u00e0s orienta\u00e7\u00f5es da Direc\u00e7\u00e3o Geral de Sa\u00fade\u201d, relativas \u00e0s\u00a0directivas e procedimentos face ao surto da covid-19, o munic\u00edpio de Melga\u00e7o \u201cdecidiu cancelar\u201d a pr\u00f3xima edi\u00e7\u00e3o da Festa do Alvarinho e Fumeiro. A celebra\u00e7\u00e3o dos 25 anos do evento estava programada para decorrer de\u00a01 a 3 de maio. Em comunicado enviado \u00e0 imprensa, a C\u00e2mara [&hellip;]<\/p>\n","protected":false},"author":12,"featured_media":41406,"comment_status":"closed","ping_status":"closed","sticky":false,"template":"","format":"standard","meta":{"_exactmetrics_skip_tracking":false,"_exactmetrics_sitenote_active":false,"_exactmetrics_sitenote_note":"","_exactmetrics_sitenote_category":0,"footnotes":""},"categories":[8],"tags":[19,26],"class_list":["post-41405","post","type-post","status-publish","format-standard","has-post-thumbnail","hentry","category-melgaco","tag-cultura","tag-saude"],"yoast_head":"<!-- This site is optimized with the Yoast SEO Premium plugin v27.5 (Yoast SEO v27.5) - https:\/\/yoast.com\/product\/yoast-seo-premium-wordpress\/ -->\n<title>\u00daLTIMA HORA: Festa do Alvarinho e do Fumeiro de Melga\u00e7o cancelada<\/title>\n<meta name=\"robots\" content=\"index, follow, max-snippet:-1, max-image-preview:large, max-video-preview:-1\" \/>\n<link rel=\"canonical\" href=\"https:\/\/www.altominho.tv\/site\/2020\/03\/11\/ultima-hora-festa-do-alvarinho-e-do-fumeiro-de-melgaco-cancelada\/\" \/>\n<meta property=\"og:locale\" content=\"pt_PT\" \/>\n<meta property=\"og:type\" content=\"article\" \/>\n<meta property=\"og:title\" content=\"\u00daLTIMA HORA: Festa do Alvarinho e do Fumeiro de Melga\u00e7o cancelada\" \/>\n<meta property=\"og:description\" content=\"\u201cAtendendo \u00e0s orienta\u00e7\u00f5es da Direc\u00e7\u00e3o Geral de Sa\u00fade\u201d, relativas \u00e0s\u00a0directivas e procedimentos face ao surto da covid-19, o munic\u00edpio de Melga\u00e7o \u201cdecidiu cancelar\u201d a pr\u00f3xima edi\u00e7\u00e3o da Festa do Alvarinho e Fumeiro. A celebra\u00e7\u00e3o dos 25 anos do evento estava programada para decorrer de\u00a01 a 3 de maio. Em comunicado enviado \u00e0 imprensa, a C\u00e2mara [&hellip;]\" \/>\n<meta property=\"og:url\" content=\"https:\/\/www.altominho.tv\/site\/2020\/03\/11\/ultima-hora-festa-do-alvarinho-e-do-fumeiro-de-melgaco-cancelada\/\" \/>\n<meta property=\"og:site_name\" content=\"Altominho.tv\" \/>\n<meta property=\"article:publisher\" content=\"https:\/\/www.facebook.com\/altominhotv\" \/>\n<meta property=\"article:published_time\" content=\"2020-03-11T19:17:24+00:00\" \/>\n<meta property=\"article:modified_time\" content=\"2020-03-11T20:16:42+00:00\" \/>\n<meta property=\"og:image\" content=\"https:\/\/www.altominho.tv\/site\/wp-content\/uploads\/2020\/03\/FESTA-DO-ALVARINHO-E-DO-FUMEIRO-57-1030x686-1.jpg\" \/>\n\t<meta property=\"og:image:width\" content=\"1030\" \/>\n\t<meta property=\"og:image:height\" content=\"686\" \/>\n\t<meta property=\"og:image:type\" content=\"image\/jpeg\" \/>\n<meta name=\"author\" content=\"Andreia Ferreira\" \/>\n<meta name=\"twitter:card\" content=\"summary_large_image\" \/>\n<meta name=\"twitter:creator\" content=\"@altominhoTV\" \/>\n<meta name=\"twitter:site\" content=\"@altominhoTV\" \/>\n<meta name=\"twitter:label1\" content=\"Escrito por\" \/>\n\t<meta name=\"twitter:data1\" content=\"Andreia Ferreira\" \/>\n\t<meta name=\"twitter:label2\" content=\"Tempo estimado de leitura\" \/>\n\t<meta name=\"twitter:data2\" content=\"2 minutos\" \/>\n<script type=\"application\/ld+json\" class=\"yoast-schema-graph\">{\"@context\":\"https:\\\/\\\/schema.org\",\"@graph\":[{\"@type\":\"Article\",\"@id\":\"https:\\\/\\\/www.altominho.tv\\\/site\\\/2020\\\/03\\\/11\\\/ultima-hora-festa-do-alvarinho-e-do-fumeiro-de-melgaco-cancelada\\\/#article\",\"isPartOf\":{\"@id\":\"https:\\\/\\\/www.altominho.tv\\\/site\\\/2020\\\/03\\\/11\\\/ultima-hora-festa-do-alvarinho-e-do-fumeiro-de-melgaco-cancelada\\\/\"},\"author\":{\"name\":\"Andreia Ferreira\",\"@id\":\"https:\\\/\\\/www.altominho.tv\\\/site\\\/#\\\/schema\\\/person\\\/d9be4265364723f14ea8e0d56a1d38cd\"},\"headline\":\"\u00daLTIMA HORA: Festa do Alvarinho e do Fumeiro de Melga\u00e7o cancelada\",\"datePublished\":\"2020-03-11T19:17:24+00:00\",\"dateModified\":\"2020-03-11T20:16:42+00:00\",\"mainEntityOfPage\":{\"@id\":\"https:\\\/\\\/www.altominho.tv\\\/site\\\/2020\\\/03\\\/11\\\/ultima-hora-festa-do-alvarinho-e-do-fumeiro-de-melgaco-cancelada\\\/\"},\"wordCount\":478,\"image\":{\"@id\":\"https:\\\/\\\/www.altominho.tv\\\/site\\\/2020\\\/03\\\/11\\\/ultima-hora-festa-do-alvarinho-e-do-fumeiro-de-melgaco-cancelada\\\/#primaryimage\"},\"thumbnailUrl\":\"https:\\\/\\\/www.altominho.tv\\\/site\\\/wp-content\\\/uploads\\\/2020\\\/03\\\/FESTA-DO-ALVARINHO-E-DO-FUMEIRO-57-1030x686-1.jpg\",\"keywords\":[\"Cultura\",\"Sa\u00fade\"],\"articleSection\":[\"Melga\u00e7o\"],\"inLanguage\":\"pt-PT\",\"copyrightYear\":\"2020\",\"copyrightHolder\":{\"@id\":\"https:\\\/\\\/www.altominho.tv\\\/site\\\/#organization\"}},{\"@type\":\"WebPage\",\"@id\":\"https:\\\/\\\/www.altominho.tv\\\/site\\\/2020\\\/03\\\/11\\\/ultima-hora-festa-do-alvarinho-e-do-fumeiro-de-melgaco-cancelada\\\/\",\"url\":\"https:\\\/\\\/www.altominho.tv\\\/site\\\/2020\\\/03\\\/11\\\/ultima-hora-festa-do-alvarinho-e-do-fumeiro-de-melgaco-cancelada\\\/\",\"name\":\"\u00daLTIMA HORA: Festa do Alvarinho e do Fumeiro de Melga\u00e7o cancelada\",\"isPartOf\":{\"@id\":\"https:\\\/\\\/www.altominho.tv\\\/site\\\/#website\"},\"primaryImageOfPage\":{\"@id\":\"https:\\\/\\\/www.altominho.tv\\\/site\\\/2020\\\/03\\\/11\\\/ultima-hora-festa-do-alvarinho-e-do-fumeiro-de-melgaco-cancelada\\\/#primaryimage\"},\"image\":{\"@id\":\"https:\\\/\\\/www.altominho.tv\\\/site\\\/2020\\\/03\\\/11\\\/ultima-hora-festa-do-alvarinho-e-do-fumeiro-de-melgaco-cancelada\\\/#primaryimage\"},\"thumbnailUrl\":\"https:\\\/\\\/www.altominho.tv\\\/site\\\/wp-content\\\/uploads\\\/2020\\\/03\\\/FESTA-DO-ALVARINHO-E-DO-FUMEIRO-57-1030x686-1.jpg\",\"datePublished\":\"2020-03-11T19:17:24+00:00\",\"dateModified\":\"2020-03-11T20:16:42+00:00\",\"author\":{\"@id\":\"https:\\\/\\\/www.altominho.tv\\\/site\\\/#\\\/schema\\\/person\\\/d9be4265364723f14ea8e0d56a1d38cd\"},\"breadcrumb\":{\"@id\":\"https:\\\/\\\/www.altominho.tv\\\/site\\\/2020\\\/03\\\/11\\\/ultima-hora-festa-do-alvarinho-e-do-fumeiro-de-melgaco-cancelada\\\/#breadcrumb\"},\"inLanguage\":\"pt-PT\",\"potentialAction\":[{\"@type\":\"ReadAction\",\"target\":[\"https:\\\/\\\/www.altominho.tv\\\/site\\\/2020\\\/03\\\/11\\\/ultima-hora-festa-do-alvarinho-e-do-fumeiro-de-melgaco-cancelada\\\/\"]}]},{\"@type\":\"ImageObject\",\"inLanguage\":\"pt-PT\",\"@id\":\"https:\\\/\\\/www.altominho.tv\\\/site\\\/2020\\\/03\\\/11\\\/ultima-hora-festa-do-alvarinho-e-do-fumeiro-de-melgaco-cancelada\\\/#primaryimage\",\"url\":\"https:\\\/\\\/www.altominho.tv\\\/site\\\/wp-content\\\/uploads\\\/2020\\\/03\\\/FESTA-DO-ALVARINHO-E-DO-FUMEIRO-57-1030x686-1.jpg\",\"contentUrl\":\"https:\\\/\\\/www.altominho.tv\\\/site\\\/wp-content\\\/uploads\\\/2020\\\/03\\\/FESTA-DO-ALVARINHO-E-DO-FUMEIRO-57-1030x686-1.jpg\",\"width\":1030,\"height\":686,\"caption\":\"CM MELGA\u00c7O\"},{\"@type\":\"BreadcrumbList\",\"@id\":\"https:\\\/\\\/www.altominho.tv\\\/site\\\/2020\\\/03\\\/11\\\/ultima-hora-festa-do-alvarinho-e-do-fumeiro-de-melgaco-cancelada\\\/#breadcrumb\",\"itemListElement\":[{\"@type\":\"ListItem\",\"position\":1,\"name\":\"In\u00edcio\",\"item\":\"https:\\\/\\\/www.altominho.tv\\\/site\\\/\"},{\"@type\":\"ListItem\",\"position\":2,\"name\":\"\u00daLTIMA HORA: Festa do Alvarinho e do Fumeiro de Melga\u00e7o cancelada\"}]},{\"@type\":\"WebSite\",\"@id\":\"https:\\\/\\\/www.altominho.tv\\\/site\\\/#website\",\"url\":\"https:\\\/\\\/www.altominho.tv\\\/site\\\/\",\"name\":\"Altominho.tv\",\"description\":\"A sua regi\u00e3o \u00e0 dist\u00e2ncia de um clique...\",\"potentialAction\":[{\"@type\":\"SearchAction\",\"target\":{\"@type\":\"EntryPoint\",\"urlTemplate\":\"https:\\\/\\\/www.altominho.tv\\\/site\\\/?s={search_term_string}\"},\"query-input\":{\"@type\":\"PropertyValueSpecification\",\"valueRequired\":true,\"valueName\":\"search_term_string\"}}],\"inLanguage\":\"pt-PT\"},{\"@type\":\"Person\",\"@id\":\"https:\\\/\\\/www.altominho.tv\\\/site\\\/#\\\/schema\\\/person\\\/d9be4265364723f14ea8e0d56a1d38cd\",\"name\":\"Andreia Ferreira\",\"image\":{\"@type\":\"ImageObject\",\"inLanguage\":\"pt-PT\",\"@id\":\"https:\\\/\\\/www.altominho.tv\\\/site\\\/wp-content\\\/uploads\\\/2021\\\/01\\\/AndreiaFerreira-150x150.jpg\",\"url\":\"https:\\\/\\\/www.altominho.tv\\\/site\\\/wp-content\\\/uploads\\\/2021\\\/01\\\/AndreiaFerreira-150x150.jpg\",\"contentUrl\":\"https:\\\/\\\/www.altominho.tv\\\/site\\\/wp-content\\\/uploads\\\/2021\\\/01\\\/AndreiaFerreira-150x150.jpg\",\"caption\":\"Andreia Ferreira\"},\"url\":\"https:\\\/\\\/www.altominho.tv\\\/site\\\/author\\\/andreiaferreira\\\/\"}]}<\/script>\n<!-- \/ Yoast SEO Premium plugin. -->","yoast_head_json":{"title":"\u00daLTIMA HORA: Festa do Alvarinho e do Fumeiro de Melga\u00e7o cancelada","robots":{"index":"index","follow":"follow","max-snippet":"max-snippet:-1","max-image-preview":"max-image-preview:large","max-video-preview":"max-video-preview:-1"},"canonical":"https:\/\/www.altominho.tv\/site\/2020\/03\/11\/ultima-hora-festa-do-alvarinho-e-do-fumeiro-de-melgaco-cancelada\/","og_locale":"pt_PT","og_type":"article","og_title":"\u00daLTIMA HORA: Festa do Alvarinho e do Fumeiro de Melga\u00e7o cancelada","og_description":"\u201cAtendendo \u00e0s orienta\u00e7\u00f5es da Direc\u00e7\u00e3o Geral de Sa\u00fade\u201d, relativas \u00e0s\u00a0directivas e procedimentos face ao surto da covid-19, o munic\u00edpio de Melga\u00e7o \u201cdecidiu cancelar\u201d a pr\u00f3xima edi\u00e7\u00e3o da Festa do Alvarinho e Fumeiro. A celebra\u00e7\u00e3o dos 25 anos do evento estava programada para decorrer de\u00a01 a 3 de maio. Em comunicado enviado \u00e0 imprensa, a C\u00e2mara [&hellip;]","og_url":"https:\/\/www.altominho.tv\/site\/2020\/03\/11\/ultima-hora-festa-do-alvarinho-e-do-fumeiro-de-melgaco-cancelada\/","og_site_name":"Altominho.tv","article_publisher":"https:\/\/www.facebook.com\/altominhotv","article_published_time":"2020-03-11T19:17:24+00:00","article_modified_time":"2020-03-11T20:16:42+00:00","og_image":[{"width":1030,"height":686,"url":"https:\/\/www.altominho.tv\/site\/wp-content\/uploads\/2020\/03\/FESTA-DO-ALVARINHO-E-DO-FUMEIRO-57-1030x686-1.jpg","type":"image\/jpeg"}],"author":"Andreia Ferreira","twitter_card":"summary_large_image","twitter_creator":"@altominhoTV","twitter_site":"@altominhoTV","twitter_misc":{"Escrito por":"Andreia Ferreira","Tempo estimado de leitura":"2 minutos"},"schema":{"@context":"https:\/\/schema.org","@graph":[{"@type":"Article","@id":"https:\/\/www.altominho.tv\/site\/2020\/03\/11\/ultima-hora-festa-do-alvarinho-e-do-fumeiro-de-melgaco-cancelada\/#article","isPartOf":{"@id":"https:\/\/www.altominho.tv\/site\/2020\/03\/11\/ultima-hora-festa-do-alvarinho-e-do-fumeiro-de-melgaco-cancelada\/"},"author":{"name":"Andreia Ferreira","@id":"https:\/\/www.altominho.tv\/site\/#\/schema\/person\/d9be4265364723f14ea8e0d56a1d38cd"},"headline":"\u00daLTIMA HORA: Festa do Alvarinho e do Fumeiro de Melga\u00e7o cancelada","datePublished":"2020-03-11T19:17:24+00:00","dateModified":"2020-03-11T20:16:42+00:00","mainEntityOfPage":{"@id":"https:\/\/www.altominho.tv\/site\/2020\/03\/11\/ultima-hora-festa-do-alvarinho-e-do-fumeiro-de-melgaco-cancelada\/"},"wordCount":478,"image":{"@id":"https:\/\/www.altominho.tv\/site\/2020\/03\/11\/ultima-hora-festa-do-alvarinho-e-do-fumeiro-de-melgaco-cancelada\/#primaryimage"},"thumbnailUrl":"https:\/\/www.altominho.tv\/site\/wp-content\/uploads\/2020\/03\/FESTA-DO-ALVARINHO-E-DO-FUMEIRO-57-1030x686-1.jpg","keywords":["Cultura","Sa\u00fade"],"articleSection":["Melga\u00e7o"],"inLanguage":"pt-PT","copyrightYear":"2020","copyrightHolder":{"@id":"https:\/\/www.altominho.tv\/site\/#organization"}},{"@type":"WebPage","@id":"https:\/\/www.altominho.tv\/site\/2020\/03\/11\/ultima-hora-festa-do-alvarinho-e-do-fumeiro-de-melgaco-cancelada\/","url":"https:\/\/www.altominho.tv\/site\/2020\/03\/11\/ultima-hora-festa-do-alvarinho-e-do-fumeiro-de-melgaco-cancelada\/","name":"\u00daLTIMA HORA: Festa do Alvarinho e do Fumeiro de Melga\u00e7o cancelada","isPartOf":{"@id":"https:\/\/www.altominho.tv\/site\/#website"},"primaryImageOfPage":{"@id":"https:\/\/www.altominho.tv\/site\/2020\/03\/11\/ultima-hora-festa-do-alvarinho-e-do-fumeiro-de-melgaco-cancelada\/#primaryimage"},"image":{"@id":"https:\/\/www.altominho.tv\/site\/2020\/03\/11\/ultima-hora-festa-do-alvarinho-e-do-fumeiro-de-melgaco-cancelada\/#primaryimage"},"thumbnailUrl":"https:\/\/www.altominho.tv\/site\/wp-content\/uploads\/2020\/03\/FESTA-DO-ALVARINHO-E-DO-FUMEIRO-57-1030x686-1.jpg","datePublished":"2020-03-11T19:17:24+00:00","dateModified":"2020-03-11T20:16:42+00:00","author":{"@id":"https:\/\/www.altominho.tv\/site\/#\/schema\/person\/d9be4265364723f14ea8e0d56a1d38cd"},"breadcrumb":{"@id":"https:\/\/www.altominho.tv\/site\/2020\/03\/11\/ultima-hora-festa-do-alvarinho-e-do-fumeiro-de-melgaco-cancelada\/#breadcrumb"},"inLanguage":"pt-PT","potentialAction":[{"@type":"ReadAction","target":["https:\/\/www.altominho.tv\/site\/2020\/03\/11\/ultima-hora-festa-do-alvarinho-e-do-fumeiro-de-melgaco-cancelada\/"]}]},{"@type":"ImageObject","inLanguage":"pt-PT","@id":"https:\/\/www.altominho.tv\/site\/2020\/03\/11\/ultima-hora-festa-do-alvarinho-e-do-fumeiro-de-melgaco-cancelada\/#primaryimage","url":"https:\/\/www.altominho.tv\/site\/wp-content\/uploads\/2020\/03\/FESTA-DO-ALVARINHO-E-DO-FUMEIRO-57-1030x686-1.jpg","contentUrl":"https:\/\/www.altominho.tv\/site\/wp-content\/uploads\/2020\/03\/FESTA-DO-ALVARINHO-E-DO-FUMEIRO-57-1030x686-1.jpg","width":1030,"height":686,"caption":"CM MELGA\u00c7O"},{"@type":"BreadcrumbList","@id":"https:\/\/www.altominho.tv\/site\/2020\/03\/11\/ultima-hora-festa-do-alvarinho-e-do-fumeiro-de-melgaco-cancelada\/#breadcrumb","itemListElement":[{"@type":"ListItem","position":1,"name":"In\u00edcio","item":"https:\/\/www.altominho.tv\/site\/"},{"@type":"ListItem","position":2,"name":"\u00daLTIMA HORA: Festa do Alvarinho e do Fumeiro de Melga\u00e7o cancelada"}]},{"@type":"WebSite","@id":"https:\/\/www.altominho.tv\/site\/#website","url":"https:\/\/www.altominho.tv\/site\/","name":"Altominho.tv","description":"A sua regi\u00e3o \u00e0 dist\u00e2ncia de um clique...","potentialAction":[{"@type":"SearchAction","target":{"@type":"EntryPoint","urlTemplate":"https:\/\/www.altominho.tv\/site\/?s={search_term_string}"},"query-input":{"@type":"PropertyValueSpecification","valueRequired":true,"valueName":"search_term_string"}}],"inLanguage":"pt-PT"},{"@type":"Person","@id":"https:\/\/www.altominho.tv\/site\/#\/schema\/person\/d9be4265364723f14ea8e0d56a1d38cd","name":"Andreia Ferreira","image":{"@type":"ImageObject","inLanguage":"pt-PT","@id":"https:\/\/www.altominho.tv\/site\/wp-content\/uploads\/2021\/01\/AndreiaFerreira-150x150.jpg","url":"https:\/\/www.altominho.tv\/site\/wp-content\/uploads\/2021\/01\/AndreiaFerreira-150x150.jpg","contentUrl":"https:\/\/www.altominho.tv\/site\/wp-content\/uploads\/2021\/01\/AndreiaFerreira-150x150.jpg","caption":"Andreia Ferreira"},"url":"https:\/\/www.altominho.tv\/site\/author\/andreiaferreira\/"}]}},"_links":{"self":[{"href":"https:\/\/www.altominho.tv\/site\/wp-json\/wp\/v2\/posts\/41405","targetHints":{"allow":["GET"]}}],"collection":[{"href":"https:\/\/www.altominho.tv\/site\/wp-json\/wp\/v2\/posts"}],"about":[{"href":"https:\/\/www.altominho.tv\/site\/wp-json\/wp\/v2\/types\/post"}],"author":[{"embeddable":true,"href":"https:\/\/www.altominho.tv\/site\/wp-json\/wp\/v2\/users\/12"}],"replies":[{"embeddable":true,"href":"https:\/\/www.altominho.tv\/site\/wp-json\/wp\/v2\/comments?post=41405"}],"version-history":[{"count":0,"href":"https:\/\/www.altominho.tv\/site\/wp-json\/wp\/v2\/posts\/41405\/revisions"}],"wp:featuredmedia":[{"embeddable":true,"href":"https:\/\/www.altominho.tv\/site\/wp-json\/wp\/v2\/media\/41406"}],"wp:attachment":[{"href":"https:\/\/www.altominho.tv\/site\/wp-json\/wp\/v2\/media?parent=41405"}],"wp:term":[{"taxonomy":"category","embeddable":true,"href":"https:\/\/www.altominho.tv\/site\/wp-json\/wp\/v2\/categories?post=41405"},{"taxonomy":"post_tag","embeddable":true,"href":"https:\/\/www.altominho.tv\/site\/wp-json\/wp\/v2\/tags?post=41405"}],"curies":[{"name":"wp","href":"https:\/\/api.w.org\/{rel}","templated":true}]}}