{"id":41305,"date":"2020-03-10T11:46:09","date_gmt":"2020-03-10T11:46:09","guid":{"rendered":"http:\/\/www.altominho.tv\/site\/?p=41305"},"modified":"2020-03-10T11:46:20","modified_gmt":"2020-03-10T11:46:20","slug":"ferryboat-internacional-retoma-hoje-ligacao-entre-caminha-e-a-galiza","status":"publish","type":"post","link":"https:\/\/www.altominho.tv\/site\/2020\/03\/10\/ferryboat-internacional-retoma-hoje-ligacao-entre-caminha-e-a-galiza\/","title":{"rendered":"Ferryboat internacional retoma hoje liga\u00e7\u00e3o entre Caminha e a Galiza"},"content":{"rendered":"\n<p>O &#8216;ferryboat&#8217; internacional que liga a vila de Caminha, no Alto Minho, a La Guardia, na Galiza, volta hoje a navegar, ap\u00f3s uma paragem de um m\u00eas e meio por avaria de um dos motores.<br><\/p>\n\n\n\n<p>Contactado pela ag\u00eancia Lusa, o presidente da C\u00e2mara de Caminha, Miguel Alves, explicou que &#8220;o servi\u00e7o mec\u00e2nico contratado teve um custo aproximado de 30 mil euros&#8221;.<br><\/p>\n\n\n\n<p>&#8220;O motor foi retirado por uma oficina especializada, foi reparado, testado e recolocado&#8221;, especificou.<br><\/p>\n\n\n\n<p>O autarca socialista adiantou que a embarca\u00e7\u00e3o volta a cruzar o rio Minho a partir das 14:00 de hoje, sendo que a avaria de &#8220;um dos dois motores&#8221; da embarca\u00e7\u00e3o ocorreu a 24 de janeiro.<br><\/p>\n\n\n\n<p>No ver\u00e3o de 2019, uma avaria interrompeu os percursos di\u00e1rios entre as duas margens do rio internacional.<br><\/p>\n\n\n\n<p>Em abril do mesmo ano, o Santa Rita de C\u00e1ssia retomou as liga\u00e7\u00f5es fluviais regulares, depois de um m\u00eas de paragem para manuten\u00e7\u00e3o e renova\u00e7\u00e3o do certificado de navegabilidade pela Dire\u00e7\u00e3o-geral de Recursos Naturais, Seguran\u00e7a e Servi\u00e7os Mar\u00edtimos.<br><\/p>\n\n\n\n<p>O &#8216;ferryboat&#8217; Santa Rita de C\u00e1ssia come\u00e7ou a cruzar o rio Minho em 1995.<br><\/p>\n\n\n\n<p>Caminha \u00e9 \u00fanico concelho do vale do Minho que depende do transporte fluvial para garantir a liga\u00e7\u00e3o regular \u00e0 Galiza. Vila Nova de Cerveira, Valen\u00e7a, Mon\u00e7\u00e3o e Melga\u00e7o disp\u00f5em de pontes internacionais.<\/p>\n","protected":false},"excerpt":{"rendered":"<p>O &#8216;ferryboat&#8217; internacional que liga a vila de Caminha, no Alto Minho, a La Guardia, na Galiza, volta hoje a navegar, ap\u00f3s uma paragem de um m\u00eas e meio por avaria de um dos motores. Contactado pela ag\u00eancia Lusa, o presidente da C\u00e2mara de Caminha, Miguel Alves, explicou que &#8220;o servi\u00e7o mec\u00e2nico contratado teve um [&hellip;]<\/p>\n","protected":false},"author":16,"featured_media":41306,"comment_status":"closed","ping_status":"closed","sticky":false,"template":"","format":"standard","meta":{"_exactmetrics_skip_tracking":false,"_exactmetrics_sitenote_active":false,"_exactmetrics_sitenote_note":"","_exactmetrics_sitenote_category":0,"footnotes":""},"categories":[7],"tags":[],"class_list":["post-41305","post","type-post","status-publish","format-standard","has-post-thumbnail","hentry","category-caminha"],"yoast_head":"<!-- This site is optimized with the Yoast SEO Premium plugin v27.4 (Yoast SEO v27.4) - https:\/\/yoast.com\/product\/yoast-seo-premium-wordpress\/ -->\n<title>Ferryboat internacional retoma hoje liga\u00e7\u00e3o entre Caminha e a Galiza<\/title>\n<meta name=\"robots\" content=\"index, follow, max-snippet:-1, max-image-preview:large, max-video-preview:-1\" \/>\n<link rel=\"canonical\" href=\"https:\/\/www.altominho.tv\/site\/2020\/03\/10\/ferryboat-internacional-retoma-hoje-ligacao-entre-caminha-e-a-galiza\/\" \/>\n<meta property=\"og:locale\" content=\"pt_PT\" \/>\n<meta property=\"og:type\" content=\"article\" \/>\n<meta property=\"og:title\" content=\"Ferryboat internacional retoma hoje liga\u00e7\u00e3o entre Caminha e a Galiza\" \/>\n<meta property=\"og:description\" content=\"O &#8216;ferryboat&#8217; internacional que liga a vila de Caminha, no Alto Minho, a La Guardia, na Galiza, volta hoje a navegar, ap\u00f3s uma paragem de um m\u00eas e meio por avaria de um dos motores. Contactado pela ag\u00eancia Lusa, o presidente da C\u00e2mara de Caminha, Miguel Alves, explicou que &#8220;o servi\u00e7o mec\u00e2nico contratado teve um [&hellip;]\" \/>\n<meta property=\"og:url\" content=\"https:\/\/www.altominho.tv\/site\/2020\/03\/10\/ferryboat-internacional-retoma-hoje-ligacao-entre-caminha-e-a-galiza\/\" \/>\n<meta property=\"og:site_name\" content=\"Altominho.tv\" \/>\n<meta property=\"article:publisher\" content=\"https:\/\/www.facebook.com\/altominhotv\" \/>\n<meta property=\"article:published_time\" content=\"2020-03-10T11:46:09+00:00\" \/>\n<meta property=\"article:modified_time\" content=\"2020-03-10T11:46:20+00:00\" \/>\n<meta property=\"og:image\" content=\"https:\/\/www.altominho.tv\/site\/wp-content\/uploads\/2020\/03\/ferry-.jpg\" \/>\n\t<meta property=\"og:image:width\" content=\"1024\" \/>\n\t<meta property=\"og:image:height\" content=\"683\" \/>\n\t<meta property=\"og:image:type\" content=\"image\/jpeg\" \/>\n<meta name=\"author\" content=\"Andreia Cunha | Lusa\" \/>\n<meta name=\"twitter:card\" content=\"summary_large_image\" \/>\n<meta name=\"twitter:creator\" content=\"@altominhoTV\" \/>\n<meta name=\"twitter:site\" content=\"@altominhoTV\" \/>\n<meta name=\"twitter:label1\" content=\"Escrito por\" \/>\n\t<meta name=\"twitter:data1\" content=\"Andreia Cunha | Lusa\" \/>\n\t<meta name=\"twitter:label2\" content=\"Tempo estimado de leitura\" \/>\n\t<meta name=\"twitter:data2\" content=\"1 minuto\" \/>\n<script type=\"application\/ld+json\" class=\"yoast-schema-graph\">{\"@context\":\"https:\\\/\\\/schema.org\",\"@graph\":[{\"@type\":\"Article\",\"@id\":\"https:\\\/\\\/www.altominho.tv\\\/site\\\/2020\\\/03\\\/10\\\/ferryboat-internacional-retoma-hoje-ligacao-entre-caminha-e-a-galiza\\\/#article\",\"isPartOf\":{\"@id\":\"https:\\\/\\\/www.altominho.tv\\\/site\\\/2020\\\/03\\\/10\\\/ferryboat-internacional-retoma-hoje-ligacao-entre-caminha-e-a-galiza\\\/\"},\"author\":{\"name\":\"Andreia Cunha | Lusa\",\"@id\":\"https:\\\/\\\/www.altominho.tv\\\/site\\\/#\\\/schema\\\/person\\\/dbaf181c01b51ff40c9f461a905d321e\"},\"headline\":\"Ferryboat internacional retoma hoje liga\u00e7\u00e3o entre Caminha e a Galiza\",\"datePublished\":\"2020-03-10T11:46:09+00:00\",\"dateModified\":\"2020-03-10T11:46:20+00:00\",\"mainEntityOfPage\":{\"@id\":\"https:\\\/\\\/www.altominho.tv\\\/site\\\/2020\\\/03\\\/10\\\/ferryboat-internacional-retoma-hoje-ligacao-entre-caminha-e-a-galiza\\\/\"},\"wordCount\":241,\"image\":{\"@id\":\"https:\\\/\\\/www.altominho.tv\\\/site\\\/2020\\\/03\\\/10\\\/ferryboat-internacional-retoma-hoje-ligacao-entre-caminha-e-a-galiza\\\/#primaryimage\"},\"thumbnailUrl\":\"https:\\\/\\\/www.altominho.tv\\\/site\\\/wp-content\\\/uploads\\\/2020\\\/03\\\/ferry-.jpg\",\"articleSection\":[\"Caminha\"],\"inLanguage\":\"pt-PT\",\"copyrightYear\":\"2020\",\"copyrightHolder\":{\"@id\":\"https:\\\/\\\/www.altominho.tv\\\/site\\\/#organization\"}},{\"@type\":\"WebPage\",\"@id\":\"https:\\\/\\\/www.altominho.tv\\\/site\\\/2020\\\/03\\\/10\\\/ferryboat-internacional-retoma-hoje-ligacao-entre-caminha-e-a-galiza\\\/\",\"url\":\"https:\\\/\\\/www.altominho.tv\\\/site\\\/2020\\\/03\\\/10\\\/ferryboat-internacional-retoma-hoje-ligacao-entre-caminha-e-a-galiza\\\/\",\"name\":\"Ferryboat internacional retoma hoje liga\u00e7\u00e3o entre Caminha e a Galiza\",\"isPartOf\":{\"@id\":\"https:\\\/\\\/www.altominho.tv\\\/site\\\/#website\"},\"primaryImageOfPage\":{\"@id\":\"https:\\\/\\\/www.altominho.tv\\\/site\\\/2020\\\/03\\\/10\\\/ferryboat-internacional-retoma-hoje-ligacao-entre-caminha-e-a-galiza\\\/#primaryimage\"},\"image\":{\"@id\":\"https:\\\/\\\/www.altominho.tv\\\/site\\\/2020\\\/03\\\/10\\\/ferryboat-internacional-retoma-hoje-ligacao-entre-caminha-e-a-galiza\\\/#primaryimage\"},\"thumbnailUrl\":\"https:\\\/\\\/www.altominho.tv\\\/site\\\/wp-content\\\/uploads\\\/2020\\\/03\\\/ferry-.jpg\",\"datePublished\":\"2020-03-10T11:46:09+00:00\",\"dateModified\":\"2020-03-10T11:46:20+00:00\",\"author\":{\"@id\":\"https:\\\/\\\/www.altominho.tv\\\/site\\\/#\\\/schema\\\/person\\\/dbaf181c01b51ff40c9f461a905d321e\"},\"breadcrumb\":{\"@id\":\"https:\\\/\\\/www.altominho.tv\\\/site\\\/2020\\\/03\\\/10\\\/ferryboat-internacional-retoma-hoje-ligacao-entre-caminha-e-a-galiza\\\/#breadcrumb\"},\"inLanguage\":\"pt-PT\",\"potentialAction\":[{\"@type\":\"ReadAction\",\"target\":[\"https:\\\/\\\/www.altominho.tv\\\/site\\\/2020\\\/03\\\/10\\\/ferryboat-internacional-retoma-hoje-ligacao-entre-caminha-e-a-galiza\\\/\"]}]},{\"@type\":\"ImageObject\",\"inLanguage\":\"pt-PT\",\"@id\":\"https:\\\/\\\/www.altominho.tv\\\/site\\\/2020\\\/03\\\/10\\\/ferryboat-internacional-retoma-hoje-ligacao-entre-caminha-e-a-galiza\\\/#primaryimage\",\"url\":\"https:\\\/\\\/www.altominho.tv\\\/site\\\/wp-content\\\/uploads\\\/2020\\\/03\\\/ferry-.jpg\",\"contentUrl\":\"https:\\\/\\\/www.altominho.tv\\\/site\\\/wp-content\\\/uploads\\\/2020\\\/03\\\/ferry-.jpg\",\"width\":1024,\"height\":683},{\"@type\":\"BreadcrumbList\",\"@id\":\"https:\\\/\\\/www.altominho.tv\\\/site\\\/2020\\\/03\\\/10\\\/ferryboat-internacional-retoma-hoje-ligacao-entre-caminha-e-a-galiza\\\/#breadcrumb\",\"itemListElement\":[{\"@type\":\"ListItem\",\"position\":1,\"name\":\"In\u00edcio\",\"item\":\"https:\\\/\\\/www.altominho.tv\\\/site\\\/\"},{\"@type\":\"ListItem\",\"position\":2,\"name\":\"Ferryboat internacional retoma hoje liga\u00e7\u00e3o entre Caminha e a Galiza\"}]},{\"@type\":\"WebSite\",\"@id\":\"https:\\\/\\\/www.altominho.tv\\\/site\\\/#website\",\"url\":\"https:\\\/\\\/www.altominho.tv\\\/site\\\/\",\"name\":\"Altominho.tv\",\"description\":\"A sua regi\u00e3o \u00e0 dist\u00e2ncia de um clique...\",\"potentialAction\":[{\"@type\":\"SearchAction\",\"target\":{\"@type\":\"EntryPoint\",\"urlTemplate\":\"https:\\\/\\\/www.altominho.tv\\\/site\\\/?s={search_term_string}\"},\"query-input\":{\"@type\":\"PropertyValueSpecification\",\"valueRequired\":true,\"valueName\":\"search_term_string\"}}],\"inLanguage\":\"pt-PT\"},{\"@type\":\"Person\",\"@id\":\"https:\\\/\\\/www.altominho.tv\\\/site\\\/#\\\/schema\\\/person\\\/dbaf181c01b51ff40c9f461a905d321e\",\"name\":\"Andreia Cunha | Lusa\",\"image\":{\"@type\":\"ImageObject\",\"inLanguage\":\"pt-PT\",\"@id\":\"https:\\\/\\\/www.altominho.tv\\\/site\\\/wp-content\\\/uploads\\\/2017\\\/11\\\/Andreia_Cunha-1-150x150.jpg\",\"url\":\"https:\\\/\\\/www.altominho.tv\\\/site\\\/wp-content\\\/uploads\\\/2017\\\/11\\\/Andreia_Cunha-1-150x150.jpg\",\"contentUrl\":\"https:\\\/\\\/www.altominho.tv\\\/site\\\/wp-content\\\/uploads\\\/2017\\\/11\\\/Andreia_Cunha-1-150x150.jpg\",\"caption\":\"Andreia Cunha | Lusa\"},\"sameAs\":[\"https:\\\/\\\/www.altominho.tv\\\/site\"],\"url\":\"https:\\\/\\\/www.altominho.tv\\\/site\\\/author\\\/andreiacunhalusa\\\/\"}]}<\/script>\n<!-- \/ Yoast SEO Premium plugin. -->","yoast_head_json":{"title":"Ferryboat internacional retoma hoje liga\u00e7\u00e3o entre Caminha e a Galiza","robots":{"index":"index","follow":"follow","max-snippet":"max-snippet:-1","max-image-preview":"max-image-preview:large","max-video-preview":"max-video-preview:-1"},"canonical":"https:\/\/www.altominho.tv\/site\/2020\/03\/10\/ferryboat-internacional-retoma-hoje-ligacao-entre-caminha-e-a-galiza\/","og_locale":"pt_PT","og_type":"article","og_title":"Ferryboat internacional retoma hoje liga\u00e7\u00e3o entre Caminha e a Galiza","og_description":"O &#8216;ferryboat&#8217; internacional que liga a vila de Caminha, no Alto Minho, a La Guardia, na Galiza, volta hoje a navegar, ap\u00f3s uma paragem de um m\u00eas e meio por avaria de um dos motores. Contactado pela ag\u00eancia Lusa, o presidente da C\u00e2mara de Caminha, Miguel Alves, explicou que &#8220;o servi\u00e7o mec\u00e2nico contratado teve um [&hellip;]","og_url":"https:\/\/www.altominho.tv\/site\/2020\/03\/10\/ferryboat-internacional-retoma-hoje-ligacao-entre-caminha-e-a-galiza\/","og_site_name":"Altominho.tv","article_publisher":"https:\/\/www.facebook.com\/altominhotv","article_published_time":"2020-03-10T11:46:09+00:00","article_modified_time":"2020-03-10T11:46:20+00:00","og_image":[{"width":1024,"height":683,"url":"https:\/\/www.altominho.tv\/site\/wp-content\/uploads\/2020\/03\/ferry-.jpg","type":"image\/jpeg"}],"author":"Andreia Cunha | Lusa","twitter_card":"summary_large_image","twitter_creator":"@altominhoTV","twitter_site":"@altominhoTV","twitter_misc":{"Escrito por":"Andreia Cunha | Lusa","Tempo estimado de leitura":"1 minuto"},"schema":{"@context":"https:\/\/schema.org","@graph":[{"@type":"Article","@id":"https:\/\/www.altominho.tv\/site\/2020\/03\/10\/ferryboat-internacional-retoma-hoje-ligacao-entre-caminha-e-a-galiza\/#article","isPartOf":{"@id":"https:\/\/www.altominho.tv\/site\/2020\/03\/10\/ferryboat-internacional-retoma-hoje-ligacao-entre-caminha-e-a-galiza\/"},"author":{"name":"Andreia Cunha | Lusa","@id":"https:\/\/www.altominho.tv\/site\/#\/schema\/person\/dbaf181c01b51ff40c9f461a905d321e"},"headline":"Ferryboat internacional retoma hoje liga\u00e7\u00e3o entre Caminha e a Galiza","datePublished":"2020-03-10T11:46:09+00:00","dateModified":"2020-03-10T11:46:20+00:00","mainEntityOfPage":{"@id":"https:\/\/www.altominho.tv\/site\/2020\/03\/10\/ferryboat-internacional-retoma-hoje-ligacao-entre-caminha-e-a-galiza\/"},"wordCount":241,"image":{"@id":"https:\/\/www.altominho.tv\/site\/2020\/03\/10\/ferryboat-internacional-retoma-hoje-ligacao-entre-caminha-e-a-galiza\/#primaryimage"},"thumbnailUrl":"https:\/\/www.altominho.tv\/site\/wp-content\/uploads\/2020\/03\/ferry-.jpg","articleSection":["Caminha"],"inLanguage":"pt-PT","copyrightYear":"2020","copyrightHolder":{"@id":"https:\/\/www.altominho.tv\/site\/#organization"}},{"@type":"WebPage","@id":"https:\/\/www.altominho.tv\/site\/2020\/03\/10\/ferryboat-internacional-retoma-hoje-ligacao-entre-caminha-e-a-galiza\/","url":"https:\/\/www.altominho.tv\/site\/2020\/03\/10\/ferryboat-internacional-retoma-hoje-ligacao-entre-caminha-e-a-galiza\/","name":"Ferryboat internacional retoma hoje liga\u00e7\u00e3o entre Caminha e a Galiza","isPartOf":{"@id":"https:\/\/www.altominho.tv\/site\/#website"},"primaryImageOfPage":{"@id":"https:\/\/www.altominho.tv\/site\/2020\/03\/10\/ferryboat-internacional-retoma-hoje-ligacao-entre-caminha-e-a-galiza\/#primaryimage"},"image":{"@id":"https:\/\/www.altominho.tv\/site\/2020\/03\/10\/ferryboat-internacional-retoma-hoje-ligacao-entre-caminha-e-a-galiza\/#primaryimage"},"thumbnailUrl":"https:\/\/www.altominho.tv\/site\/wp-content\/uploads\/2020\/03\/ferry-.jpg","datePublished":"2020-03-10T11:46:09+00:00","dateModified":"2020-03-10T11:46:20+00:00","author":{"@id":"https:\/\/www.altominho.tv\/site\/#\/schema\/person\/dbaf181c01b51ff40c9f461a905d321e"},"breadcrumb":{"@id":"https:\/\/www.altominho.tv\/site\/2020\/03\/10\/ferryboat-internacional-retoma-hoje-ligacao-entre-caminha-e-a-galiza\/#breadcrumb"},"inLanguage":"pt-PT","potentialAction":[{"@type":"ReadAction","target":["https:\/\/www.altominho.tv\/site\/2020\/03\/10\/ferryboat-internacional-retoma-hoje-ligacao-entre-caminha-e-a-galiza\/"]}]},{"@type":"ImageObject","inLanguage":"pt-PT","@id":"https:\/\/www.altominho.tv\/site\/2020\/03\/10\/ferryboat-internacional-retoma-hoje-ligacao-entre-caminha-e-a-galiza\/#primaryimage","url":"https:\/\/www.altominho.tv\/site\/wp-content\/uploads\/2020\/03\/ferry-.jpg","contentUrl":"https:\/\/www.altominho.tv\/site\/wp-content\/uploads\/2020\/03\/ferry-.jpg","width":1024,"height":683},{"@type":"BreadcrumbList","@id":"https:\/\/www.altominho.tv\/site\/2020\/03\/10\/ferryboat-internacional-retoma-hoje-ligacao-entre-caminha-e-a-galiza\/#breadcrumb","itemListElement":[{"@type":"ListItem","position":1,"name":"In\u00edcio","item":"https:\/\/www.altominho.tv\/site\/"},{"@type":"ListItem","position":2,"name":"Ferryboat internacional retoma hoje liga\u00e7\u00e3o entre Caminha e a Galiza"}]},{"@type":"WebSite","@id":"https:\/\/www.altominho.tv\/site\/#website","url":"https:\/\/www.altominho.tv\/site\/","name":"Altominho.tv","description":"A sua regi\u00e3o \u00e0 dist\u00e2ncia de um clique...","potentialAction":[{"@type":"SearchAction","target":{"@type":"EntryPoint","urlTemplate":"https:\/\/www.altominho.tv\/site\/?s={search_term_string}"},"query-input":{"@type":"PropertyValueSpecification","valueRequired":true,"valueName":"search_term_string"}}],"inLanguage":"pt-PT"},{"@type":"Person","@id":"https:\/\/www.altominho.tv\/site\/#\/schema\/person\/dbaf181c01b51ff40c9f461a905d321e","name":"Andreia Cunha | Lusa","image":{"@type":"ImageObject","inLanguage":"pt-PT","@id":"https:\/\/www.altominho.tv\/site\/wp-content\/uploads\/2017\/11\/Andreia_Cunha-1-150x150.jpg","url":"https:\/\/www.altominho.tv\/site\/wp-content\/uploads\/2017\/11\/Andreia_Cunha-1-150x150.jpg","contentUrl":"https:\/\/www.altominho.tv\/site\/wp-content\/uploads\/2017\/11\/Andreia_Cunha-1-150x150.jpg","caption":"Andreia Cunha | Lusa"},"sameAs":["https:\/\/www.altominho.tv\/site"],"url":"https:\/\/www.altominho.tv\/site\/author\/andreiacunhalusa\/"}]}},"_links":{"self":[{"href":"https:\/\/www.altominho.tv\/site\/wp-json\/wp\/v2\/posts\/41305","targetHints":{"allow":["GET"]}}],"collection":[{"href":"https:\/\/www.altominho.tv\/site\/wp-json\/wp\/v2\/posts"}],"about":[{"href":"https:\/\/www.altominho.tv\/site\/wp-json\/wp\/v2\/types\/post"}],"author":[{"embeddable":true,"href":"https:\/\/www.altominho.tv\/site\/wp-json\/wp\/v2\/users\/16"}],"replies":[{"embeddable":true,"href":"https:\/\/www.altominho.tv\/site\/wp-json\/wp\/v2\/comments?post=41305"}],"version-history":[{"count":0,"href":"https:\/\/www.altominho.tv\/site\/wp-json\/wp\/v2\/posts\/41305\/revisions"}],"wp:featuredmedia":[{"embeddable":true,"href":"https:\/\/www.altominho.tv\/site\/wp-json\/wp\/v2\/media\/41306"}],"wp:attachment":[{"href":"https:\/\/www.altominho.tv\/site\/wp-json\/wp\/v2\/media?parent=41305"}],"wp:term":[{"taxonomy":"category","embeddable":true,"href":"https:\/\/www.altominho.tv\/site\/wp-json\/wp\/v2\/categories?post=41305"},{"taxonomy":"post_tag","embeddable":true,"href":"https:\/\/www.altominho.tv\/site\/wp-json\/wp\/v2\/tags?post=41305"}],"curies":[{"name":"wp","href":"https:\/\/api.w.org\/{rel}","templated":true}]}}