{"id":41228,"date":"2020-03-09T10:37:26","date_gmt":"2020-03-09T10:37:26","guid":{"rendered":"http:\/\/www.altominho.tv\/site\/?p=41228"},"modified":"2020-03-09T10:37:39","modified_gmt":"2020-03-09T10:37:39","slug":"romaria-de-s-joao-darga-candidata-as-7-maravilhas-da-cultura-popular","status":"publish","type":"post","link":"https:\/\/www.altominho.tv\/site\/2020\/03\/09\/romaria-de-s-joao-darga-candidata-as-7-maravilhas-da-cultura-popular\/","title":{"rendered":"Romaria de S. Jo\u00e3o d&#8217;Arga candidata \u00e0s 7 Maravilhas da Cultura Popular"},"content":{"rendered":"<p>A C\u00e2mara de Caminha anunciou, esta segunda-feira, que apresentou uma candidatura da romaria de S\u00e3o Jo\u00e3o d\u2019Arga ao concurso 7 Maravilhas da Cultura Popular, que premeia desde lendas a artesanato, passando pelas festas, prociss\u00f5es ou romarias.<\/p>\n<p>A candidatura de <a href=\"http:\/\/www.altominho.tv\/site\/2019\/08\/28\/milhares-de-pessoas-participaram-na-romaria-de-sao-joao-darga\/\">S\u00e3o Jo\u00e3o d\u2019Arga<\/a> est\u00e1 integrada na categoria de Prociss\u00f5es e Romarias e, segundo o munic\u00edpio, pretende &#8220;valorizar n\u00e3o s\u00f3 o patrim\u00f3nio imaterial associado \u00e0s tradi\u00e7\u00f5es, \u00e0s manifesta\u00e7\u00f5es de f\u00e9, \u00e0 m\u00fasica e \u00e0s dan\u00e7as e \u00e0 liga\u00e7\u00e3o das festividades com o profano, mas tamb\u00e9m dar a conhecer o patrim\u00f3nio do local&#8221;. O Mosteiro de S\u00e3o Jo\u00e3o d\u2019Arga, cuja data de funda\u00e7\u00e3o \u00e9 imprecisa e varia consoante as fontes, tem como primeiras refer\u00eancias o ano de 1252, atrav\u00e9s do testemunho dos frades beneditinos que restauraram e ocuparam o edificado.<\/p>\n<p>Para o presidente da C\u00e2mara de Caminha, Miguel Alves, \u201cesta candidatura tem dois objetivos que s\u00e3o complementares entre si\u201d. \u201cO primeiro \u00e9 dar a conhecer a mais singular romaria do Alto Minho, a sua hist\u00f3ria, as suas tradi\u00e7\u00f5es, o que significa para as popula\u00e7\u00f5es de toda a regi\u00e3o e o que vale em termos hist\u00f3ricos pelo patrim\u00f3nio que alberga e pela natureza que marca todo o local. O segundo objetivo \u00e9 ganhar: esta candidatura quer que Portugal conhe\u00e7a melhor a Serra d\u2019Arga, perceba os tesouros que ainda esconde, mas tamb\u00e9m quer ser escolhida como uma das 7 Maravilhas da Cultura Popular.\u201d<\/p>\n<p>Em comunicado enviado \u00e0 imprensa, a autarquia revela que foram, tamb\u00e9m, apresentadas as candidaturas da <a href=\"http:\/\/www.altominho.tv\/site\/2019\/09\/05\/procissao-naval-atrai-milhares-as-festas-da-bonanca-em-vila-praia-de-ancora\/\">Festa de Nossa Senhora da Bonan\u00e7a<\/a>, em Vila Praia de \u00c2ncora &#8211; na categoria de Festas e Feiras &#8211; e a G\u00f3ta da Serra d\u2019Arga &#8211; em M\u00fasica e Dan\u00e7as.<\/p>\n<p><img loading=\"lazy\" decoding=\"async\" class=\"alignnone size-medium wp-image-41231\" src=\"http:\/\/www.altominho.tv\/site\/wp-content\/uploads\/2020\/03\/Captura-de-ecra\u0303-2020-03-09-a\u0300s-10.33.36-1-770x405.png\" alt=\"\" width=\"770\" height=\"405\" srcset=\"https:\/\/www.altominho.tv\/site\/wp-content\/uploads\/2020\/03\/Captura-de-ecra\u0303-2020-03-09-a\u0300s-10.33.36-1-770x405.png 770w, https:\/\/www.altominho.tv\/site\/wp-content\/uploads\/2020\/03\/Captura-de-ecra\u0303-2020-03-09-a\u0300s-10.33.36-1-1024x539.png 1024w, https:\/\/www.altominho.tv\/site\/wp-content\/uploads\/2020\/03\/Captura-de-ecra\u0303-2020-03-09-a\u0300s-10.33.36-1-768x404.png 768w, https:\/\/www.altominho.tv\/site\/wp-content\/uploads\/2020\/03\/Captura-de-ecra\u0303-2020-03-09-a\u0300s-10.33.36-1-370x195.png 370w, https:\/\/www.altominho.tv\/site\/wp-content\/uploads\/2020\/03\/Captura-de-ecra\u0303-2020-03-09-a\u0300s-10.33.36-1-270x142.png 270w, https:\/\/www.altominho.tv\/site\/wp-content\/uploads\/2020\/03\/Captura-de-ecra\u0303-2020-03-09-a\u0300s-10.33.36-1-570x300.png 570w, https:\/\/www.altominho.tv\/site\/wp-content\/uploads\/2020\/03\/Captura-de-ecra\u0303-2020-03-09-a\u0300s-10.33.36-1-740x389.png 740w, https:\/\/www.altominho.tv\/site\/wp-content\/uploads\/2020\/03\/Captura-de-ecra\u0303-2020-03-09-a\u0300s-10.33.36-1.png 1272w\" sizes=\"auto, (max-width: 770px) 100vw, 770px\" \/><img loading=\"lazy\" decoding=\"async\" class=\"alignnone size-medium wp-image-41230\" src=\"http:\/\/www.altominho.tv\/site\/wp-content\/uploads\/2020\/03\/Go\u0301ta-da-Serra-d-Arga-649x433.jpg\" alt=\"\" width=\"649\" height=\"433\" srcset=\"https:\/\/www.altominho.tv\/site\/wp-content\/uploads\/2020\/03\/Go\u0301ta-da-Serra-d-Arga-649x433.jpg 649w, https:\/\/www.altominho.tv\/site\/wp-content\/uploads\/2020\/03\/Go\u0301ta-da-Serra-d-Arga-1024x684.jpg 1024w, https:\/\/www.altominho.tv\/site\/wp-content\/uploads\/2020\/03\/Go\u0301ta-da-Serra-d-Arga-768x513.jpg 768w, https:\/\/www.altominho.tv\/site\/wp-content\/uploads\/2020\/03\/Go\u0301ta-da-Serra-d-Arga-1536x1026.jpg 1536w, https:\/\/www.altominho.tv\/site\/wp-content\/uploads\/2020\/03\/Go\u0301ta-da-Serra-d-Arga-370x247.jpg 370w, https:\/\/www.altominho.tv\/site\/wp-content\/uploads\/2020\/03\/Go\u0301ta-da-Serra-d-Arga-270x180.jpg 270w, https:\/\/www.altominho.tv\/site\/wp-content\/uploads\/2020\/03\/Go\u0301ta-da-Serra-d-Arga-570x381.jpg 570w, https:\/\/www.altominho.tv\/site\/wp-content\/uploads\/2020\/03\/Go\u0301ta-da-Serra-d-Arga-740x494.jpg 740w, https:\/\/www.altominho.tv\/site\/wp-content\/uploads\/2020\/03\/Go\u0301ta-da-Serra-d-Arga.jpg 1700w\" sizes=\"auto, (max-width: 649px) 100vw, 649px\" \/><\/p>\n<h3>As 7 Maravilhas da Cultura Popular<\/h3>\n<p>As sete categorias a concurso s\u00e3o Artesanato; Lendas e Mitos; Festas e Feiras; M\u00fasicas e Dan\u00e7as; Rituais e Costumes; Prociss\u00f5es e Romarias e Artefactos.<\/p>\n<p>Este ano, os candidatos finalistas s\u00e3o votados em cada um dos 18 distritos e nas duas regi\u00f5es aut\u00f3nomas, com um total de 20 programas televisivos transmitidos em direto durante os meses de julho e agosto. Nessa fase, os candidatos j\u00e1 estar\u00e3o reduzidos a sete em cada distrito e regi\u00e3o aut\u00f3noma, num total de 140 patrim\u00f3nios.<\/p>\n<p>Em cada programa da RTP ser\u00e1 apurado um pr\u00e9-finalista para passar \u00e0s semifinais; posteriormente, haver\u00e1 ainda uma repescagem. Os 20 segundos classificados nas eliminat\u00f3rias regionais do concurso ser\u00e3o submetidos a uma nova vota\u00e7\u00e3o, com o objetivo de apurar os oito mais votados que se ir\u00e3o juntar aos j\u00e1 pr\u00e9-finalistas, que v\u00e3o ser divididos por duas semifinais. Em cada semifinal, s\u00e3o apurados os sete patrim\u00f3nios mais votados. A gala final com os 14 finalistas realiza-se a 5 de setembro.<\/p>\n<p>A <a href=\"http:\/\/www.altominho.tv\/site\/2019\/11\/12\/portugal-vai-eleger-as-7-maravilhas-da-cultura-popular\/\">edi\u00e7\u00e3o de 2020<\/a> \u00e9 a 9\u00aa realizada desde 2007. Nos \u00faltimos anos, j\u00e1 se elegeram as \u201c7 Maravilhas \u2013 Praias de Portugal\u201d, as \u201c7 Maravilhas da Gastronomia\u201d, as \u201c7 Maravilhas Naturais de Portugal\u201d, as \u201c7 Maravilhas de Origem Portuguesa do Mundo\u201d, as \u201c7 Maravilhas de Portugal\u201d e as \u201c7 Maravilhas Aldeias\u201d, as \u201c7 Maravilhas \u00e0 Mesa\u201d e as \u201c7 M<span class=\"il\">aravilhas<\/span>\u00a0<span class=\"il\">Doces<\/span> de Portugal\u201d.<\/p>\n","protected":false},"excerpt":{"rendered":"<p>A C\u00e2mara de Caminha anunciou, esta segunda-feira, que apresentou uma candidatura da romaria de S\u00e3o Jo\u00e3o d\u2019Arga ao concurso 7 Maravilhas da Cultura Popular, que premeia desde lendas a artesanato, passando pelas festas, prociss\u00f5es ou romarias. A candidatura de S\u00e3o Jo\u00e3o d\u2019Arga est\u00e1 integrada na categoria de Prociss\u00f5es e Romarias e, segundo o munic\u00edpio, pretende [&hellip;]<\/p>\n","protected":false},"author":12,"featured_media":41232,"comment_status":"closed","ping_status":"closed","sticky":false,"template":"","format":"standard","meta":{"_exactmetrics_skip_tracking":false,"_exactmetrics_sitenote_active":false,"_exactmetrics_sitenote_note":"","_exactmetrics_sitenote_category":0,"footnotes":""},"categories":[7],"tags":[19],"class_list":["post-41228","post","type-post","status-publish","format-standard","has-post-thumbnail","hentry","category-caminha","tag-cultura"],"yoast_head":"<!-- This site is optimized with the Yoast SEO Premium plugin v27.4 (Yoast SEO v27.4) - https:\/\/yoast.com\/product\/yoast-seo-premium-wordpress\/ -->\n<title>Romaria de S. Jo\u00e3o d&#039;Arga candidata \u00e0s 7 Maravilhas da Cultura Popular<\/title>\n<meta name=\"robots\" content=\"index, follow, max-snippet:-1, max-image-preview:large, max-video-preview:-1\" \/>\n<link rel=\"canonical\" href=\"https:\/\/www.altominho.tv\/site\/2020\/03\/09\/romaria-de-s-joao-darga-candidata-as-7-maravilhas-da-cultura-popular\/\" \/>\n<meta property=\"og:locale\" content=\"pt_PT\" \/>\n<meta property=\"og:type\" content=\"article\" \/>\n<meta property=\"og:title\" content=\"Romaria de S. Jo\u00e3o d&#039;Arga candidata \u00e0s 7 Maravilhas da Cultura Popular\" \/>\n<meta property=\"og:description\" content=\"A C\u00e2mara de Caminha anunciou, esta segunda-feira, que apresentou uma candidatura da romaria de S\u00e3o Jo\u00e3o d\u2019Arga ao concurso 7 Maravilhas da Cultura Popular, que premeia desde lendas a artesanato, passando pelas festas, prociss\u00f5es ou romarias. A candidatura de S\u00e3o Jo\u00e3o d\u2019Arga est\u00e1 integrada na categoria de Prociss\u00f5es e Romarias e, segundo o munic\u00edpio, pretende [&hellip;]\" \/>\n<meta property=\"og:url\" content=\"https:\/\/www.altominho.tv\/site\/2020\/03\/09\/romaria-de-s-joao-darga-candidata-as-7-maravilhas-da-cultura-popular\/\" \/>\n<meta property=\"og:site_name\" content=\"Altominho.tv\" \/>\n<meta property=\"article:publisher\" content=\"https:\/\/www.facebook.com\/altominhotv\" \/>\n<meta property=\"article:published_time\" content=\"2020-03-09T10:37:26+00:00\" \/>\n<meta property=\"article:modified_time\" content=\"2020-03-09T10:37:39+00:00\" \/>\n<meta property=\"og:image\" content=\"https:\/\/www.altominho.tv\/site\/wp-content\/uploads\/2020\/03\/maxresdefault-4.jpg\" \/>\n\t<meta property=\"og:image:width\" content=\"1280\" \/>\n\t<meta property=\"og:image:height\" content=\"720\" \/>\n\t<meta property=\"og:image:type\" content=\"image\/jpeg\" \/>\n<meta name=\"author\" content=\"Andreia Ferreira\" \/>\n<meta name=\"twitter:card\" content=\"summary_large_image\" \/>\n<meta name=\"twitter:creator\" content=\"@altominhoTV\" \/>\n<meta name=\"twitter:site\" content=\"@altominhoTV\" \/>\n<meta name=\"twitter:label1\" content=\"Escrito por\" \/>\n\t<meta name=\"twitter:data1\" content=\"Andreia Ferreira\" \/>\n\t<meta name=\"twitter:label2\" content=\"Tempo estimado de leitura\" \/>\n\t<meta name=\"twitter:data2\" content=\"3 minutos\" \/>\n<script type=\"application\/ld+json\" class=\"yoast-schema-graph\">{\"@context\":\"https:\\\/\\\/schema.org\",\"@graph\":[{\"@type\":\"Article\",\"@id\":\"https:\\\/\\\/www.altominho.tv\\\/site\\\/2020\\\/03\\\/09\\\/romaria-de-s-joao-darga-candidata-as-7-maravilhas-da-cultura-popular\\\/#article\",\"isPartOf\":{\"@id\":\"https:\\\/\\\/www.altominho.tv\\\/site\\\/2020\\\/03\\\/09\\\/romaria-de-s-joao-darga-candidata-as-7-maravilhas-da-cultura-popular\\\/\"},\"author\":{\"name\":\"Andreia Ferreira\",\"@id\":\"https:\\\/\\\/www.altominho.tv\\\/site\\\/#\\\/schema\\\/person\\\/d9be4265364723f14ea8e0d56a1d38cd\"},\"headline\":\"Romaria de S. Jo\u00e3o d&#8217;Arga candidata \u00e0s 7 Maravilhas da Cultura Popular\",\"datePublished\":\"2020-03-09T10:37:26+00:00\",\"dateModified\":\"2020-03-09T10:37:39+00:00\",\"mainEntityOfPage\":{\"@id\":\"https:\\\/\\\/www.altominho.tv\\\/site\\\/2020\\\/03\\\/09\\\/romaria-de-s-joao-darga-candidata-as-7-maravilhas-da-cultura-popular\\\/\"},\"wordCount\":545,\"image\":{\"@id\":\"https:\\\/\\\/www.altominho.tv\\\/site\\\/2020\\\/03\\\/09\\\/romaria-de-s-joao-darga-candidata-as-7-maravilhas-da-cultura-popular\\\/#primaryimage\"},\"thumbnailUrl\":\"https:\\\/\\\/www.altominho.tv\\\/site\\\/wp-content\\\/uploads\\\/2020\\\/03\\\/maxresdefault-4.jpg\",\"keywords\":[\"Cultura\"],\"articleSection\":[\"Caminha\"],\"inLanguage\":\"pt-PT\",\"copyrightYear\":\"2020\",\"copyrightHolder\":{\"@id\":\"https:\\\/\\\/www.altominho.tv\\\/site\\\/#organization\"}},{\"@type\":\"WebPage\",\"@id\":\"https:\\\/\\\/www.altominho.tv\\\/site\\\/2020\\\/03\\\/09\\\/romaria-de-s-joao-darga-candidata-as-7-maravilhas-da-cultura-popular\\\/\",\"url\":\"https:\\\/\\\/www.altominho.tv\\\/site\\\/2020\\\/03\\\/09\\\/romaria-de-s-joao-darga-candidata-as-7-maravilhas-da-cultura-popular\\\/\",\"name\":\"Romaria de S. Jo\u00e3o d'Arga candidata \u00e0s 7 Maravilhas da Cultura Popular\",\"isPartOf\":{\"@id\":\"https:\\\/\\\/www.altominho.tv\\\/site\\\/#website\"},\"primaryImageOfPage\":{\"@id\":\"https:\\\/\\\/www.altominho.tv\\\/site\\\/2020\\\/03\\\/09\\\/romaria-de-s-joao-darga-candidata-as-7-maravilhas-da-cultura-popular\\\/#primaryimage\"},\"image\":{\"@id\":\"https:\\\/\\\/www.altominho.tv\\\/site\\\/2020\\\/03\\\/09\\\/romaria-de-s-joao-darga-candidata-as-7-maravilhas-da-cultura-popular\\\/#primaryimage\"},\"thumbnailUrl\":\"https:\\\/\\\/www.altominho.tv\\\/site\\\/wp-content\\\/uploads\\\/2020\\\/03\\\/maxresdefault-4.jpg\",\"datePublished\":\"2020-03-09T10:37:26+00:00\",\"dateModified\":\"2020-03-09T10:37:39+00:00\",\"author\":{\"@id\":\"https:\\\/\\\/www.altominho.tv\\\/site\\\/#\\\/schema\\\/person\\\/d9be4265364723f14ea8e0d56a1d38cd\"},\"breadcrumb\":{\"@id\":\"https:\\\/\\\/www.altominho.tv\\\/site\\\/2020\\\/03\\\/09\\\/romaria-de-s-joao-darga-candidata-as-7-maravilhas-da-cultura-popular\\\/#breadcrumb\"},\"inLanguage\":\"pt-PT\",\"potentialAction\":[{\"@type\":\"ReadAction\",\"target\":[\"https:\\\/\\\/www.altominho.tv\\\/site\\\/2020\\\/03\\\/09\\\/romaria-de-s-joao-darga-candidata-as-7-maravilhas-da-cultura-popular\\\/\"]}]},{\"@type\":\"ImageObject\",\"inLanguage\":\"pt-PT\",\"@id\":\"https:\\\/\\\/www.altominho.tv\\\/site\\\/2020\\\/03\\\/09\\\/romaria-de-s-joao-darga-candidata-as-7-maravilhas-da-cultura-popular\\\/#primaryimage\",\"url\":\"https:\\\/\\\/www.altominho.tv\\\/site\\\/wp-content\\\/uploads\\\/2020\\\/03\\\/maxresdefault-4.jpg\",\"contentUrl\":\"https:\\\/\\\/www.altominho.tv\\\/site\\\/wp-content\\\/uploads\\\/2020\\\/03\\\/maxresdefault-4.jpg\",\"width\":1280,\"height\":720},{\"@type\":\"BreadcrumbList\",\"@id\":\"https:\\\/\\\/www.altominho.tv\\\/site\\\/2020\\\/03\\\/09\\\/romaria-de-s-joao-darga-candidata-as-7-maravilhas-da-cultura-popular\\\/#breadcrumb\",\"itemListElement\":[{\"@type\":\"ListItem\",\"position\":1,\"name\":\"In\u00edcio\",\"item\":\"https:\\\/\\\/www.altominho.tv\\\/site\\\/\"},{\"@type\":\"ListItem\",\"position\":2,\"name\":\"Romaria de S. Jo\u00e3o d&#8217;Arga candidata \u00e0s 7 Maravilhas da Cultura Popular\"}]},{\"@type\":\"WebSite\",\"@id\":\"https:\\\/\\\/www.altominho.tv\\\/site\\\/#website\",\"url\":\"https:\\\/\\\/www.altominho.tv\\\/site\\\/\",\"name\":\"Altominho.tv\",\"description\":\"A sua regi\u00e3o \u00e0 dist\u00e2ncia de um clique...\",\"potentialAction\":[{\"@type\":\"SearchAction\",\"target\":{\"@type\":\"EntryPoint\",\"urlTemplate\":\"https:\\\/\\\/www.altominho.tv\\\/site\\\/?s={search_term_string}\"},\"query-input\":{\"@type\":\"PropertyValueSpecification\",\"valueRequired\":true,\"valueName\":\"search_term_string\"}}],\"inLanguage\":\"pt-PT\"},{\"@type\":\"Person\",\"@id\":\"https:\\\/\\\/www.altominho.tv\\\/site\\\/#\\\/schema\\\/person\\\/d9be4265364723f14ea8e0d56a1d38cd\",\"name\":\"Andreia Ferreira\",\"image\":{\"@type\":\"ImageObject\",\"inLanguage\":\"pt-PT\",\"@id\":\"https:\\\/\\\/www.altominho.tv\\\/site\\\/wp-content\\\/uploads\\\/2021\\\/01\\\/AndreiaFerreira-150x150.jpg\",\"url\":\"https:\\\/\\\/www.altominho.tv\\\/site\\\/wp-content\\\/uploads\\\/2021\\\/01\\\/AndreiaFerreira-150x150.jpg\",\"contentUrl\":\"https:\\\/\\\/www.altominho.tv\\\/site\\\/wp-content\\\/uploads\\\/2021\\\/01\\\/AndreiaFerreira-150x150.jpg\",\"caption\":\"Andreia Ferreira\"},\"url\":\"https:\\\/\\\/www.altominho.tv\\\/site\\\/author\\\/andreiaferreira\\\/\"}]}<\/script>\n<!-- \/ Yoast SEO Premium plugin. -->","yoast_head_json":{"title":"Romaria de S. Jo\u00e3o d'Arga candidata \u00e0s 7 Maravilhas da Cultura Popular","robots":{"index":"index","follow":"follow","max-snippet":"max-snippet:-1","max-image-preview":"max-image-preview:large","max-video-preview":"max-video-preview:-1"},"canonical":"https:\/\/www.altominho.tv\/site\/2020\/03\/09\/romaria-de-s-joao-darga-candidata-as-7-maravilhas-da-cultura-popular\/","og_locale":"pt_PT","og_type":"article","og_title":"Romaria de S. Jo\u00e3o d'Arga candidata \u00e0s 7 Maravilhas da Cultura Popular","og_description":"A C\u00e2mara de Caminha anunciou, esta segunda-feira, que apresentou uma candidatura da romaria de S\u00e3o Jo\u00e3o d\u2019Arga ao concurso 7 Maravilhas da Cultura Popular, que premeia desde lendas a artesanato, passando pelas festas, prociss\u00f5es ou romarias. A candidatura de S\u00e3o Jo\u00e3o d\u2019Arga est\u00e1 integrada na categoria de Prociss\u00f5es e Romarias e, segundo o munic\u00edpio, pretende [&hellip;]","og_url":"https:\/\/www.altominho.tv\/site\/2020\/03\/09\/romaria-de-s-joao-darga-candidata-as-7-maravilhas-da-cultura-popular\/","og_site_name":"Altominho.tv","article_publisher":"https:\/\/www.facebook.com\/altominhotv","article_published_time":"2020-03-09T10:37:26+00:00","article_modified_time":"2020-03-09T10:37:39+00:00","og_image":[{"width":1280,"height":720,"url":"https:\/\/www.altominho.tv\/site\/wp-content\/uploads\/2020\/03\/maxresdefault-4.jpg","type":"image\/jpeg"}],"author":"Andreia Ferreira","twitter_card":"summary_large_image","twitter_creator":"@altominhoTV","twitter_site":"@altominhoTV","twitter_misc":{"Escrito por":"Andreia Ferreira","Tempo estimado de leitura":"3 minutos"},"schema":{"@context":"https:\/\/schema.org","@graph":[{"@type":"Article","@id":"https:\/\/www.altominho.tv\/site\/2020\/03\/09\/romaria-de-s-joao-darga-candidata-as-7-maravilhas-da-cultura-popular\/#article","isPartOf":{"@id":"https:\/\/www.altominho.tv\/site\/2020\/03\/09\/romaria-de-s-joao-darga-candidata-as-7-maravilhas-da-cultura-popular\/"},"author":{"name":"Andreia Ferreira","@id":"https:\/\/www.altominho.tv\/site\/#\/schema\/person\/d9be4265364723f14ea8e0d56a1d38cd"},"headline":"Romaria de S. Jo\u00e3o d&#8217;Arga candidata \u00e0s 7 Maravilhas da Cultura Popular","datePublished":"2020-03-09T10:37:26+00:00","dateModified":"2020-03-09T10:37:39+00:00","mainEntityOfPage":{"@id":"https:\/\/www.altominho.tv\/site\/2020\/03\/09\/romaria-de-s-joao-darga-candidata-as-7-maravilhas-da-cultura-popular\/"},"wordCount":545,"image":{"@id":"https:\/\/www.altominho.tv\/site\/2020\/03\/09\/romaria-de-s-joao-darga-candidata-as-7-maravilhas-da-cultura-popular\/#primaryimage"},"thumbnailUrl":"https:\/\/www.altominho.tv\/site\/wp-content\/uploads\/2020\/03\/maxresdefault-4.jpg","keywords":["Cultura"],"articleSection":["Caminha"],"inLanguage":"pt-PT","copyrightYear":"2020","copyrightHolder":{"@id":"https:\/\/www.altominho.tv\/site\/#organization"}},{"@type":"WebPage","@id":"https:\/\/www.altominho.tv\/site\/2020\/03\/09\/romaria-de-s-joao-darga-candidata-as-7-maravilhas-da-cultura-popular\/","url":"https:\/\/www.altominho.tv\/site\/2020\/03\/09\/romaria-de-s-joao-darga-candidata-as-7-maravilhas-da-cultura-popular\/","name":"Romaria de S. Jo\u00e3o d'Arga candidata \u00e0s 7 Maravilhas da Cultura Popular","isPartOf":{"@id":"https:\/\/www.altominho.tv\/site\/#website"},"primaryImageOfPage":{"@id":"https:\/\/www.altominho.tv\/site\/2020\/03\/09\/romaria-de-s-joao-darga-candidata-as-7-maravilhas-da-cultura-popular\/#primaryimage"},"image":{"@id":"https:\/\/www.altominho.tv\/site\/2020\/03\/09\/romaria-de-s-joao-darga-candidata-as-7-maravilhas-da-cultura-popular\/#primaryimage"},"thumbnailUrl":"https:\/\/www.altominho.tv\/site\/wp-content\/uploads\/2020\/03\/maxresdefault-4.jpg","datePublished":"2020-03-09T10:37:26+00:00","dateModified":"2020-03-09T10:37:39+00:00","author":{"@id":"https:\/\/www.altominho.tv\/site\/#\/schema\/person\/d9be4265364723f14ea8e0d56a1d38cd"},"breadcrumb":{"@id":"https:\/\/www.altominho.tv\/site\/2020\/03\/09\/romaria-de-s-joao-darga-candidata-as-7-maravilhas-da-cultura-popular\/#breadcrumb"},"inLanguage":"pt-PT","potentialAction":[{"@type":"ReadAction","target":["https:\/\/www.altominho.tv\/site\/2020\/03\/09\/romaria-de-s-joao-darga-candidata-as-7-maravilhas-da-cultura-popular\/"]}]},{"@type":"ImageObject","inLanguage":"pt-PT","@id":"https:\/\/www.altominho.tv\/site\/2020\/03\/09\/romaria-de-s-joao-darga-candidata-as-7-maravilhas-da-cultura-popular\/#primaryimage","url":"https:\/\/www.altominho.tv\/site\/wp-content\/uploads\/2020\/03\/maxresdefault-4.jpg","contentUrl":"https:\/\/www.altominho.tv\/site\/wp-content\/uploads\/2020\/03\/maxresdefault-4.jpg","width":1280,"height":720},{"@type":"BreadcrumbList","@id":"https:\/\/www.altominho.tv\/site\/2020\/03\/09\/romaria-de-s-joao-darga-candidata-as-7-maravilhas-da-cultura-popular\/#breadcrumb","itemListElement":[{"@type":"ListItem","position":1,"name":"In\u00edcio","item":"https:\/\/www.altominho.tv\/site\/"},{"@type":"ListItem","position":2,"name":"Romaria de S. Jo\u00e3o d&#8217;Arga candidata \u00e0s 7 Maravilhas da Cultura Popular"}]},{"@type":"WebSite","@id":"https:\/\/www.altominho.tv\/site\/#website","url":"https:\/\/www.altominho.tv\/site\/","name":"Altominho.tv","description":"A sua regi\u00e3o \u00e0 dist\u00e2ncia de um clique...","potentialAction":[{"@type":"SearchAction","target":{"@type":"EntryPoint","urlTemplate":"https:\/\/www.altominho.tv\/site\/?s={search_term_string}"},"query-input":{"@type":"PropertyValueSpecification","valueRequired":true,"valueName":"search_term_string"}}],"inLanguage":"pt-PT"},{"@type":"Person","@id":"https:\/\/www.altominho.tv\/site\/#\/schema\/person\/d9be4265364723f14ea8e0d56a1d38cd","name":"Andreia Ferreira","image":{"@type":"ImageObject","inLanguage":"pt-PT","@id":"https:\/\/www.altominho.tv\/site\/wp-content\/uploads\/2021\/01\/AndreiaFerreira-150x150.jpg","url":"https:\/\/www.altominho.tv\/site\/wp-content\/uploads\/2021\/01\/AndreiaFerreira-150x150.jpg","contentUrl":"https:\/\/www.altominho.tv\/site\/wp-content\/uploads\/2021\/01\/AndreiaFerreira-150x150.jpg","caption":"Andreia Ferreira"},"url":"https:\/\/www.altominho.tv\/site\/author\/andreiaferreira\/"}]}},"_links":{"self":[{"href":"https:\/\/www.altominho.tv\/site\/wp-json\/wp\/v2\/posts\/41228","targetHints":{"allow":["GET"]}}],"collection":[{"href":"https:\/\/www.altominho.tv\/site\/wp-json\/wp\/v2\/posts"}],"about":[{"href":"https:\/\/www.altominho.tv\/site\/wp-json\/wp\/v2\/types\/post"}],"author":[{"embeddable":true,"href":"https:\/\/www.altominho.tv\/site\/wp-json\/wp\/v2\/users\/12"}],"replies":[{"embeddable":true,"href":"https:\/\/www.altominho.tv\/site\/wp-json\/wp\/v2\/comments?post=41228"}],"version-history":[{"count":0,"href":"https:\/\/www.altominho.tv\/site\/wp-json\/wp\/v2\/posts\/41228\/revisions"}],"wp:featuredmedia":[{"embeddable":true,"href":"https:\/\/www.altominho.tv\/site\/wp-json\/wp\/v2\/media\/41232"}],"wp:attachment":[{"href":"https:\/\/www.altominho.tv\/site\/wp-json\/wp\/v2\/media?parent=41228"}],"wp:term":[{"taxonomy":"category","embeddable":true,"href":"https:\/\/www.altominho.tv\/site\/wp-json\/wp\/v2\/categories?post=41228"},{"taxonomy":"post_tag","embeddable":true,"href":"https:\/\/www.altominho.tv\/site\/wp-json\/wp\/v2\/tags?post=41228"}],"curies":[{"name":"wp","href":"https:\/\/api.w.org\/{rel}","templated":true}]}}