{"id":41224,"date":"2020-03-09T09:35:59","date_gmt":"2020-03-09T09:35:59","guid":{"rendered":"http:\/\/www.altominho.tv\/site\/?p=41224"},"modified":"2020-03-09T09:36:06","modified_gmt":"2020-03-09T09:36:06","slug":"autobiografia-autorizada-com-paulo-betti-na-casa-das-artes","status":"publish","type":"post","link":"https:\/\/www.altominho.tv\/site\/2020\/03\/09\/autobiografia-autorizada-com-paulo-betti-na-casa-das-artes\/","title":{"rendered":"&#8220;Autobiografia Autorizada&#8221; com Paulo Betti na Casa das Artes"},"content":{"rendered":"\n<p>Paulo Betti vai apresentar a sua &#8220;Autobiografia Autorizada&#8221;, na Casa das Artes em Arcos de Valdevez.<\/p>\n\n\n\n<p> &#8220;Autobiografia Autorizada&#8221; \u00e9 um mon\u00f3logo <em>&#8220;caprichado com ilumina\u00e7\u00e3o, figurino, trilha sonora, cen\u00e1rio e belas proje\u00e7\u00f5es escrito e protagonizado por Paulo Betti, dirigido por ele e por Rafael Ponzi, que estreou dia 19 de mar\u00e7o, no Centro Cultural Correios&#8221;<\/em>. <\/p>\n\n\n\n<p>O espet\u00e1culo marca a comemora\u00e7\u00e3o dos 40 anos de carreira de Paulo Betti, e foi constru\u00eddo pelo pr\u00f3prio artista, que se inspirou nos textos escritos em grandes blocos durante a adolesc\u00eancia, onde tamb\u00e9m fazia colagens de fatos da \u00e9poca, e tamb\u00e9m nos artigos semanais que escreveu por quase trinta anos para o Jornal Cruzeiro do Sul, de Sorocaba, cidade onde foi criado.<\/p>\n\n\n\n<p><em>&#8220;A pe\u00e7a \u00e9 um amalgama do Brasil profundo, inspirada pela inusitada hist\u00f3ria de supera\u00e7\u00e3o de Paulo, que percorre o trajeto riqu\u00edssimo da ro\u00e7a a cidade, contando um pouco da historia da Imigra\u00e7\u00e3o Italiana no Brasil&#8221;. <\/em><\/p>\n\n\n\n<p>O espet\u00e1culo tem lugar na pr\u00f3xima sexta-feira, dia 13 de mar\u00e7o, na Casa das Artes arcuense. <\/p>\n","protected":false},"excerpt":{"rendered":"<p>Paulo Betti vai apresentar a sua &#8220;Autobiografia Autorizada&#8221;, na Casa das Artes em Arcos de Valdevez. &#8220;Autobiografia Autorizada&#8221; \u00e9 um mon\u00f3logo &#8220;caprichado com ilumina\u00e7\u00e3o, figurino, trilha sonora, cen\u00e1rio e belas proje\u00e7\u00f5es escrito e protagonizado por Paulo Betti, dirigido por ele e por Rafael Ponzi, que estreou dia 19 de mar\u00e7o, no Centro Cultural Correios&#8221;. O [&hellip;]<\/p>\n","protected":false},"author":7,"featured_media":41225,"comment_status":"closed","ping_status":"closed","sticky":false,"template":"","format":"standard","meta":{"_exactmetrics_skip_tracking":false,"_exactmetrics_sitenote_active":false,"_exactmetrics_sitenote_note":"","_exactmetrics_sitenote_category":0,"footnotes":""},"categories":[2],"tags":[19,24],"class_list":["post-41224","post","type-post","status-publish","format-standard","has-post-thumbnail","hentry","category-arcos-de-valdevez","tag-cultura","tag-lazer"],"yoast_head":"<!-- This site is optimized with the Yoast SEO Premium plugin v27.5 (Yoast SEO v27.5) - https:\/\/yoast.com\/product\/yoast-seo-premium-wordpress\/ -->\n<title>&quot;Autobiografia Autorizada&quot; com Paulo Betti na Casa das Artes<\/title>\n<meta name=\"robots\" content=\"index, follow, max-snippet:-1, max-image-preview:large, max-video-preview:-1\" \/>\n<link rel=\"canonical\" href=\"https:\/\/www.altominho.tv\/site\/2020\/03\/09\/autobiografia-autorizada-com-paulo-betti-na-casa-das-artes\/\" \/>\n<meta property=\"og:locale\" content=\"pt_PT\" \/>\n<meta property=\"og:type\" content=\"article\" \/>\n<meta property=\"og:title\" content=\"&quot;Autobiografia Autorizada&quot; com Paulo Betti na Casa das Artes\" \/>\n<meta property=\"og:description\" content=\"Paulo Betti vai apresentar a sua &#8220;Autobiografia Autorizada&#8221;, na Casa das Artes em Arcos de Valdevez. &#8220;Autobiografia Autorizada&#8221; \u00e9 um mon\u00f3logo &#8220;caprichado com ilumina\u00e7\u00e3o, figurino, trilha sonora, cen\u00e1rio e belas proje\u00e7\u00f5es escrito e protagonizado por Paulo Betti, dirigido por ele e por Rafael Ponzi, que estreou dia 19 de mar\u00e7o, no Centro Cultural Correios&#8221;. O [&hellip;]\" \/>\n<meta property=\"og:url\" content=\"https:\/\/www.altominho.tv\/site\/2020\/03\/09\/autobiografia-autorizada-com-paulo-betti-na-casa-das-artes\/\" \/>\n<meta property=\"og:site_name\" content=\"Altominho.tv\" \/>\n<meta property=\"article:publisher\" content=\"https:\/\/www.facebook.com\/altominhotv\" \/>\n<meta property=\"article:published_time\" content=\"2020-03-09T09:35:59+00:00\" \/>\n<meta property=\"article:modified_time\" content=\"2020-03-09T09:36:06+00:00\" \/>\n<meta property=\"og:image\" content=\"https:\/\/www.altominho.tv\/site\/wp-content\/uploads\/2020\/03\/pb.jpg\" \/>\n\t<meta property=\"og:image:width\" content=\"850\" \/>\n\t<meta property=\"og:image:height\" content=\"442\" \/>\n\t<meta property=\"og:image:type\" content=\"image\/jpeg\" \/>\n<meta name=\"author\" content=\"Andreia Cunha\" \/>\n<meta name=\"twitter:card\" content=\"summary_large_image\" \/>\n<meta name=\"twitter:creator\" content=\"@altominhoTV\" \/>\n<meta name=\"twitter:site\" content=\"@altominhoTV\" \/>\n<meta name=\"twitter:label1\" content=\"Escrito por\" \/>\n\t<meta name=\"twitter:data1\" content=\"Andreia Cunha\" \/>\n\t<meta name=\"twitter:label2\" content=\"Tempo estimado de leitura\" \/>\n\t<meta name=\"twitter:data2\" content=\"1 minuto\" \/>\n<script type=\"application\/ld+json\" class=\"yoast-schema-graph\">{\"@context\":\"https:\\\/\\\/schema.org\",\"@graph\":[{\"@type\":\"Article\",\"@id\":\"https:\\\/\\\/www.altominho.tv\\\/site\\\/2020\\\/03\\\/09\\\/autobiografia-autorizada-com-paulo-betti-na-casa-das-artes\\\/#article\",\"isPartOf\":{\"@id\":\"https:\\\/\\\/www.altominho.tv\\\/site\\\/2020\\\/03\\\/09\\\/autobiografia-autorizada-com-paulo-betti-na-casa-das-artes\\\/\"},\"author\":{\"name\":\"Andreia Cunha\",\"@id\":\"https:\\\/\\\/www.altominho.tv\\\/site\\\/#\\\/schema\\\/person\\\/a0e4ef6d041f98ca284393d8f1d97153\"},\"headline\":\"&#8220;Autobiografia Autorizada&#8221; com Paulo Betti na Casa das Artes\",\"datePublished\":\"2020-03-09T09:35:59+00:00\",\"dateModified\":\"2020-03-09T09:36:06+00:00\",\"mainEntityOfPage\":{\"@id\":\"https:\\\/\\\/www.altominho.tv\\\/site\\\/2020\\\/03\\\/09\\\/autobiografia-autorizada-com-paulo-betti-na-casa-das-artes\\\/\"},\"wordCount\":192,\"image\":{\"@id\":\"https:\\\/\\\/www.altominho.tv\\\/site\\\/2020\\\/03\\\/09\\\/autobiografia-autorizada-com-paulo-betti-na-casa-das-artes\\\/#primaryimage\"},\"thumbnailUrl\":\"https:\\\/\\\/www.altominho.tv\\\/site\\\/wp-content\\\/uploads\\\/2020\\\/03\\\/pb.jpg\",\"keywords\":[\"Cultura\",\"Lazer\"],\"articleSection\":[\"Arcos de Valdevez\"],\"inLanguage\":\"pt-PT\",\"copyrightYear\":\"2020\",\"copyrightHolder\":{\"@id\":\"https:\\\/\\\/www.altominho.tv\\\/site\\\/#organization\"}},{\"@type\":\"WebPage\",\"@id\":\"https:\\\/\\\/www.altominho.tv\\\/site\\\/2020\\\/03\\\/09\\\/autobiografia-autorizada-com-paulo-betti-na-casa-das-artes\\\/\",\"url\":\"https:\\\/\\\/www.altominho.tv\\\/site\\\/2020\\\/03\\\/09\\\/autobiografia-autorizada-com-paulo-betti-na-casa-das-artes\\\/\",\"name\":\"\\\"Autobiografia Autorizada\\\" com Paulo Betti na Casa das Artes\",\"isPartOf\":{\"@id\":\"https:\\\/\\\/www.altominho.tv\\\/site\\\/#website\"},\"primaryImageOfPage\":{\"@id\":\"https:\\\/\\\/www.altominho.tv\\\/site\\\/2020\\\/03\\\/09\\\/autobiografia-autorizada-com-paulo-betti-na-casa-das-artes\\\/#primaryimage\"},\"image\":{\"@id\":\"https:\\\/\\\/www.altominho.tv\\\/site\\\/2020\\\/03\\\/09\\\/autobiografia-autorizada-com-paulo-betti-na-casa-das-artes\\\/#primaryimage\"},\"thumbnailUrl\":\"https:\\\/\\\/www.altominho.tv\\\/site\\\/wp-content\\\/uploads\\\/2020\\\/03\\\/pb.jpg\",\"datePublished\":\"2020-03-09T09:35:59+00:00\",\"dateModified\":\"2020-03-09T09:36:06+00:00\",\"author\":{\"@id\":\"https:\\\/\\\/www.altominho.tv\\\/site\\\/#\\\/schema\\\/person\\\/a0e4ef6d041f98ca284393d8f1d97153\"},\"breadcrumb\":{\"@id\":\"https:\\\/\\\/www.altominho.tv\\\/site\\\/2020\\\/03\\\/09\\\/autobiografia-autorizada-com-paulo-betti-na-casa-das-artes\\\/#breadcrumb\"},\"inLanguage\":\"pt-PT\",\"potentialAction\":[{\"@type\":\"ReadAction\",\"target\":[\"https:\\\/\\\/www.altominho.tv\\\/site\\\/2020\\\/03\\\/09\\\/autobiografia-autorizada-com-paulo-betti-na-casa-das-artes\\\/\"]}]},{\"@type\":\"ImageObject\",\"inLanguage\":\"pt-PT\",\"@id\":\"https:\\\/\\\/www.altominho.tv\\\/site\\\/2020\\\/03\\\/09\\\/autobiografia-autorizada-com-paulo-betti-na-casa-das-artes\\\/#primaryimage\",\"url\":\"https:\\\/\\\/www.altominho.tv\\\/site\\\/wp-content\\\/uploads\\\/2020\\\/03\\\/pb.jpg\",\"contentUrl\":\"https:\\\/\\\/www.altominho.tv\\\/site\\\/wp-content\\\/uploads\\\/2020\\\/03\\\/pb.jpg\",\"width\":850,\"height\":442},{\"@type\":\"BreadcrumbList\",\"@id\":\"https:\\\/\\\/www.altominho.tv\\\/site\\\/2020\\\/03\\\/09\\\/autobiografia-autorizada-com-paulo-betti-na-casa-das-artes\\\/#breadcrumb\",\"itemListElement\":[{\"@type\":\"ListItem\",\"position\":1,\"name\":\"In\u00edcio\",\"item\":\"https:\\\/\\\/www.altominho.tv\\\/site\\\/\"},{\"@type\":\"ListItem\",\"position\":2,\"name\":\"&#8220;Autobiografia Autorizada&#8221; com Paulo Betti na Casa das Artes\"}]},{\"@type\":\"WebSite\",\"@id\":\"https:\\\/\\\/www.altominho.tv\\\/site\\\/#website\",\"url\":\"https:\\\/\\\/www.altominho.tv\\\/site\\\/\",\"name\":\"Altominho.tv\",\"description\":\"A sua regi\u00e3o \u00e0 dist\u00e2ncia de um clique...\",\"potentialAction\":[{\"@type\":\"SearchAction\",\"target\":{\"@type\":\"EntryPoint\",\"urlTemplate\":\"https:\\\/\\\/www.altominho.tv\\\/site\\\/?s={search_term_string}\"},\"query-input\":{\"@type\":\"PropertyValueSpecification\",\"valueRequired\":true,\"valueName\":\"search_term_string\"}}],\"inLanguage\":\"pt-PT\"},{\"@type\":\"Person\",\"@id\":\"https:\\\/\\\/www.altominho.tv\\\/site\\\/#\\\/schema\\\/person\\\/a0e4ef6d041f98ca284393d8f1d97153\",\"name\":\"Andreia Cunha\",\"image\":{\"@type\":\"ImageObject\",\"inLanguage\":\"pt-PT\",\"@id\":\"https:\\\/\\\/www.altominho.tv\\\/site\\\/wp-content\\\/uploads\\\/2017\\\/11\\\/Andreia_Cunha-1-150x150.jpg\",\"url\":\"https:\\\/\\\/www.altominho.tv\\\/site\\\/wp-content\\\/uploads\\\/2017\\\/11\\\/Andreia_Cunha-1-150x150.jpg\",\"contentUrl\":\"https:\\\/\\\/www.altominho.tv\\\/site\\\/wp-content\\\/uploads\\\/2017\\\/11\\\/Andreia_Cunha-1-150x150.jpg\",\"caption\":\"Andreia Cunha\"},\"url\":\"https:\\\/\\\/www.altominho.tv\\\/site\\\/author\\\/andreiacunha\\\/\"}]}<\/script>\n<!-- \/ Yoast SEO Premium plugin. -->","yoast_head_json":{"title":"\"Autobiografia Autorizada\" com Paulo Betti na Casa das Artes","robots":{"index":"index","follow":"follow","max-snippet":"max-snippet:-1","max-image-preview":"max-image-preview:large","max-video-preview":"max-video-preview:-1"},"canonical":"https:\/\/www.altominho.tv\/site\/2020\/03\/09\/autobiografia-autorizada-com-paulo-betti-na-casa-das-artes\/","og_locale":"pt_PT","og_type":"article","og_title":"\"Autobiografia Autorizada\" com Paulo Betti na Casa das Artes","og_description":"Paulo Betti vai apresentar a sua &#8220;Autobiografia Autorizada&#8221;, na Casa das Artes em Arcos de Valdevez. &#8220;Autobiografia Autorizada&#8221; \u00e9 um mon\u00f3logo &#8220;caprichado com ilumina\u00e7\u00e3o, figurino, trilha sonora, cen\u00e1rio e belas proje\u00e7\u00f5es escrito e protagonizado por Paulo Betti, dirigido por ele e por Rafael Ponzi, que estreou dia 19 de mar\u00e7o, no Centro Cultural Correios&#8221;. O [&hellip;]","og_url":"https:\/\/www.altominho.tv\/site\/2020\/03\/09\/autobiografia-autorizada-com-paulo-betti-na-casa-das-artes\/","og_site_name":"Altominho.tv","article_publisher":"https:\/\/www.facebook.com\/altominhotv","article_published_time":"2020-03-09T09:35:59+00:00","article_modified_time":"2020-03-09T09:36:06+00:00","og_image":[{"width":850,"height":442,"url":"https:\/\/www.altominho.tv\/site\/wp-content\/uploads\/2020\/03\/pb.jpg","type":"image\/jpeg"}],"author":"Andreia Cunha","twitter_card":"summary_large_image","twitter_creator":"@altominhoTV","twitter_site":"@altominhoTV","twitter_misc":{"Escrito por":"Andreia Cunha","Tempo estimado de leitura":"1 minuto"},"schema":{"@context":"https:\/\/schema.org","@graph":[{"@type":"Article","@id":"https:\/\/www.altominho.tv\/site\/2020\/03\/09\/autobiografia-autorizada-com-paulo-betti-na-casa-das-artes\/#article","isPartOf":{"@id":"https:\/\/www.altominho.tv\/site\/2020\/03\/09\/autobiografia-autorizada-com-paulo-betti-na-casa-das-artes\/"},"author":{"name":"Andreia Cunha","@id":"https:\/\/www.altominho.tv\/site\/#\/schema\/person\/a0e4ef6d041f98ca284393d8f1d97153"},"headline":"&#8220;Autobiografia Autorizada&#8221; com Paulo Betti na Casa das Artes","datePublished":"2020-03-09T09:35:59+00:00","dateModified":"2020-03-09T09:36:06+00:00","mainEntityOfPage":{"@id":"https:\/\/www.altominho.tv\/site\/2020\/03\/09\/autobiografia-autorizada-com-paulo-betti-na-casa-das-artes\/"},"wordCount":192,"image":{"@id":"https:\/\/www.altominho.tv\/site\/2020\/03\/09\/autobiografia-autorizada-com-paulo-betti-na-casa-das-artes\/#primaryimage"},"thumbnailUrl":"https:\/\/www.altominho.tv\/site\/wp-content\/uploads\/2020\/03\/pb.jpg","keywords":["Cultura","Lazer"],"articleSection":["Arcos de Valdevez"],"inLanguage":"pt-PT","copyrightYear":"2020","copyrightHolder":{"@id":"https:\/\/www.altominho.tv\/site\/#organization"}},{"@type":"WebPage","@id":"https:\/\/www.altominho.tv\/site\/2020\/03\/09\/autobiografia-autorizada-com-paulo-betti-na-casa-das-artes\/","url":"https:\/\/www.altominho.tv\/site\/2020\/03\/09\/autobiografia-autorizada-com-paulo-betti-na-casa-das-artes\/","name":"\"Autobiografia Autorizada\" com Paulo Betti na Casa das Artes","isPartOf":{"@id":"https:\/\/www.altominho.tv\/site\/#website"},"primaryImageOfPage":{"@id":"https:\/\/www.altominho.tv\/site\/2020\/03\/09\/autobiografia-autorizada-com-paulo-betti-na-casa-das-artes\/#primaryimage"},"image":{"@id":"https:\/\/www.altominho.tv\/site\/2020\/03\/09\/autobiografia-autorizada-com-paulo-betti-na-casa-das-artes\/#primaryimage"},"thumbnailUrl":"https:\/\/www.altominho.tv\/site\/wp-content\/uploads\/2020\/03\/pb.jpg","datePublished":"2020-03-09T09:35:59+00:00","dateModified":"2020-03-09T09:36:06+00:00","author":{"@id":"https:\/\/www.altominho.tv\/site\/#\/schema\/person\/a0e4ef6d041f98ca284393d8f1d97153"},"breadcrumb":{"@id":"https:\/\/www.altominho.tv\/site\/2020\/03\/09\/autobiografia-autorizada-com-paulo-betti-na-casa-das-artes\/#breadcrumb"},"inLanguage":"pt-PT","potentialAction":[{"@type":"ReadAction","target":["https:\/\/www.altominho.tv\/site\/2020\/03\/09\/autobiografia-autorizada-com-paulo-betti-na-casa-das-artes\/"]}]},{"@type":"ImageObject","inLanguage":"pt-PT","@id":"https:\/\/www.altominho.tv\/site\/2020\/03\/09\/autobiografia-autorizada-com-paulo-betti-na-casa-das-artes\/#primaryimage","url":"https:\/\/www.altominho.tv\/site\/wp-content\/uploads\/2020\/03\/pb.jpg","contentUrl":"https:\/\/www.altominho.tv\/site\/wp-content\/uploads\/2020\/03\/pb.jpg","width":850,"height":442},{"@type":"BreadcrumbList","@id":"https:\/\/www.altominho.tv\/site\/2020\/03\/09\/autobiografia-autorizada-com-paulo-betti-na-casa-das-artes\/#breadcrumb","itemListElement":[{"@type":"ListItem","position":1,"name":"In\u00edcio","item":"https:\/\/www.altominho.tv\/site\/"},{"@type":"ListItem","position":2,"name":"&#8220;Autobiografia Autorizada&#8221; com Paulo Betti na Casa das Artes"}]},{"@type":"WebSite","@id":"https:\/\/www.altominho.tv\/site\/#website","url":"https:\/\/www.altominho.tv\/site\/","name":"Altominho.tv","description":"A sua regi\u00e3o \u00e0 dist\u00e2ncia de um clique...","potentialAction":[{"@type":"SearchAction","target":{"@type":"EntryPoint","urlTemplate":"https:\/\/www.altominho.tv\/site\/?s={search_term_string}"},"query-input":{"@type":"PropertyValueSpecification","valueRequired":true,"valueName":"search_term_string"}}],"inLanguage":"pt-PT"},{"@type":"Person","@id":"https:\/\/www.altominho.tv\/site\/#\/schema\/person\/a0e4ef6d041f98ca284393d8f1d97153","name":"Andreia Cunha","image":{"@type":"ImageObject","inLanguage":"pt-PT","@id":"https:\/\/www.altominho.tv\/site\/wp-content\/uploads\/2017\/11\/Andreia_Cunha-1-150x150.jpg","url":"https:\/\/www.altominho.tv\/site\/wp-content\/uploads\/2017\/11\/Andreia_Cunha-1-150x150.jpg","contentUrl":"https:\/\/www.altominho.tv\/site\/wp-content\/uploads\/2017\/11\/Andreia_Cunha-1-150x150.jpg","caption":"Andreia Cunha"},"url":"https:\/\/www.altominho.tv\/site\/author\/andreiacunha\/"}]}},"_links":{"self":[{"href":"https:\/\/www.altominho.tv\/site\/wp-json\/wp\/v2\/posts\/41224","targetHints":{"allow":["GET"]}}],"collection":[{"href":"https:\/\/www.altominho.tv\/site\/wp-json\/wp\/v2\/posts"}],"about":[{"href":"https:\/\/www.altominho.tv\/site\/wp-json\/wp\/v2\/types\/post"}],"author":[{"embeddable":true,"href":"https:\/\/www.altominho.tv\/site\/wp-json\/wp\/v2\/users\/7"}],"replies":[{"embeddable":true,"href":"https:\/\/www.altominho.tv\/site\/wp-json\/wp\/v2\/comments?post=41224"}],"version-history":[{"count":0,"href":"https:\/\/www.altominho.tv\/site\/wp-json\/wp\/v2\/posts\/41224\/revisions"}],"wp:featuredmedia":[{"embeddable":true,"href":"https:\/\/www.altominho.tv\/site\/wp-json\/wp\/v2\/media\/41225"}],"wp:attachment":[{"href":"https:\/\/www.altominho.tv\/site\/wp-json\/wp\/v2\/media?parent=41224"}],"wp:term":[{"taxonomy":"category","embeddable":true,"href":"https:\/\/www.altominho.tv\/site\/wp-json\/wp\/v2\/categories?post=41224"},{"taxonomy":"post_tag","embeddable":true,"href":"https:\/\/www.altominho.tv\/site\/wp-json\/wp\/v2\/tags?post=41224"}],"curies":[{"name":"wp","href":"https:\/\/api.w.org\/{rel}","templated":true}]}}