{"id":40579,"date":"2020-02-20T17:06:48","date_gmt":"2020-02-20T17:06:48","guid":{"rendered":"http:\/\/www.altominho.tv\/site\/?p=40579"},"modified":"2020-02-20T17:10:26","modified_gmt":"2020-02-20T17:10:26","slug":"divulgado-programa-da-quarta-edicao-da-feira-da-foda","status":"publish","type":"post","link":"https:\/\/www.altominho.tv\/site\/2020\/02\/20\/divulgado-programa-da-quarta-edicao-da-feira-da-foda\/","title":{"rendered":"Divulgado programa da quarta edi\u00e7\u00e3o da Feira da Foda"},"content":{"rendered":"<p><strong>A freguesia de Pias, em Mon\u00e7\u00e3o, vai acolher, entre 20 e 22 de mar\u00e7o, mais uma edi\u00e7\u00e3o da Feira da Foda. O programa do evento foi anunciado esta quinta-feira.<\/strong><\/p>\n<p>Al\u00e9m da degusta\u00e7\u00e3o do Cordeiro \u00e0 Moda de Mon\u00e7\u00e3o, uma das 7 Maravilhas da gastronomia nacional, o certame apresenta uma vasta programa\u00e7\u00e3o musical, com atua\u00e7\u00f5es de mais de 30 grupos. <em>UHF<\/em>, <em>Sons do Minho<\/em> e <em>Thema Solus<\/em> s\u00e3o alguns dos nomes que v\u00e3o marcar presen\u00e7a na Feira da Foda.<\/p>\n<p>Segundo a organiza\u00e7\u00e3o, s\u00e3o <a href=\"https:\/\/www.altominho.tv\/site\/2020\/02\/14\/esperadas-40-mil-pessoas-em-tres-dias-da-feira-da-foda\/\">esperadas 40 mil pessoas<\/a> durante os tr\u00eas dias da quarta edi\u00e7\u00e3o. &#8220;J\u00e1 temos 10 autocarros confirmados e mais de 1.200 reservas online&#8221;, revelou um dos respons\u00e1veis pela organiza\u00e7\u00e3o, Agostinho Correia, acrescentando que a procura tamb\u00e9m \u00e9 sentida no n\u00famero de expositores.<\/p>\n<p>Mais de 50 expositores v\u00e3o estar divididos entre o interior e o exterior da tenda do evento que, este ano, &#8220;est\u00e1 preparada para acolher mais visitantes do que na edi\u00e7\u00e3o anterior&#8221;.<\/p>\n<p>No total, ser\u00e3o 3.500 metros quadrados de tenda com 1.500 lugares sentados e 32 mesas redondas decoradas com motivos alusivos \u00e0 feira. Agostinho Correia j\u00e1 tinha adiantado que a edi\u00e7\u00e3o 2020 ter\u00e1 uma &#8220;organiza\u00e7\u00e3o totalmente diferente, mais r\u00e1pida e eficaz&#8221;, com quatro servi\u00e7os de refei\u00e7\u00f5es e atendimento priorit\u00e1rio aos visitantes que fizerem reservas <em>online.<\/em><\/p>\n<p>\u201cEsperamos corresponder \u00e0s expetativas das pessoas e que a\u00a0<a href=\"https:\/\/www.altominho.tv\/site\/2020\/02\/03\/feira-da-foda-regressa-de-20-a-22-de-marco\/\">pr\u00f3xima edi\u00e7\u00e3o<\/a> seja um \u00eaxito ainda maior do que a anterior\u201d, sublinhou.<\/p>\n<p>A abertura da Feira da Foda est\u00e1 prevista para as 12h30, do dia 20 de mar\u00e7o.<\/p>\n<p><img loading=\"lazy\" decoding=\"async\" class=\"alignnone size-full wp-image-40581\" src=\"http:\/\/www.altominho.tv\/site\/wp-content\/uploads\/2020\/02\/Programa-Feira-da-Foda.png\" alt=\"\" width=\"732\" height=\"366\" srcset=\"https:\/\/www.altominho.tv\/site\/wp-content\/uploads\/2020\/02\/Programa-Feira-da-Foda.png 732w, https:\/\/www.altominho.tv\/site\/wp-content\/uploads\/2020\/02\/Programa-Feira-da-Foda-370x185.png 370w, https:\/\/www.altominho.tv\/site\/wp-content\/uploads\/2020\/02\/Programa-Feira-da-Foda-270x135.png 270w, https:\/\/www.altominho.tv\/site\/wp-content\/uploads\/2020\/02\/Programa-Feira-da-Foda-570x285.png 570w\" sizes=\"auto, (max-width: 732px) 100vw, 732px\" \/><\/p>\n<p>A iniciativa \u00e9 organizada pela Confraria da Foda e Junta de Freguesia de Pias, com o apoio da C\u00e2mara Municipal de Mon\u00e7\u00e3o.<\/p>\n","protected":false},"excerpt":{"rendered":"<p>A freguesia de Pias, em Mon\u00e7\u00e3o, vai acolher, entre 20 e 22 de mar\u00e7o, mais uma edi\u00e7\u00e3o da Feira da Foda. O programa do evento foi anunciado esta quinta-feira. Al\u00e9m da degusta\u00e7\u00e3o do Cordeiro \u00e0 Moda de Mon\u00e7\u00e3o, uma das 7 Maravilhas da gastronomia nacional, o certame apresenta uma vasta programa\u00e7\u00e3o musical, com atua\u00e7\u00f5es de [&hellip;]<\/p>\n","protected":false},"author":12,"featured_media":40385,"comment_status":"closed","ping_status":"closed","sticky":false,"template":"","format":"standard","meta":{"_exactmetrics_skip_tracking":false,"footnotes":""},"categories":[9],"tags":[81],"class_list":["post-40579","post","type-post","status-publish","format-standard","has-post-thumbnail","hentry","category-moncao","tag-gastronomia"],"yoast_head":"<!-- This site is optimized with the Yoast SEO Premium plugin v28.3 (Yoast SEO v28.3) - https:\/\/yoast.com\/product\/yoast-seo-premium-wordpress\/ -->\n<title>Divulgado programa da quarta edi\u00e7\u00e3o da Feira da Foda<\/title>\n<meta name=\"robots\" content=\"index, follow, max-snippet:-1, max-image-preview:large, max-video-preview:-1\" \/>\n<link rel=\"canonical\" href=\"https:\/\/www.altominho.tv\/site\/2020\/02\/20\/divulgado-programa-da-quarta-edicao-da-feira-da-foda\/\" \/>\n<meta property=\"og:locale\" content=\"pt_PT\" \/>\n<meta property=\"og:type\" content=\"article\" \/>\n<meta property=\"og:title\" content=\"Divulgado programa da quarta edi\u00e7\u00e3o da Feira da Foda\" \/>\n<meta property=\"og:description\" content=\"A freguesia de Pias, em Mon\u00e7\u00e3o, vai acolher, entre 20 e 22 de mar\u00e7o, mais uma edi\u00e7\u00e3o da Feira da Foda. O programa do evento foi anunciado esta quinta-feira. Al\u00e9m da degusta\u00e7\u00e3o do Cordeiro \u00e0 Moda de Mon\u00e7\u00e3o, uma das 7 Maravilhas da gastronomia nacional, o certame apresenta uma vasta programa\u00e7\u00e3o musical, com atua\u00e7\u00f5es de [&hellip;]\" \/>\n<meta property=\"og:url\" content=\"https:\/\/www.altominho.tv\/site\/2020\/02\/20\/divulgado-programa-da-quarta-edicao-da-feira-da-foda\/\" \/>\n<meta property=\"og:site_name\" content=\"Altominho.tv\" \/>\n<meta property=\"article:publisher\" content=\"https:\/\/www.facebook.com\/altominhotv\" \/>\n<meta property=\"article:published_time\" content=\"2020-02-20T17:06:48+00:00\" \/>\n<meta property=\"article:modified_time\" content=\"2020-02-20T17:10:26+00:00\" \/>\n<meta property=\"og:image\" content=\"https:\/\/www.altominho.tv\/site\/wp-content\/uploads\/2020\/02\/Feira-da-Foda-X.jpg\" \/>\n\t<meta property=\"og:image:width\" content=\"2500\" \/>\n\t<meta property=\"og:image:height\" content=\"1375\" \/>\n\t<meta property=\"og:image:type\" content=\"image\/jpeg\" \/>\n<meta name=\"author\" content=\"Andreia Ferreira\" \/>\n<meta name=\"twitter:card\" content=\"summary_large_image\" \/>\n<meta name=\"twitter:creator\" content=\"@altominhoTV\" \/>\n<meta name=\"twitter:site\" content=\"@altominhoTV\" \/>\n<meta name=\"twitter:label1\" content=\"Escrito por\" \/>\n\t<meta name=\"twitter:data1\" content=\"Andreia Ferreira\" \/>\n\t<meta name=\"twitter:label2\" content=\"Tempo estimado de leitura\" \/>\n\t<meta name=\"twitter:data2\" content=\"1 minuto\" \/>\n<script type=\"application\/ld+json\" class=\"yoast-schema-graph\">{\"@context\":\"https:\\\/\\\/schema.org\",\"@graph\":[{\"@type\":\"Article\",\"@id\":\"https:\\\/\\\/www.altominho.tv\\\/site\\\/2020\\\/02\\\/20\\\/divulgado-programa-da-quarta-edicao-da-feira-da-foda\\\/#article\",\"isPartOf\":{\"@id\":\"https:\\\/\\\/www.altominho.tv\\\/site\\\/2020\\\/02\\\/20\\\/divulgado-programa-da-quarta-edicao-da-feira-da-foda\\\/\"},\"author\":{\"name\":\"Andreia Ferreira\",\"@id\":\"https:\\\/\\\/www.altominho.tv\\\/site\\\/#\\\/schema\\\/person\\\/d9be4265364723f14ea8e0d56a1d38cd\"},\"headline\":\"Divulgado programa da quarta edi\u00e7\u00e3o da Feira da Foda\",\"datePublished\":\"2020-02-20T17:06:48+00:00\",\"dateModified\":\"2020-02-20T17:10:26+00:00\",\"mainEntityOfPage\":{\"@id\":\"https:\\\/\\\/www.altominho.tv\\\/site\\\/2020\\\/02\\\/20\\\/divulgado-programa-da-quarta-edicao-da-feira-da-foda\\\/\"},\"wordCount\":293,\"image\":{\"@id\":\"https:\\\/\\\/www.altominho.tv\\\/site\\\/2020\\\/02\\\/20\\\/divulgado-programa-da-quarta-edicao-da-feira-da-foda\\\/#primaryimage\"},\"thumbnailUrl\":\"https:\\\/\\\/www.altominho.tv\\\/site\\\/wp-content\\\/uploads\\\/2020\\\/02\\\/Feira-da-Foda-X.jpg\",\"keywords\":[\"Gastronomia\"],\"articleSection\":[\"Mon\u00e7\u00e3o\"],\"inLanguage\":\"pt-PT\",\"copyrightYear\":\"2020\",\"copyrightHolder\":{\"@id\":\"https:\\\/\\\/www.altominho.tv\\\/site\\\/#organization\"}},{\"@type\":\"WebPage\",\"@id\":\"https:\\\/\\\/www.altominho.tv\\\/site\\\/2020\\\/02\\\/20\\\/divulgado-programa-da-quarta-edicao-da-feira-da-foda\\\/\",\"url\":\"https:\\\/\\\/www.altominho.tv\\\/site\\\/2020\\\/02\\\/20\\\/divulgado-programa-da-quarta-edicao-da-feira-da-foda\\\/\",\"name\":\"Divulgado programa da quarta edi\u00e7\u00e3o da Feira da Foda\",\"isPartOf\":{\"@id\":\"https:\\\/\\\/www.altominho.tv\\\/site\\\/#website\"},\"primaryImageOfPage\":{\"@id\":\"https:\\\/\\\/www.altominho.tv\\\/site\\\/2020\\\/02\\\/20\\\/divulgado-programa-da-quarta-edicao-da-feira-da-foda\\\/#primaryimage\"},\"image\":{\"@id\":\"https:\\\/\\\/www.altominho.tv\\\/site\\\/2020\\\/02\\\/20\\\/divulgado-programa-da-quarta-edicao-da-feira-da-foda\\\/#primaryimage\"},\"thumbnailUrl\":\"https:\\\/\\\/www.altominho.tv\\\/site\\\/wp-content\\\/uploads\\\/2020\\\/02\\\/Feira-da-Foda-X.jpg\",\"datePublished\":\"2020-02-20T17:06:48+00:00\",\"dateModified\":\"2020-02-20T17:10:26+00:00\",\"author\":{\"@id\":\"https:\\\/\\\/www.altominho.tv\\\/site\\\/#\\\/schema\\\/person\\\/d9be4265364723f14ea8e0d56a1d38cd\"},\"breadcrumb\":{\"@id\":\"https:\\\/\\\/www.altominho.tv\\\/site\\\/2020\\\/02\\\/20\\\/divulgado-programa-da-quarta-edicao-da-feira-da-foda\\\/#breadcrumb\"},\"inLanguage\":\"pt-PT\",\"potentialAction\":[{\"@type\":\"ReadAction\",\"target\":[\"https:\\\/\\\/www.altominho.tv\\\/site\\\/2020\\\/02\\\/20\\\/divulgado-programa-da-quarta-edicao-da-feira-da-foda\\\/\"]}]},{\"@type\":\"ImageObject\",\"inLanguage\":\"pt-PT\",\"@id\":\"https:\\\/\\\/www.altominho.tv\\\/site\\\/2020\\\/02\\\/20\\\/divulgado-programa-da-quarta-edicao-da-feira-da-foda\\\/#primaryimage\",\"url\":\"https:\\\/\\\/www.altominho.tv\\\/site\\\/wp-content\\\/uploads\\\/2020\\\/02\\\/Feira-da-Foda-X.jpg\",\"contentUrl\":\"https:\\\/\\\/www.altominho.tv\\\/site\\\/wp-content\\\/uploads\\\/2020\\\/02\\\/Feira-da-Foda-X.jpg\",\"width\":2500,\"height\":1375,\"caption\":\"DR\"},{\"@type\":\"BreadcrumbList\",\"@id\":\"https:\\\/\\\/www.altominho.tv\\\/site\\\/2020\\\/02\\\/20\\\/divulgado-programa-da-quarta-edicao-da-feira-da-foda\\\/#breadcrumb\",\"itemListElement\":[{\"@type\":\"ListItem\",\"position\":1,\"name\":\"In\u00edcio\",\"item\":\"https:\\\/\\\/www.altominho.tv\\\/site\\\/\"},{\"@type\":\"ListItem\",\"position\":2,\"name\":\"Divulgado programa da quarta edi\u00e7\u00e3o da Feira da Foda\"}]},{\"@type\":\"WebSite\",\"@id\":\"https:\\\/\\\/www.altominho.tv\\\/site\\\/#website\",\"url\":\"https:\\\/\\\/www.altominho.tv\\\/site\\\/\",\"name\":\"Altominho.tv\",\"description\":\"A sua regi\u00e3o \u00e0 dist\u00e2ncia de um clique...\",\"potentialAction\":[{\"@type\":\"SearchAction\",\"target\":{\"@type\":\"EntryPoint\",\"urlTemplate\":\"https:\\\/\\\/www.altominho.tv\\\/site\\\/?s={search_term_string}\"},\"query-input\":{\"@type\":\"PropertyValueSpecification\",\"valueRequired\":true,\"valueName\":\"search_term_string\"}}],\"inLanguage\":\"pt-PT\"},{\"@type\":\"Person\",\"@id\":\"https:\\\/\\\/www.altominho.tv\\\/site\\\/#\\\/schema\\\/person\\\/d9be4265364723f14ea8e0d56a1d38cd\",\"name\":\"Andreia Ferreira\",\"image\":{\"@type\":\"ImageObject\",\"inLanguage\":\"pt-PT\",\"@id\":\"https:\\\/\\\/www.altominho.tv\\\/site\\\/wp-content\\\/uploads\\\/2021\\\/01\\\/AndreiaFerreira-150x150.jpg\",\"url\":\"https:\\\/\\\/www.altominho.tv\\\/site\\\/wp-content\\\/uploads\\\/2021\\\/01\\\/AndreiaFerreira-150x150.jpg\",\"contentUrl\":\"https:\\\/\\\/www.altominho.tv\\\/site\\\/wp-content\\\/uploads\\\/2021\\\/01\\\/AndreiaFerreira-150x150.jpg\",\"caption\":\"Andreia Ferreira\"},\"url\":\"https:\\\/\\\/www.altominho.tv\\\/site\\\/author\\\/andreiaferreira\\\/\"}]}<\/script>\n<!-- \/ Yoast SEO Premium plugin. -->","yoast_head_json":{"title":"Divulgado programa da quarta edi\u00e7\u00e3o da Feira da Foda","robots":{"index":"index","follow":"follow","max-snippet":"max-snippet:-1","max-image-preview":"max-image-preview:large","max-video-preview":"max-video-preview:-1"},"canonical":"https:\/\/www.altominho.tv\/site\/2020\/02\/20\/divulgado-programa-da-quarta-edicao-da-feira-da-foda\/","og_locale":"pt_PT","og_type":"article","og_title":"Divulgado programa da quarta edi\u00e7\u00e3o da Feira da Foda","og_description":"A freguesia de Pias, em Mon\u00e7\u00e3o, vai acolher, entre 20 e 22 de mar\u00e7o, mais uma edi\u00e7\u00e3o da Feira da Foda. O programa do evento foi anunciado esta quinta-feira. Al\u00e9m da degusta\u00e7\u00e3o do Cordeiro \u00e0 Moda de Mon\u00e7\u00e3o, uma das 7 Maravilhas da gastronomia nacional, o certame apresenta uma vasta programa\u00e7\u00e3o musical, com atua\u00e7\u00f5es de [&hellip;]","og_url":"https:\/\/www.altominho.tv\/site\/2020\/02\/20\/divulgado-programa-da-quarta-edicao-da-feira-da-foda\/","og_site_name":"Altominho.tv","article_publisher":"https:\/\/www.facebook.com\/altominhotv","article_published_time":"2020-02-20T17:06:48+00:00","article_modified_time":"2020-02-20T17:10:26+00:00","og_image":[{"width":2500,"height":1375,"url":"https:\/\/www.altominho.tv\/site\/wp-content\/uploads\/2020\/02\/Feira-da-Foda-X.jpg","type":"image\/jpeg"}],"author":"Andreia Ferreira","twitter_card":"summary_large_image","twitter_creator":"@altominhoTV","twitter_site":"@altominhoTV","twitter_misc":{"Escrito por":"Andreia Ferreira","Tempo estimado de leitura":"1 minuto"},"schema":{"@context":"https:\/\/schema.org","@graph":[{"@type":"Article","@id":"https:\/\/www.altominho.tv\/site\/2020\/02\/20\/divulgado-programa-da-quarta-edicao-da-feira-da-foda\/#article","isPartOf":{"@id":"https:\/\/www.altominho.tv\/site\/2020\/02\/20\/divulgado-programa-da-quarta-edicao-da-feira-da-foda\/"},"author":{"name":"Andreia Ferreira","@id":"https:\/\/www.altominho.tv\/site\/#\/schema\/person\/d9be4265364723f14ea8e0d56a1d38cd"},"headline":"Divulgado programa da quarta edi\u00e7\u00e3o da Feira da Foda","datePublished":"2020-02-20T17:06:48+00:00","dateModified":"2020-02-20T17:10:26+00:00","mainEntityOfPage":{"@id":"https:\/\/www.altominho.tv\/site\/2020\/02\/20\/divulgado-programa-da-quarta-edicao-da-feira-da-foda\/"},"wordCount":293,"image":{"@id":"https:\/\/www.altominho.tv\/site\/2020\/02\/20\/divulgado-programa-da-quarta-edicao-da-feira-da-foda\/#primaryimage"},"thumbnailUrl":"https:\/\/www.altominho.tv\/site\/wp-content\/uploads\/2020\/02\/Feira-da-Foda-X.jpg","keywords":["Gastronomia"],"articleSection":["Mon\u00e7\u00e3o"],"inLanguage":"pt-PT","copyrightYear":"2020","copyrightHolder":{"@id":"https:\/\/www.altominho.tv\/site\/#organization"}},{"@type":"WebPage","@id":"https:\/\/www.altominho.tv\/site\/2020\/02\/20\/divulgado-programa-da-quarta-edicao-da-feira-da-foda\/","url":"https:\/\/www.altominho.tv\/site\/2020\/02\/20\/divulgado-programa-da-quarta-edicao-da-feira-da-foda\/","name":"Divulgado programa da quarta edi\u00e7\u00e3o da Feira da Foda","isPartOf":{"@id":"https:\/\/www.altominho.tv\/site\/#website"},"primaryImageOfPage":{"@id":"https:\/\/www.altominho.tv\/site\/2020\/02\/20\/divulgado-programa-da-quarta-edicao-da-feira-da-foda\/#primaryimage"},"image":{"@id":"https:\/\/www.altominho.tv\/site\/2020\/02\/20\/divulgado-programa-da-quarta-edicao-da-feira-da-foda\/#primaryimage"},"thumbnailUrl":"https:\/\/www.altominho.tv\/site\/wp-content\/uploads\/2020\/02\/Feira-da-Foda-X.jpg","datePublished":"2020-02-20T17:06:48+00:00","dateModified":"2020-02-20T17:10:26+00:00","author":{"@id":"https:\/\/www.altominho.tv\/site\/#\/schema\/person\/d9be4265364723f14ea8e0d56a1d38cd"},"breadcrumb":{"@id":"https:\/\/www.altominho.tv\/site\/2020\/02\/20\/divulgado-programa-da-quarta-edicao-da-feira-da-foda\/#breadcrumb"},"inLanguage":"pt-PT","potentialAction":[{"@type":"ReadAction","target":["https:\/\/www.altominho.tv\/site\/2020\/02\/20\/divulgado-programa-da-quarta-edicao-da-feira-da-foda\/"]}]},{"@type":"ImageObject","inLanguage":"pt-PT","@id":"https:\/\/www.altominho.tv\/site\/2020\/02\/20\/divulgado-programa-da-quarta-edicao-da-feira-da-foda\/#primaryimage","url":"https:\/\/www.altominho.tv\/site\/wp-content\/uploads\/2020\/02\/Feira-da-Foda-X.jpg","contentUrl":"https:\/\/www.altominho.tv\/site\/wp-content\/uploads\/2020\/02\/Feira-da-Foda-X.jpg","width":2500,"height":1375,"caption":"DR"},{"@type":"BreadcrumbList","@id":"https:\/\/www.altominho.tv\/site\/2020\/02\/20\/divulgado-programa-da-quarta-edicao-da-feira-da-foda\/#breadcrumb","itemListElement":[{"@type":"ListItem","position":1,"name":"In\u00edcio","item":"https:\/\/www.altominho.tv\/site\/"},{"@type":"ListItem","position":2,"name":"Divulgado programa da quarta edi\u00e7\u00e3o da Feira da Foda"}]},{"@type":"WebSite","@id":"https:\/\/www.altominho.tv\/site\/#website","url":"https:\/\/www.altominho.tv\/site\/","name":"Altominho.tv","description":"A sua regi\u00e3o \u00e0 dist\u00e2ncia de um clique...","potentialAction":[{"@type":"SearchAction","target":{"@type":"EntryPoint","urlTemplate":"https:\/\/www.altominho.tv\/site\/?s={search_term_string}"},"query-input":{"@type":"PropertyValueSpecification","valueRequired":true,"valueName":"search_term_string"}}],"inLanguage":"pt-PT"},{"@type":"Person","@id":"https:\/\/www.altominho.tv\/site\/#\/schema\/person\/d9be4265364723f14ea8e0d56a1d38cd","name":"Andreia Ferreira","image":{"@type":"ImageObject","inLanguage":"pt-PT","@id":"https:\/\/www.altominho.tv\/site\/wp-content\/uploads\/2021\/01\/AndreiaFerreira-150x150.jpg","url":"https:\/\/www.altominho.tv\/site\/wp-content\/uploads\/2021\/01\/AndreiaFerreira-150x150.jpg","contentUrl":"https:\/\/www.altominho.tv\/site\/wp-content\/uploads\/2021\/01\/AndreiaFerreira-150x150.jpg","caption":"Andreia Ferreira"},"url":"https:\/\/www.altominho.tv\/site\/author\/andreiaferreira\/"}]}},"_links":{"self":[{"href":"https:\/\/www.altominho.tv\/site\/wp-json\/wp\/v2\/posts\/40579","targetHints":{"allow":["GET"]}}],"collection":[{"href":"https:\/\/www.altominho.tv\/site\/wp-json\/wp\/v2\/posts"}],"about":[{"href":"https:\/\/www.altominho.tv\/site\/wp-json\/wp\/v2\/types\/post"}],"author":[{"embeddable":true,"href":"https:\/\/www.altominho.tv\/site\/wp-json\/wp\/v2\/users\/12"}],"replies":[{"embeddable":true,"href":"https:\/\/www.altominho.tv\/site\/wp-json\/wp\/v2\/comments?post=40579"}],"version-history":[{"count":0,"href":"https:\/\/www.altominho.tv\/site\/wp-json\/wp\/v2\/posts\/40579\/revisions"}],"wp:featuredmedia":[{"embeddable":true,"href":"https:\/\/www.altominho.tv\/site\/wp-json\/wp\/v2\/media\/40385"}],"wp:attachment":[{"href":"https:\/\/www.altominho.tv\/site\/wp-json\/wp\/v2\/media?parent=40579"}],"wp:term":[{"taxonomy":"category","embeddable":true,"href":"https:\/\/www.altominho.tv\/site\/wp-json\/wp\/v2\/categories?post=40579"},{"taxonomy":"post_tag","embeddable":true,"href":"https:\/\/www.altominho.tv\/site\/wp-json\/wp\/v2\/tags?post=40579"}],"curies":[{"name":"wp","href":"https:\/\/api.w.org\/{rel}","templated":true}]}}