{"id":40347,"date":"2020-02-14T14:35:38","date_gmt":"2020-02-14T14:35:38","guid":{"rendered":"http:\/\/www.altominho.tv\/site\/?p=40347"},"modified":"2020-02-14T14:35:54","modified_gmt":"2020-02-14T14:35:54","slug":"movimento-civico-de-viana-do-castelo-demarca-se-de-peticao-contra-portico-de-neiva-na-a28","status":"publish","type":"post","link":"https:\/\/www.altominho.tv\/site\/2020\/02\/14\/movimento-civico-de-viana-do-castelo-demarca-se-de-peticao-contra-portico-de-neiva-na-a28\/","title":{"rendered":"Movimento c\u00edvico de Viana do Castelo demarca-se de peti\u00e7\u00e3o contra p\u00f3rtico de Neiva na A28"},"content":{"rendered":"<p>Um movimento c\u00edvico de Viana do Castelo demarcou-se esta sexta-feira da peti\u00e7\u00e3o pela elimina\u00e7\u00e3o do p\u00f3rtico de Neiva da Autoestrada 28 (A28) por propor a compensa\u00e7\u00e3o da perda daquela receita com o aumento da portagem em Vila do Conde.<\/p>\n<p>Em causa est\u00e1 a <a href=\"http:\/\/www.altominho.tv\/site\/2020\/02\/07\/peticao-pela-eliminacao-de-portico-na-a28-discutida-no-parlamento-dois-anos-depois\/\">peti\u00e7\u00e3o<\/a> da Confedera\u00e7\u00e3o Empresarial do Alto Minho (CEVAL), estrutura que representa cerca de 5.000 empresas do distrito de Viana do Castelo, que reclama a elimina\u00e7\u00e3o do p\u00f3rtico de Neiva da Autoestrada 28 (A28).<\/p>\n<p>O documento, com mais de sete mil assinaturas e entregue em 2017 no parlamento, foi discutido em plen\u00e1rio na quinta-feira.<\/p>\n<p>O p\u00f3rtico de Neiva da A28, antiga SCUT (Sem Custos para o Utilizador) que liga Viana do Castelo ao Porto, est\u00e1 situado \u00e0 entrada de uma zona industrial da capital do Alto Minho e que \u00e9 considerado &#8220;entrave&#8221; \u00e0 atividade empresarial da regi\u00e3o.<\/p>\n<p>O movimento &#8220;Naturalmente N\u00e3o \u00e0s Portagens na A28&#8221; considera &#8220;insensato evocar que a perda de receita provocada pela elimina\u00e7\u00e3o do referido p\u00f3rtico deva ser compensada com o aumento de 0,25 euros na portagem do p\u00f3rtico de Modivas, em Vila do Conde&#8221;, no distrito do Porto.<\/p>\n<p>&#8220;Em circunst\u00e2ncia alguma podemos aceitar uma proposta que quer o melhor para o nosso territ\u00f3rio \u00e0 custa do pior do territ\u00f3rio nosso vizinho. Pois, \u00e9 isso que esta peti\u00e7\u00e3o pede&#8221;, sustenta o movimento c\u00edvico.<\/p>\n<p>Na nota, o movimento garante que continuar\u00e1 a &#8220;associar-se, naturalmente, a todos os esfor\u00e7os que tenham por objetivo a mitiga\u00e7\u00e3o dos danos e custos que os utentes, cidad\u00e3os an\u00f3nimos e empresas t\u00eam suportado injustamente nesta via &#8211; A28, que n\u00e3o tem qualquer via alternativa&#8221;.<\/p>\n<p>&#8220;Continuamos a manifestar-nos contra esta injusti\u00e7a e ataque aos cidad\u00e3os e empresas deste territ\u00f3rio de Viana do Castelo e Alto Minho, apelando, assim, que considerem a reavalia\u00e7\u00e3o do modelo de portagens para introduzir uma maior justi\u00e7a e coes\u00e3o territorial e em particular nesta zona fronteiri\u00e7a com Espanha com uma maior interdepend\u00eancia de atividades, nomeadamente no turismo, evitando a precipita\u00e7\u00e3o para n\u00edveis ainda maiores de desequil\u00edbrios desta regi\u00e3o do Alto Minho&#8221;, refere a nota.<\/p>\n<p>Na ter\u00e7a-feira, em declara\u00e7\u00f5es \u00e0 Lusa, o presidente da CEVAL, Lu\u00eds Ceia, disse que a <a href=\"http:\/\/www.altominho.tv\/site\/2020\/02\/11\/remocao-de-portico-na-a28-garante-equidade-nos-acessos-a-viana-do-castelo-e-porto\/\">elimina\u00e7\u00e3o daquele p\u00f3rtico garantir\u00e1 &#8220;equidade&#8221;<\/a> no acesso aos distritos de Viana do Castelo e do Porto.<\/p>\n<p>&#8220;A elimina\u00e7\u00e3o do p\u00f3rtico reduzir\u00e1 o custo da viagem, em portagens, do itiner\u00e1rio entre Viana do Castelo e o Porto, e vice-versa, em 0,65 euros para ve\u00edculos da Classe 1 e em 1,25 euros para ve\u00edculos da Classe 2, indo at\u00e9 ao encontro da perspetiva do Governo de baixar o custo das portagens nos territ\u00f3rios do interior&#8221;, sustentou.<\/p>\n<p>Lu\u00eds Ceia defendeu ainda, &#8220;sem redu\u00e7\u00e3o de receitas das portagens na liga\u00e7\u00e3o entre Viana do Castelo e o Porto, a corre\u00e7\u00e3o dos valores no p\u00f3rtico de Modivas, em Vila do Conde&#8221;, considerando que a medida &#8220;contribuir\u00e1 para uma maior utiliza\u00e7\u00e3o do metro do Porto&#8221;.<\/p>\n<p>&#8220;Bastar\u00e1 um aumento de 0,25 euros no valor do p\u00f3rtico de Modivas para garantir a perda de receita pela elimina\u00e7\u00e3o do p\u00f3rtico do Neiva, que, atualmente, se traduz numa receita mensal de 350 mil euros&#8221;, referiu, baseando-se nos dados do estudo que acompanha a peti\u00e7\u00e3o da CEVAL.<\/p>\n<p>Segundo Lu\u00eds Ceia, &#8220;se o valor for corrigido conduzir\u00e1 \u00e0 redu\u00e7\u00e3o do n\u00famero de ve\u00edculos nas entradas e sa\u00eddas do Porto, mais um passo para a descarboniza\u00e7\u00e3o da cidade e para a diminui\u00e7\u00e3o do tempo da travessia da cidade para quem viaja do Alto Minho e Galiza para o sul e vice-versa&#8221;.<\/p>\n<p>Uma recomenda\u00e7\u00e3o do Bloco de Esquerda (BE) ao Governo para a aboli\u00e7\u00e3o do pagamento de portagens naquela autoestrada vai ser hoje votada no parlamento. O projeto de resolu\u00e7\u00e3o do BE reclama a &#8220;aboli\u00e7\u00e3o imediata da cobran\u00e7a de taxas de portagem em toda a extens\u00e3o da A28&#8221;.<\/p>\n<p>No dia 02 de fevereiro, onze deputados do PSD, tr\u00eas dos quais eleitos pelo Alto Minho, tamb\u00e9m apresentaram um projeto de resolu\u00e7\u00e3o que recomenda ao Governo a elimina\u00e7\u00e3o do p\u00f3rtico de Neiva.<\/p>\n<p>Em comunicado enviado \u00e0 imprensa, os deputados do Partido Socialista eleitos pelo Alto Minho afirmaram, esta quinta-feira, que a &#8220;atual localiza\u00e7\u00e3o do p\u00f3rtico de Neiva&#8221; \u00e9 um &#8220;entrave&#8221; para o desenvolvimento da regi\u00e3o.<\/p>\n<p>Os socialistas consideram que &#8220;uma pol\u00edtica de redu\u00e7\u00e3o dos valores das taxas de portagens, nomeadamente com a uniformiza\u00e7\u00e3o dos descontos j\u00e1 existentes para todas as classes de ve\u00edculos e para os utilizadores mais frequentes&#8221;, permitir\u00e1 &#8220;uma maior coes\u00e3o territorial e permitir\u00e1 debelar, em parte, os efeitos nefastos da coloca\u00e7\u00e3o do p\u00f3rtico de Neiva na A28&#8221;.<\/p>\n<p>Naquela nota, os deputados referem que o Grupo Parlamentar do Partido Socialista &#8220;apresentou uma recomenda\u00e7\u00e3o ao Governo que visa, entre outros pontos, avaliar o modelo das portagens, nomeadamente quanto ao efeito da localiza\u00e7\u00e3o dos p\u00f3rticos nas regi\u00f5es empresariais&#8221;.<\/p>\n<p>&#8220;Trabalharemos com vista \u00e0 redu\u00e7\u00e3o dos encargos com portagens, seja no que respeita \u00e0 localiza\u00e7\u00e3o do p\u00f3rtico, seja no que respeita ao valor de portagens cobradas, sobretudo para quem diariamente utiliza aquela via para a sua vida pessoal e profissional&#8221;, concluem.<\/p>\n","protected":false},"excerpt":{"rendered":"<p>Um movimento c\u00edvico de Viana do Castelo demarcou-se esta sexta-feira da peti\u00e7\u00e3o pela elimina\u00e7\u00e3o do p\u00f3rtico de Neiva da Autoestrada 28 (A28) por propor a compensa\u00e7\u00e3o da perda daquela receita com o aumento da portagem em Vila do Conde. Em causa est\u00e1 a peti\u00e7\u00e3o da Confedera\u00e7\u00e3o Empresarial do Alto Minho (CEVAL), estrutura que representa cerca [&hellip;]<\/p>\n","protected":false},"author":15,"featured_media":40348,"comment_status":"closed","ping_status":"closed","sticky":false,"template":"","format":"standard","meta":{"_exactmetrics_skip_tracking":false,"_exactmetrics_sitenote_active":false,"_exactmetrics_sitenote_note":"","_exactmetrics_sitenote_category":0,"footnotes":""},"categories":[14],"tags":[27],"class_list":["post-40347","post","type-post","status-publish","format-standard","has-post-thumbnail","hentry","category-viana-do-castelo","tag-sociedade"],"yoast_head":"<!-- This site is optimized with the Yoast SEO Premium plugin v27.4 (Yoast SEO v27.4) - https:\/\/yoast.com\/product\/yoast-seo-premium-wordpress\/ -->\n<title>Movimento c\u00edvico de Viana do Castelo demarca-se de peti\u00e7\u00e3o contra p\u00f3rtico de Neiva na A28<\/title>\n<meta name=\"robots\" content=\"index, follow, max-snippet:-1, max-image-preview:large, max-video-preview:-1\" \/>\n<link rel=\"canonical\" href=\"https:\/\/www.altominho.tv\/site\/2020\/02\/14\/movimento-civico-de-viana-do-castelo-demarca-se-de-peticao-contra-portico-de-neiva-na-a28\/\" \/>\n<meta property=\"og:locale\" content=\"pt_PT\" \/>\n<meta property=\"og:type\" content=\"article\" \/>\n<meta property=\"og:title\" content=\"Movimento c\u00edvico de Viana do Castelo demarca-se de peti\u00e7\u00e3o contra p\u00f3rtico de Neiva na A28\" \/>\n<meta property=\"og:description\" content=\"Um movimento c\u00edvico de Viana do Castelo demarcou-se esta sexta-feira da peti\u00e7\u00e3o pela elimina\u00e7\u00e3o do p\u00f3rtico de Neiva da Autoestrada 28 (A28) por propor a compensa\u00e7\u00e3o da perda daquela receita com o aumento da portagem em Vila do Conde. Em causa est\u00e1 a peti\u00e7\u00e3o da Confedera\u00e7\u00e3o Empresarial do Alto Minho (CEVAL), estrutura que representa cerca [&hellip;]\" \/>\n<meta property=\"og:url\" content=\"https:\/\/www.altominho.tv\/site\/2020\/02\/14\/movimento-civico-de-viana-do-castelo-demarca-se-de-peticao-contra-portico-de-neiva-na-a28\/\" \/>\n<meta property=\"og:site_name\" content=\"Altominho.tv\" \/>\n<meta property=\"article:publisher\" content=\"https:\/\/www.facebook.com\/altominhotv\" \/>\n<meta property=\"article:published_time\" content=\"2020-02-14T14:35:38+00:00\" \/>\n<meta property=\"article:modified_time\" content=\"2020-02-14T14:35:54+00:00\" \/>\n<meta property=\"og:image\" content=\"https:\/\/www.altominho.tv\/site\/wp-content\/uploads\/2020\/02\/a28.jpg\" \/>\n\t<meta property=\"og:image:width\" content=\"650\" \/>\n\t<meta property=\"og:image:height\" content=\"250\" \/>\n\t<meta property=\"og:image:type\" content=\"image\/jpeg\" \/>\n<meta name=\"author\" content=\"Andreia Ferreira | Lusa\" \/>\n<meta name=\"twitter:card\" content=\"summary_large_image\" \/>\n<meta name=\"twitter:creator\" content=\"@altominhoTV\" \/>\n<meta name=\"twitter:site\" content=\"@altominhoTV\" \/>\n<meta name=\"twitter:label1\" content=\"Escrito por\" \/>\n\t<meta name=\"twitter:data1\" content=\"Andreia Ferreira | Lusa\" \/>\n\t<meta name=\"twitter:label2\" content=\"Tempo estimado de leitura\" \/>\n\t<meta name=\"twitter:data2\" content=\"4 minutos\" \/>\n<script type=\"application\/ld+json\" class=\"yoast-schema-graph\">{\"@context\":\"https:\\\/\\\/schema.org\",\"@graph\":[{\"@type\":\"Article\",\"@id\":\"https:\\\/\\\/www.altominho.tv\\\/site\\\/2020\\\/02\\\/14\\\/movimento-civico-de-viana-do-castelo-demarca-se-de-peticao-contra-portico-de-neiva-na-a28\\\/#article\",\"isPartOf\":{\"@id\":\"https:\\\/\\\/www.altominho.tv\\\/site\\\/2020\\\/02\\\/14\\\/movimento-civico-de-viana-do-castelo-demarca-se-de-peticao-contra-portico-de-neiva-na-a28\\\/\"},\"author\":{\"name\":\"Andreia Ferreira | Lusa\",\"@id\":\"https:\\\/\\\/www.altominho.tv\\\/site\\\/#\\\/schema\\\/person\\\/a0bff6dc1041aadd46fa81887444b017\"},\"headline\":\"Movimento c\u00edvico de Viana do Castelo demarca-se de peti\u00e7\u00e3o contra p\u00f3rtico de Neiva na A28\",\"datePublished\":\"2020-02-14T14:35:38+00:00\",\"dateModified\":\"2020-02-14T14:35:54+00:00\",\"mainEntityOfPage\":{\"@id\":\"https:\\\/\\\/www.altominho.tv\\\/site\\\/2020\\\/02\\\/14\\\/movimento-civico-de-viana-do-castelo-demarca-se-de-peticao-contra-portico-de-neiva-na-a28\\\/\"},\"wordCount\":902,\"image\":{\"@id\":\"https:\\\/\\\/www.altominho.tv\\\/site\\\/2020\\\/02\\\/14\\\/movimento-civico-de-viana-do-castelo-demarca-se-de-peticao-contra-portico-de-neiva-na-a28\\\/#primaryimage\"},\"thumbnailUrl\":\"https:\\\/\\\/www.altominho.tv\\\/site\\\/wp-content\\\/uploads\\\/2020\\\/02\\\/a28.jpg\",\"keywords\":[\"Sociedade\"],\"articleSection\":[\"Viana do Castelo\"],\"inLanguage\":\"pt-PT\",\"copyrightYear\":\"2020\",\"copyrightHolder\":{\"@id\":\"https:\\\/\\\/www.altominho.tv\\\/site\\\/#organization\"}},{\"@type\":\"WebPage\",\"@id\":\"https:\\\/\\\/www.altominho.tv\\\/site\\\/2020\\\/02\\\/14\\\/movimento-civico-de-viana-do-castelo-demarca-se-de-peticao-contra-portico-de-neiva-na-a28\\\/\",\"url\":\"https:\\\/\\\/www.altominho.tv\\\/site\\\/2020\\\/02\\\/14\\\/movimento-civico-de-viana-do-castelo-demarca-se-de-peticao-contra-portico-de-neiva-na-a28\\\/\",\"name\":\"Movimento c\u00edvico de Viana do Castelo demarca-se de peti\u00e7\u00e3o contra p\u00f3rtico de Neiva na A28\",\"isPartOf\":{\"@id\":\"https:\\\/\\\/www.altominho.tv\\\/site\\\/#website\"},\"primaryImageOfPage\":{\"@id\":\"https:\\\/\\\/www.altominho.tv\\\/site\\\/2020\\\/02\\\/14\\\/movimento-civico-de-viana-do-castelo-demarca-se-de-peticao-contra-portico-de-neiva-na-a28\\\/#primaryimage\"},\"image\":{\"@id\":\"https:\\\/\\\/www.altominho.tv\\\/site\\\/2020\\\/02\\\/14\\\/movimento-civico-de-viana-do-castelo-demarca-se-de-peticao-contra-portico-de-neiva-na-a28\\\/#primaryimage\"},\"thumbnailUrl\":\"https:\\\/\\\/www.altominho.tv\\\/site\\\/wp-content\\\/uploads\\\/2020\\\/02\\\/a28.jpg\",\"datePublished\":\"2020-02-14T14:35:38+00:00\",\"dateModified\":\"2020-02-14T14:35:54+00:00\",\"author\":{\"@id\":\"https:\\\/\\\/www.altominho.tv\\\/site\\\/#\\\/schema\\\/person\\\/a0bff6dc1041aadd46fa81887444b017\"},\"breadcrumb\":{\"@id\":\"https:\\\/\\\/www.altominho.tv\\\/site\\\/2020\\\/02\\\/14\\\/movimento-civico-de-viana-do-castelo-demarca-se-de-peticao-contra-portico-de-neiva-na-a28\\\/#breadcrumb\"},\"inLanguage\":\"pt-PT\",\"potentialAction\":[{\"@type\":\"ReadAction\",\"target\":[\"https:\\\/\\\/www.altominho.tv\\\/site\\\/2020\\\/02\\\/14\\\/movimento-civico-de-viana-do-castelo-demarca-se-de-peticao-contra-portico-de-neiva-na-a28\\\/\"]}]},{\"@type\":\"ImageObject\",\"inLanguage\":\"pt-PT\",\"@id\":\"https:\\\/\\\/www.altominho.tv\\\/site\\\/2020\\\/02\\\/14\\\/movimento-civico-de-viana-do-castelo-demarca-se-de-peticao-contra-portico-de-neiva-na-a28\\\/#primaryimage\",\"url\":\"https:\\\/\\\/www.altominho.tv\\\/site\\\/wp-content\\\/uploads\\\/2020\\\/02\\\/a28.jpg\",\"contentUrl\":\"https:\\\/\\\/www.altominho.tv\\\/site\\\/wp-content\\\/uploads\\\/2020\\\/02\\\/a28.jpg\",\"width\":650,\"height\":250},{\"@type\":\"BreadcrumbList\",\"@id\":\"https:\\\/\\\/www.altominho.tv\\\/site\\\/2020\\\/02\\\/14\\\/movimento-civico-de-viana-do-castelo-demarca-se-de-peticao-contra-portico-de-neiva-na-a28\\\/#breadcrumb\",\"itemListElement\":[{\"@type\":\"ListItem\",\"position\":1,\"name\":\"In\u00edcio\",\"item\":\"https:\\\/\\\/www.altominho.tv\\\/site\\\/\"},{\"@type\":\"ListItem\",\"position\":2,\"name\":\"Movimento c\u00edvico de Viana do Castelo demarca-se de peti\u00e7\u00e3o contra p\u00f3rtico de Neiva na A28\"}]},{\"@type\":\"WebSite\",\"@id\":\"https:\\\/\\\/www.altominho.tv\\\/site\\\/#website\",\"url\":\"https:\\\/\\\/www.altominho.tv\\\/site\\\/\",\"name\":\"Altominho.tv\",\"description\":\"A sua regi\u00e3o \u00e0 dist\u00e2ncia de um clique...\",\"potentialAction\":[{\"@type\":\"SearchAction\",\"target\":{\"@type\":\"EntryPoint\",\"urlTemplate\":\"https:\\\/\\\/www.altominho.tv\\\/site\\\/?s={search_term_string}\"},\"query-input\":{\"@type\":\"PropertyValueSpecification\",\"valueRequired\":true,\"valueName\":\"search_term_string\"}}],\"inLanguage\":\"pt-PT\"},{\"@type\":\"Person\",\"@id\":\"https:\\\/\\\/www.altominho.tv\\\/site\\\/#\\\/schema\\\/person\\\/a0bff6dc1041aadd46fa81887444b017\",\"name\":\"Andreia Ferreira | Lusa\",\"image\":{\"@type\":\"ImageObject\",\"inLanguage\":\"pt-PT\",\"@id\":\"https:\\\/\\\/www.altominho.tv\\\/site\\\/wp-content\\\/uploads\\\/2018\\\/04\\\/Andreia-150x150.jpg\",\"url\":\"https:\\\/\\\/www.altominho.tv\\\/site\\\/wp-content\\\/uploads\\\/2018\\\/04\\\/Andreia-150x150.jpg\",\"contentUrl\":\"https:\\\/\\\/www.altominho.tv\\\/site\\\/wp-content\\\/uploads\\\/2018\\\/04\\\/Andreia-150x150.jpg\",\"caption\":\"Andreia Ferreira | Lusa\"},\"sameAs\":[\"https:\\\/\\\/www.altominho.tv\\\/site\"],\"url\":\"https:\\\/\\\/www.altominho.tv\\\/site\\\/author\\\/andreiaferreiralusa\\\/\"}]}<\/script>\n<!-- \/ Yoast SEO Premium plugin. -->","yoast_head_json":{"title":"Movimento c\u00edvico de Viana do Castelo demarca-se de peti\u00e7\u00e3o contra p\u00f3rtico de Neiva na A28","robots":{"index":"index","follow":"follow","max-snippet":"max-snippet:-1","max-image-preview":"max-image-preview:large","max-video-preview":"max-video-preview:-1"},"canonical":"https:\/\/www.altominho.tv\/site\/2020\/02\/14\/movimento-civico-de-viana-do-castelo-demarca-se-de-peticao-contra-portico-de-neiva-na-a28\/","og_locale":"pt_PT","og_type":"article","og_title":"Movimento c\u00edvico de Viana do Castelo demarca-se de peti\u00e7\u00e3o contra p\u00f3rtico de Neiva na A28","og_description":"Um movimento c\u00edvico de Viana do Castelo demarcou-se esta sexta-feira da peti\u00e7\u00e3o pela elimina\u00e7\u00e3o do p\u00f3rtico de Neiva da Autoestrada 28 (A28) por propor a compensa\u00e7\u00e3o da perda daquela receita com o aumento da portagem em Vila do Conde. Em causa est\u00e1 a peti\u00e7\u00e3o da Confedera\u00e7\u00e3o Empresarial do Alto Minho (CEVAL), estrutura que representa cerca [&hellip;]","og_url":"https:\/\/www.altominho.tv\/site\/2020\/02\/14\/movimento-civico-de-viana-do-castelo-demarca-se-de-peticao-contra-portico-de-neiva-na-a28\/","og_site_name":"Altominho.tv","article_publisher":"https:\/\/www.facebook.com\/altominhotv","article_published_time":"2020-02-14T14:35:38+00:00","article_modified_time":"2020-02-14T14:35:54+00:00","og_image":[{"width":650,"height":250,"url":"https:\/\/www.altominho.tv\/site\/wp-content\/uploads\/2020\/02\/a28.jpg","type":"image\/jpeg"}],"author":"Andreia Ferreira | Lusa","twitter_card":"summary_large_image","twitter_creator":"@altominhoTV","twitter_site":"@altominhoTV","twitter_misc":{"Escrito por":"Andreia Ferreira | Lusa","Tempo estimado de leitura":"4 minutos"},"schema":{"@context":"https:\/\/schema.org","@graph":[{"@type":"Article","@id":"https:\/\/www.altominho.tv\/site\/2020\/02\/14\/movimento-civico-de-viana-do-castelo-demarca-se-de-peticao-contra-portico-de-neiva-na-a28\/#article","isPartOf":{"@id":"https:\/\/www.altominho.tv\/site\/2020\/02\/14\/movimento-civico-de-viana-do-castelo-demarca-se-de-peticao-contra-portico-de-neiva-na-a28\/"},"author":{"name":"Andreia Ferreira | Lusa","@id":"https:\/\/www.altominho.tv\/site\/#\/schema\/person\/a0bff6dc1041aadd46fa81887444b017"},"headline":"Movimento c\u00edvico de Viana do Castelo demarca-se de peti\u00e7\u00e3o contra p\u00f3rtico de Neiva na A28","datePublished":"2020-02-14T14:35:38+00:00","dateModified":"2020-02-14T14:35:54+00:00","mainEntityOfPage":{"@id":"https:\/\/www.altominho.tv\/site\/2020\/02\/14\/movimento-civico-de-viana-do-castelo-demarca-se-de-peticao-contra-portico-de-neiva-na-a28\/"},"wordCount":902,"image":{"@id":"https:\/\/www.altominho.tv\/site\/2020\/02\/14\/movimento-civico-de-viana-do-castelo-demarca-se-de-peticao-contra-portico-de-neiva-na-a28\/#primaryimage"},"thumbnailUrl":"https:\/\/www.altominho.tv\/site\/wp-content\/uploads\/2020\/02\/a28.jpg","keywords":["Sociedade"],"articleSection":["Viana do Castelo"],"inLanguage":"pt-PT","copyrightYear":"2020","copyrightHolder":{"@id":"https:\/\/www.altominho.tv\/site\/#organization"}},{"@type":"WebPage","@id":"https:\/\/www.altominho.tv\/site\/2020\/02\/14\/movimento-civico-de-viana-do-castelo-demarca-se-de-peticao-contra-portico-de-neiva-na-a28\/","url":"https:\/\/www.altominho.tv\/site\/2020\/02\/14\/movimento-civico-de-viana-do-castelo-demarca-se-de-peticao-contra-portico-de-neiva-na-a28\/","name":"Movimento c\u00edvico de Viana do Castelo demarca-se de peti\u00e7\u00e3o contra p\u00f3rtico de Neiva na A28","isPartOf":{"@id":"https:\/\/www.altominho.tv\/site\/#website"},"primaryImageOfPage":{"@id":"https:\/\/www.altominho.tv\/site\/2020\/02\/14\/movimento-civico-de-viana-do-castelo-demarca-se-de-peticao-contra-portico-de-neiva-na-a28\/#primaryimage"},"image":{"@id":"https:\/\/www.altominho.tv\/site\/2020\/02\/14\/movimento-civico-de-viana-do-castelo-demarca-se-de-peticao-contra-portico-de-neiva-na-a28\/#primaryimage"},"thumbnailUrl":"https:\/\/www.altominho.tv\/site\/wp-content\/uploads\/2020\/02\/a28.jpg","datePublished":"2020-02-14T14:35:38+00:00","dateModified":"2020-02-14T14:35:54+00:00","author":{"@id":"https:\/\/www.altominho.tv\/site\/#\/schema\/person\/a0bff6dc1041aadd46fa81887444b017"},"breadcrumb":{"@id":"https:\/\/www.altominho.tv\/site\/2020\/02\/14\/movimento-civico-de-viana-do-castelo-demarca-se-de-peticao-contra-portico-de-neiva-na-a28\/#breadcrumb"},"inLanguage":"pt-PT","potentialAction":[{"@type":"ReadAction","target":["https:\/\/www.altominho.tv\/site\/2020\/02\/14\/movimento-civico-de-viana-do-castelo-demarca-se-de-peticao-contra-portico-de-neiva-na-a28\/"]}]},{"@type":"ImageObject","inLanguage":"pt-PT","@id":"https:\/\/www.altominho.tv\/site\/2020\/02\/14\/movimento-civico-de-viana-do-castelo-demarca-se-de-peticao-contra-portico-de-neiva-na-a28\/#primaryimage","url":"https:\/\/www.altominho.tv\/site\/wp-content\/uploads\/2020\/02\/a28.jpg","contentUrl":"https:\/\/www.altominho.tv\/site\/wp-content\/uploads\/2020\/02\/a28.jpg","width":650,"height":250},{"@type":"BreadcrumbList","@id":"https:\/\/www.altominho.tv\/site\/2020\/02\/14\/movimento-civico-de-viana-do-castelo-demarca-se-de-peticao-contra-portico-de-neiva-na-a28\/#breadcrumb","itemListElement":[{"@type":"ListItem","position":1,"name":"In\u00edcio","item":"https:\/\/www.altominho.tv\/site\/"},{"@type":"ListItem","position":2,"name":"Movimento c\u00edvico de Viana do Castelo demarca-se de peti\u00e7\u00e3o contra p\u00f3rtico de Neiva na A28"}]},{"@type":"WebSite","@id":"https:\/\/www.altominho.tv\/site\/#website","url":"https:\/\/www.altominho.tv\/site\/","name":"Altominho.tv","description":"A sua regi\u00e3o \u00e0 dist\u00e2ncia de um clique...","potentialAction":[{"@type":"SearchAction","target":{"@type":"EntryPoint","urlTemplate":"https:\/\/www.altominho.tv\/site\/?s={search_term_string}"},"query-input":{"@type":"PropertyValueSpecification","valueRequired":true,"valueName":"search_term_string"}}],"inLanguage":"pt-PT"},{"@type":"Person","@id":"https:\/\/www.altominho.tv\/site\/#\/schema\/person\/a0bff6dc1041aadd46fa81887444b017","name":"Andreia Ferreira | Lusa","image":{"@type":"ImageObject","inLanguage":"pt-PT","@id":"https:\/\/www.altominho.tv\/site\/wp-content\/uploads\/2018\/04\/Andreia-150x150.jpg","url":"https:\/\/www.altominho.tv\/site\/wp-content\/uploads\/2018\/04\/Andreia-150x150.jpg","contentUrl":"https:\/\/www.altominho.tv\/site\/wp-content\/uploads\/2018\/04\/Andreia-150x150.jpg","caption":"Andreia Ferreira | Lusa"},"sameAs":["https:\/\/www.altominho.tv\/site"],"url":"https:\/\/www.altominho.tv\/site\/author\/andreiaferreiralusa\/"}]}},"_links":{"self":[{"href":"https:\/\/www.altominho.tv\/site\/wp-json\/wp\/v2\/posts\/40347","targetHints":{"allow":["GET"]}}],"collection":[{"href":"https:\/\/www.altominho.tv\/site\/wp-json\/wp\/v2\/posts"}],"about":[{"href":"https:\/\/www.altominho.tv\/site\/wp-json\/wp\/v2\/types\/post"}],"author":[{"embeddable":true,"href":"https:\/\/www.altominho.tv\/site\/wp-json\/wp\/v2\/users\/15"}],"replies":[{"embeddable":true,"href":"https:\/\/www.altominho.tv\/site\/wp-json\/wp\/v2\/comments?post=40347"}],"version-history":[{"count":0,"href":"https:\/\/www.altominho.tv\/site\/wp-json\/wp\/v2\/posts\/40347\/revisions"}],"wp:featuredmedia":[{"embeddable":true,"href":"https:\/\/www.altominho.tv\/site\/wp-json\/wp\/v2\/media\/40348"}],"wp:attachment":[{"href":"https:\/\/www.altominho.tv\/site\/wp-json\/wp\/v2\/media?parent=40347"}],"wp:term":[{"taxonomy":"category","embeddable":true,"href":"https:\/\/www.altominho.tv\/site\/wp-json\/wp\/v2\/categories?post=40347"},{"taxonomy":"post_tag","embeddable":true,"href":"https:\/\/www.altominho.tv\/site\/wp-json\/wp\/v2\/tags?post=40347"}],"curies":[{"name":"wp","href":"https:\/\/api.w.org\/{rel}","templated":true}]}}