{"id":40227,"date":"2020-02-12T12:15:08","date_gmt":"2020-02-12T12:15:08","guid":{"rendered":"http:\/\/www.altominho.tv\/site\/?p=40227"},"modified":"2020-02-12T12:15:20","modified_gmt":"2020-02-12T12:15:20","slug":"cerca-de-250-atletas-de-cinco-paises-participam-na-vii-regata-internacional-de-fundo-centro-de-mar","status":"publish","type":"post","link":"https:\/\/www.altominho.tv\/site\/2020\/02\/12\/cerca-de-250-atletas-de-cinco-paises-participam-na-vii-regata-internacional-de-fundo-centro-de-mar\/","title":{"rendered":"Cerca de 250 atletas de cinco pa\u00edses participam na VII Regata Internacional de Fundo &#8211; Centro de Mar"},"content":{"rendered":"<p>Viana do Castelo acolhe, no fim de semana, a VII Regata Internacional de Fundo \u2013 Centro de Mar, que vai contar com a presen\u00e7a de 248 atletas de Portugal, Espanha, Fran\u00e7a, B\u00e9lgica e It\u00e1lia.<\/p>\n<p>A prova na modalidade de remo, que acontece no estu\u00e1rio do rio Lima, re\u00fane 84 atletas femininas, 153 atletas masculinos e 11 atletas adaptados de 14 clubes dos v\u00e1rios pa\u00edses, num total de 49 embarca\u00e7\u00f5es.<\/p>\n<p>No s\u00e1bado, \u00e0s 15h40, decorrem os 400 metros <em>Sprint<\/em>, na doca do navio Gil Eannes e, no domingo, a partir das 10h00, ser\u00e3o percorridos 6.500 metros <em>Head Race Format<\/em>, entre pontes.<\/p>\n<p>A entrega de pr\u00e9mios e a cerim\u00f3nia de encerramento est\u00e3o agendadas para as 11h30.<\/p>\n<p>A Regata Internacional de Fundo \u00e9 organizada pelo Viana Remadores do Lima, com o apoio da C\u00e2mara Municipal de Viana do Castelo.<\/p>\n<p>A prova nasceu no \u00e2mbito do projeto \u201cCentro de Mar\u201d, desenvolvido pelo munic\u00edpio de Viana do Castelo em parceria com as coletividades locais que se dedicam \u00e0 pr\u00e1tica e desenvolvimento dos desportos n\u00e1uticos, nomeadamente o surf, canoagem, vela e remo.<\/p>\n<p>O \u201cCentro de Mar\u201d integra-se como projeto \u00e2ncora no cluster do Conhecimento e da Economia do Mar e, segundo a autarquia, &#8220;assume-se como uma aposta no desenvolvimento da n\u00e1utica de recreio e dos desportos n\u00e1uticos enquanto componentes relevantes para o refor\u00e7o da posi\u00e7\u00e3o de Viana do Castelo como uma cidade da n\u00e1utica do Atl\u00e2ntico&#8221;.<\/p>\n","protected":false},"excerpt":{"rendered":"<p>Viana do Castelo acolhe, no fim de semana, a VII Regata Internacional de Fundo \u2013 Centro de Mar, que vai contar com a presen\u00e7a de 248 atletas de Portugal, Espanha, Fran\u00e7a, B\u00e9lgica e It\u00e1lia. A prova na modalidade de remo, que acontece no estu\u00e1rio do rio Lima, re\u00fane 84 atletas femininas, 153 atletas masculinos e [&hellip;]<\/p>\n","protected":false},"author":12,"featured_media":40228,"comment_status":"closed","ping_status":"closed","sticky":false,"template":"","format":"standard","meta":{"_exactmetrics_skip_tracking":false,"_exactmetrics_sitenote_active":false,"_exactmetrics_sitenote_note":"","_exactmetrics_sitenote_category":0,"footnotes":""},"categories":[14],"tags":[20],"class_list":["post-40227","post","type-post","status-publish","format-standard","has-post-thumbnail","hentry","category-viana-do-castelo","tag-desporto"],"yoast_head":"<!-- This site is optimized with the Yoast SEO Premium plugin v27.5 (Yoast SEO v27.5) - https:\/\/yoast.com\/product\/yoast-seo-premium-wordpress\/ -->\n<title>Cerca de 250 atletas de cinco pa\u00edses participam na VII Regata Internacional de Fundo - Centro de Mar<\/title>\n<meta name=\"robots\" content=\"index, follow, max-snippet:-1, max-image-preview:large, max-video-preview:-1\" \/>\n<link rel=\"canonical\" href=\"https:\/\/www.altominho.tv\/site\/2020\/02\/12\/cerca-de-250-atletas-de-cinco-paises-participam-na-vii-regata-internacional-de-fundo-centro-de-mar\/\" \/>\n<meta property=\"og:locale\" content=\"pt_PT\" \/>\n<meta property=\"og:type\" content=\"article\" \/>\n<meta property=\"og:title\" content=\"Cerca de 250 atletas de cinco pa\u00edses participam na VII Regata Internacional de Fundo - Centro de Mar\" \/>\n<meta property=\"og:description\" content=\"Viana do Castelo acolhe, no fim de semana, a VII Regata Internacional de Fundo \u2013 Centro de Mar, que vai contar com a presen\u00e7a de 248 atletas de Portugal, Espanha, Fran\u00e7a, B\u00e9lgica e It\u00e1lia. A prova na modalidade de remo, que acontece no estu\u00e1rio do rio Lima, re\u00fane 84 atletas femininas, 153 atletas masculinos e [&hellip;]\" \/>\n<meta property=\"og:url\" content=\"https:\/\/www.altominho.tv\/site\/2020\/02\/12\/cerca-de-250-atletas-de-cinco-paises-participam-na-vii-regata-internacional-de-fundo-centro-de-mar\/\" \/>\n<meta property=\"og:site_name\" content=\"Altominho.tv\" \/>\n<meta property=\"article:publisher\" content=\"https:\/\/www.facebook.com\/altominhotv\" \/>\n<meta property=\"article:published_time\" content=\"2020-02-12T12:15:08+00:00\" \/>\n<meta property=\"article:modified_time\" content=\"2020-02-12T12:15:20+00:00\" \/>\n<meta property=\"og:image\" content=\"https:\/\/www.altominho.tv\/site\/wp-content\/uploads\/2020\/02\/10461471_712906002146652_8608283836705882015_n-e1581509636571.jpg\" \/>\n\t<meta property=\"og:image:width\" content=\"960\" \/>\n\t<meta property=\"og:image:height\" content=\"542\" \/>\n\t<meta property=\"og:image:type\" content=\"image\/jpeg\" \/>\n<meta name=\"author\" content=\"Andreia Ferreira\" \/>\n<meta name=\"twitter:card\" content=\"summary_large_image\" \/>\n<meta name=\"twitter:creator\" content=\"@altominhoTV\" \/>\n<meta name=\"twitter:site\" content=\"@altominhoTV\" \/>\n<meta name=\"twitter:label1\" content=\"Escrito por\" \/>\n\t<meta name=\"twitter:data1\" content=\"Andreia Ferreira\" \/>\n\t<meta name=\"twitter:label2\" content=\"Tempo estimado de leitura\" \/>\n\t<meta name=\"twitter:data2\" content=\"1 minuto\" \/>\n<script type=\"application\/ld+json\" class=\"yoast-schema-graph\">{\"@context\":\"https:\\\/\\\/schema.org\",\"@graph\":[{\"@type\":\"Article\",\"@id\":\"https:\\\/\\\/www.altominho.tv\\\/site\\\/2020\\\/02\\\/12\\\/cerca-de-250-atletas-de-cinco-paises-participam-na-vii-regata-internacional-de-fundo-centro-de-mar\\\/#article\",\"isPartOf\":{\"@id\":\"https:\\\/\\\/www.altominho.tv\\\/site\\\/2020\\\/02\\\/12\\\/cerca-de-250-atletas-de-cinco-paises-participam-na-vii-regata-internacional-de-fundo-centro-de-mar\\\/\"},\"author\":{\"name\":\"Andreia Ferreira\",\"@id\":\"https:\\\/\\\/www.altominho.tv\\\/site\\\/#\\\/schema\\\/person\\\/d9be4265364723f14ea8e0d56a1d38cd\"},\"headline\":\"Cerca de 250 atletas de cinco pa\u00edses participam na VII Regata Internacional de Fundo &#8211; Centro de Mar\",\"datePublished\":\"2020-02-12T12:15:08+00:00\",\"dateModified\":\"2020-02-12T12:15:20+00:00\",\"mainEntityOfPage\":{\"@id\":\"https:\\\/\\\/www.altominho.tv\\\/site\\\/2020\\\/02\\\/12\\\/cerca-de-250-atletas-de-cinco-paises-participam-na-vii-regata-internacional-de-fundo-centro-de-mar\\\/\"},\"wordCount\":261,\"image\":{\"@id\":\"https:\\\/\\\/www.altominho.tv\\\/site\\\/2020\\\/02\\\/12\\\/cerca-de-250-atletas-de-cinco-paises-participam-na-vii-regata-internacional-de-fundo-centro-de-mar\\\/#primaryimage\"},\"thumbnailUrl\":\"https:\\\/\\\/www.altominho.tv\\\/site\\\/wp-content\\\/uploads\\\/2020\\\/02\\\/10461471_712906002146652_8608283836705882015_n-e1581509636571.jpg\",\"keywords\":[\"Desporto\"],\"articleSection\":[\"Viana do Castelo\"],\"inLanguage\":\"pt-PT\",\"copyrightYear\":\"2020\",\"copyrightHolder\":{\"@id\":\"https:\\\/\\\/www.altominho.tv\\\/site\\\/#organization\"}},{\"@type\":\"WebPage\",\"@id\":\"https:\\\/\\\/www.altominho.tv\\\/site\\\/2020\\\/02\\\/12\\\/cerca-de-250-atletas-de-cinco-paises-participam-na-vii-regata-internacional-de-fundo-centro-de-mar\\\/\",\"url\":\"https:\\\/\\\/www.altominho.tv\\\/site\\\/2020\\\/02\\\/12\\\/cerca-de-250-atletas-de-cinco-paises-participam-na-vii-regata-internacional-de-fundo-centro-de-mar\\\/\",\"name\":\"Cerca de 250 atletas de cinco pa\u00edses participam na VII Regata Internacional de Fundo - Centro de Mar\",\"isPartOf\":{\"@id\":\"https:\\\/\\\/www.altominho.tv\\\/site\\\/#website\"},\"primaryImageOfPage\":{\"@id\":\"https:\\\/\\\/www.altominho.tv\\\/site\\\/2020\\\/02\\\/12\\\/cerca-de-250-atletas-de-cinco-paises-participam-na-vii-regata-internacional-de-fundo-centro-de-mar\\\/#primaryimage\"},\"image\":{\"@id\":\"https:\\\/\\\/www.altominho.tv\\\/site\\\/2020\\\/02\\\/12\\\/cerca-de-250-atletas-de-cinco-paises-participam-na-vii-regata-internacional-de-fundo-centro-de-mar\\\/#primaryimage\"},\"thumbnailUrl\":\"https:\\\/\\\/www.altominho.tv\\\/site\\\/wp-content\\\/uploads\\\/2020\\\/02\\\/10461471_712906002146652_8608283836705882015_n-e1581509636571.jpg\",\"datePublished\":\"2020-02-12T12:15:08+00:00\",\"dateModified\":\"2020-02-12T12:15:20+00:00\",\"author\":{\"@id\":\"https:\\\/\\\/www.altominho.tv\\\/site\\\/#\\\/schema\\\/person\\\/d9be4265364723f14ea8e0d56a1d38cd\"},\"breadcrumb\":{\"@id\":\"https:\\\/\\\/www.altominho.tv\\\/site\\\/2020\\\/02\\\/12\\\/cerca-de-250-atletas-de-cinco-paises-participam-na-vii-regata-internacional-de-fundo-centro-de-mar\\\/#breadcrumb\"},\"inLanguage\":\"pt-PT\",\"potentialAction\":[{\"@type\":\"ReadAction\",\"target\":[\"https:\\\/\\\/www.altominho.tv\\\/site\\\/2020\\\/02\\\/12\\\/cerca-de-250-atletas-de-cinco-paises-participam-na-vii-regata-internacional-de-fundo-centro-de-mar\\\/\"]}]},{\"@type\":\"ImageObject\",\"inLanguage\":\"pt-PT\",\"@id\":\"https:\\\/\\\/www.altominho.tv\\\/site\\\/2020\\\/02\\\/12\\\/cerca-de-250-atletas-de-cinco-paises-participam-na-vii-regata-internacional-de-fundo-centro-de-mar\\\/#primaryimage\",\"url\":\"https:\\\/\\\/www.altominho.tv\\\/site\\\/wp-content\\\/uploads\\\/2020\\\/02\\\/10461471_712906002146652_8608283836705882015_n-e1581509636571.jpg\",\"contentUrl\":\"https:\\\/\\\/www.altominho.tv\\\/site\\\/wp-content\\\/uploads\\\/2020\\\/02\\\/10461471_712906002146652_8608283836705882015_n-e1581509636571.jpg\",\"width\":960,\"height\":542,\"caption\":\"FACEBOOK CENTRO DE MAR\"},{\"@type\":\"BreadcrumbList\",\"@id\":\"https:\\\/\\\/www.altominho.tv\\\/site\\\/2020\\\/02\\\/12\\\/cerca-de-250-atletas-de-cinco-paises-participam-na-vii-regata-internacional-de-fundo-centro-de-mar\\\/#breadcrumb\",\"itemListElement\":[{\"@type\":\"ListItem\",\"position\":1,\"name\":\"In\u00edcio\",\"item\":\"https:\\\/\\\/www.altominho.tv\\\/site\\\/\"},{\"@type\":\"ListItem\",\"position\":2,\"name\":\"Cerca de 250 atletas de cinco pa\u00edses participam na VII Regata Internacional de Fundo &#8211; Centro de Mar\"}]},{\"@type\":\"WebSite\",\"@id\":\"https:\\\/\\\/www.altominho.tv\\\/site\\\/#website\",\"url\":\"https:\\\/\\\/www.altominho.tv\\\/site\\\/\",\"name\":\"Altominho.tv\",\"description\":\"A sua regi\u00e3o \u00e0 dist\u00e2ncia de um clique...\",\"potentialAction\":[{\"@type\":\"SearchAction\",\"target\":{\"@type\":\"EntryPoint\",\"urlTemplate\":\"https:\\\/\\\/www.altominho.tv\\\/site\\\/?s={search_term_string}\"},\"query-input\":{\"@type\":\"PropertyValueSpecification\",\"valueRequired\":true,\"valueName\":\"search_term_string\"}}],\"inLanguage\":\"pt-PT\"},{\"@type\":\"Person\",\"@id\":\"https:\\\/\\\/www.altominho.tv\\\/site\\\/#\\\/schema\\\/person\\\/d9be4265364723f14ea8e0d56a1d38cd\",\"name\":\"Andreia Ferreira\",\"image\":{\"@type\":\"ImageObject\",\"inLanguage\":\"pt-PT\",\"@id\":\"https:\\\/\\\/www.altominho.tv\\\/site\\\/wp-content\\\/uploads\\\/2021\\\/01\\\/AndreiaFerreira-150x150.jpg\",\"url\":\"https:\\\/\\\/www.altominho.tv\\\/site\\\/wp-content\\\/uploads\\\/2021\\\/01\\\/AndreiaFerreira-150x150.jpg\",\"contentUrl\":\"https:\\\/\\\/www.altominho.tv\\\/site\\\/wp-content\\\/uploads\\\/2021\\\/01\\\/AndreiaFerreira-150x150.jpg\",\"caption\":\"Andreia Ferreira\"},\"url\":\"https:\\\/\\\/www.altominho.tv\\\/site\\\/author\\\/andreiaferreira\\\/\"}]}<\/script>\n<!-- \/ Yoast SEO Premium plugin. -->","yoast_head_json":{"title":"Cerca de 250 atletas de cinco pa\u00edses participam na VII Regata Internacional de Fundo - Centro de Mar","robots":{"index":"index","follow":"follow","max-snippet":"max-snippet:-1","max-image-preview":"max-image-preview:large","max-video-preview":"max-video-preview:-1"},"canonical":"https:\/\/www.altominho.tv\/site\/2020\/02\/12\/cerca-de-250-atletas-de-cinco-paises-participam-na-vii-regata-internacional-de-fundo-centro-de-mar\/","og_locale":"pt_PT","og_type":"article","og_title":"Cerca de 250 atletas de cinco pa\u00edses participam na VII Regata Internacional de Fundo - Centro de Mar","og_description":"Viana do Castelo acolhe, no fim de semana, a VII Regata Internacional de Fundo \u2013 Centro de Mar, que vai contar com a presen\u00e7a de 248 atletas de Portugal, Espanha, Fran\u00e7a, B\u00e9lgica e It\u00e1lia. A prova na modalidade de remo, que acontece no estu\u00e1rio do rio Lima, re\u00fane 84 atletas femininas, 153 atletas masculinos e [&hellip;]","og_url":"https:\/\/www.altominho.tv\/site\/2020\/02\/12\/cerca-de-250-atletas-de-cinco-paises-participam-na-vii-regata-internacional-de-fundo-centro-de-mar\/","og_site_name":"Altominho.tv","article_publisher":"https:\/\/www.facebook.com\/altominhotv","article_published_time":"2020-02-12T12:15:08+00:00","article_modified_time":"2020-02-12T12:15:20+00:00","og_image":[{"width":960,"height":542,"url":"https:\/\/www.altominho.tv\/site\/wp-content\/uploads\/2020\/02\/10461471_712906002146652_8608283836705882015_n-e1581509636571.jpg","type":"image\/jpeg"}],"author":"Andreia Ferreira","twitter_card":"summary_large_image","twitter_creator":"@altominhoTV","twitter_site":"@altominhoTV","twitter_misc":{"Escrito por":"Andreia Ferreira","Tempo estimado de leitura":"1 minuto"},"schema":{"@context":"https:\/\/schema.org","@graph":[{"@type":"Article","@id":"https:\/\/www.altominho.tv\/site\/2020\/02\/12\/cerca-de-250-atletas-de-cinco-paises-participam-na-vii-regata-internacional-de-fundo-centro-de-mar\/#article","isPartOf":{"@id":"https:\/\/www.altominho.tv\/site\/2020\/02\/12\/cerca-de-250-atletas-de-cinco-paises-participam-na-vii-regata-internacional-de-fundo-centro-de-mar\/"},"author":{"name":"Andreia Ferreira","@id":"https:\/\/www.altominho.tv\/site\/#\/schema\/person\/d9be4265364723f14ea8e0d56a1d38cd"},"headline":"Cerca de 250 atletas de cinco pa\u00edses participam na VII Regata Internacional de Fundo &#8211; Centro de Mar","datePublished":"2020-02-12T12:15:08+00:00","dateModified":"2020-02-12T12:15:20+00:00","mainEntityOfPage":{"@id":"https:\/\/www.altominho.tv\/site\/2020\/02\/12\/cerca-de-250-atletas-de-cinco-paises-participam-na-vii-regata-internacional-de-fundo-centro-de-mar\/"},"wordCount":261,"image":{"@id":"https:\/\/www.altominho.tv\/site\/2020\/02\/12\/cerca-de-250-atletas-de-cinco-paises-participam-na-vii-regata-internacional-de-fundo-centro-de-mar\/#primaryimage"},"thumbnailUrl":"https:\/\/www.altominho.tv\/site\/wp-content\/uploads\/2020\/02\/10461471_712906002146652_8608283836705882015_n-e1581509636571.jpg","keywords":["Desporto"],"articleSection":["Viana do Castelo"],"inLanguage":"pt-PT","copyrightYear":"2020","copyrightHolder":{"@id":"https:\/\/www.altominho.tv\/site\/#organization"}},{"@type":"WebPage","@id":"https:\/\/www.altominho.tv\/site\/2020\/02\/12\/cerca-de-250-atletas-de-cinco-paises-participam-na-vii-regata-internacional-de-fundo-centro-de-mar\/","url":"https:\/\/www.altominho.tv\/site\/2020\/02\/12\/cerca-de-250-atletas-de-cinco-paises-participam-na-vii-regata-internacional-de-fundo-centro-de-mar\/","name":"Cerca de 250 atletas de cinco pa\u00edses participam na VII Regata Internacional de Fundo - Centro de Mar","isPartOf":{"@id":"https:\/\/www.altominho.tv\/site\/#website"},"primaryImageOfPage":{"@id":"https:\/\/www.altominho.tv\/site\/2020\/02\/12\/cerca-de-250-atletas-de-cinco-paises-participam-na-vii-regata-internacional-de-fundo-centro-de-mar\/#primaryimage"},"image":{"@id":"https:\/\/www.altominho.tv\/site\/2020\/02\/12\/cerca-de-250-atletas-de-cinco-paises-participam-na-vii-regata-internacional-de-fundo-centro-de-mar\/#primaryimage"},"thumbnailUrl":"https:\/\/www.altominho.tv\/site\/wp-content\/uploads\/2020\/02\/10461471_712906002146652_8608283836705882015_n-e1581509636571.jpg","datePublished":"2020-02-12T12:15:08+00:00","dateModified":"2020-02-12T12:15:20+00:00","author":{"@id":"https:\/\/www.altominho.tv\/site\/#\/schema\/person\/d9be4265364723f14ea8e0d56a1d38cd"},"breadcrumb":{"@id":"https:\/\/www.altominho.tv\/site\/2020\/02\/12\/cerca-de-250-atletas-de-cinco-paises-participam-na-vii-regata-internacional-de-fundo-centro-de-mar\/#breadcrumb"},"inLanguage":"pt-PT","potentialAction":[{"@type":"ReadAction","target":["https:\/\/www.altominho.tv\/site\/2020\/02\/12\/cerca-de-250-atletas-de-cinco-paises-participam-na-vii-regata-internacional-de-fundo-centro-de-mar\/"]}]},{"@type":"ImageObject","inLanguage":"pt-PT","@id":"https:\/\/www.altominho.tv\/site\/2020\/02\/12\/cerca-de-250-atletas-de-cinco-paises-participam-na-vii-regata-internacional-de-fundo-centro-de-mar\/#primaryimage","url":"https:\/\/www.altominho.tv\/site\/wp-content\/uploads\/2020\/02\/10461471_712906002146652_8608283836705882015_n-e1581509636571.jpg","contentUrl":"https:\/\/www.altominho.tv\/site\/wp-content\/uploads\/2020\/02\/10461471_712906002146652_8608283836705882015_n-e1581509636571.jpg","width":960,"height":542,"caption":"FACEBOOK CENTRO DE MAR"},{"@type":"BreadcrumbList","@id":"https:\/\/www.altominho.tv\/site\/2020\/02\/12\/cerca-de-250-atletas-de-cinco-paises-participam-na-vii-regata-internacional-de-fundo-centro-de-mar\/#breadcrumb","itemListElement":[{"@type":"ListItem","position":1,"name":"In\u00edcio","item":"https:\/\/www.altominho.tv\/site\/"},{"@type":"ListItem","position":2,"name":"Cerca de 250 atletas de cinco pa\u00edses participam na VII Regata Internacional de Fundo &#8211; Centro de Mar"}]},{"@type":"WebSite","@id":"https:\/\/www.altominho.tv\/site\/#website","url":"https:\/\/www.altominho.tv\/site\/","name":"Altominho.tv","description":"A sua regi\u00e3o \u00e0 dist\u00e2ncia de um clique...","potentialAction":[{"@type":"SearchAction","target":{"@type":"EntryPoint","urlTemplate":"https:\/\/www.altominho.tv\/site\/?s={search_term_string}"},"query-input":{"@type":"PropertyValueSpecification","valueRequired":true,"valueName":"search_term_string"}}],"inLanguage":"pt-PT"},{"@type":"Person","@id":"https:\/\/www.altominho.tv\/site\/#\/schema\/person\/d9be4265364723f14ea8e0d56a1d38cd","name":"Andreia Ferreira","image":{"@type":"ImageObject","inLanguage":"pt-PT","@id":"https:\/\/www.altominho.tv\/site\/wp-content\/uploads\/2021\/01\/AndreiaFerreira-150x150.jpg","url":"https:\/\/www.altominho.tv\/site\/wp-content\/uploads\/2021\/01\/AndreiaFerreira-150x150.jpg","contentUrl":"https:\/\/www.altominho.tv\/site\/wp-content\/uploads\/2021\/01\/AndreiaFerreira-150x150.jpg","caption":"Andreia Ferreira"},"url":"https:\/\/www.altominho.tv\/site\/author\/andreiaferreira\/"}]}},"_links":{"self":[{"href":"https:\/\/www.altominho.tv\/site\/wp-json\/wp\/v2\/posts\/40227","targetHints":{"allow":["GET"]}}],"collection":[{"href":"https:\/\/www.altominho.tv\/site\/wp-json\/wp\/v2\/posts"}],"about":[{"href":"https:\/\/www.altominho.tv\/site\/wp-json\/wp\/v2\/types\/post"}],"author":[{"embeddable":true,"href":"https:\/\/www.altominho.tv\/site\/wp-json\/wp\/v2\/users\/12"}],"replies":[{"embeddable":true,"href":"https:\/\/www.altominho.tv\/site\/wp-json\/wp\/v2\/comments?post=40227"}],"version-history":[{"count":0,"href":"https:\/\/www.altominho.tv\/site\/wp-json\/wp\/v2\/posts\/40227\/revisions"}],"wp:featuredmedia":[{"embeddable":true,"href":"https:\/\/www.altominho.tv\/site\/wp-json\/wp\/v2\/media\/40228"}],"wp:attachment":[{"href":"https:\/\/www.altominho.tv\/site\/wp-json\/wp\/v2\/media?parent=40227"}],"wp:term":[{"taxonomy":"category","embeddable":true,"href":"https:\/\/www.altominho.tv\/site\/wp-json\/wp\/v2\/categories?post=40227"},{"taxonomy":"post_tag","embeddable":true,"href":"https:\/\/www.altominho.tv\/site\/wp-json\/wp\/v2\/tags?post=40227"}],"curies":[{"name":"wp","href":"https:\/\/api.w.org\/{rel}","templated":true}]}}