{"id":40210,"date":"2020-02-12T00:53:02","date_gmt":"2020-02-12T00:53:02","guid":{"rendered":"http:\/\/www.altominho.tv\/site\/?p=40210"},"modified":"2020-02-12T00:53:09","modified_gmt":"2020-02-12T00:53:09","slug":"projeto-de-rotunda-em-moncao-aprovado-no-segundo-semestre-de-2020","status":"publish","type":"post","link":"https:\/\/www.altominho.tv\/site\/2020\/02\/12\/projeto-de-rotunda-em-moncao-aprovado-no-segundo-semestre-de-2020\/","title":{"rendered":"Projeto de rotunda em Mon\u00e7\u00e3o aprovado no segundo semestre de 2020"},"content":{"rendered":"<p id=\":nw\" class=\"a3s aXjCH \">O Bloco de Esquerda declarou hoje ter sido informado pelo Governo que <strong>o projeto para a constru\u00e7\u00e3o de uma rotunda em S\u00e3o Pedro, Mon\u00e7\u00e3o ser\u00e1 aprovado no in\u00edcio do segundo semestre deste ano<\/strong>.<\/p>\n<p class=\"a3s aXjCH \">Em causa est\u00e1 a pretens\u00e3o, reclamada h\u00e1 v\u00e1rios anos pela C\u00e2mara de Mon\u00e7\u00e3o junto da extinta Estradas de Portugal, agora Infraestruturas de Portugal, de transforma\u00e7\u00e3o do cruzamento de S\u00e3o Pedro, na Estrada Nacional 202 (EN 202), numa rotunda.<\/p>\n<p class=\"a3s aXjCH \">Trata-se de uma zona de reta que se apresenta em plano inclinado e com pouca visibilidade para quem tenta aceder \u00e0 estrada nacional.<\/p>\n<p class=\"a3s aXjCH \">Em comunicado hoje enviado \u00e0 imprensa, o Bloco de Esquerda explicou que, em resposta a um requerimento do partido, o Minist\u00e9rio das Infraestruturas e Habita\u00e7\u00e3o informou que aquela obra faz parte do projeto designado &#8220;Melhoria das Condi\u00e7\u00f5es de Seguran\u00e7a do distrito de Viana do Castelo&#8221;, a ser desenvolvido pela Infraestruturas de Portugal.<\/p>\n<p class=\"a3s aXjCH \">Na resposta hoje enviada ao BE, o<strong> Minist\u00e9rio tutelado por Pedro Nuno Santos explica que aquele projeto &#8220;contempla a reformula\u00e7\u00e3o geom\u00e9trica do cruzamento da EN 202&#8221;, prevendo a sua &#8220;aprova\u00e7\u00e3o no in\u00edcio do segundo semestre do presente ano&#8221;<\/strong>.<\/p>\n<p class=\"a3s aXjCH \">Em dezembro de 2019, na pergunta que dirigiu ao Minist\u00e9rio das Infraestruturas e Habita\u00e7\u00e3o, o BE sublinhava a necessidade de &#8220;resolu\u00e7\u00e3o de um problema de sinistralidade rodovi\u00e1ria no cruzamento de S\u00e3o Pedro, por se tratar de uma via &#8220;com muito tr\u00e1fego&#8221;.<\/p>\n<p class=\"a3s aXjCH \">O partido explicava ter recebido <strong>&#8220;in\u00fameras queixas sobre a perigosidade do cruzamento, resultando em muitos acidentes com feridos e at\u00e9 v\u00edtimas mortais&#8221;<\/strong>.<\/p>\n<p class=\"a3s aXjCH \"><strong>&#8220;A estrada nacional \u00e9 principal via de liga\u00e7\u00e3o entre os concelhos de Melga\u00e7o, Mon\u00e7\u00e3o e Valen\u00e7a, com um fluxo de tr\u00e2nsito consider\u00e1vel. A seguran\u00e7a rodovi\u00e1ria deve ser uma propriedade para as Infraestruturas de Portugal, para que haja uma diminui\u00e7\u00e3o da sinistralidade&#8221;<\/strong>, refor\u00e7ava o BE no requerimento.<\/p>\n<p class=\"a3s aXjCH \">Em mar\u00e7o de 2013, o ex-presidente da C\u00e2mara de Mon\u00e7\u00e3o, Jos\u00e9 Em\u00edlio Moreira, chegou a amea\u00e7ar liderar um corte da EN 202 caso ocorresse algum acidente mortal naquele local. &#8220;Infelizmente, parece que s\u00f3 desta forma \u00e9 que se resolvem as coisas em Lisboa&#8221;, afirmou, na altura, o ex-autarca socialista.<\/p>\n<p class=\"a3s aXjCH \">Na resposta \u00e0 amea\u00e7a do autarca, a Estradas de Portugal (EP) admitiu reformular o cruzamento. &#8220;Apesar de este local registar um reduzido \u00edndice de sinistralidade, n\u00e3o deixa de merecer a aten\u00e7\u00e3o desta empresa, que tem prevista, no Plano de Proximidade, a reformula\u00e7\u00e3o da intersec\u00e7\u00e3o, visando a melhoria da fluidez do tr\u00e1fego e de seguran\u00e7a de circula\u00e7\u00e3o no local&#8221;, explicou, na ocasi\u00e3o, a EP, em comunicado, mas sem adiantar datas para a concretiza\u00e7\u00e3o desta altera\u00e7\u00e3o.<\/p>\n","protected":false},"excerpt":{"rendered":"<p>O Bloco de Esquerda declarou hoje ter sido informado pelo Governo que o projeto para a constru\u00e7\u00e3o de uma rotunda em S\u00e3o Pedro, Mon\u00e7\u00e3o ser\u00e1 aprovado no in\u00edcio do segundo semestre deste ano. Em causa est\u00e1 a pretens\u00e3o, reclamada h\u00e1 v\u00e1rios anos pela C\u00e2mara de Mon\u00e7\u00e3o junto da extinta Estradas de Portugal, agora Infraestruturas de [&hellip;]<\/p>\n","protected":false},"author":13,"featured_media":40214,"comment_status":"closed","ping_status":"closed","sticky":false,"template":"","format":"standard","meta":{"_exactmetrics_skip_tracking":false,"footnotes":""},"categories":[9],"tags":[27],"class_list":["post-40210","post","type-post","status-publish","format-standard","has-post-thumbnail","hentry","category-moncao","tag-sociedade"],"yoast_head":"<!-- This site is optimized with the Yoast SEO Premium plugin v28.3 (Yoast SEO v28.3) - https:\/\/yoast.com\/product\/yoast-seo-premium-wordpress\/ -->\n<title>Projeto de rotunda em Mon\u00e7\u00e3o aprovado no segundo semestre de 2020<\/title>\n<meta name=\"robots\" content=\"index, follow, max-snippet:-1, max-image-preview:large, max-video-preview:-1\" \/>\n<link rel=\"canonical\" href=\"https:\/\/www.altominho.tv\/site\/2020\/02\/12\/projeto-de-rotunda-em-moncao-aprovado-no-segundo-semestre-de-2020\/\" \/>\n<meta property=\"og:locale\" content=\"pt_PT\" \/>\n<meta property=\"og:type\" content=\"article\" \/>\n<meta property=\"og:title\" content=\"Projeto de rotunda em Mon\u00e7\u00e3o aprovado no segundo semestre de 2020\" \/>\n<meta property=\"og:description\" content=\"O Bloco de Esquerda declarou hoje ter sido informado pelo Governo que o projeto para a constru\u00e7\u00e3o de uma rotunda em S\u00e3o Pedro, Mon\u00e7\u00e3o ser\u00e1 aprovado no in\u00edcio do segundo semestre deste ano. Em causa est\u00e1 a pretens\u00e3o, reclamada h\u00e1 v\u00e1rios anos pela C\u00e2mara de Mon\u00e7\u00e3o junto da extinta Estradas de Portugal, agora Infraestruturas de [&hellip;]\" \/>\n<meta property=\"og:url\" content=\"https:\/\/www.altominho.tv\/site\/2020\/02\/12\/projeto-de-rotunda-em-moncao-aprovado-no-segundo-semestre-de-2020\/\" \/>\n<meta property=\"og:site_name\" content=\"Altominho.tv\" \/>\n<meta property=\"article:publisher\" content=\"https:\/\/www.facebook.com\/altominhotv\" \/>\n<meta property=\"article:published_time\" content=\"2020-02-12T00:53:02+00:00\" \/>\n<meta property=\"article:modified_time\" content=\"2020-02-12T00:53:09+00:00\" \/>\n<meta property=\"og:image\" content=\"https:\/\/www.altominho.tv\/site\/wp-content\/uploads\/2020\/02\/Rotunda_SPedro_Moncao.jpg\" \/>\n\t<meta property=\"og:image:width\" content=\"1600\" \/>\n\t<meta property=\"og:image:height\" content=\"925\" \/>\n\t<meta property=\"og:image:type\" content=\"image\/jpeg\" \/>\n<meta name=\"author\" content=\"Lusa\" \/>\n<meta name=\"twitter:card\" content=\"summary_large_image\" \/>\n<meta name=\"twitter:creator\" content=\"@altominhoTV\" \/>\n<meta name=\"twitter:site\" content=\"@altominhoTV\" \/>\n<meta name=\"twitter:label1\" content=\"Escrito por\" \/>\n\t<meta name=\"twitter:data1\" content=\"Lusa\" \/>\n\t<meta name=\"twitter:label2\" content=\"Tempo estimado de leitura\" \/>\n\t<meta name=\"twitter:data2\" content=\"2 minutos\" \/>\n<script type=\"application\/ld+json\" class=\"yoast-schema-graph\">{\"@context\":\"https:\\\/\\\/schema.org\",\"@graph\":[{\"@type\":\"Article\",\"@id\":\"https:\\\/\\\/www.altominho.tv\\\/site\\\/2020\\\/02\\\/12\\\/projeto-de-rotunda-em-moncao-aprovado-no-segundo-semestre-de-2020\\\/#article\",\"isPartOf\":{\"@id\":\"https:\\\/\\\/www.altominho.tv\\\/site\\\/2020\\\/02\\\/12\\\/projeto-de-rotunda-em-moncao-aprovado-no-segundo-semestre-de-2020\\\/\"},\"author\":{\"name\":\"Lusa\",\"@id\":\"https:\\\/\\\/www.altominho.tv\\\/site\\\/#\\\/schema\\\/person\\\/63f693da3e1899361cbe955c46f3232e\"},\"headline\":\"Projeto de rotunda em Mon\u00e7\u00e3o aprovado no segundo semestre de 2020\",\"datePublished\":\"2020-02-12T00:53:02+00:00\",\"dateModified\":\"2020-02-12T00:53:09+00:00\",\"mainEntityOfPage\":{\"@id\":\"https:\\\/\\\/www.altominho.tv\\\/site\\\/2020\\\/02\\\/12\\\/projeto-de-rotunda-em-moncao-aprovado-no-segundo-semestre-de-2020\\\/\"},\"wordCount\":469,\"image\":{\"@id\":\"https:\\\/\\\/www.altominho.tv\\\/site\\\/2020\\\/02\\\/12\\\/projeto-de-rotunda-em-moncao-aprovado-no-segundo-semestre-de-2020\\\/#primaryimage\"},\"thumbnailUrl\":\"https:\\\/\\\/www.altominho.tv\\\/site\\\/wp-content\\\/uploads\\\/2020\\\/02\\\/Rotunda_SPedro_Moncao.jpg\",\"keywords\":[\"Sociedade\"],\"articleSection\":[\"Mon\u00e7\u00e3o\"],\"inLanguage\":\"pt-PT\",\"copyrightYear\":\"2020\",\"copyrightHolder\":{\"@id\":\"https:\\\/\\\/www.altominho.tv\\\/site\\\/#organization\"}},{\"@type\":\"WebPage\",\"@id\":\"https:\\\/\\\/www.altominho.tv\\\/site\\\/2020\\\/02\\\/12\\\/projeto-de-rotunda-em-moncao-aprovado-no-segundo-semestre-de-2020\\\/\",\"url\":\"https:\\\/\\\/www.altominho.tv\\\/site\\\/2020\\\/02\\\/12\\\/projeto-de-rotunda-em-moncao-aprovado-no-segundo-semestre-de-2020\\\/\",\"name\":\"Projeto de rotunda em Mon\u00e7\u00e3o aprovado no segundo semestre de 2020\",\"isPartOf\":{\"@id\":\"https:\\\/\\\/www.altominho.tv\\\/site\\\/#website\"},\"primaryImageOfPage\":{\"@id\":\"https:\\\/\\\/www.altominho.tv\\\/site\\\/2020\\\/02\\\/12\\\/projeto-de-rotunda-em-moncao-aprovado-no-segundo-semestre-de-2020\\\/#primaryimage\"},\"image\":{\"@id\":\"https:\\\/\\\/www.altominho.tv\\\/site\\\/2020\\\/02\\\/12\\\/projeto-de-rotunda-em-moncao-aprovado-no-segundo-semestre-de-2020\\\/#primaryimage\"},\"thumbnailUrl\":\"https:\\\/\\\/www.altominho.tv\\\/site\\\/wp-content\\\/uploads\\\/2020\\\/02\\\/Rotunda_SPedro_Moncao.jpg\",\"datePublished\":\"2020-02-12T00:53:02+00:00\",\"dateModified\":\"2020-02-12T00:53:09+00:00\",\"author\":{\"@id\":\"https:\\\/\\\/www.altominho.tv\\\/site\\\/#\\\/schema\\\/person\\\/63f693da3e1899361cbe955c46f3232e\"},\"breadcrumb\":{\"@id\":\"https:\\\/\\\/www.altominho.tv\\\/site\\\/2020\\\/02\\\/12\\\/projeto-de-rotunda-em-moncao-aprovado-no-segundo-semestre-de-2020\\\/#breadcrumb\"},\"inLanguage\":\"pt-PT\",\"potentialAction\":[{\"@type\":\"ReadAction\",\"target\":[\"https:\\\/\\\/www.altominho.tv\\\/site\\\/2020\\\/02\\\/12\\\/projeto-de-rotunda-em-moncao-aprovado-no-segundo-semestre-de-2020\\\/\"]}]},{\"@type\":\"ImageObject\",\"inLanguage\":\"pt-PT\",\"@id\":\"https:\\\/\\\/www.altominho.tv\\\/site\\\/2020\\\/02\\\/12\\\/projeto-de-rotunda-em-moncao-aprovado-no-segundo-semestre-de-2020\\\/#primaryimage\",\"url\":\"https:\\\/\\\/www.altominho.tv\\\/site\\\/wp-content\\\/uploads\\\/2020\\\/02\\\/Rotunda_SPedro_Moncao.jpg\",\"contentUrl\":\"https:\\\/\\\/www.altominho.tv\\\/site\\\/wp-content\\\/uploads\\\/2020\\\/02\\\/Rotunda_SPedro_Moncao.jpg\",\"width\":1600,\"height\":925},{\"@type\":\"BreadcrumbList\",\"@id\":\"https:\\\/\\\/www.altominho.tv\\\/site\\\/2020\\\/02\\\/12\\\/projeto-de-rotunda-em-moncao-aprovado-no-segundo-semestre-de-2020\\\/#breadcrumb\",\"itemListElement\":[{\"@type\":\"ListItem\",\"position\":1,\"name\":\"In\u00edcio\",\"item\":\"https:\\\/\\\/www.altominho.tv\\\/site\\\/\"},{\"@type\":\"ListItem\",\"position\":2,\"name\":\"Projeto de rotunda em Mon\u00e7\u00e3o aprovado no segundo semestre de 2020\"}]},{\"@type\":\"WebSite\",\"@id\":\"https:\\\/\\\/www.altominho.tv\\\/site\\\/#website\",\"url\":\"https:\\\/\\\/www.altominho.tv\\\/site\\\/\",\"name\":\"Altominho.tv\",\"description\":\"A sua regi\u00e3o \u00e0 dist\u00e2ncia de um clique...\",\"potentialAction\":[{\"@type\":\"SearchAction\",\"target\":{\"@type\":\"EntryPoint\",\"urlTemplate\":\"https:\\\/\\\/www.altominho.tv\\\/site\\\/?s={search_term_string}\"},\"query-input\":{\"@type\":\"PropertyValueSpecification\",\"valueRequired\":true,\"valueName\":\"search_term_string\"}}],\"inLanguage\":\"pt-PT\"},{\"@type\":\"Person\",\"@id\":\"https:\\\/\\\/www.altominho.tv\\\/site\\\/#\\\/schema\\\/person\\\/63f693da3e1899361cbe955c46f3232e\",\"name\":\"Lusa\",\"image\":{\"@type\":\"ImageObject\",\"inLanguage\":\"pt-PT\",\"@id\":\"https:\\\/\\\/www.altominho.tv\\\/site\\\/wp-content\\\/uploads\\\/2019\\\/08\\\/LUSA_Logo.gif\",\"url\":\"https:\\\/\\\/www.altominho.tv\\\/site\\\/wp-content\\\/uploads\\\/2019\\\/08\\\/LUSA_Logo.gif\",\"contentUrl\":\"https:\\\/\\\/www.altominho.tv\\\/site\\\/wp-content\\\/uploads\\\/2019\\\/08\\\/LUSA_Logo.gif\",\"caption\":\"Lusa\"},\"sameAs\":[\"http:\\\/\\\/\\\/\\\/www.altominho.tv\\\/site\"],\"url\":\"https:\\\/\\\/www.altominho.tv\\\/site\\\/author\\\/lusa\\\/\"}]}<\/script>\n<!-- \/ Yoast SEO Premium plugin. -->","yoast_head_json":{"title":"Projeto de rotunda em Mon\u00e7\u00e3o aprovado no segundo semestre de 2020","robots":{"index":"index","follow":"follow","max-snippet":"max-snippet:-1","max-image-preview":"max-image-preview:large","max-video-preview":"max-video-preview:-1"},"canonical":"https:\/\/www.altominho.tv\/site\/2020\/02\/12\/projeto-de-rotunda-em-moncao-aprovado-no-segundo-semestre-de-2020\/","og_locale":"pt_PT","og_type":"article","og_title":"Projeto de rotunda em Mon\u00e7\u00e3o aprovado no segundo semestre de 2020","og_description":"O Bloco de Esquerda declarou hoje ter sido informado pelo Governo que o projeto para a constru\u00e7\u00e3o de uma rotunda em S\u00e3o Pedro, Mon\u00e7\u00e3o ser\u00e1 aprovado no in\u00edcio do segundo semestre deste ano. Em causa est\u00e1 a pretens\u00e3o, reclamada h\u00e1 v\u00e1rios anos pela C\u00e2mara de Mon\u00e7\u00e3o junto da extinta Estradas de Portugal, agora Infraestruturas de [&hellip;]","og_url":"https:\/\/www.altominho.tv\/site\/2020\/02\/12\/projeto-de-rotunda-em-moncao-aprovado-no-segundo-semestre-de-2020\/","og_site_name":"Altominho.tv","article_publisher":"https:\/\/www.facebook.com\/altominhotv","article_published_time":"2020-02-12T00:53:02+00:00","article_modified_time":"2020-02-12T00:53:09+00:00","og_image":[{"width":1600,"height":925,"url":"https:\/\/www.altominho.tv\/site\/wp-content\/uploads\/2020\/02\/Rotunda_SPedro_Moncao.jpg","type":"image\/jpeg"}],"author":"Lusa","twitter_card":"summary_large_image","twitter_creator":"@altominhoTV","twitter_site":"@altominhoTV","twitter_misc":{"Escrito por":"Lusa","Tempo estimado de leitura":"2 minutos"},"schema":{"@context":"https:\/\/schema.org","@graph":[{"@type":"Article","@id":"https:\/\/www.altominho.tv\/site\/2020\/02\/12\/projeto-de-rotunda-em-moncao-aprovado-no-segundo-semestre-de-2020\/#article","isPartOf":{"@id":"https:\/\/www.altominho.tv\/site\/2020\/02\/12\/projeto-de-rotunda-em-moncao-aprovado-no-segundo-semestre-de-2020\/"},"author":{"name":"Lusa","@id":"https:\/\/www.altominho.tv\/site\/#\/schema\/person\/63f693da3e1899361cbe955c46f3232e"},"headline":"Projeto de rotunda em Mon\u00e7\u00e3o aprovado no segundo semestre de 2020","datePublished":"2020-02-12T00:53:02+00:00","dateModified":"2020-02-12T00:53:09+00:00","mainEntityOfPage":{"@id":"https:\/\/www.altominho.tv\/site\/2020\/02\/12\/projeto-de-rotunda-em-moncao-aprovado-no-segundo-semestre-de-2020\/"},"wordCount":469,"image":{"@id":"https:\/\/www.altominho.tv\/site\/2020\/02\/12\/projeto-de-rotunda-em-moncao-aprovado-no-segundo-semestre-de-2020\/#primaryimage"},"thumbnailUrl":"https:\/\/www.altominho.tv\/site\/wp-content\/uploads\/2020\/02\/Rotunda_SPedro_Moncao.jpg","keywords":["Sociedade"],"articleSection":["Mon\u00e7\u00e3o"],"inLanguage":"pt-PT","copyrightYear":"2020","copyrightHolder":{"@id":"https:\/\/www.altominho.tv\/site\/#organization"}},{"@type":"WebPage","@id":"https:\/\/www.altominho.tv\/site\/2020\/02\/12\/projeto-de-rotunda-em-moncao-aprovado-no-segundo-semestre-de-2020\/","url":"https:\/\/www.altominho.tv\/site\/2020\/02\/12\/projeto-de-rotunda-em-moncao-aprovado-no-segundo-semestre-de-2020\/","name":"Projeto de rotunda em Mon\u00e7\u00e3o aprovado no segundo semestre de 2020","isPartOf":{"@id":"https:\/\/www.altominho.tv\/site\/#website"},"primaryImageOfPage":{"@id":"https:\/\/www.altominho.tv\/site\/2020\/02\/12\/projeto-de-rotunda-em-moncao-aprovado-no-segundo-semestre-de-2020\/#primaryimage"},"image":{"@id":"https:\/\/www.altominho.tv\/site\/2020\/02\/12\/projeto-de-rotunda-em-moncao-aprovado-no-segundo-semestre-de-2020\/#primaryimage"},"thumbnailUrl":"https:\/\/www.altominho.tv\/site\/wp-content\/uploads\/2020\/02\/Rotunda_SPedro_Moncao.jpg","datePublished":"2020-02-12T00:53:02+00:00","dateModified":"2020-02-12T00:53:09+00:00","author":{"@id":"https:\/\/www.altominho.tv\/site\/#\/schema\/person\/63f693da3e1899361cbe955c46f3232e"},"breadcrumb":{"@id":"https:\/\/www.altominho.tv\/site\/2020\/02\/12\/projeto-de-rotunda-em-moncao-aprovado-no-segundo-semestre-de-2020\/#breadcrumb"},"inLanguage":"pt-PT","potentialAction":[{"@type":"ReadAction","target":["https:\/\/www.altominho.tv\/site\/2020\/02\/12\/projeto-de-rotunda-em-moncao-aprovado-no-segundo-semestre-de-2020\/"]}]},{"@type":"ImageObject","inLanguage":"pt-PT","@id":"https:\/\/www.altominho.tv\/site\/2020\/02\/12\/projeto-de-rotunda-em-moncao-aprovado-no-segundo-semestre-de-2020\/#primaryimage","url":"https:\/\/www.altominho.tv\/site\/wp-content\/uploads\/2020\/02\/Rotunda_SPedro_Moncao.jpg","contentUrl":"https:\/\/www.altominho.tv\/site\/wp-content\/uploads\/2020\/02\/Rotunda_SPedro_Moncao.jpg","width":1600,"height":925},{"@type":"BreadcrumbList","@id":"https:\/\/www.altominho.tv\/site\/2020\/02\/12\/projeto-de-rotunda-em-moncao-aprovado-no-segundo-semestre-de-2020\/#breadcrumb","itemListElement":[{"@type":"ListItem","position":1,"name":"In\u00edcio","item":"https:\/\/www.altominho.tv\/site\/"},{"@type":"ListItem","position":2,"name":"Projeto de rotunda em Mon\u00e7\u00e3o aprovado no segundo semestre de 2020"}]},{"@type":"WebSite","@id":"https:\/\/www.altominho.tv\/site\/#website","url":"https:\/\/www.altominho.tv\/site\/","name":"Altominho.tv","description":"A sua regi\u00e3o \u00e0 dist\u00e2ncia de um clique...","potentialAction":[{"@type":"SearchAction","target":{"@type":"EntryPoint","urlTemplate":"https:\/\/www.altominho.tv\/site\/?s={search_term_string}"},"query-input":{"@type":"PropertyValueSpecification","valueRequired":true,"valueName":"search_term_string"}}],"inLanguage":"pt-PT"},{"@type":"Person","@id":"https:\/\/www.altominho.tv\/site\/#\/schema\/person\/63f693da3e1899361cbe955c46f3232e","name":"Lusa","image":{"@type":"ImageObject","inLanguage":"pt-PT","@id":"https:\/\/www.altominho.tv\/site\/wp-content\/uploads\/2019\/08\/LUSA_Logo.gif","url":"https:\/\/www.altominho.tv\/site\/wp-content\/uploads\/2019\/08\/LUSA_Logo.gif","contentUrl":"https:\/\/www.altominho.tv\/site\/wp-content\/uploads\/2019\/08\/LUSA_Logo.gif","caption":"Lusa"},"sameAs":["http:\/\/\/\/www.altominho.tv\/site"],"url":"https:\/\/www.altominho.tv\/site\/author\/lusa\/"}]}},"_links":{"self":[{"href":"https:\/\/www.altominho.tv\/site\/wp-json\/wp\/v2\/posts\/40210","targetHints":{"allow":["GET"]}}],"collection":[{"href":"https:\/\/www.altominho.tv\/site\/wp-json\/wp\/v2\/posts"}],"about":[{"href":"https:\/\/www.altominho.tv\/site\/wp-json\/wp\/v2\/types\/post"}],"author":[{"embeddable":true,"href":"https:\/\/www.altominho.tv\/site\/wp-json\/wp\/v2\/users\/13"}],"replies":[{"embeddable":true,"href":"https:\/\/www.altominho.tv\/site\/wp-json\/wp\/v2\/comments?post=40210"}],"version-history":[{"count":0,"href":"https:\/\/www.altominho.tv\/site\/wp-json\/wp\/v2\/posts\/40210\/revisions"}],"wp:featuredmedia":[{"embeddable":true,"href":"https:\/\/www.altominho.tv\/site\/wp-json\/wp\/v2\/media\/40214"}],"wp:attachment":[{"href":"https:\/\/www.altominho.tv\/site\/wp-json\/wp\/v2\/media?parent=40210"}],"wp:term":[{"taxonomy":"category","embeddable":true,"href":"https:\/\/www.altominho.tv\/site\/wp-json\/wp\/v2\/categories?post=40210"},{"taxonomy":"post_tag","embeddable":true,"href":"https:\/\/www.altominho.tv\/site\/wp-json\/wp\/v2\/tags?post=40210"}],"curies":[{"name":"wp","href":"https:\/\/api.w.org\/{rel}","templated":true}]}}