{"id":39906,"date":"2020-02-05T11:28:27","date_gmt":"2020-02-05T11:28:27","guid":{"rendered":"http:\/\/www.altominho.tv\/site\/?p=39906"},"modified":"2020-02-05T11:28:41","modified_gmt":"2020-02-05T11:28:41","slug":"viana-do-castelo-acolhe-xxiii-gala-dos-trofeus-desportivos-o-minhoto","status":"publish","type":"post","link":"https:\/\/www.altominho.tv\/site\/2020\/02\/05\/viana-do-castelo-acolhe-xxiii-gala-dos-trofeus-desportivos-o-minhoto\/","title":{"rendered":"Viana do Castelo acolhe XXIII Gala dos Trof\u00e9us Desportivos \u201cO Minhoto\u201d"},"content":{"rendered":"<p>O Centro Cultural de Viana do Castelo vai acolher, a 23 de mar\u00e7o, a XXIII Gala de Entrega dos Trof\u00e9us Desportivos \u201cO Minhoto\u201d.<\/p>\n<p>A iniciativa, que contar\u00e1 com a presen\u00e7a de meio milhar de convidados da regi\u00e3o e pa\u00eds, tem como objetivo &#8220;reconhecer e premiar publicamente o m\u00e9rito de atletas, clubes, dirigentes desportivos, treinadores e \u00e1rbitros que mais se destacaram na pr\u00e1tica das suas modalidades na regi\u00e3o do Minho&#8221;.<\/p>\n<p>O j\u00fari, composto por mais de uma centena de membros, entre jornalistas desportivos e entidades ligadas ao desporto (federa\u00e7\u00f5es, associa\u00e7\u00f5es de clubes e desporto escolar), \u00e9 respons\u00e1vel, atrav\u00e9s de vota\u00e7\u00e3o em tr\u00eas fases distintas, pelas nomea\u00e7\u00f5es e escolha dos premiados, ap\u00f3s ter aprovado o regulamento que rege o evento.<\/p>\n<p>Nesta edi\u00e7\u00e3o, ser\u00e3o atribu\u00eddos cerca de tr\u00eas dezenas de trof\u00e9us.<\/p>\n<p>A localiza\u00e7\u00e3o da Gala de Entrega dos Trof\u00e9us Desportivos \u201cO Minhoto\u201d \u00e9 rotativa, tendo j\u00e1 sido realizada nos concelhos de Braga, Vila Nova de Famalic\u00e3o, Esposende, Vila Nova de Cerveira, Mon\u00e7\u00e3o, Barcelos, Vila Verde, Caminha, Arcos de Valdevez, Fafe, Ponte da Barca, Cabeceiras de Basto, Paredes de Coura, Ponte de Lima, Valen\u00e7a, Amares, Vieira do Minho, Guimar\u00e3es, Melga\u00e7o e Celorico de Basto, na \u00faltima edi\u00e7\u00e3o. Este ano, ser\u00e1 a segunda vez que Viana do Castelo acolhe este evento, depois de j\u00e1 o ter feito em 1999.<\/p>\n","protected":false},"excerpt":{"rendered":"<p>O Centro Cultural de Viana do Castelo vai acolher, a 23 de mar\u00e7o, a XXIII Gala de Entrega dos Trof\u00e9us Desportivos \u201cO Minhoto\u201d. A iniciativa, que contar\u00e1 com a presen\u00e7a de meio milhar de convidados da regi\u00e3o e pa\u00eds, tem como objetivo &#8220;reconhecer e premiar publicamente o m\u00e9rito de atletas, clubes, dirigentes desportivos, treinadores e [&hellip;]<\/p>\n","protected":false},"author":12,"featured_media":39908,"comment_status":"closed","ping_status":"closed","sticky":false,"template":"","format":"standard","meta":{"_exactmetrics_skip_tracking":false,"_exactmetrics_sitenote_active":false,"_exactmetrics_sitenote_note":"","_exactmetrics_sitenote_category":0,"footnotes":""},"categories":[14],"tags":[20,27],"class_list":["post-39906","post","type-post","status-publish","format-standard","has-post-thumbnail","hentry","category-viana-do-castelo","tag-desporto","tag-sociedade"],"yoast_head":"<!-- This site is optimized with the Yoast SEO Premium plugin v27.5 (Yoast SEO v27.5) - https:\/\/yoast.com\/product\/yoast-seo-premium-wordpress\/ -->\n<title>Viana do Castelo acolhe XXIII Gala dos Trof\u00e9us Desportivos \u201cO Minhoto\u201d<\/title>\n<meta name=\"robots\" content=\"index, follow, max-snippet:-1, max-image-preview:large, max-video-preview:-1\" \/>\n<link rel=\"canonical\" href=\"https:\/\/www.altominho.tv\/site\/2020\/02\/05\/viana-do-castelo-acolhe-xxiii-gala-dos-trofeus-desportivos-o-minhoto\/\" \/>\n<meta property=\"og:locale\" content=\"pt_PT\" \/>\n<meta property=\"og:type\" content=\"article\" \/>\n<meta property=\"og:title\" content=\"Viana do Castelo acolhe XXIII Gala dos Trof\u00e9us Desportivos \u201cO Minhoto\u201d\" \/>\n<meta property=\"og:description\" content=\"O Centro Cultural de Viana do Castelo vai acolher, a 23 de mar\u00e7o, a XXIII Gala de Entrega dos Trof\u00e9us Desportivos \u201cO Minhoto\u201d. A iniciativa, que contar\u00e1 com a presen\u00e7a de meio milhar de convidados da regi\u00e3o e pa\u00eds, tem como objetivo &#8220;reconhecer e premiar publicamente o m\u00e9rito de atletas, clubes, dirigentes desportivos, treinadores e [&hellip;]\" \/>\n<meta property=\"og:url\" content=\"https:\/\/www.altominho.tv\/site\/2020\/02\/05\/viana-do-castelo-acolhe-xxiii-gala-dos-trofeus-desportivos-o-minhoto\/\" \/>\n<meta property=\"og:site_name\" content=\"Altominho.tv\" \/>\n<meta property=\"article:publisher\" content=\"https:\/\/www.facebook.com\/altominhotv\" \/>\n<meta property=\"article:published_time\" content=\"2020-02-05T11:28:27+00:00\" \/>\n<meta property=\"article:modified_time\" content=\"2020-02-05T11:28:41+00:00\" \/>\n<meta property=\"og:image\" content=\"https:\/\/www.altominho.tv\/site\/wp-content\/uploads\/2020\/02\/Gala-scaled.jpg\" \/>\n\t<meta property=\"og:image:width\" content=\"2560\" \/>\n\t<meta property=\"og:image:height\" content=\"1706\" \/>\n\t<meta property=\"og:image:type\" content=\"image\/jpeg\" \/>\n<meta name=\"author\" content=\"Andreia Ferreira\" \/>\n<meta name=\"twitter:card\" content=\"summary_large_image\" \/>\n<meta name=\"twitter:creator\" content=\"@altominhoTV\" \/>\n<meta name=\"twitter:site\" content=\"@altominhoTV\" \/>\n<meta name=\"twitter:label1\" content=\"Escrito por\" \/>\n\t<meta name=\"twitter:data1\" content=\"Andreia Ferreira\" \/>\n\t<meta name=\"twitter:label2\" content=\"Tempo estimado de leitura\" \/>\n\t<meta name=\"twitter:data2\" content=\"1 minuto\" \/>\n<script type=\"application\/ld+json\" class=\"yoast-schema-graph\">{\"@context\":\"https:\\\/\\\/schema.org\",\"@graph\":[{\"@type\":\"Article\",\"@id\":\"https:\\\/\\\/www.altominho.tv\\\/site\\\/2020\\\/02\\\/05\\\/viana-do-castelo-acolhe-xxiii-gala-dos-trofeus-desportivos-o-minhoto\\\/#article\",\"isPartOf\":{\"@id\":\"https:\\\/\\\/www.altominho.tv\\\/site\\\/2020\\\/02\\\/05\\\/viana-do-castelo-acolhe-xxiii-gala-dos-trofeus-desportivos-o-minhoto\\\/\"},\"author\":{\"name\":\"Andreia Ferreira\",\"@id\":\"https:\\\/\\\/www.altominho.tv\\\/site\\\/#\\\/schema\\\/person\\\/d9be4265364723f14ea8e0d56a1d38cd\"},\"headline\":\"Viana do Castelo acolhe XXIII Gala dos Trof\u00e9us Desportivos \u201cO Minhoto\u201d\",\"datePublished\":\"2020-02-05T11:28:27+00:00\",\"dateModified\":\"2020-02-05T11:28:41+00:00\",\"mainEntityOfPage\":{\"@id\":\"https:\\\/\\\/www.altominho.tv\\\/site\\\/2020\\\/02\\\/05\\\/viana-do-castelo-acolhe-xxiii-gala-dos-trofeus-desportivos-o-minhoto\\\/\"},\"wordCount\":252,\"image\":{\"@id\":\"https:\\\/\\\/www.altominho.tv\\\/site\\\/2020\\\/02\\\/05\\\/viana-do-castelo-acolhe-xxiii-gala-dos-trofeus-desportivos-o-minhoto\\\/#primaryimage\"},\"thumbnailUrl\":\"https:\\\/\\\/www.altominho.tv\\\/site\\\/wp-content\\\/uploads\\\/2020\\\/02\\\/Gala-scaled.jpg\",\"keywords\":[\"Desporto\",\"Sociedade\"],\"articleSection\":[\"Viana do Castelo\"],\"inLanguage\":\"pt-PT\",\"copyrightYear\":\"2020\",\"copyrightHolder\":{\"@id\":\"https:\\\/\\\/www.altominho.tv\\\/site\\\/#organization\"}},{\"@type\":\"WebPage\",\"@id\":\"https:\\\/\\\/www.altominho.tv\\\/site\\\/2020\\\/02\\\/05\\\/viana-do-castelo-acolhe-xxiii-gala-dos-trofeus-desportivos-o-minhoto\\\/\",\"url\":\"https:\\\/\\\/www.altominho.tv\\\/site\\\/2020\\\/02\\\/05\\\/viana-do-castelo-acolhe-xxiii-gala-dos-trofeus-desportivos-o-minhoto\\\/\",\"name\":\"Viana do Castelo acolhe XXIII Gala dos Trof\u00e9us Desportivos \u201cO Minhoto\u201d\",\"isPartOf\":{\"@id\":\"https:\\\/\\\/www.altominho.tv\\\/site\\\/#website\"},\"primaryImageOfPage\":{\"@id\":\"https:\\\/\\\/www.altominho.tv\\\/site\\\/2020\\\/02\\\/05\\\/viana-do-castelo-acolhe-xxiii-gala-dos-trofeus-desportivos-o-minhoto\\\/#primaryimage\"},\"image\":{\"@id\":\"https:\\\/\\\/www.altominho.tv\\\/site\\\/2020\\\/02\\\/05\\\/viana-do-castelo-acolhe-xxiii-gala-dos-trofeus-desportivos-o-minhoto\\\/#primaryimage\"},\"thumbnailUrl\":\"https:\\\/\\\/www.altominho.tv\\\/site\\\/wp-content\\\/uploads\\\/2020\\\/02\\\/Gala-scaled.jpg\",\"datePublished\":\"2020-02-05T11:28:27+00:00\",\"dateModified\":\"2020-02-05T11:28:41+00:00\",\"author\":{\"@id\":\"https:\\\/\\\/www.altominho.tv\\\/site\\\/#\\\/schema\\\/person\\\/d9be4265364723f14ea8e0d56a1d38cd\"},\"breadcrumb\":{\"@id\":\"https:\\\/\\\/www.altominho.tv\\\/site\\\/2020\\\/02\\\/05\\\/viana-do-castelo-acolhe-xxiii-gala-dos-trofeus-desportivos-o-minhoto\\\/#breadcrumb\"},\"inLanguage\":\"pt-PT\",\"potentialAction\":[{\"@type\":\"ReadAction\",\"target\":[\"https:\\\/\\\/www.altominho.tv\\\/site\\\/2020\\\/02\\\/05\\\/viana-do-castelo-acolhe-xxiii-gala-dos-trofeus-desportivos-o-minhoto\\\/\"]}]},{\"@type\":\"ImageObject\",\"inLanguage\":\"pt-PT\",\"@id\":\"https:\\\/\\\/www.altominho.tv\\\/site\\\/2020\\\/02\\\/05\\\/viana-do-castelo-acolhe-xxiii-gala-dos-trofeus-desportivos-o-minhoto\\\/#primaryimage\",\"url\":\"https:\\\/\\\/www.altominho.tv\\\/site\\\/wp-content\\\/uploads\\\/2020\\\/02\\\/Gala-scaled.jpg\",\"contentUrl\":\"https:\\\/\\\/www.altominho.tv\\\/site\\\/wp-content\\\/uploads\\\/2020\\\/02\\\/Gala-scaled.jpg\",\"width\":2560,\"height\":1706,\"caption\":\"CM VIANA DO CASTELO\"},{\"@type\":\"BreadcrumbList\",\"@id\":\"https:\\\/\\\/www.altominho.tv\\\/site\\\/2020\\\/02\\\/05\\\/viana-do-castelo-acolhe-xxiii-gala-dos-trofeus-desportivos-o-minhoto\\\/#breadcrumb\",\"itemListElement\":[{\"@type\":\"ListItem\",\"position\":1,\"name\":\"In\u00edcio\",\"item\":\"https:\\\/\\\/www.altominho.tv\\\/site\\\/\"},{\"@type\":\"ListItem\",\"position\":2,\"name\":\"Viana do Castelo acolhe XXIII Gala dos Trof\u00e9us Desportivos \u201cO Minhoto\u201d\"}]},{\"@type\":\"WebSite\",\"@id\":\"https:\\\/\\\/www.altominho.tv\\\/site\\\/#website\",\"url\":\"https:\\\/\\\/www.altominho.tv\\\/site\\\/\",\"name\":\"Altominho.tv\",\"description\":\"A sua regi\u00e3o \u00e0 dist\u00e2ncia de um clique...\",\"potentialAction\":[{\"@type\":\"SearchAction\",\"target\":{\"@type\":\"EntryPoint\",\"urlTemplate\":\"https:\\\/\\\/www.altominho.tv\\\/site\\\/?s={search_term_string}\"},\"query-input\":{\"@type\":\"PropertyValueSpecification\",\"valueRequired\":true,\"valueName\":\"search_term_string\"}}],\"inLanguage\":\"pt-PT\"},{\"@type\":\"Person\",\"@id\":\"https:\\\/\\\/www.altominho.tv\\\/site\\\/#\\\/schema\\\/person\\\/d9be4265364723f14ea8e0d56a1d38cd\",\"name\":\"Andreia Ferreira\",\"image\":{\"@type\":\"ImageObject\",\"inLanguage\":\"pt-PT\",\"@id\":\"https:\\\/\\\/www.altominho.tv\\\/site\\\/wp-content\\\/uploads\\\/2021\\\/01\\\/AndreiaFerreira-150x150.jpg\",\"url\":\"https:\\\/\\\/www.altominho.tv\\\/site\\\/wp-content\\\/uploads\\\/2021\\\/01\\\/AndreiaFerreira-150x150.jpg\",\"contentUrl\":\"https:\\\/\\\/www.altominho.tv\\\/site\\\/wp-content\\\/uploads\\\/2021\\\/01\\\/AndreiaFerreira-150x150.jpg\",\"caption\":\"Andreia Ferreira\"},\"url\":\"https:\\\/\\\/www.altominho.tv\\\/site\\\/author\\\/andreiaferreira\\\/\"}]}<\/script>\n<!-- \/ Yoast SEO Premium plugin. -->","yoast_head_json":{"title":"Viana do Castelo acolhe XXIII Gala dos Trof\u00e9us Desportivos \u201cO Minhoto\u201d","robots":{"index":"index","follow":"follow","max-snippet":"max-snippet:-1","max-image-preview":"max-image-preview:large","max-video-preview":"max-video-preview:-1"},"canonical":"https:\/\/www.altominho.tv\/site\/2020\/02\/05\/viana-do-castelo-acolhe-xxiii-gala-dos-trofeus-desportivos-o-minhoto\/","og_locale":"pt_PT","og_type":"article","og_title":"Viana do Castelo acolhe XXIII Gala dos Trof\u00e9us Desportivos \u201cO Minhoto\u201d","og_description":"O Centro Cultural de Viana do Castelo vai acolher, a 23 de mar\u00e7o, a XXIII Gala de Entrega dos Trof\u00e9us Desportivos \u201cO Minhoto\u201d. A iniciativa, que contar\u00e1 com a presen\u00e7a de meio milhar de convidados da regi\u00e3o e pa\u00eds, tem como objetivo &#8220;reconhecer e premiar publicamente o m\u00e9rito de atletas, clubes, dirigentes desportivos, treinadores e [&hellip;]","og_url":"https:\/\/www.altominho.tv\/site\/2020\/02\/05\/viana-do-castelo-acolhe-xxiii-gala-dos-trofeus-desportivos-o-minhoto\/","og_site_name":"Altominho.tv","article_publisher":"https:\/\/www.facebook.com\/altominhotv","article_published_time":"2020-02-05T11:28:27+00:00","article_modified_time":"2020-02-05T11:28:41+00:00","og_image":[{"width":2560,"height":1706,"url":"https:\/\/www.altominho.tv\/site\/wp-content\/uploads\/2020\/02\/Gala-scaled.jpg","type":"image\/jpeg"}],"author":"Andreia Ferreira","twitter_card":"summary_large_image","twitter_creator":"@altominhoTV","twitter_site":"@altominhoTV","twitter_misc":{"Escrito por":"Andreia Ferreira","Tempo estimado de leitura":"1 minuto"},"schema":{"@context":"https:\/\/schema.org","@graph":[{"@type":"Article","@id":"https:\/\/www.altominho.tv\/site\/2020\/02\/05\/viana-do-castelo-acolhe-xxiii-gala-dos-trofeus-desportivos-o-minhoto\/#article","isPartOf":{"@id":"https:\/\/www.altominho.tv\/site\/2020\/02\/05\/viana-do-castelo-acolhe-xxiii-gala-dos-trofeus-desportivos-o-minhoto\/"},"author":{"name":"Andreia Ferreira","@id":"https:\/\/www.altominho.tv\/site\/#\/schema\/person\/d9be4265364723f14ea8e0d56a1d38cd"},"headline":"Viana do Castelo acolhe XXIII Gala dos Trof\u00e9us Desportivos \u201cO Minhoto\u201d","datePublished":"2020-02-05T11:28:27+00:00","dateModified":"2020-02-05T11:28:41+00:00","mainEntityOfPage":{"@id":"https:\/\/www.altominho.tv\/site\/2020\/02\/05\/viana-do-castelo-acolhe-xxiii-gala-dos-trofeus-desportivos-o-minhoto\/"},"wordCount":252,"image":{"@id":"https:\/\/www.altominho.tv\/site\/2020\/02\/05\/viana-do-castelo-acolhe-xxiii-gala-dos-trofeus-desportivos-o-minhoto\/#primaryimage"},"thumbnailUrl":"https:\/\/www.altominho.tv\/site\/wp-content\/uploads\/2020\/02\/Gala-scaled.jpg","keywords":["Desporto","Sociedade"],"articleSection":["Viana do Castelo"],"inLanguage":"pt-PT","copyrightYear":"2020","copyrightHolder":{"@id":"https:\/\/www.altominho.tv\/site\/#organization"}},{"@type":"WebPage","@id":"https:\/\/www.altominho.tv\/site\/2020\/02\/05\/viana-do-castelo-acolhe-xxiii-gala-dos-trofeus-desportivos-o-minhoto\/","url":"https:\/\/www.altominho.tv\/site\/2020\/02\/05\/viana-do-castelo-acolhe-xxiii-gala-dos-trofeus-desportivos-o-minhoto\/","name":"Viana do Castelo acolhe XXIII Gala dos Trof\u00e9us Desportivos \u201cO Minhoto\u201d","isPartOf":{"@id":"https:\/\/www.altominho.tv\/site\/#website"},"primaryImageOfPage":{"@id":"https:\/\/www.altominho.tv\/site\/2020\/02\/05\/viana-do-castelo-acolhe-xxiii-gala-dos-trofeus-desportivos-o-minhoto\/#primaryimage"},"image":{"@id":"https:\/\/www.altominho.tv\/site\/2020\/02\/05\/viana-do-castelo-acolhe-xxiii-gala-dos-trofeus-desportivos-o-minhoto\/#primaryimage"},"thumbnailUrl":"https:\/\/www.altominho.tv\/site\/wp-content\/uploads\/2020\/02\/Gala-scaled.jpg","datePublished":"2020-02-05T11:28:27+00:00","dateModified":"2020-02-05T11:28:41+00:00","author":{"@id":"https:\/\/www.altominho.tv\/site\/#\/schema\/person\/d9be4265364723f14ea8e0d56a1d38cd"},"breadcrumb":{"@id":"https:\/\/www.altominho.tv\/site\/2020\/02\/05\/viana-do-castelo-acolhe-xxiii-gala-dos-trofeus-desportivos-o-minhoto\/#breadcrumb"},"inLanguage":"pt-PT","potentialAction":[{"@type":"ReadAction","target":["https:\/\/www.altominho.tv\/site\/2020\/02\/05\/viana-do-castelo-acolhe-xxiii-gala-dos-trofeus-desportivos-o-minhoto\/"]}]},{"@type":"ImageObject","inLanguage":"pt-PT","@id":"https:\/\/www.altominho.tv\/site\/2020\/02\/05\/viana-do-castelo-acolhe-xxiii-gala-dos-trofeus-desportivos-o-minhoto\/#primaryimage","url":"https:\/\/www.altominho.tv\/site\/wp-content\/uploads\/2020\/02\/Gala-scaled.jpg","contentUrl":"https:\/\/www.altominho.tv\/site\/wp-content\/uploads\/2020\/02\/Gala-scaled.jpg","width":2560,"height":1706,"caption":"CM VIANA DO CASTELO"},{"@type":"BreadcrumbList","@id":"https:\/\/www.altominho.tv\/site\/2020\/02\/05\/viana-do-castelo-acolhe-xxiii-gala-dos-trofeus-desportivos-o-minhoto\/#breadcrumb","itemListElement":[{"@type":"ListItem","position":1,"name":"In\u00edcio","item":"https:\/\/www.altominho.tv\/site\/"},{"@type":"ListItem","position":2,"name":"Viana do Castelo acolhe XXIII Gala dos Trof\u00e9us Desportivos \u201cO Minhoto\u201d"}]},{"@type":"WebSite","@id":"https:\/\/www.altominho.tv\/site\/#website","url":"https:\/\/www.altominho.tv\/site\/","name":"Altominho.tv","description":"A sua regi\u00e3o \u00e0 dist\u00e2ncia de um clique...","potentialAction":[{"@type":"SearchAction","target":{"@type":"EntryPoint","urlTemplate":"https:\/\/www.altominho.tv\/site\/?s={search_term_string}"},"query-input":{"@type":"PropertyValueSpecification","valueRequired":true,"valueName":"search_term_string"}}],"inLanguage":"pt-PT"},{"@type":"Person","@id":"https:\/\/www.altominho.tv\/site\/#\/schema\/person\/d9be4265364723f14ea8e0d56a1d38cd","name":"Andreia Ferreira","image":{"@type":"ImageObject","inLanguage":"pt-PT","@id":"https:\/\/www.altominho.tv\/site\/wp-content\/uploads\/2021\/01\/AndreiaFerreira-150x150.jpg","url":"https:\/\/www.altominho.tv\/site\/wp-content\/uploads\/2021\/01\/AndreiaFerreira-150x150.jpg","contentUrl":"https:\/\/www.altominho.tv\/site\/wp-content\/uploads\/2021\/01\/AndreiaFerreira-150x150.jpg","caption":"Andreia Ferreira"},"url":"https:\/\/www.altominho.tv\/site\/author\/andreiaferreira\/"}]}},"_links":{"self":[{"href":"https:\/\/www.altominho.tv\/site\/wp-json\/wp\/v2\/posts\/39906","targetHints":{"allow":["GET"]}}],"collection":[{"href":"https:\/\/www.altominho.tv\/site\/wp-json\/wp\/v2\/posts"}],"about":[{"href":"https:\/\/www.altominho.tv\/site\/wp-json\/wp\/v2\/types\/post"}],"author":[{"embeddable":true,"href":"https:\/\/www.altominho.tv\/site\/wp-json\/wp\/v2\/users\/12"}],"replies":[{"embeddable":true,"href":"https:\/\/www.altominho.tv\/site\/wp-json\/wp\/v2\/comments?post=39906"}],"version-history":[{"count":0,"href":"https:\/\/www.altominho.tv\/site\/wp-json\/wp\/v2\/posts\/39906\/revisions"}],"wp:featuredmedia":[{"embeddable":true,"href":"https:\/\/www.altominho.tv\/site\/wp-json\/wp\/v2\/media\/39908"}],"wp:attachment":[{"href":"https:\/\/www.altominho.tv\/site\/wp-json\/wp\/v2\/media?parent=39906"}],"wp:term":[{"taxonomy":"category","embeddable":true,"href":"https:\/\/www.altominho.tv\/site\/wp-json\/wp\/v2\/categories?post=39906"},{"taxonomy":"post_tag","embeddable":true,"href":"https:\/\/www.altominho.tv\/site\/wp-json\/wp\/v2\/tags?post=39906"}],"curies":[{"name":"wp","href":"https:\/\/api.w.org\/{rel}","templated":true}]}}