{"id":39764,"date":"2020-02-03T09:35:35","date_gmt":"2020-02-03T09:35:35","guid":{"rendered":"http:\/\/www.altominho.tv\/site\/?p=39764"},"modified":"2020-02-03T09:37:14","modified_gmt":"2020-02-03T09:37:14","slug":"investimento-de-quase-350-mil-euros-requalifica-parque-escolar-de-moncao","status":"publish","type":"post","link":"https:\/\/www.altominho.tv\/site\/2020\/02\/03\/investimento-de-quase-350-mil-euros-requalifica-parque-escolar-de-moncao\/","title":{"rendered":"Investimento de quase 350 mil euros requalifica Parque Escolar de Mon\u00e7\u00e3o"},"content":{"rendered":"<p>A C\u00e2mara de Mon\u00e7\u00e3o anunciou que j\u00e1 investiu, desde outubro de 2017, quase 350 mil euros nas interven\u00e7\u00f5es realizadas no Parque Escolar do concelho.<\/p>\n<p>Segundo a autarquia, foram investidos mais de 93 mil euros na Escola Secund\u00e1ria de Mon\u00e7\u00e3o, tendo os trabalhos incidido na &#8220;substitui\u00e7\u00e3o das coberturas do pavilh\u00e3o desportivo, do balne\u00e1rio do campo de jogos e dois edif\u00edcios de salas de aulas&#8221;.<\/p>\n<p>Na Escola B\u00e1sica do Vale do Mouro, em Tangil, onde tamb\u00e9m foram substitu\u00eddas as coberturas dos edif\u00edcios, o investimento foi superior a 58 mil euros.<\/p>\n<p>O Pavilh\u00e3o Desportivo da EB 2,3 de Mon\u00e7\u00e3o foi objeto de uma interven\u00e7\u00e3o exterior na ordem dos 53 mil euros, enquanto os trabalhos de beneficia\u00e7\u00e3o no Pavilh\u00e3o Desportivo da EB 1 e JI de Pias representaram um investimento superior a 56 mil euros.<\/p>\n<p><img loading=\"lazy\" decoding=\"async\" class=\"alignnone size-medium wp-image-39765\" src=\"http:\/\/www.altominho.tv\/site\/wp-content\/uploads\/2020\/02\/pavilh\u00e3o-g-577x433.jpg\" alt=\"\" width=\"577\" height=\"433\" srcset=\"https:\/\/www.altominho.tv\/site\/wp-content\/uploads\/2020\/02\/pavilh\u00e3o-g-577x433.jpg 577w, https:\/\/www.altominho.tv\/site\/wp-content\/uploads\/2020\/02\/pavilh\u00e3o-g-1024x768.jpg 1024w, https:\/\/www.altominho.tv\/site\/wp-content\/uploads\/2020\/02\/pavilh\u00e3o-g-768x576.jpg 768w, https:\/\/www.altominho.tv\/site\/wp-content\/uploads\/2020\/02\/pavilh\u00e3o-g-1536x1152.jpg 1536w, https:\/\/www.altominho.tv\/site\/wp-content\/uploads\/2020\/02\/pavilh\u00e3o-g-2048x1536.jpg 2048w, https:\/\/www.altominho.tv\/site\/wp-content\/uploads\/2020\/02\/pavilh\u00e3o-g-370x278.jpg 370w, https:\/\/www.altominho.tv\/site\/wp-content\/uploads\/2020\/02\/pavilh\u00e3o-g-270x203.jpg 270w, https:\/\/www.altominho.tv\/site\/wp-content\/uploads\/2020\/02\/pavilh\u00e3o-g-570x428.jpg 570w, https:\/\/www.altominho.tv\/site\/wp-content\/uploads\/2020\/02\/pavilh\u00e3o-g-740x555.jpg 740w, https:\/\/www.altominho.tv\/site\/wp-content\/uploads\/2020\/02\/pavilh\u00e3o-g-80x60.jpg 80w\" sizes=\"auto, (max-width: 577px) 100vw, 577px\" \/><\/p>\n<p>A interven\u00e7\u00e3o na Escola B\u00e1sica Jos\u00e9 Pinheiro Gon\u00e7alves, em Mon\u00e7\u00e3o, fez-se ao n\u00edvel da climatiza\u00e7\u00e3o\/ar condicionado nos diversos espa\u00e7os existentes nos dois pisos da escola, bem como na coloca\u00e7\u00e3o de relva sint\u00e9tica na zona do recreio, num investimento de cerca de 51 mil euros.<\/p>\n<p>Al\u00e9m destas empreitadas, decorreram ainda trabalhos de beneficia\u00e7\u00e3o no Jardim de Inf\u00e2ncia de Cortes e no Centro Escolar da Estrada, em Mazedo. Num investimento pr\u00f3ximo dos 30 mil euros, as obras realizaram-se no interior e exterior, constando de coloca\u00e7\u00e3o de pavimento amortecedor e melhoramento nas salas de aulas, corredores, cantina e refeit\u00f3rio.<\/p>\n<p>No total, as interven\u00e7\u00f5es &#8220;representam um investimento de 343.085,72 euros, distribu\u00eddo por todos os estabelecimentos de ensino&#8221;, refere o munic\u00edpio em comunicado.<\/p>\n<p>\u201cOs trabalhos de requalifica\u00e7\u00e3o permitiram dotar os estabelecimentos de ensino com condi\u00e7\u00f5es adequadas de conforto e de aprendizagem, fortalecendo o desenvolvimento da componente desportiva quer em contexto escolar quer junto das coletividades locais que, em hor\u00e1rio p\u00f3s-letivo, utilizam as respetivas estruturas\u201d, sustenta o presidente da C\u00e2mara de Mon\u00e7\u00e3o, Ant\u00f3nio Barbosa, citado na nota enviada \u00e0 imprensa.<\/p>\n<p>No ano letivo, a autarquia prev\u00ea uma dota\u00e7\u00e3o superior a 131 mil euros, para dar continuidade ao trabalho de valoriza\u00e7\u00e3o do parque escolar. Com interven\u00e7\u00f5es em todas as escolas, destacam as empreitadas previstas para a Escola B\u00e1sica do Vale do Mouro, em Tangil, e o Pavilh\u00e3o Desportivo da EB 2,3 de Mon\u00e7\u00e3o.<\/p>\n","protected":false},"excerpt":{"rendered":"<p>A C\u00e2mara de Mon\u00e7\u00e3o anunciou que j\u00e1 investiu, desde outubro de 2017, quase 350 mil euros nas interven\u00e7\u00f5es realizadas no Parque Escolar do concelho. Segundo a autarquia, foram investidos mais de 93 mil euros na Escola Secund\u00e1ria de Mon\u00e7\u00e3o, tendo os trabalhos incidido na &#8220;substitui\u00e7\u00e3o das coberturas do pavilh\u00e3o desportivo, do balne\u00e1rio do campo de [&hellip;]<\/p>\n","protected":false},"author":12,"featured_media":39767,"comment_status":"closed","ping_status":"closed","sticky":false,"template":"","format":"standard","meta":{"_exactmetrics_skip_tracking":false,"footnotes":""},"categories":[9],"tags":[22],"class_list":["post-39764","post","type-post","status-publish","format-standard","has-post-thumbnail","hentry","category-moncao","tag-educacao"],"yoast_head":"<!-- This site is optimized with the Yoast SEO Premium plugin v28.3 (Yoast SEO v28.3) - https:\/\/yoast.com\/product\/yoast-seo-premium-wordpress\/ -->\n<title>Investimento de quase 350 mil euros requalifica Parque Escolar de Mon\u00e7\u00e3o<\/title>\n<meta name=\"robots\" content=\"index, follow, max-snippet:-1, max-image-preview:large, max-video-preview:-1\" \/>\n<link rel=\"canonical\" href=\"https:\/\/www.altominho.tv\/site\/2020\/02\/03\/investimento-de-quase-350-mil-euros-requalifica-parque-escolar-de-moncao\/\" \/>\n<meta property=\"og:locale\" content=\"pt_PT\" \/>\n<meta property=\"og:type\" content=\"article\" \/>\n<meta property=\"og:title\" content=\"Investimento de quase 350 mil euros requalifica Parque Escolar de Mon\u00e7\u00e3o\" \/>\n<meta property=\"og:description\" content=\"A C\u00e2mara de Mon\u00e7\u00e3o anunciou que j\u00e1 investiu, desde outubro de 2017, quase 350 mil euros nas interven\u00e7\u00f5es realizadas no Parque Escolar do concelho. Segundo a autarquia, foram investidos mais de 93 mil euros na Escola Secund\u00e1ria de Mon\u00e7\u00e3o, tendo os trabalhos incidido na &#8220;substitui\u00e7\u00e3o das coberturas do pavilh\u00e3o desportivo, do balne\u00e1rio do campo de [&hellip;]\" \/>\n<meta property=\"og:url\" content=\"https:\/\/www.altominho.tv\/site\/2020\/02\/03\/investimento-de-quase-350-mil-euros-requalifica-parque-escolar-de-moncao\/\" \/>\n<meta property=\"og:site_name\" content=\"Altominho.tv\" \/>\n<meta property=\"article:publisher\" content=\"https:\/\/www.facebook.com\/altominhotv\" \/>\n<meta property=\"article:published_time\" content=\"2020-02-03T09:35:35+00:00\" \/>\n<meta property=\"article:modified_time\" content=\"2020-02-03T09:37:14+00:00\" \/>\n<meta property=\"og:image\" content=\"https:\/\/www.altominho.tv\/site\/wp-content\/uploads\/2020\/02\/Pinheiro-goncalves-scaled.jpg\" \/>\n\t<meta property=\"og:image:width\" content=\"2560\" \/>\n\t<meta property=\"og:image:height\" content=\"1597\" \/>\n\t<meta property=\"og:image:type\" content=\"image\/jpeg\" \/>\n<meta name=\"author\" content=\"Andreia Ferreira\" \/>\n<meta name=\"twitter:card\" content=\"summary_large_image\" \/>\n<meta name=\"twitter:creator\" content=\"@altominhoTV\" \/>\n<meta name=\"twitter:site\" content=\"@altominhoTV\" \/>\n<meta name=\"twitter:label1\" content=\"Escrito por\" \/>\n\t<meta name=\"twitter:data1\" content=\"Andreia Ferreira\" \/>\n\t<meta name=\"twitter:label2\" content=\"Tempo estimado de leitura\" \/>\n\t<meta name=\"twitter:data2\" content=\"2 minutos\" \/>\n<script type=\"application\/ld+json\" class=\"yoast-schema-graph\">{\"@context\":\"https:\\\/\\\/schema.org\",\"@graph\":[{\"@type\":\"Article\",\"@id\":\"https:\\\/\\\/www.altominho.tv\\\/site\\\/2020\\\/02\\\/03\\\/investimento-de-quase-350-mil-euros-requalifica-parque-escolar-de-moncao\\\/#article\",\"isPartOf\":{\"@id\":\"https:\\\/\\\/www.altominho.tv\\\/site\\\/2020\\\/02\\\/03\\\/investimento-de-quase-350-mil-euros-requalifica-parque-escolar-de-moncao\\\/\"},\"author\":{\"name\":\"Andreia Ferreira\",\"@id\":\"https:\\\/\\\/www.altominho.tv\\\/site\\\/#\\\/schema\\\/person\\\/d9be4265364723f14ea8e0d56a1d38cd\"},\"headline\":\"Investimento de quase 350 mil euros requalifica Parque Escolar de Mon\u00e7\u00e3o\",\"datePublished\":\"2020-02-03T09:35:35+00:00\",\"dateModified\":\"2020-02-03T09:37:14+00:00\",\"mainEntityOfPage\":{\"@id\":\"https:\\\/\\\/www.altominho.tv\\\/site\\\/2020\\\/02\\\/03\\\/investimento-de-quase-350-mil-euros-requalifica-parque-escolar-de-moncao\\\/\"},\"wordCount\":404,\"image\":{\"@id\":\"https:\\\/\\\/www.altominho.tv\\\/site\\\/2020\\\/02\\\/03\\\/investimento-de-quase-350-mil-euros-requalifica-parque-escolar-de-moncao\\\/#primaryimage\"},\"thumbnailUrl\":\"https:\\\/\\\/www.altominho.tv\\\/site\\\/wp-content\\\/uploads\\\/2020\\\/02\\\/Pinheiro-goncalves-scaled.jpg\",\"keywords\":[\"Educa\u00e7\u00e3o\"],\"articleSection\":[\"Mon\u00e7\u00e3o\"],\"inLanguage\":\"pt-PT\",\"copyrightYear\":\"2020\",\"copyrightHolder\":{\"@id\":\"https:\\\/\\\/www.altominho.tv\\\/site\\\/#organization\"}},{\"@type\":\"WebPage\",\"@id\":\"https:\\\/\\\/www.altominho.tv\\\/site\\\/2020\\\/02\\\/03\\\/investimento-de-quase-350-mil-euros-requalifica-parque-escolar-de-moncao\\\/\",\"url\":\"https:\\\/\\\/www.altominho.tv\\\/site\\\/2020\\\/02\\\/03\\\/investimento-de-quase-350-mil-euros-requalifica-parque-escolar-de-moncao\\\/\",\"name\":\"Investimento de quase 350 mil euros requalifica Parque Escolar de Mon\u00e7\u00e3o\",\"isPartOf\":{\"@id\":\"https:\\\/\\\/www.altominho.tv\\\/site\\\/#website\"},\"primaryImageOfPage\":{\"@id\":\"https:\\\/\\\/www.altominho.tv\\\/site\\\/2020\\\/02\\\/03\\\/investimento-de-quase-350-mil-euros-requalifica-parque-escolar-de-moncao\\\/#primaryimage\"},\"image\":{\"@id\":\"https:\\\/\\\/www.altominho.tv\\\/site\\\/2020\\\/02\\\/03\\\/investimento-de-quase-350-mil-euros-requalifica-parque-escolar-de-moncao\\\/#primaryimage\"},\"thumbnailUrl\":\"https:\\\/\\\/www.altominho.tv\\\/site\\\/wp-content\\\/uploads\\\/2020\\\/02\\\/Pinheiro-goncalves-scaled.jpg\",\"datePublished\":\"2020-02-03T09:35:35+00:00\",\"dateModified\":\"2020-02-03T09:37:14+00:00\",\"author\":{\"@id\":\"https:\\\/\\\/www.altominho.tv\\\/site\\\/#\\\/schema\\\/person\\\/d9be4265364723f14ea8e0d56a1d38cd\"},\"breadcrumb\":{\"@id\":\"https:\\\/\\\/www.altominho.tv\\\/site\\\/2020\\\/02\\\/03\\\/investimento-de-quase-350-mil-euros-requalifica-parque-escolar-de-moncao\\\/#breadcrumb\"},\"inLanguage\":\"pt-PT\",\"potentialAction\":[{\"@type\":\"ReadAction\",\"target\":[\"https:\\\/\\\/www.altominho.tv\\\/site\\\/2020\\\/02\\\/03\\\/investimento-de-quase-350-mil-euros-requalifica-parque-escolar-de-moncao\\\/\"]}]},{\"@type\":\"ImageObject\",\"inLanguage\":\"pt-PT\",\"@id\":\"https:\\\/\\\/www.altominho.tv\\\/site\\\/2020\\\/02\\\/03\\\/investimento-de-quase-350-mil-euros-requalifica-parque-escolar-de-moncao\\\/#primaryimage\",\"url\":\"https:\\\/\\\/www.altominho.tv\\\/site\\\/wp-content\\\/uploads\\\/2020\\\/02\\\/Pinheiro-goncalves-scaled.jpg\",\"contentUrl\":\"https:\\\/\\\/www.altominho.tv\\\/site\\\/wp-content\\\/uploads\\\/2020\\\/02\\\/Pinheiro-goncalves-scaled.jpg\",\"width\":2560,\"height\":1597},{\"@type\":\"BreadcrumbList\",\"@id\":\"https:\\\/\\\/www.altominho.tv\\\/site\\\/2020\\\/02\\\/03\\\/investimento-de-quase-350-mil-euros-requalifica-parque-escolar-de-moncao\\\/#breadcrumb\",\"itemListElement\":[{\"@type\":\"ListItem\",\"position\":1,\"name\":\"In\u00edcio\",\"item\":\"https:\\\/\\\/www.altominho.tv\\\/site\\\/\"},{\"@type\":\"ListItem\",\"position\":2,\"name\":\"Investimento de quase 350 mil euros requalifica Parque Escolar de Mon\u00e7\u00e3o\"}]},{\"@type\":\"WebSite\",\"@id\":\"https:\\\/\\\/www.altominho.tv\\\/site\\\/#website\",\"url\":\"https:\\\/\\\/www.altominho.tv\\\/site\\\/\",\"name\":\"Altominho.tv\",\"description\":\"A sua regi\u00e3o \u00e0 dist\u00e2ncia de um clique...\",\"potentialAction\":[{\"@type\":\"SearchAction\",\"target\":{\"@type\":\"EntryPoint\",\"urlTemplate\":\"https:\\\/\\\/www.altominho.tv\\\/site\\\/?s={search_term_string}\"},\"query-input\":{\"@type\":\"PropertyValueSpecification\",\"valueRequired\":true,\"valueName\":\"search_term_string\"}}],\"inLanguage\":\"pt-PT\"},{\"@type\":\"Person\",\"@id\":\"https:\\\/\\\/www.altominho.tv\\\/site\\\/#\\\/schema\\\/person\\\/d9be4265364723f14ea8e0d56a1d38cd\",\"name\":\"Andreia Ferreira\",\"image\":{\"@type\":\"ImageObject\",\"inLanguage\":\"pt-PT\",\"@id\":\"https:\\\/\\\/www.altominho.tv\\\/site\\\/wp-content\\\/uploads\\\/2021\\\/01\\\/AndreiaFerreira-150x150.jpg\",\"url\":\"https:\\\/\\\/www.altominho.tv\\\/site\\\/wp-content\\\/uploads\\\/2021\\\/01\\\/AndreiaFerreira-150x150.jpg\",\"contentUrl\":\"https:\\\/\\\/www.altominho.tv\\\/site\\\/wp-content\\\/uploads\\\/2021\\\/01\\\/AndreiaFerreira-150x150.jpg\",\"caption\":\"Andreia Ferreira\"},\"url\":\"https:\\\/\\\/www.altominho.tv\\\/site\\\/author\\\/andreiaferreira\\\/\"}]}<\/script>\n<!-- \/ Yoast SEO Premium plugin. -->","yoast_head_json":{"title":"Investimento de quase 350 mil euros requalifica Parque Escolar de Mon\u00e7\u00e3o","robots":{"index":"index","follow":"follow","max-snippet":"max-snippet:-1","max-image-preview":"max-image-preview:large","max-video-preview":"max-video-preview:-1"},"canonical":"https:\/\/www.altominho.tv\/site\/2020\/02\/03\/investimento-de-quase-350-mil-euros-requalifica-parque-escolar-de-moncao\/","og_locale":"pt_PT","og_type":"article","og_title":"Investimento de quase 350 mil euros requalifica Parque Escolar de Mon\u00e7\u00e3o","og_description":"A C\u00e2mara de Mon\u00e7\u00e3o anunciou que j\u00e1 investiu, desde outubro de 2017, quase 350 mil euros nas interven\u00e7\u00f5es realizadas no Parque Escolar do concelho. Segundo a autarquia, foram investidos mais de 93 mil euros na Escola Secund\u00e1ria de Mon\u00e7\u00e3o, tendo os trabalhos incidido na &#8220;substitui\u00e7\u00e3o das coberturas do pavilh\u00e3o desportivo, do balne\u00e1rio do campo de [&hellip;]","og_url":"https:\/\/www.altominho.tv\/site\/2020\/02\/03\/investimento-de-quase-350-mil-euros-requalifica-parque-escolar-de-moncao\/","og_site_name":"Altominho.tv","article_publisher":"https:\/\/www.facebook.com\/altominhotv","article_published_time":"2020-02-03T09:35:35+00:00","article_modified_time":"2020-02-03T09:37:14+00:00","og_image":[{"width":2560,"height":1597,"url":"https:\/\/www.altominho.tv\/site\/wp-content\/uploads\/2020\/02\/Pinheiro-goncalves-scaled.jpg","type":"image\/jpeg"}],"author":"Andreia Ferreira","twitter_card":"summary_large_image","twitter_creator":"@altominhoTV","twitter_site":"@altominhoTV","twitter_misc":{"Escrito por":"Andreia Ferreira","Tempo estimado de leitura":"2 minutos"},"schema":{"@context":"https:\/\/schema.org","@graph":[{"@type":"Article","@id":"https:\/\/www.altominho.tv\/site\/2020\/02\/03\/investimento-de-quase-350-mil-euros-requalifica-parque-escolar-de-moncao\/#article","isPartOf":{"@id":"https:\/\/www.altominho.tv\/site\/2020\/02\/03\/investimento-de-quase-350-mil-euros-requalifica-parque-escolar-de-moncao\/"},"author":{"name":"Andreia Ferreira","@id":"https:\/\/www.altominho.tv\/site\/#\/schema\/person\/d9be4265364723f14ea8e0d56a1d38cd"},"headline":"Investimento de quase 350 mil euros requalifica Parque Escolar de Mon\u00e7\u00e3o","datePublished":"2020-02-03T09:35:35+00:00","dateModified":"2020-02-03T09:37:14+00:00","mainEntityOfPage":{"@id":"https:\/\/www.altominho.tv\/site\/2020\/02\/03\/investimento-de-quase-350-mil-euros-requalifica-parque-escolar-de-moncao\/"},"wordCount":404,"image":{"@id":"https:\/\/www.altominho.tv\/site\/2020\/02\/03\/investimento-de-quase-350-mil-euros-requalifica-parque-escolar-de-moncao\/#primaryimage"},"thumbnailUrl":"https:\/\/www.altominho.tv\/site\/wp-content\/uploads\/2020\/02\/Pinheiro-goncalves-scaled.jpg","keywords":["Educa\u00e7\u00e3o"],"articleSection":["Mon\u00e7\u00e3o"],"inLanguage":"pt-PT","copyrightYear":"2020","copyrightHolder":{"@id":"https:\/\/www.altominho.tv\/site\/#organization"}},{"@type":"WebPage","@id":"https:\/\/www.altominho.tv\/site\/2020\/02\/03\/investimento-de-quase-350-mil-euros-requalifica-parque-escolar-de-moncao\/","url":"https:\/\/www.altominho.tv\/site\/2020\/02\/03\/investimento-de-quase-350-mil-euros-requalifica-parque-escolar-de-moncao\/","name":"Investimento de quase 350 mil euros requalifica Parque Escolar de Mon\u00e7\u00e3o","isPartOf":{"@id":"https:\/\/www.altominho.tv\/site\/#website"},"primaryImageOfPage":{"@id":"https:\/\/www.altominho.tv\/site\/2020\/02\/03\/investimento-de-quase-350-mil-euros-requalifica-parque-escolar-de-moncao\/#primaryimage"},"image":{"@id":"https:\/\/www.altominho.tv\/site\/2020\/02\/03\/investimento-de-quase-350-mil-euros-requalifica-parque-escolar-de-moncao\/#primaryimage"},"thumbnailUrl":"https:\/\/www.altominho.tv\/site\/wp-content\/uploads\/2020\/02\/Pinheiro-goncalves-scaled.jpg","datePublished":"2020-02-03T09:35:35+00:00","dateModified":"2020-02-03T09:37:14+00:00","author":{"@id":"https:\/\/www.altominho.tv\/site\/#\/schema\/person\/d9be4265364723f14ea8e0d56a1d38cd"},"breadcrumb":{"@id":"https:\/\/www.altominho.tv\/site\/2020\/02\/03\/investimento-de-quase-350-mil-euros-requalifica-parque-escolar-de-moncao\/#breadcrumb"},"inLanguage":"pt-PT","potentialAction":[{"@type":"ReadAction","target":["https:\/\/www.altominho.tv\/site\/2020\/02\/03\/investimento-de-quase-350-mil-euros-requalifica-parque-escolar-de-moncao\/"]}]},{"@type":"ImageObject","inLanguage":"pt-PT","@id":"https:\/\/www.altominho.tv\/site\/2020\/02\/03\/investimento-de-quase-350-mil-euros-requalifica-parque-escolar-de-moncao\/#primaryimage","url":"https:\/\/www.altominho.tv\/site\/wp-content\/uploads\/2020\/02\/Pinheiro-goncalves-scaled.jpg","contentUrl":"https:\/\/www.altominho.tv\/site\/wp-content\/uploads\/2020\/02\/Pinheiro-goncalves-scaled.jpg","width":2560,"height":1597},{"@type":"BreadcrumbList","@id":"https:\/\/www.altominho.tv\/site\/2020\/02\/03\/investimento-de-quase-350-mil-euros-requalifica-parque-escolar-de-moncao\/#breadcrumb","itemListElement":[{"@type":"ListItem","position":1,"name":"In\u00edcio","item":"https:\/\/www.altominho.tv\/site\/"},{"@type":"ListItem","position":2,"name":"Investimento de quase 350 mil euros requalifica Parque Escolar de Mon\u00e7\u00e3o"}]},{"@type":"WebSite","@id":"https:\/\/www.altominho.tv\/site\/#website","url":"https:\/\/www.altominho.tv\/site\/","name":"Altominho.tv","description":"A sua regi\u00e3o \u00e0 dist\u00e2ncia de um clique...","potentialAction":[{"@type":"SearchAction","target":{"@type":"EntryPoint","urlTemplate":"https:\/\/www.altominho.tv\/site\/?s={search_term_string}"},"query-input":{"@type":"PropertyValueSpecification","valueRequired":true,"valueName":"search_term_string"}}],"inLanguage":"pt-PT"},{"@type":"Person","@id":"https:\/\/www.altominho.tv\/site\/#\/schema\/person\/d9be4265364723f14ea8e0d56a1d38cd","name":"Andreia Ferreira","image":{"@type":"ImageObject","inLanguage":"pt-PT","@id":"https:\/\/www.altominho.tv\/site\/wp-content\/uploads\/2021\/01\/AndreiaFerreira-150x150.jpg","url":"https:\/\/www.altominho.tv\/site\/wp-content\/uploads\/2021\/01\/AndreiaFerreira-150x150.jpg","contentUrl":"https:\/\/www.altominho.tv\/site\/wp-content\/uploads\/2021\/01\/AndreiaFerreira-150x150.jpg","caption":"Andreia Ferreira"},"url":"https:\/\/www.altominho.tv\/site\/author\/andreiaferreira\/"}]}},"_links":{"self":[{"href":"https:\/\/www.altominho.tv\/site\/wp-json\/wp\/v2\/posts\/39764","targetHints":{"allow":["GET"]}}],"collection":[{"href":"https:\/\/www.altominho.tv\/site\/wp-json\/wp\/v2\/posts"}],"about":[{"href":"https:\/\/www.altominho.tv\/site\/wp-json\/wp\/v2\/types\/post"}],"author":[{"embeddable":true,"href":"https:\/\/www.altominho.tv\/site\/wp-json\/wp\/v2\/users\/12"}],"replies":[{"embeddable":true,"href":"https:\/\/www.altominho.tv\/site\/wp-json\/wp\/v2\/comments?post=39764"}],"version-history":[{"count":0,"href":"https:\/\/www.altominho.tv\/site\/wp-json\/wp\/v2\/posts\/39764\/revisions"}],"wp:featuredmedia":[{"embeddable":true,"href":"https:\/\/www.altominho.tv\/site\/wp-json\/wp\/v2\/media\/39767"}],"wp:attachment":[{"href":"https:\/\/www.altominho.tv\/site\/wp-json\/wp\/v2\/media?parent=39764"}],"wp:term":[{"taxonomy":"category","embeddable":true,"href":"https:\/\/www.altominho.tv\/site\/wp-json\/wp\/v2\/categories?post=39764"},{"taxonomy":"post_tag","embeddable":true,"href":"https:\/\/www.altominho.tv\/site\/wp-json\/wp\/v2\/tags?post=39764"}],"curies":[{"name":"wp","href":"https:\/\/api.w.org\/{rel}","templated":true}]}}