{"id":39504,"date":"2020-01-24T10:12:58","date_gmt":"2020-01-24T10:12:58","guid":{"rendered":"http:\/\/www.altominho.tv\/site\/?p=39504"},"modified":"2020-01-24T10:39:52","modified_gmt":"2020-01-24T10:39:52","slug":"compra-de-novo-raio-x-para-urgencia-de-moncao-em-concurso-publico","status":"publish","type":"post","link":"https:\/\/www.altominho.tv\/site\/2020\/01\/24\/compra-de-novo-raio-x-para-urgencia-de-moncao-em-concurso-publico\/","title":{"rendered":"Compra de novo raio-X para urg\u00eancia de Mon\u00e7\u00e3o em concurso p\u00fablico"},"content":{"rendered":"<p>A Unidade Local de Sa\u00fade do Alto Minho (ULSAM) informou hoje estar em curso o concurso p\u00fablico para a aquisi\u00e7\u00e3o de um novo raio-X para o Servi\u00e7o de Urg\u00eancia B\u00e1sico (SUB) de Mon\u00e7\u00e3o, que substituir\u00e1 o aparelho avariado.<\/p>\n<p>Em resposta escrita a um pedido de esclarecimento, o conselho de administra\u00e7\u00e3o da ULSAM, presidido por Franklim Ramos, referiu que &#8220;logo que o concurso de aquisi\u00e7\u00e3o do novo equipamento, que decorre ainda, esteja conclu\u00eddo, a situa\u00e7\u00e3o regressar\u00e1 \u00e0 normalidade&#8221;.<\/p>\n<p>Na nota, a administra\u00e7\u00e3o da ULSAM disse &#8220;confirma-se que o equipamento de raio-X do SUB de Mon\u00e7\u00e3o se encontra avariado e que todas as tentativas para o p\u00f4r em funcionamento foram infrut\u00edferas&#8221;, sem especificar quando ocorreu a avaria.<\/p>\n<p>&#8220;A dire\u00e7\u00e3o cl\u00ednica e a dire\u00e7\u00e3o do SUB, face a esta situa\u00e7\u00e3o, estabeleceram algumas regras de base cl\u00ednica no sentido de minimizar este problema. Assim foi definido que os doentes mais complexos que necessitassem de exames de raio-X seriam enviados para o Servi\u00e7o de Urg\u00eancia M\u00e9dico-Cir\u00fargica de Viana do Castelo. Os doentes menos complexos, que necessitassem de raio-X fariam esse exame na Santa Casa da Miseric\u00f3rdia de Mon\u00e7\u00e3o e permaneceriam na SUB&#8221;, especifica a nota.<\/p>\n<p>A ULSAM integra os hospitais de Santa Luzia, em Viana do Castelo, e Conde de Bertiandos, em Ponte de Lima, 13 centros de sa\u00fade, uma unidade de sa\u00fade p\u00fablica e duas de convalescen\u00e7a, servindo uma popula\u00e7\u00e3o residente superior a 250 mil pessoas.<\/p>\n<p>Recorde-se que ontem, o <a href=\"http:\/\/www.altominho.tv\/site\/2020\/01\/23\/bloco-de-esquerda-questiona-governo-sobre-avaria-de-raio-x-na-urgencia-de-moncao\/\">Bloco de Esquerda questionou o Minist\u00e9rio da Sa\u00fade sobre a avaria<\/a> daquele equipamento, ap\u00f3s ter tido conhecimento atrav\u00e9s de &#8220;den\u00fancias&#8221; recebidas pelo partido.<\/p>\n","protected":false},"excerpt":{"rendered":"<p>A Unidade Local de Sa\u00fade do Alto Minho (ULSAM) informou hoje estar em curso o concurso p\u00fablico para a aquisi\u00e7\u00e3o de um novo raio-X para o Servi\u00e7o de Urg\u00eancia B\u00e1sico (SUB) de Mon\u00e7\u00e3o, que substituir\u00e1 o aparelho avariado. Em resposta escrita a um pedido de esclarecimento, o conselho de administra\u00e7\u00e3o da ULSAM, presidido por Franklim [&hellip;]<\/p>\n","protected":false},"author":13,"featured_media":39505,"comment_status":"closed","ping_status":"closed","sticky":false,"template":"","format":"standard","meta":{"_exactmetrics_skip_tracking":false,"footnotes":""},"categories":[9],"tags":[26,27],"class_list":["post-39504","post","type-post","status-publish","format-standard","has-post-thumbnail","hentry","category-moncao","tag-saude","tag-sociedade"],"yoast_head":"<!-- This site is optimized with the Yoast SEO Premium plugin v28.3 (Yoast SEO v28.3) - https:\/\/yoast.com\/product\/yoast-seo-premium-wordpress\/ -->\n<title>Compra de novo raio-X para urg\u00eancia de Mon\u00e7\u00e3o em concurso p\u00fablico<\/title>\n<meta name=\"robots\" content=\"index, follow, max-snippet:-1, max-image-preview:large, max-video-preview:-1\" \/>\n<link rel=\"canonical\" href=\"https:\/\/www.altominho.tv\/site\/2020\/01\/24\/compra-de-novo-raio-x-para-urgencia-de-moncao-em-concurso-publico\/\" \/>\n<meta property=\"og:locale\" content=\"pt_PT\" \/>\n<meta property=\"og:type\" content=\"article\" \/>\n<meta property=\"og:title\" content=\"Compra de novo raio-X para urg\u00eancia de Mon\u00e7\u00e3o em concurso p\u00fablico\" \/>\n<meta property=\"og:description\" content=\"A Unidade Local de Sa\u00fade do Alto Minho (ULSAM) informou hoje estar em curso o concurso p\u00fablico para a aquisi\u00e7\u00e3o de um novo raio-X para o Servi\u00e7o de Urg\u00eancia B\u00e1sico (SUB) de Mon\u00e7\u00e3o, que substituir\u00e1 o aparelho avariado. Em resposta escrita a um pedido de esclarecimento, o conselho de administra\u00e7\u00e3o da ULSAM, presidido por Franklim [&hellip;]\" \/>\n<meta property=\"og:url\" content=\"https:\/\/www.altominho.tv\/site\/2020\/01\/24\/compra-de-novo-raio-x-para-urgencia-de-moncao-em-concurso-publico\/\" \/>\n<meta property=\"og:site_name\" content=\"Altominho.tv\" \/>\n<meta property=\"article:publisher\" content=\"https:\/\/www.facebook.com\/altominhotv\" \/>\n<meta property=\"article:published_time\" content=\"2020-01-24T10:12:58+00:00\" \/>\n<meta property=\"article:modified_time\" content=\"2020-01-24T10:39:52+00:00\" \/>\n<meta property=\"og:image\" content=\"https:\/\/www.altominho.tv\/site\/wp-content\/uploads\/2020\/01\/Equipamento-RaioX.jpg\" \/>\n\t<meta property=\"og:image:width\" content=\"1200\" \/>\n\t<meta property=\"og:image:height\" content=\"785\" \/>\n\t<meta property=\"og:image:type\" content=\"image\/jpeg\" \/>\n<meta name=\"author\" content=\"Lusa\" \/>\n<meta name=\"twitter:card\" content=\"summary_large_image\" \/>\n<meta name=\"twitter:creator\" content=\"@altominhoTV\" \/>\n<meta name=\"twitter:site\" content=\"@altominhoTV\" \/>\n<meta name=\"twitter:label1\" content=\"Escrito por\" \/>\n\t<meta name=\"twitter:data1\" content=\"Lusa\" \/>\n\t<meta name=\"twitter:label2\" content=\"Tempo estimado de leitura\" \/>\n\t<meta name=\"twitter:data2\" content=\"1 minuto\" \/>\n<script type=\"application\/ld+json\" class=\"yoast-schema-graph\">{\"@context\":\"https:\\\/\\\/schema.org\",\"@graph\":[{\"@type\":\"Article\",\"@id\":\"https:\\\/\\\/www.altominho.tv\\\/site\\\/2020\\\/01\\\/24\\\/compra-de-novo-raio-x-para-urgencia-de-moncao-em-concurso-publico\\\/#article\",\"isPartOf\":{\"@id\":\"https:\\\/\\\/www.altominho.tv\\\/site\\\/2020\\\/01\\\/24\\\/compra-de-novo-raio-x-para-urgencia-de-moncao-em-concurso-publico\\\/\"},\"author\":{\"name\":\"Lusa\",\"@id\":\"https:\\\/\\\/www.altominho.tv\\\/site\\\/#\\\/schema\\\/person\\\/63f693da3e1899361cbe955c46f3232e\"},\"headline\":\"Compra de novo raio-X para urg\u00eancia de Mon\u00e7\u00e3o em concurso p\u00fablico\",\"datePublished\":\"2020-01-24T10:12:58+00:00\",\"dateModified\":\"2020-01-24T10:39:52+00:00\",\"mainEntityOfPage\":{\"@id\":\"https:\\\/\\\/www.altominho.tv\\\/site\\\/2020\\\/01\\\/24\\\/compra-de-novo-raio-x-para-urgencia-de-moncao-em-concurso-publico\\\/\"},\"wordCount\":306,\"image\":{\"@id\":\"https:\\\/\\\/www.altominho.tv\\\/site\\\/2020\\\/01\\\/24\\\/compra-de-novo-raio-x-para-urgencia-de-moncao-em-concurso-publico\\\/#primaryimage\"},\"thumbnailUrl\":\"https:\\\/\\\/www.altominho.tv\\\/site\\\/wp-content\\\/uploads\\\/2020\\\/01\\\/Equipamento-RaioX.jpg\",\"keywords\":[\"Sa\u00fade\",\"Sociedade\"],\"articleSection\":[\"Mon\u00e7\u00e3o\"],\"inLanguage\":\"pt-PT\",\"copyrightYear\":\"2020\",\"copyrightHolder\":{\"@id\":\"https:\\\/\\\/www.altominho.tv\\\/site\\\/#organization\"}},{\"@type\":\"WebPage\",\"@id\":\"https:\\\/\\\/www.altominho.tv\\\/site\\\/2020\\\/01\\\/24\\\/compra-de-novo-raio-x-para-urgencia-de-moncao-em-concurso-publico\\\/\",\"url\":\"https:\\\/\\\/www.altominho.tv\\\/site\\\/2020\\\/01\\\/24\\\/compra-de-novo-raio-x-para-urgencia-de-moncao-em-concurso-publico\\\/\",\"name\":\"Compra de novo raio-X para urg\u00eancia de Mon\u00e7\u00e3o em concurso p\u00fablico\",\"isPartOf\":{\"@id\":\"https:\\\/\\\/www.altominho.tv\\\/site\\\/#website\"},\"primaryImageOfPage\":{\"@id\":\"https:\\\/\\\/www.altominho.tv\\\/site\\\/2020\\\/01\\\/24\\\/compra-de-novo-raio-x-para-urgencia-de-moncao-em-concurso-publico\\\/#primaryimage\"},\"image\":{\"@id\":\"https:\\\/\\\/www.altominho.tv\\\/site\\\/2020\\\/01\\\/24\\\/compra-de-novo-raio-x-para-urgencia-de-moncao-em-concurso-publico\\\/#primaryimage\"},\"thumbnailUrl\":\"https:\\\/\\\/www.altominho.tv\\\/site\\\/wp-content\\\/uploads\\\/2020\\\/01\\\/Equipamento-RaioX.jpg\",\"datePublished\":\"2020-01-24T10:12:58+00:00\",\"dateModified\":\"2020-01-24T10:39:52+00:00\",\"author\":{\"@id\":\"https:\\\/\\\/www.altominho.tv\\\/site\\\/#\\\/schema\\\/person\\\/63f693da3e1899361cbe955c46f3232e\"},\"breadcrumb\":{\"@id\":\"https:\\\/\\\/www.altominho.tv\\\/site\\\/2020\\\/01\\\/24\\\/compra-de-novo-raio-x-para-urgencia-de-moncao-em-concurso-publico\\\/#breadcrumb\"},\"inLanguage\":\"pt-PT\",\"potentialAction\":[{\"@type\":\"ReadAction\",\"target\":[\"https:\\\/\\\/www.altominho.tv\\\/site\\\/2020\\\/01\\\/24\\\/compra-de-novo-raio-x-para-urgencia-de-moncao-em-concurso-publico\\\/\"]}]},{\"@type\":\"ImageObject\",\"inLanguage\":\"pt-PT\",\"@id\":\"https:\\\/\\\/www.altominho.tv\\\/site\\\/2020\\\/01\\\/24\\\/compra-de-novo-raio-x-para-urgencia-de-moncao-em-concurso-publico\\\/#primaryimage\",\"url\":\"https:\\\/\\\/www.altominho.tv\\\/site\\\/wp-content\\\/uploads\\\/2020\\\/01\\\/Equipamento-RaioX.jpg\",\"contentUrl\":\"https:\\\/\\\/www.altominho.tv\\\/site\\\/wp-content\\\/uploads\\\/2020\\\/01\\\/Equipamento-RaioX.jpg\",\"width\":1200,\"height\":785},{\"@type\":\"BreadcrumbList\",\"@id\":\"https:\\\/\\\/www.altominho.tv\\\/site\\\/2020\\\/01\\\/24\\\/compra-de-novo-raio-x-para-urgencia-de-moncao-em-concurso-publico\\\/#breadcrumb\",\"itemListElement\":[{\"@type\":\"ListItem\",\"position\":1,\"name\":\"In\u00edcio\",\"item\":\"https:\\\/\\\/www.altominho.tv\\\/site\\\/\"},{\"@type\":\"ListItem\",\"position\":2,\"name\":\"Compra de novo raio-X para urg\u00eancia de Mon\u00e7\u00e3o em concurso p\u00fablico\"}]},{\"@type\":\"WebSite\",\"@id\":\"https:\\\/\\\/www.altominho.tv\\\/site\\\/#website\",\"url\":\"https:\\\/\\\/www.altominho.tv\\\/site\\\/\",\"name\":\"Altominho.tv\",\"description\":\"A sua regi\u00e3o \u00e0 dist\u00e2ncia de um clique...\",\"potentialAction\":[{\"@type\":\"SearchAction\",\"target\":{\"@type\":\"EntryPoint\",\"urlTemplate\":\"https:\\\/\\\/www.altominho.tv\\\/site\\\/?s={search_term_string}\"},\"query-input\":{\"@type\":\"PropertyValueSpecification\",\"valueRequired\":true,\"valueName\":\"search_term_string\"}}],\"inLanguage\":\"pt-PT\"},{\"@type\":\"Person\",\"@id\":\"https:\\\/\\\/www.altominho.tv\\\/site\\\/#\\\/schema\\\/person\\\/63f693da3e1899361cbe955c46f3232e\",\"name\":\"Lusa\",\"image\":{\"@type\":\"ImageObject\",\"inLanguage\":\"pt-PT\",\"@id\":\"https:\\\/\\\/www.altominho.tv\\\/site\\\/wp-content\\\/uploads\\\/2019\\\/08\\\/LUSA_Logo.gif\",\"url\":\"https:\\\/\\\/www.altominho.tv\\\/site\\\/wp-content\\\/uploads\\\/2019\\\/08\\\/LUSA_Logo.gif\",\"contentUrl\":\"https:\\\/\\\/www.altominho.tv\\\/site\\\/wp-content\\\/uploads\\\/2019\\\/08\\\/LUSA_Logo.gif\",\"caption\":\"Lusa\"},\"sameAs\":[\"http:\\\/\\\/\\\/\\\/www.altominho.tv\\\/site\"],\"url\":\"https:\\\/\\\/www.altominho.tv\\\/site\\\/author\\\/lusa\\\/\"}]}<\/script>\n<!-- \/ Yoast SEO Premium plugin. -->","yoast_head_json":{"title":"Compra de novo raio-X para urg\u00eancia de Mon\u00e7\u00e3o em concurso p\u00fablico","robots":{"index":"index","follow":"follow","max-snippet":"max-snippet:-1","max-image-preview":"max-image-preview:large","max-video-preview":"max-video-preview:-1"},"canonical":"https:\/\/www.altominho.tv\/site\/2020\/01\/24\/compra-de-novo-raio-x-para-urgencia-de-moncao-em-concurso-publico\/","og_locale":"pt_PT","og_type":"article","og_title":"Compra de novo raio-X para urg\u00eancia de Mon\u00e7\u00e3o em concurso p\u00fablico","og_description":"A Unidade Local de Sa\u00fade do Alto Minho (ULSAM) informou hoje estar em curso o concurso p\u00fablico para a aquisi\u00e7\u00e3o de um novo raio-X para o Servi\u00e7o de Urg\u00eancia B\u00e1sico (SUB) de Mon\u00e7\u00e3o, que substituir\u00e1 o aparelho avariado. Em resposta escrita a um pedido de esclarecimento, o conselho de administra\u00e7\u00e3o da ULSAM, presidido por Franklim [&hellip;]","og_url":"https:\/\/www.altominho.tv\/site\/2020\/01\/24\/compra-de-novo-raio-x-para-urgencia-de-moncao-em-concurso-publico\/","og_site_name":"Altominho.tv","article_publisher":"https:\/\/www.facebook.com\/altominhotv","article_published_time":"2020-01-24T10:12:58+00:00","article_modified_time":"2020-01-24T10:39:52+00:00","og_image":[{"width":1200,"height":785,"url":"https:\/\/www.altominho.tv\/site\/wp-content\/uploads\/2020\/01\/Equipamento-RaioX.jpg","type":"image\/jpeg"}],"author":"Lusa","twitter_card":"summary_large_image","twitter_creator":"@altominhoTV","twitter_site":"@altominhoTV","twitter_misc":{"Escrito por":"Lusa","Tempo estimado de leitura":"1 minuto"},"schema":{"@context":"https:\/\/schema.org","@graph":[{"@type":"Article","@id":"https:\/\/www.altominho.tv\/site\/2020\/01\/24\/compra-de-novo-raio-x-para-urgencia-de-moncao-em-concurso-publico\/#article","isPartOf":{"@id":"https:\/\/www.altominho.tv\/site\/2020\/01\/24\/compra-de-novo-raio-x-para-urgencia-de-moncao-em-concurso-publico\/"},"author":{"name":"Lusa","@id":"https:\/\/www.altominho.tv\/site\/#\/schema\/person\/63f693da3e1899361cbe955c46f3232e"},"headline":"Compra de novo raio-X para urg\u00eancia de Mon\u00e7\u00e3o em concurso p\u00fablico","datePublished":"2020-01-24T10:12:58+00:00","dateModified":"2020-01-24T10:39:52+00:00","mainEntityOfPage":{"@id":"https:\/\/www.altominho.tv\/site\/2020\/01\/24\/compra-de-novo-raio-x-para-urgencia-de-moncao-em-concurso-publico\/"},"wordCount":306,"image":{"@id":"https:\/\/www.altominho.tv\/site\/2020\/01\/24\/compra-de-novo-raio-x-para-urgencia-de-moncao-em-concurso-publico\/#primaryimage"},"thumbnailUrl":"https:\/\/www.altominho.tv\/site\/wp-content\/uploads\/2020\/01\/Equipamento-RaioX.jpg","keywords":["Sa\u00fade","Sociedade"],"articleSection":["Mon\u00e7\u00e3o"],"inLanguage":"pt-PT","copyrightYear":"2020","copyrightHolder":{"@id":"https:\/\/www.altominho.tv\/site\/#organization"}},{"@type":"WebPage","@id":"https:\/\/www.altominho.tv\/site\/2020\/01\/24\/compra-de-novo-raio-x-para-urgencia-de-moncao-em-concurso-publico\/","url":"https:\/\/www.altominho.tv\/site\/2020\/01\/24\/compra-de-novo-raio-x-para-urgencia-de-moncao-em-concurso-publico\/","name":"Compra de novo raio-X para urg\u00eancia de Mon\u00e7\u00e3o em concurso p\u00fablico","isPartOf":{"@id":"https:\/\/www.altominho.tv\/site\/#website"},"primaryImageOfPage":{"@id":"https:\/\/www.altominho.tv\/site\/2020\/01\/24\/compra-de-novo-raio-x-para-urgencia-de-moncao-em-concurso-publico\/#primaryimage"},"image":{"@id":"https:\/\/www.altominho.tv\/site\/2020\/01\/24\/compra-de-novo-raio-x-para-urgencia-de-moncao-em-concurso-publico\/#primaryimage"},"thumbnailUrl":"https:\/\/www.altominho.tv\/site\/wp-content\/uploads\/2020\/01\/Equipamento-RaioX.jpg","datePublished":"2020-01-24T10:12:58+00:00","dateModified":"2020-01-24T10:39:52+00:00","author":{"@id":"https:\/\/www.altominho.tv\/site\/#\/schema\/person\/63f693da3e1899361cbe955c46f3232e"},"breadcrumb":{"@id":"https:\/\/www.altominho.tv\/site\/2020\/01\/24\/compra-de-novo-raio-x-para-urgencia-de-moncao-em-concurso-publico\/#breadcrumb"},"inLanguage":"pt-PT","potentialAction":[{"@type":"ReadAction","target":["https:\/\/www.altominho.tv\/site\/2020\/01\/24\/compra-de-novo-raio-x-para-urgencia-de-moncao-em-concurso-publico\/"]}]},{"@type":"ImageObject","inLanguage":"pt-PT","@id":"https:\/\/www.altominho.tv\/site\/2020\/01\/24\/compra-de-novo-raio-x-para-urgencia-de-moncao-em-concurso-publico\/#primaryimage","url":"https:\/\/www.altominho.tv\/site\/wp-content\/uploads\/2020\/01\/Equipamento-RaioX.jpg","contentUrl":"https:\/\/www.altominho.tv\/site\/wp-content\/uploads\/2020\/01\/Equipamento-RaioX.jpg","width":1200,"height":785},{"@type":"BreadcrumbList","@id":"https:\/\/www.altominho.tv\/site\/2020\/01\/24\/compra-de-novo-raio-x-para-urgencia-de-moncao-em-concurso-publico\/#breadcrumb","itemListElement":[{"@type":"ListItem","position":1,"name":"In\u00edcio","item":"https:\/\/www.altominho.tv\/site\/"},{"@type":"ListItem","position":2,"name":"Compra de novo raio-X para urg\u00eancia de Mon\u00e7\u00e3o em concurso p\u00fablico"}]},{"@type":"WebSite","@id":"https:\/\/www.altominho.tv\/site\/#website","url":"https:\/\/www.altominho.tv\/site\/","name":"Altominho.tv","description":"A sua regi\u00e3o \u00e0 dist\u00e2ncia de um clique...","potentialAction":[{"@type":"SearchAction","target":{"@type":"EntryPoint","urlTemplate":"https:\/\/www.altominho.tv\/site\/?s={search_term_string}"},"query-input":{"@type":"PropertyValueSpecification","valueRequired":true,"valueName":"search_term_string"}}],"inLanguage":"pt-PT"},{"@type":"Person","@id":"https:\/\/www.altominho.tv\/site\/#\/schema\/person\/63f693da3e1899361cbe955c46f3232e","name":"Lusa","image":{"@type":"ImageObject","inLanguage":"pt-PT","@id":"https:\/\/www.altominho.tv\/site\/wp-content\/uploads\/2019\/08\/LUSA_Logo.gif","url":"https:\/\/www.altominho.tv\/site\/wp-content\/uploads\/2019\/08\/LUSA_Logo.gif","contentUrl":"https:\/\/www.altominho.tv\/site\/wp-content\/uploads\/2019\/08\/LUSA_Logo.gif","caption":"Lusa"},"sameAs":["http:\/\/\/\/www.altominho.tv\/site"],"url":"https:\/\/www.altominho.tv\/site\/author\/lusa\/"}]}},"_links":{"self":[{"href":"https:\/\/www.altominho.tv\/site\/wp-json\/wp\/v2\/posts\/39504","targetHints":{"allow":["GET"]}}],"collection":[{"href":"https:\/\/www.altominho.tv\/site\/wp-json\/wp\/v2\/posts"}],"about":[{"href":"https:\/\/www.altominho.tv\/site\/wp-json\/wp\/v2\/types\/post"}],"author":[{"embeddable":true,"href":"https:\/\/www.altominho.tv\/site\/wp-json\/wp\/v2\/users\/13"}],"replies":[{"embeddable":true,"href":"https:\/\/www.altominho.tv\/site\/wp-json\/wp\/v2\/comments?post=39504"}],"version-history":[{"count":0,"href":"https:\/\/www.altominho.tv\/site\/wp-json\/wp\/v2\/posts\/39504\/revisions"}],"wp:featuredmedia":[{"embeddable":true,"href":"https:\/\/www.altominho.tv\/site\/wp-json\/wp\/v2\/media\/39505"}],"wp:attachment":[{"href":"https:\/\/www.altominho.tv\/site\/wp-json\/wp\/v2\/media?parent=39504"}],"wp:term":[{"taxonomy":"category","embeddable":true,"href":"https:\/\/www.altominho.tv\/site\/wp-json\/wp\/v2\/categories?post=39504"},{"taxonomy":"post_tag","embeddable":true,"href":"https:\/\/www.altominho.tv\/site\/wp-json\/wp\/v2\/tags?post=39504"}],"curies":[{"name":"wp","href":"https:\/\/api.w.org\/{rel}","templated":true}]}}