{"id":39458,"date":"2020-01-23T14:32:15","date_gmt":"2020-01-23T14:32:15","guid":{"rendered":"http:\/\/www.altominho.tv\/site\/?p=39458"},"modified":"2020-01-23T14:32:23","modified_gmt":"2020-01-23T14:32:23","slug":"politecnico-de-viana-e-universidades-da-america-latina-unidos-em-projetos-de-cooperacao-academica","status":"publish","type":"post","link":"https:\/\/www.altominho.tv\/site\/2020\/01\/23\/politecnico-de-viana-e-universidades-da-america-latina-unidos-em-projetos-de-cooperacao-academica\/","title":{"rendered":"Polit\u00e9cnico de Viana e universidades da Am\u00e9rica Latina unidos em projetos de coopera\u00e7\u00e3o acad\u00e9mica"},"content":{"rendered":"<p>O Instituto Polit\u00e9cnico de Viana do Castelo (IPVC) e 24 universidades da Am\u00e9rica Latina v\u00e3o candidatar projetos conjuntos, de 3,5 milh\u00f5es de euros, a fundos comunit\u00e1rios destinados \u00e0 coopera\u00e7\u00e3o e mobilidade acad\u00e9mica entre pa\u00edses fora da Uni\u00e3o Europeia.<\/p>\n<p>&#8220;Em causa est\u00e3o os programas Erasmus +, para a mobilidade internacional de cr\u00e9ditos, e o Capacity Building, que visa desenvolver as capacidades das universidades estrangeiras&#8221;, disse hoje a professora coordenadora do IPVC, Helena Santos Rodrigues.<\/p>\n<p>A investigadora, que falava aos jornalistas \u00e0 margem da assinatura de um protocolo interinstitucional entre o IPVC, e o Conselho Superior Universit\u00e1rio Centroamericano (CSUCA), adiantou que os projetos, a candidatar at\u00e9 05 de fevereiro, ter\u00e3o 100% de financiamento comunit\u00e1rio e ser\u00e3o implementados no ano letivo 2020\/2021, abrangendo todas as \u00e1reas de forma\u00e7\u00e3o ministradas nas seis escolas do instituto polit\u00e9cnico&#8221;.<\/p>\n<p>Helena Santos Rodrigues explicou que os dois projetos de &#8220;troca de conhecimento acad\u00e9mico&#8221; envolver\u00e3o cerca de meia centena de docentes, alunos e pessoal t\u00e9cnico do polit\u00e9cnico da capital do Alto Minho e de universidades do Panam\u00e1, Costa Rica, Honduras, El Salvador, Nicar\u00e1gua, Guatemala, Rep\u00fablica Dominicana e Belize.<\/p>\n<p>&#8220;Trata-se de uma proposta concreta de promo\u00e7\u00e3o de mobilidade acad\u00e9mica e de partilha de conhecimento. Na pr\u00e1tica, ao abrigo destes projetos, os docentes do IPVC poder\u00e3o fazer os seus mestrados, doutoramentos ou investiga\u00e7\u00e3o naquelas universidades da Am\u00e9rica Latina, e vice-versa&#8221;, especificou.<\/p>\n<p>Segundo a docente, os projetos a submeter a apoio comunit\u00e1rio representam &#8220;a primeira abordagem de interc\u00e2mbio de conhecimento dentro de um projeto europeu&#8221; e resultam de um &#8220;acordo pioneiro em Portugal&#8221;.<\/p>\n<p>&#8220;O protocolo hoje assinado entre o IPVC e o CSUCA, institui\u00e7\u00e3o que integra 24 universidades de oitos pa\u00edses da Am\u00e9rica Central, resulta de um trabalho de parceria e colabora\u00e7\u00e3o desenvolvido h\u00e1 mais de uma d\u00e9cada entre as duas institui\u00e7\u00f5es, e \u00e9 o primeiro, do g\u00e9nero, entre universidades portuguesas e aqueles pa\u00edses latino-americanos&#8221;, sustentou.<\/p>\n<p>O protocolo tem como objeto a &#8220;promo\u00e7\u00e3o do interc\u00e2mbio de professores, investigadores e estudantes atrav\u00e9s de um programa de mobilidade acad\u00e9mica que lhes permita melhorar a sua forma\u00e7\u00e3o, assim como fomentar uma investiga\u00e7\u00e3o orientada para o fortalecimento dos programas acad\u00e9micos de m\u00fatuo interesse&#8221;.<\/p>\n<p>\u00c9 ainda \u00e2mbito deste protocolo &#8220;a organiza\u00e7\u00e3o conjunta de atividades acad\u00e9micas, cient\u00edficas e culturais, o desenvolvimento de projetos de investiga\u00e7\u00e3o em \u00e1reas de interesse assim como gerir, conjuntamente, do financiamento de projetos conjuntos junto das respetivas entidades, o desenvolvimento de atividades acad\u00e9micas, cursos, confer\u00eancias, semin\u00e1rios, cursos de curta dura\u00e7\u00e3o, entre outros que fomentem o interc\u00e2mbio de experi\u00eancias entre docentes e estudantes, o interc\u00e2mbio de material bibliogr\u00e1fico, did\u00e1tico e publica\u00e7\u00f5es de m\u00fatuo interesse&#8221;, entre outros.<\/p>\n<p>O acordo hoje assinado entre o presidente do IPVC, Carlos Rodrigues, e o secret\u00e1rio geral do CSUCA, Carlos Alvarado, na biblioteca da Escola Superior de Tecnologia e Gest\u00e3o (ESTG), em Viana do Castelo, marcou o primeiro de tr\u00eas dias do I Encontro Internacional InterUniversit\u00e1rio: Am\u00e9rica Latina- Caracteriza\u00e7\u00e3o e Empreendedorismo Social.<\/p>\n<p>A iniciativa pretende dar a conhecer &#8220;as caracter\u00edsticas e din\u00e2micas dos pa\u00edses latino-americanos, al\u00e9m da partilha de experi\u00eancias, tend\u00eancias e conhecimentos acad\u00e9micos e\/ou emp\u00edricos sobre empreendedorismo social&#8221;.<\/p>\n<p>A reflex\u00e3o &#8220;permitir\u00e1 ainda proporcionar uma maior colabora\u00e7\u00e3o e estreitar os la\u00e7os da rede entre Portugal e a Am\u00e9rica Latina, em benef\u00edcio da academia, universidades e dos pa\u00edses envolvidos&#8221;.<\/p>\n\n\n<p><\/p>\n","protected":false},"excerpt":{"rendered":"<p>O Instituto Polit\u00e9cnico de Viana do Castelo (IPVC) e 24 universidades da Am\u00e9rica Latina v\u00e3o candidatar projetos conjuntos, de 3,5 milh\u00f5es de euros, a fundos comunit\u00e1rios destinados \u00e0 coopera\u00e7\u00e3o e mobilidade acad\u00e9mica entre pa\u00edses fora da Uni\u00e3o Europeia. &#8220;Em causa est\u00e3o os programas Erasmus +, para a mobilidade internacional de cr\u00e9ditos, e o Capacity Building, [&hellip;]<\/p>\n","protected":false},"author":15,"featured_media":39459,"comment_status":"closed","ping_status":"closed","sticky":false,"template":"","format":"standard","meta":{"_exactmetrics_skip_tracking":false,"_exactmetrics_sitenote_active":false,"_exactmetrics_sitenote_note":"","_exactmetrics_sitenote_category":0,"footnotes":""},"categories":[14],"tags":[22],"class_list":["post-39458","post","type-post","status-publish","format-standard","has-post-thumbnail","hentry","category-viana-do-castelo","tag-educacao"],"yoast_head":"<!-- This site is optimized with the Yoast SEO Premium plugin v27.5 (Yoast SEO v27.5) - https:\/\/yoast.com\/product\/yoast-seo-premium-wordpress\/ -->\n<title>Polit\u00e9cnico de Viana e universidades da Am\u00e9rica Latina unidos em projetos de coopera\u00e7\u00e3o acad\u00e9mica<\/title>\n<meta name=\"robots\" content=\"index, follow, max-snippet:-1, max-image-preview:large, max-video-preview:-1\" \/>\n<link rel=\"canonical\" href=\"https:\/\/www.altominho.tv\/site\/2020\/01\/23\/politecnico-de-viana-e-universidades-da-america-latina-unidos-em-projetos-de-cooperacao-academica\/\" \/>\n<meta property=\"og:locale\" content=\"pt_PT\" \/>\n<meta property=\"og:type\" content=\"article\" \/>\n<meta property=\"og:title\" content=\"Polit\u00e9cnico de Viana e universidades da Am\u00e9rica Latina unidos em projetos de coopera\u00e7\u00e3o acad\u00e9mica\" \/>\n<meta property=\"og:description\" content=\"O Instituto Polit\u00e9cnico de Viana do Castelo (IPVC) e 24 universidades da Am\u00e9rica Latina v\u00e3o candidatar projetos conjuntos, de 3,5 milh\u00f5es de euros, a fundos comunit\u00e1rios destinados \u00e0 coopera\u00e7\u00e3o e mobilidade acad\u00e9mica entre pa\u00edses fora da Uni\u00e3o Europeia. &#8220;Em causa est\u00e3o os programas Erasmus +, para a mobilidade internacional de cr\u00e9ditos, e o Capacity Building, [&hellip;]\" \/>\n<meta property=\"og:url\" content=\"https:\/\/www.altominho.tv\/site\/2020\/01\/23\/politecnico-de-viana-e-universidades-da-america-latina-unidos-em-projetos-de-cooperacao-academica\/\" \/>\n<meta property=\"og:site_name\" content=\"Altominho.tv\" \/>\n<meta property=\"article:publisher\" content=\"https:\/\/www.facebook.com\/altominhotv\" \/>\n<meta property=\"article:published_time\" content=\"2020-01-23T14:32:15+00:00\" \/>\n<meta property=\"article:modified_time\" content=\"2020-01-23T14:32:23+00:00\" \/>\n<meta property=\"og:image\" content=\"https:\/\/www.altominho.tv\/site\/wp-content\/uploads\/2020\/01\/IPVC-1.jpg\" \/>\n\t<meta property=\"og:image:width\" content=\"700\" \/>\n\t<meta property=\"og:image:height\" content=\"467\" \/>\n\t<meta property=\"og:image:type\" content=\"image\/jpeg\" \/>\n<meta name=\"author\" content=\"Andreia Ferreira | Lusa\" \/>\n<meta name=\"twitter:card\" content=\"summary_large_image\" \/>\n<meta name=\"twitter:creator\" content=\"@altominhoTV\" \/>\n<meta name=\"twitter:site\" content=\"@altominhoTV\" \/>\n<meta name=\"twitter:label1\" content=\"Escrito por\" \/>\n\t<meta name=\"twitter:data1\" content=\"Andreia Ferreira | Lusa\" \/>\n\t<meta name=\"twitter:label2\" content=\"Tempo estimado de leitura\" \/>\n\t<meta name=\"twitter:data2\" content=\"3 minutos\" \/>\n<script type=\"application\/ld+json\" class=\"yoast-schema-graph\">{\"@context\":\"https:\\\/\\\/schema.org\",\"@graph\":[{\"@type\":\"Article\",\"@id\":\"https:\\\/\\\/www.altominho.tv\\\/site\\\/2020\\\/01\\\/23\\\/politecnico-de-viana-e-universidades-da-america-latina-unidos-em-projetos-de-cooperacao-academica\\\/#article\",\"isPartOf\":{\"@id\":\"https:\\\/\\\/www.altominho.tv\\\/site\\\/2020\\\/01\\\/23\\\/politecnico-de-viana-e-universidades-da-america-latina-unidos-em-projetos-de-cooperacao-academica\\\/\"},\"author\":{\"name\":\"Andreia Ferreira | Lusa\",\"@id\":\"https:\\\/\\\/www.altominho.tv\\\/site\\\/#\\\/schema\\\/person\\\/a0bff6dc1041aadd46fa81887444b017\"},\"headline\":\"Polit\u00e9cnico de Viana e universidades da Am\u00e9rica Latina unidos em projetos de coopera\u00e7\u00e3o acad\u00e9mica\",\"datePublished\":\"2020-01-23T14:32:15+00:00\",\"dateModified\":\"2020-01-23T14:32:23+00:00\",\"mainEntityOfPage\":{\"@id\":\"https:\\\/\\\/www.altominho.tv\\\/site\\\/2020\\\/01\\\/23\\\/politecnico-de-viana-e-universidades-da-america-latina-unidos-em-projetos-de-cooperacao-academica\\\/\"},\"wordCount\":617,\"image\":{\"@id\":\"https:\\\/\\\/www.altominho.tv\\\/site\\\/2020\\\/01\\\/23\\\/politecnico-de-viana-e-universidades-da-america-latina-unidos-em-projetos-de-cooperacao-academica\\\/#primaryimage\"},\"thumbnailUrl\":\"https:\\\/\\\/www.altominho.tv\\\/site\\\/wp-content\\\/uploads\\\/2020\\\/01\\\/IPVC-1.jpg\",\"keywords\":[\"Educa\u00e7\u00e3o\"],\"articleSection\":[\"Viana do Castelo\"],\"inLanguage\":\"pt-PT\",\"copyrightYear\":\"2020\",\"copyrightHolder\":{\"@id\":\"https:\\\/\\\/www.altominho.tv\\\/site\\\/#organization\"}},{\"@type\":\"WebPage\",\"@id\":\"https:\\\/\\\/www.altominho.tv\\\/site\\\/2020\\\/01\\\/23\\\/politecnico-de-viana-e-universidades-da-america-latina-unidos-em-projetos-de-cooperacao-academica\\\/\",\"url\":\"https:\\\/\\\/www.altominho.tv\\\/site\\\/2020\\\/01\\\/23\\\/politecnico-de-viana-e-universidades-da-america-latina-unidos-em-projetos-de-cooperacao-academica\\\/\",\"name\":\"Polit\u00e9cnico de Viana e universidades da Am\u00e9rica Latina unidos em projetos de coopera\u00e7\u00e3o acad\u00e9mica\",\"isPartOf\":{\"@id\":\"https:\\\/\\\/www.altominho.tv\\\/site\\\/#website\"},\"primaryImageOfPage\":{\"@id\":\"https:\\\/\\\/www.altominho.tv\\\/site\\\/2020\\\/01\\\/23\\\/politecnico-de-viana-e-universidades-da-america-latina-unidos-em-projetos-de-cooperacao-academica\\\/#primaryimage\"},\"image\":{\"@id\":\"https:\\\/\\\/www.altominho.tv\\\/site\\\/2020\\\/01\\\/23\\\/politecnico-de-viana-e-universidades-da-america-latina-unidos-em-projetos-de-cooperacao-academica\\\/#primaryimage\"},\"thumbnailUrl\":\"https:\\\/\\\/www.altominho.tv\\\/site\\\/wp-content\\\/uploads\\\/2020\\\/01\\\/IPVC-1.jpg\",\"datePublished\":\"2020-01-23T14:32:15+00:00\",\"dateModified\":\"2020-01-23T14:32:23+00:00\",\"author\":{\"@id\":\"https:\\\/\\\/www.altominho.tv\\\/site\\\/#\\\/schema\\\/person\\\/a0bff6dc1041aadd46fa81887444b017\"},\"breadcrumb\":{\"@id\":\"https:\\\/\\\/www.altominho.tv\\\/site\\\/2020\\\/01\\\/23\\\/politecnico-de-viana-e-universidades-da-america-latina-unidos-em-projetos-de-cooperacao-academica\\\/#breadcrumb\"},\"inLanguage\":\"pt-PT\",\"potentialAction\":[{\"@type\":\"ReadAction\",\"target\":[\"https:\\\/\\\/www.altominho.tv\\\/site\\\/2020\\\/01\\\/23\\\/politecnico-de-viana-e-universidades-da-america-latina-unidos-em-projetos-de-cooperacao-academica\\\/\"]}]},{\"@type\":\"ImageObject\",\"inLanguage\":\"pt-PT\",\"@id\":\"https:\\\/\\\/www.altominho.tv\\\/site\\\/2020\\\/01\\\/23\\\/politecnico-de-viana-e-universidades-da-america-latina-unidos-em-projetos-de-cooperacao-academica\\\/#primaryimage\",\"url\":\"https:\\\/\\\/www.altominho.tv\\\/site\\\/wp-content\\\/uploads\\\/2020\\\/01\\\/IPVC-1.jpg\",\"contentUrl\":\"https:\\\/\\\/www.altominho.tv\\\/site\\\/wp-content\\\/uploads\\\/2020\\\/01\\\/IPVC-1.jpg\",\"width\":700,\"height\":467},{\"@type\":\"BreadcrumbList\",\"@id\":\"https:\\\/\\\/www.altominho.tv\\\/site\\\/2020\\\/01\\\/23\\\/politecnico-de-viana-e-universidades-da-america-latina-unidos-em-projetos-de-cooperacao-academica\\\/#breadcrumb\",\"itemListElement\":[{\"@type\":\"ListItem\",\"position\":1,\"name\":\"In\u00edcio\",\"item\":\"https:\\\/\\\/www.altominho.tv\\\/site\\\/\"},{\"@type\":\"ListItem\",\"position\":2,\"name\":\"Polit\u00e9cnico de Viana e universidades da Am\u00e9rica Latina unidos em projetos de coopera\u00e7\u00e3o acad\u00e9mica\"}]},{\"@type\":\"WebSite\",\"@id\":\"https:\\\/\\\/www.altominho.tv\\\/site\\\/#website\",\"url\":\"https:\\\/\\\/www.altominho.tv\\\/site\\\/\",\"name\":\"Altominho.tv\",\"description\":\"A sua regi\u00e3o \u00e0 dist\u00e2ncia de um clique...\",\"potentialAction\":[{\"@type\":\"SearchAction\",\"target\":{\"@type\":\"EntryPoint\",\"urlTemplate\":\"https:\\\/\\\/www.altominho.tv\\\/site\\\/?s={search_term_string}\"},\"query-input\":{\"@type\":\"PropertyValueSpecification\",\"valueRequired\":true,\"valueName\":\"search_term_string\"}}],\"inLanguage\":\"pt-PT\"},{\"@type\":\"Person\",\"@id\":\"https:\\\/\\\/www.altominho.tv\\\/site\\\/#\\\/schema\\\/person\\\/a0bff6dc1041aadd46fa81887444b017\",\"name\":\"Andreia Ferreira | Lusa\",\"image\":{\"@type\":\"ImageObject\",\"inLanguage\":\"pt-PT\",\"@id\":\"https:\\\/\\\/www.altominho.tv\\\/site\\\/wp-content\\\/uploads\\\/2018\\\/04\\\/Andreia-150x150.jpg\",\"url\":\"https:\\\/\\\/www.altominho.tv\\\/site\\\/wp-content\\\/uploads\\\/2018\\\/04\\\/Andreia-150x150.jpg\",\"contentUrl\":\"https:\\\/\\\/www.altominho.tv\\\/site\\\/wp-content\\\/uploads\\\/2018\\\/04\\\/Andreia-150x150.jpg\",\"caption\":\"Andreia Ferreira | Lusa\"},\"sameAs\":[\"https:\\\/\\\/www.altominho.tv\\\/site\"],\"url\":\"https:\\\/\\\/www.altominho.tv\\\/site\\\/author\\\/andreiaferreiralusa\\\/\"}]}<\/script>\n<!-- \/ Yoast SEO Premium plugin. -->","yoast_head_json":{"title":"Polit\u00e9cnico de Viana e universidades da Am\u00e9rica Latina unidos em projetos de coopera\u00e7\u00e3o acad\u00e9mica","robots":{"index":"index","follow":"follow","max-snippet":"max-snippet:-1","max-image-preview":"max-image-preview:large","max-video-preview":"max-video-preview:-1"},"canonical":"https:\/\/www.altominho.tv\/site\/2020\/01\/23\/politecnico-de-viana-e-universidades-da-america-latina-unidos-em-projetos-de-cooperacao-academica\/","og_locale":"pt_PT","og_type":"article","og_title":"Polit\u00e9cnico de Viana e universidades da Am\u00e9rica Latina unidos em projetos de coopera\u00e7\u00e3o acad\u00e9mica","og_description":"O Instituto Polit\u00e9cnico de Viana do Castelo (IPVC) e 24 universidades da Am\u00e9rica Latina v\u00e3o candidatar projetos conjuntos, de 3,5 milh\u00f5es de euros, a fundos comunit\u00e1rios destinados \u00e0 coopera\u00e7\u00e3o e mobilidade acad\u00e9mica entre pa\u00edses fora da Uni\u00e3o Europeia. &#8220;Em causa est\u00e3o os programas Erasmus +, para a mobilidade internacional de cr\u00e9ditos, e o Capacity Building, [&hellip;]","og_url":"https:\/\/www.altominho.tv\/site\/2020\/01\/23\/politecnico-de-viana-e-universidades-da-america-latina-unidos-em-projetos-de-cooperacao-academica\/","og_site_name":"Altominho.tv","article_publisher":"https:\/\/www.facebook.com\/altominhotv","article_published_time":"2020-01-23T14:32:15+00:00","article_modified_time":"2020-01-23T14:32:23+00:00","og_image":[{"width":700,"height":467,"url":"https:\/\/www.altominho.tv\/site\/wp-content\/uploads\/2020\/01\/IPVC-1.jpg","type":"image\/jpeg"}],"author":"Andreia Ferreira | Lusa","twitter_card":"summary_large_image","twitter_creator":"@altominhoTV","twitter_site":"@altominhoTV","twitter_misc":{"Escrito por":"Andreia Ferreira | Lusa","Tempo estimado de leitura":"3 minutos"},"schema":{"@context":"https:\/\/schema.org","@graph":[{"@type":"Article","@id":"https:\/\/www.altominho.tv\/site\/2020\/01\/23\/politecnico-de-viana-e-universidades-da-america-latina-unidos-em-projetos-de-cooperacao-academica\/#article","isPartOf":{"@id":"https:\/\/www.altominho.tv\/site\/2020\/01\/23\/politecnico-de-viana-e-universidades-da-america-latina-unidos-em-projetos-de-cooperacao-academica\/"},"author":{"name":"Andreia Ferreira | Lusa","@id":"https:\/\/www.altominho.tv\/site\/#\/schema\/person\/a0bff6dc1041aadd46fa81887444b017"},"headline":"Polit\u00e9cnico de Viana e universidades da Am\u00e9rica Latina unidos em projetos de coopera\u00e7\u00e3o acad\u00e9mica","datePublished":"2020-01-23T14:32:15+00:00","dateModified":"2020-01-23T14:32:23+00:00","mainEntityOfPage":{"@id":"https:\/\/www.altominho.tv\/site\/2020\/01\/23\/politecnico-de-viana-e-universidades-da-america-latina-unidos-em-projetos-de-cooperacao-academica\/"},"wordCount":617,"image":{"@id":"https:\/\/www.altominho.tv\/site\/2020\/01\/23\/politecnico-de-viana-e-universidades-da-america-latina-unidos-em-projetos-de-cooperacao-academica\/#primaryimage"},"thumbnailUrl":"https:\/\/www.altominho.tv\/site\/wp-content\/uploads\/2020\/01\/IPVC-1.jpg","keywords":["Educa\u00e7\u00e3o"],"articleSection":["Viana do Castelo"],"inLanguage":"pt-PT","copyrightYear":"2020","copyrightHolder":{"@id":"https:\/\/www.altominho.tv\/site\/#organization"}},{"@type":"WebPage","@id":"https:\/\/www.altominho.tv\/site\/2020\/01\/23\/politecnico-de-viana-e-universidades-da-america-latina-unidos-em-projetos-de-cooperacao-academica\/","url":"https:\/\/www.altominho.tv\/site\/2020\/01\/23\/politecnico-de-viana-e-universidades-da-america-latina-unidos-em-projetos-de-cooperacao-academica\/","name":"Polit\u00e9cnico de Viana e universidades da Am\u00e9rica Latina unidos em projetos de coopera\u00e7\u00e3o acad\u00e9mica","isPartOf":{"@id":"https:\/\/www.altominho.tv\/site\/#website"},"primaryImageOfPage":{"@id":"https:\/\/www.altominho.tv\/site\/2020\/01\/23\/politecnico-de-viana-e-universidades-da-america-latina-unidos-em-projetos-de-cooperacao-academica\/#primaryimage"},"image":{"@id":"https:\/\/www.altominho.tv\/site\/2020\/01\/23\/politecnico-de-viana-e-universidades-da-america-latina-unidos-em-projetos-de-cooperacao-academica\/#primaryimage"},"thumbnailUrl":"https:\/\/www.altominho.tv\/site\/wp-content\/uploads\/2020\/01\/IPVC-1.jpg","datePublished":"2020-01-23T14:32:15+00:00","dateModified":"2020-01-23T14:32:23+00:00","author":{"@id":"https:\/\/www.altominho.tv\/site\/#\/schema\/person\/a0bff6dc1041aadd46fa81887444b017"},"breadcrumb":{"@id":"https:\/\/www.altominho.tv\/site\/2020\/01\/23\/politecnico-de-viana-e-universidades-da-america-latina-unidos-em-projetos-de-cooperacao-academica\/#breadcrumb"},"inLanguage":"pt-PT","potentialAction":[{"@type":"ReadAction","target":["https:\/\/www.altominho.tv\/site\/2020\/01\/23\/politecnico-de-viana-e-universidades-da-america-latina-unidos-em-projetos-de-cooperacao-academica\/"]}]},{"@type":"ImageObject","inLanguage":"pt-PT","@id":"https:\/\/www.altominho.tv\/site\/2020\/01\/23\/politecnico-de-viana-e-universidades-da-america-latina-unidos-em-projetos-de-cooperacao-academica\/#primaryimage","url":"https:\/\/www.altominho.tv\/site\/wp-content\/uploads\/2020\/01\/IPVC-1.jpg","contentUrl":"https:\/\/www.altominho.tv\/site\/wp-content\/uploads\/2020\/01\/IPVC-1.jpg","width":700,"height":467},{"@type":"BreadcrumbList","@id":"https:\/\/www.altominho.tv\/site\/2020\/01\/23\/politecnico-de-viana-e-universidades-da-america-latina-unidos-em-projetos-de-cooperacao-academica\/#breadcrumb","itemListElement":[{"@type":"ListItem","position":1,"name":"In\u00edcio","item":"https:\/\/www.altominho.tv\/site\/"},{"@type":"ListItem","position":2,"name":"Polit\u00e9cnico de Viana e universidades da Am\u00e9rica Latina unidos em projetos de coopera\u00e7\u00e3o acad\u00e9mica"}]},{"@type":"WebSite","@id":"https:\/\/www.altominho.tv\/site\/#website","url":"https:\/\/www.altominho.tv\/site\/","name":"Altominho.tv","description":"A sua regi\u00e3o \u00e0 dist\u00e2ncia de um clique...","potentialAction":[{"@type":"SearchAction","target":{"@type":"EntryPoint","urlTemplate":"https:\/\/www.altominho.tv\/site\/?s={search_term_string}"},"query-input":{"@type":"PropertyValueSpecification","valueRequired":true,"valueName":"search_term_string"}}],"inLanguage":"pt-PT"},{"@type":"Person","@id":"https:\/\/www.altominho.tv\/site\/#\/schema\/person\/a0bff6dc1041aadd46fa81887444b017","name":"Andreia Ferreira | Lusa","image":{"@type":"ImageObject","inLanguage":"pt-PT","@id":"https:\/\/www.altominho.tv\/site\/wp-content\/uploads\/2018\/04\/Andreia-150x150.jpg","url":"https:\/\/www.altominho.tv\/site\/wp-content\/uploads\/2018\/04\/Andreia-150x150.jpg","contentUrl":"https:\/\/www.altominho.tv\/site\/wp-content\/uploads\/2018\/04\/Andreia-150x150.jpg","caption":"Andreia Ferreira | Lusa"},"sameAs":["https:\/\/www.altominho.tv\/site"],"url":"https:\/\/www.altominho.tv\/site\/author\/andreiaferreiralusa\/"}]}},"_links":{"self":[{"href":"https:\/\/www.altominho.tv\/site\/wp-json\/wp\/v2\/posts\/39458","targetHints":{"allow":["GET"]}}],"collection":[{"href":"https:\/\/www.altominho.tv\/site\/wp-json\/wp\/v2\/posts"}],"about":[{"href":"https:\/\/www.altominho.tv\/site\/wp-json\/wp\/v2\/types\/post"}],"author":[{"embeddable":true,"href":"https:\/\/www.altominho.tv\/site\/wp-json\/wp\/v2\/users\/15"}],"replies":[{"embeddable":true,"href":"https:\/\/www.altominho.tv\/site\/wp-json\/wp\/v2\/comments?post=39458"}],"version-history":[{"count":0,"href":"https:\/\/www.altominho.tv\/site\/wp-json\/wp\/v2\/posts\/39458\/revisions"}],"wp:featuredmedia":[{"embeddable":true,"href":"https:\/\/www.altominho.tv\/site\/wp-json\/wp\/v2\/media\/39459"}],"wp:attachment":[{"href":"https:\/\/www.altominho.tv\/site\/wp-json\/wp\/v2\/media?parent=39458"}],"wp:term":[{"taxonomy":"category","embeddable":true,"href":"https:\/\/www.altominho.tv\/site\/wp-json\/wp\/v2\/categories?post=39458"},{"taxonomy":"post_tag","embeddable":true,"href":"https:\/\/www.altominho.tv\/site\/wp-json\/wp\/v2\/tags?post=39458"}],"curies":[{"name":"wp","href":"https:\/\/api.w.org\/{rel}","templated":true}]}}