{"id":39453,"date":"2020-01-23T14:15:28","date_gmt":"2020-01-23T14:15:28","guid":{"rendered":"http:\/\/www.altominho.tv\/site\/?p=39453"},"modified":"2020-01-23T14:15:41","modified_gmt":"2020-01-23T14:15:41","slug":"bloco-de-esquerda-questiona-governo-sobre-avaria-de-raio-x-na-urgencia-de-moncao","status":"publish","type":"post","link":"https:\/\/www.altominho.tv\/site\/2020\/01\/23\/bloco-de-esquerda-questiona-governo-sobre-avaria-de-raio-x-na-urgencia-de-moncao\/","title":{"rendered":"Bloco de Esquerda questiona Governo sobre avaria de raio-X na urg\u00eancia de Mon\u00e7\u00e3o"},"content":{"rendered":"<p>O Bloco de Esquerda questionou esta quinta-feira o Minist\u00e9rio da Sa\u00fade sobre o equipamento de raio-X do Servi\u00e7o de Urg\u00eancia B\u00e1sico (SUB) de Mon\u00e7\u00e3o que, segundo &#8220;den\u00fancias&#8221; recebidas pelo partido, est\u00e1 avariado &#8220;h\u00e1 aproximadamente dois meses&#8221;.<\/p>\n<p>No requerimento hoje enviado ao minist\u00e9rio de Marta Temido, o Bloco de Esquerda (BE) quer saber &#8220;se o Governo tem conhecimento da situa\u00e7\u00e3o e que medidas est\u00e3o a ser desencadeadas para assegurar a celeridade da aquisi\u00e7\u00e3o ou repara\u00e7\u00e3o do raio-X&#8221;.<\/p>\n<p>Segundo o BE, aquela avaria obriga os utentes que necessitem de recorrer \u00e0 SUB de Mon\u00e7\u00e3o &#8220;a deslocarem-se a servi\u00e7os privados existentes no concelho ou \u00e0 cidade de Viana do Castelo, que fica a 80 quil\u00f3metros de dist\u00e2ncia&#8221;.\u00a0<\/p>\n<p>O centro de sa\u00fade de Mon\u00e7\u00e3o, que integra a Unidade Local de Sa\u00fade do Alto Minho (ULSAM), &#8220;\u00e9 dotado de Servi\u00e7o de Urg\u00eancia B\u00e1sico (SUB), dando resposta a uma popula\u00e7\u00e3o que ascende \u00e0s 20 mil pessoas&#8221;.<\/p>\n<p>&#8220;A ULSAM est\u00e1 atenta \u00e0 situa\u00e7\u00e3o, mas n\u00e3o tem uma data para solucionar a situa\u00e7\u00e3o&#8221;, sustenta o BE, refor\u00e7ando que aquela avaria \u00e9 &#8220;altamente penalizadora dos utentes que se v\u00eam impedidos de aceder aos cuidados de sa\u00fade de proximidade de que necessitam e aos quais t\u00eam direito&#8221;.<\/p>\n\n\n<p class=\"wp-block-paragraph\"><\/p>\n","protected":false},"excerpt":{"rendered":"<p>O Bloco de Esquerda questionou esta quinta-feira o Minist\u00e9rio da Sa\u00fade sobre o equipamento de raio-X do Servi\u00e7o de Urg\u00eancia B\u00e1sico (SUB) de Mon\u00e7\u00e3o que, segundo &#8220;den\u00fancias&#8221; recebidas pelo partido, est\u00e1 avariado &#8220;h\u00e1 aproximadamente dois meses&#8221;. No requerimento hoje enviado ao minist\u00e9rio de Marta Temido, o Bloco de Esquerda (BE) quer saber &#8220;se o Governo [&hellip;]<\/p>\n","protected":false},"author":13,"featured_media":39454,"comment_status":"closed","ping_status":"closed","sticky":false,"template":"","format":"standard","meta":{"_exactmetrics_skip_tracking":false,"footnotes":""},"categories":[9],"tags":[26],"class_list":["post-39453","post","type-post","status-publish","format-standard","has-post-thumbnail","hentry","category-moncao","tag-saude"],"yoast_head":"<!-- This site is optimized with the Yoast SEO Premium plugin v28.3 (Yoast SEO v28.3) - https:\/\/yoast.com\/product\/yoast-seo-premium-wordpress\/ -->\n<title>Bloco de Esquerda questiona Governo sobre avaria de raio-X na urg\u00eancia de Mon\u00e7\u00e3o<\/title>\n<meta name=\"robots\" content=\"index, follow, max-snippet:-1, max-image-preview:large, max-video-preview:-1\" \/>\n<link rel=\"canonical\" href=\"https:\/\/www.altominho.tv\/site\/2020\/01\/23\/bloco-de-esquerda-questiona-governo-sobre-avaria-de-raio-x-na-urgencia-de-moncao\/\" \/>\n<meta property=\"og:locale\" content=\"pt_PT\" \/>\n<meta property=\"og:type\" content=\"article\" \/>\n<meta property=\"og:title\" content=\"Bloco de Esquerda questiona Governo sobre avaria de raio-X na urg\u00eancia de Mon\u00e7\u00e3o\" \/>\n<meta property=\"og:description\" content=\"O Bloco de Esquerda questionou esta quinta-feira o Minist\u00e9rio da Sa\u00fade sobre o equipamento de raio-X do Servi\u00e7o de Urg\u00eancia B\u00e1sico (SUB) de Mon\u00e7\u00e3o que, segundo &#8220;den\u00fancias&#8221; recebidas pelo partido, est\u00e1 avariado &#8220;h\u00e1 aproximadamente dois meses&#8221;. No requerimento hoje enviado ao minist\u00e9rio de Marta Temido, o Bloco de Esquerda (BE) quer saber &#8220;se o Governo [&hellip;]\" \/>\n<meta property=\"og:url\" content=\"https:\/\/www.altominho.tv\/site\/2020\/01\/23\/bloco-de-esquerda-questiona-governo-sobre-avaria-de-raio-x-na-urgencia-de-moncao\/\" \/>\n<meta property=\"og:site_name\" content=\"Altominho.tv\" \/>\n<meta property=\"article:publisher\" content=\"https:\/\/www.facebook.com\/altominhotv\" \/>\n<meta property=\"article:published_time\" content=\"2020-01-23T14:15:28+00:00\" \/>\n<meta property=\"article:modified_time\" content=\"2020-01-23T14:15:41+00:00\" \/>\n<meta property=\"og:image\" content=\"https:\/\/www.altominho.tv\/site\/wp-content\/uploads\/2020\/01\/centro-saude-moncao.png\" \/>\n\t<meta property=\"og:image:width\" content=\"757\" \/>\n\t<meta property=\"og:image:height\" content=\"469\" \/>\n\t<meta property=\"og:image:type\" content=\"image\/png\" \/>\n<meta name=\"author\" content=\"Lusa\" \/>\n<meta name=\"twitter:card\" content=\"summary_large_image\" \/>\n<meta name=\"twitter:creator\" content=\"@altominhoTV\" \/>\n<meta name=\"twitter:site\" content=\"@altominhoTV\" \/>\n<meta name=\"twitter:label1\" content=\"Escrito por\" \/>\n\t<meta name=\"twitter:data1\" content=\"Lusa\" \/>\n\t<meta name=\"twitter:label2\" content=\"Tempo estimado de leitura\" \/>\n\t<meta name=\"twitter:data2\" content=\"1 minuto\" \/>\n<script type=\"application\/ld+json\" class=\"yoast-schema-graph\">{\"@context\":\"https:\\\/\\\/schema.org\",\"@graph\":[{\"@type\":\"Article\",\"@id\":\"https:\\\/\\\/www.altominho.tv\\\/site\\\/2020\\\/01\\\/23\\\/bloco-de-esquerda-questiona-governo-sobre-avaria-de-raio-x-na-urgencia-de-moncao\\\/#article\",\"isPartOf\":{\"@id\":\"https:\\\/\\\/www.altominho.tv\\\/site\\\/2020\\\/01\\\/23\\\/bloco-de-esquerda-questiona-governo-sobre-avaria-de-raio-x-na-urgencia-de-moncao\\\/\"},\"author\":{\"name\":\"Lusa\",\"@id\":\"https:\\\/\\\/www.altominho.tv\\\/site\\\/#\\\/schema\\\/person\\\/63f693da3e1899361cbe955c46f3232e\"},\"headline\":\"Bloco de Esquerda questiona Governo sobre avaria de raio-X na urg\u00eancia de Mon\u00e7\u00e3o\",\"datePublished\":\"2020-01-23T14:15:28+00:00\",\"dateModified\":\"2020-01-23T14:15:41+00:00\",\"mainEntityOfPage\":{\"@id\":\"https:\\\/\\\/www.altominho.tv\\\/site\\\/2020\\\/01\\\/23\\\/bloco-de-esquerda-questiona-governo-sobre-avaria-de-raio-x-na-urgencia-de-moncao\\\/\"},\"wordCount\":235,\"image\":{\"@id\":\"https:\\\/\\\/www.altominho.tv\\\/site\\\/2020\\\/01\\\/23\\\/bloco-de-esquerda-questiona-governo-sobre-avaria-de-raio-x-na-urgencia-de-moncao\\\/#primaryimage\"},\"thumbnailUrl\":\"https:\\\/\\\/www.altominho.tv\\\/site\\\/wp-content\\\/uploads\\\/2020\\\/01\\\/centro-saude-moncao.png\",\"keywords\":[\"Sa\u00fade\"],\"articleSection\":[\"Mon\u00e7\u00e3o\"],\"inLanguage\":\"pt-PT\",\"copyrightYear\":\"2020\",\"copyrightHolder\":{\"@id\":\"https:\\\/\\\/www.altominho.tv\\\/site\\\/#organization\"}},{\"@type\":\"WebPage\",\"@id\":\"https:\\\/\\\/www.altominho.tv\\\/site\\\/2020\\\/01\\\/23\\\/bloco-de-esquerda-questiona-governo-sobre-avaria-de-raio-x-na-urgencia-de-moncao\\\/\",\"url\":\"https:\\\/\\\/www.altominho.tv\\\/site\\\/2020\\\/01\\\/23\\\/bloco-de-esquerda-questiona-governo-sobre-avaria-de-raio-x-na-urgencia-de-moncao\\\/\",\"name\":\"Bloco de Esquerda questiona Governo sobre avaria de raio-X na urg\u00eancia de Mon\u00e7\u00e3o\",\"isPartOf\":{\"@id\":\"https:\\\/\\\/www.altominho.tv\\\/site\\\/#website\"},\"primaryImageOfPage\":{\"@id\":\"https:\\\/\\\/www.altominho.tv\\\/site\\\/2020\\\/01\\\/23\\\/bloco-de-esquerda-questiona-governo-sobre-avaria-de-raio-x-na-urgencia-de-moncao\\\/#primaryimage\"},\"image\":{\"@id\":\"https:\\\/\\\/www.altominho.tv\\\/site\\\/2020\\\/01\\\/23\\\/bloco-de-esquerda-questiona-governo-sobre-avaria-de-raio-x-na-urgencia-de-moncao\\\/#primaryimage\"},\"thumbnailUrl\":\"https:\\\/\\\/www.altominho.tv\\\/site\\\/wp-content\\\/uploads\\\/2020\\\/01\\\/centro-saude-moncao.png\",\"datePublished\":\"2020-01-23T14:15:28+00:00\",\"dateModified\":\"2020-01-23T14:15:41+00:00\",\"author\":{\"@id\":\"https:\\\/\\\/www.altominho.tv\\\/site\\\/#\\\/schema\\\/person\\\/63f693da3e1899361cbe955c46f3232e\"},\"breadcrumb\":{\"@id\":\"https:\\\/\\\/www.altominho.tv\\\/site\\\/2020\\\/01\\\/23\\\/bloco-de-esquerda-questiona-governo-sobre-avaria-de-raio-x-na-urgencia-de-moncao\\\/#breadcrumb\"},\"inLanguage\":\"pt-PT\",\"potentialAction\":[{\"@type\":\"ReadAction\",\"target\":[\"https:\\\/\\\/www.altominho.tv\\\/site\\\/2020\\\/01\\\/23\\\/bloco-de-esquerda-questiona-governo-sobre-avaria-de-raio-x-na-urgencia-de-moncao\\\/\"]}]},{\"@type\":\"ImageObject\",\"inLanguage\":\"pt-PT\",\"@id\":\"https:\\\/\\\/www.altominho.tv\\\/site\\\/2020\\\/01\\\/23\\\/bloco-de-esquerda-questiona-governo-sobre-avaria-de-raio-x-na-urgencia-de-moncao\\\/#primaryimage\",\"url\":\"https:\\\/\\\/www.altominho.tv\\\/site\\\/wp-content\\\/uploads\\\/2020\\\/01\\\/centro-saude-moncao.png\",\"contentUrl\":\"https:\\\/\\\/www.altominho.tv\\\/site\\\/wp-content\\\/uploads\\\/2020\\\/01\\\/centro-saude-moncao.png\",\"width\":757,\"height\":469,\"caption\":\"TIAGO BARREIROS\"},{\"@type\":\"BreadcrumbList\",\"@id\":\"https:\\\/\\\/www.altominho.tv\\\/site\\\/2020\\\/01\\\/23\\\/bloco-de-esquerda-questiona-governo-sobre-avaria-de-raio-x-na-urgencia-de-moncao\\\/#breadcrumb\",\"itemListElement\":[{\"@type\":\"ListItem\",\"position\":1,\"name\":\"In\u00edcio\",\"item\":\"https:\\\/\\\/www.altominho.tv\\\/site\\\/\"},{\"@type\":\"ListItem\",\"position\":2,\"name\":\"Bloco de Esquerda questiona Governo sobre avaria de raio-X na urg\u00eancia de Mon\u00e7\u00e3o\"}]},{\"@type\":\"WebSite\",\"@id\":\"https:\\\/\\\/www.altominho.tv\\\/site\\\/#website\",\"url\":\"https:\\\/\\\/www.altominho.tv\\\/site\\\/\",\"name\":\"Altominho.tv\",\"description\":\"A sua regi\u00e3o \u00e0 dist\u00e2ncia de um clique...\",\"potentialAction\":[{\"@type\":\"SearchAction\",\"target\":{\"@type\":\"EntryPoint\",\"urlTemplate\":\"https:\\\/\\\/www.altominho.tv\\\/site\\\/?s={search_term_string}\"},\"query-input\":{\"@type\":\"PropertyValueSpecification\",\"valueRequired\":true,\"valueName\":\"search_term_string\"}}],\"inLanguage\":\"pt-PT\"},{\"@type\":\"Person\",\"@id\":\"https:\\\/\\\/www.altominho.tv\\\/site\\\/#\\\/schema\\\/person\\\/63f693da3e1899361cbe955c46f3232e\",\"name\":\"Lusa\",\"image\":{\"@type\":\"ImageObject\",\"inLanguage\":\"pt-PT\",\"@id\":\"https:\\\/\\\/www.altominho.tv\\\/site\\\/wp-content\\\/uploads\\\/2019\\\/08\\\/LUSA_Logo.gif\",\"url\":\"https:\\\/\\\/www.altominho.tv\\\/site\\\/wp-content\\\/uploads\\\/2019\\\/08\\\/LUSA_Logo.gif\",\"contentUrl\":\"https:\\\/\\\/www.altominho.tv\\\/site\\\/wp-content\\\/uploads\\\/2019\\\/08\\\/LUSA_Logo.gif\",\"caption\":\"Lusa\"},\"sameAs\":[\"http:\\\/\\\/\\\/\\\/www.altominho.tv\\\/site\"],\"url\":\"https:\\\/\\\/www.altominho.tv\\\/site\\\/author\\\/lusa\\\/\"}]}<\/script>\n<!-- \/ Yoast SEO Premium plugin. -->","yoast_head_json":{"title":"Bloco de Esquerda questiona Governo sobre avaria de raio-X na urg\u00eancia de Mon\u00e7\u00e3o","robots":{"index":"index","follow":"follow","max-snippet":"max-snippet:-1","max-image-preview":"max-image-preview:large","max-video-preview":"max-video-preview:-1"},"canonical":"https:\/\/www.altominho.tv\/site\/2020\/01\/23\/bloco-de-esquerda-questiona-governo-sobre-avaria-de-raio-x-na-urgencia-de-moncao\/","og_locale":"pt_PT","og_type":"article","og_title":"Bloco de Esquerda questiona Governo sobre avaria de raio-X na urg\u00eancia de Mon\u00e7\u00e3o","og_description":"O Bloco de Esquerda questionou esta quinta-feira o Minist\u00e9rio da Sa\u00fade sobre o equipamento de raio-X do Servi\u00e7o de Urg\u00eancia B\u00e1sico (SUB) de Mon\u00e7\u00e3o que, segundo &#8220;den\u00fancias&#8221; recebidas pelo partido, est\u00e1 avariado &#8220;h\u00e1 aproximadamente dois meses&#8221;. No requerimento hoje enviado ao minist\u00e9rio de Marta Temido, o Bloco de Esquerda (BE) quer saber &#8220;se o Governo [&hellip;]","og_url":"https:\/\/www.altominho.tv\/site\/2020\/01\/23\/bloco-de-esquerda-questiona-governo-sobre-avaria-de-raio-x-na-urgencia-de-moncao\/","og_site_name":"Altominho.tv","article_publisher":"https:\/\/www.facebook.com\/altominhotv","article_published_time":"2020-01-23T14:15:28+00:00","article_modified_time":"2020-01-23T14:15:41+00:00","og_image":[{"width":757,"height":469,"url":"https:\/\/www.altominho.tv\/site\/wp-content\/uploads\/2020\/01\/centro-saude-moncao.png","type":"image\/png"}],"author":"Lusa","twitter_card":"summary_large_image","twitter_creator":"@altominhoTV","twitter_site":"@altominhoTV","twitter_misc":{"Escrito por":"Lusa","Tempo estimado de leitura":"1 minuto"},"schema":{"@context":"https:\/\/schema.org","@graph":[{"@type":"Article","@id":"https:\/\/www.altominho.tv\/site\/2020\/01\/23\/bloco-de-esquerda-questiona-governo-sobre-avaria-de-raio-x-na-urgencia-de-moncao\/#article","isPartOf":{"@id":"https:\/\/www.altominho.tv\/site\/2020\/01\/23\/bloco-de-esquerda-questiona-governo-sobre-avaria-de-raio-x-na-urgencia-de-moncao\/"},"author":{"name":"Lusa","@id":"https:\/\/www.altominho.tv\/site\/#\/schema\/person\/63f693da3e1899361cbe955c46f3232e"},"headline":"Bloco de Esquerda questiona Governo sobre avaria de raio-X na urg\u00eancia de Mon\u00e7\u00e3o","datePublished":"2020-01-23T14:15:28+00:00","dateModified":"2020-01-23T14:15:41+00:00","mainEntityOfPage":{"@id":"https:\/\/www.altominho.tv\/site\/2020\/01\/23\/bloco-de-esquerda-questiona-governo-sobre-avaria-de-raio-x-na-urgencia-de-moncao\/"},"wordCount":235,"image":{"@id":"https:\/\/www.altominho.tv\/site\/2020\/01\/23\/bloco-de-esquerda-questiona-governo-sobre-avaria-de-raio-x-na-urgencia-de-moncao\/#primaryimage"},"thumbnailUrl":"https:\/\/www.altominho.tv\/site\/wp-content\/uploads\/2020\/01\/centro-saude-moncao.png","keywords":["Sa\u00fade"],"articleSection":["Mon\u00e7\u00e3o"],"inLanguage":"pt-PT","copyrightYear":"2020","copyrightHolder":{"@id":"https:\/\/www.altominho.tv\/site\/#organization"}},{"@type":"WebPage","@id":"https:\/\/www.altominho.tv\/site\/2020\/01\/23\/bloco-de-esquerda-questiona-governo-sobre-avaria-de-raio-x-na-urgencia-de-moncao\/","url":"https:\/\/www.altominho.tv\/site\/2020\/01\/23\/bloco-de-esquerda-questiona-governo-sobre-avaria-de-raio-x-na-urgencia-de-moncao\/","name":"Bloco de Esquerda questiona Governo sobre avaria de raio-X na urg\u00eancia de Mon\u00e7\u00e3o","isPartOf":{"@id":"https:\/\/www.altominho.tv\/site\/#website"},"primaryImageOfPage":{"@id":"https:\/\/www.altominho.tv\/site\/2020\/01\/23\/bloco-de-esquerda-questiona-governo-sobre-avaria-de-raio-x-na-urgencia-de-moncao\/#primaryimage"},"image":{"@id":"https:\/\/www.altominho.tv\/site\/2020\/01\/23\/bloco-de-esquerda-questiona-governo-sobre-avaria-de-raio-x-na-urgencia-de-moncao\/#primaryimage"},"thumbnailUrl":"https:\/\/www.altominho.tv\/site\/wp-content\/uploads\/2020\/01\/centro-saude-moncao.png","datePublished":"2020-01-23T14:15:28+00:00","dateModified":"2020-01-23T14:15:41+00:00","author":{"@id":"https:\/\/www.altominho.tv\/site\/#\/schema\/person\/63f693da3e1899361cbe955c46f3232e"},"breadcrumb":{"@id":"https:\/\/www.altominho.tv\/site\/2020\/01\/23\/bloco-de-esquerda-questiona-governo-sobre-avaria-de-raio-x-na-urgencia-de-moncao\/#breadcrumb"},"inLanguage":"pt-PT","potentialAction":[{"@type":"ReadAction","target":["https:\/\/www.altominho.tv\/site\/2020\/01\/23\/bloco-de-esquerda-questiona-governo-sobre-avaria-de-raio-x-na-urgencia-de-moncao\/"]}]},{"@type":"ImageObject","inLanguage":"pt-PT","@id":"https:\/\/www.altominho.tv\/site\/2020\/01\/23\/bloco-de-esquerda-questiona-governo-sobre-avaria-de-raio-x-na-urgencia-de-moncao\/#primaryimage","url":"https:\/\/www.altominho.tv\/site\/wp-content\/uploads\/2020\/01\/centro-saude-moncao.png","contentUrl":"https:\/\/www.altominho.tv\/site\/wp-content\/uploads\/2020\/01\/centro-saude-moncao.png","width":757,"height":469,"caption":"TIAGO BARREIROS"},{"@type":"BreadcrumbList","@id":"https:\/\/www.altominho.tv\/site\/2020\/01\/23\/bloco-de-esquerda-questiona-governo-sobre-avaria-de-raio-x-na-urgencia-de-moncao\/#breadcrumb","itemListElement":[{"@type":"ListItem","position":1,"name":"In\u00edcio","item":"https:\/\/www.altominho.tv\/site\/"},{"@type":"ListItem","position":2,"name":"Bloco de Esquerda questiona Governo sobre avaria de raio-X na urg\u00eancia de Mon\u00e7\u00e3o"}]},{"@type":"WebSite","@id":"https:\/\/www.altominho.tv\/site\/#website","url":"https:\/\/www.altominho.tv\/site\/","name":"Altominho.tv","description":"A sua regi\u00e3o \u00e0 dist\u00e2ncia de um clique...","potentialAction":[{"@type":"SearchAction","target":{"@type":"EntryPoint","urlTemplate":"https:\/\/www.altominho.tv\/site\/?s={search_term_string}"},"query-input":{"@type":"PropertyValueSpecification","valueRequired":true,"valueName":"search_term_string"}}],"inLanguage":"pt-PT"},{"@type":"Person","@id":"https:\/\/www.altominho.tv\/site\/#\/schema\/person\/63f693da3e1899361cbe955c46f3232e","name":"Lusa","image":{"@type":"ImageObject","inLanguage":"pt-PT","@id":"https:\/\/www.altominho.tv\/site\/wp-content\/uploads\/2019\/08\/LUSA_Logo.gif","url":"https:\/\/www.altominho.tv\/site\/wp-content\/uploads\/2019\/08\/LUSA_Logo.gif","contentUrl":"https:\/\/www.altominho.tv\/site\/wp-content\/uploads\/2019\/08\/LUSA_Logo.gif","caption":"Lusa"},"sameAs":["http:\/\/\/\/www.altominho.tv\/site"],"url":"https:\/\/www.altominho.tv\/site\/author\/lusa\/"}]}},"_links":{"self":[{"href":"https:\/\/www.altominho.tv\/site\/wp-json\/wp\/v2\/posts\/39453","targetHints":{"allow":["GET"]}}],"collection":[{"href":"https:\/\/www.altominho.tv\/site\/wp-json\/wp\/v2\/posts"}],"about":[{"href":"https:\/\/www.altominho.tv\/site\/wp-json\/wp\/v2\/types\/post"}],"author":[{"embeddable":true,"href":"https:\/\/www.altominho.tv\/site\/wp-json\/wp\/v2\/users\/13"}],"replies":[{"embeddable":true,"href":"https:\/\/www.altominho.tv\/site\/wp-json\/wp\/v2\/comments?post=39453"}],"version-history":[{"count":0,"href":"https:\/\/www.altominho.tv\/site\/wp-json\/wp\/v2\/posts\/39453\/revisions"}],"wp:featuredmedia":[{"embeddable":true,"href":"https:\/\/www.altominho.tv\/site\/wp-json\/wp\/v2\/media\/39454"}],"wp:attachment":[{"href":"https:\/\/www.altominho.tv\/site\/wp-json\/wp\/v2\/media?parent=39453"}],"wp:term":[{"taxonomy":"category","embeddable":true,"href":"https:\/\/www.altominho.tv\/site\/wp-json\/wp\/v2\/categories?post=39453"},{"taxonomy":"post_tag","embeddable":true,"href":"https:\/\/www.altominho.tv\/site\/wp-json\/wp\/v2\/tags?post=39453"}],"curies":[{"name":"wp","href":"https:\/\/api.w.org\/{rel}","templated":true}]}}