{"id":39222,"date":"2020-01-17T10:53:58","date_gmt":"2020-01-17T10:53:58","guid":{"rendered":"http:\/\/www.altominho.tv\/site\/?p=39222"},"modified":"2020-01-17T10:54:12","modified_gmt":"2020-01-17T10:54:12","slug":"exposicao-mostra-mais-de-um-seculo-de-historia-da-arquitetura-de-viana","status":"publish","type":"post","link":"https:\/\/www.altominho.tv\/site\/2020\/01\/17\/exposicao-mostra-mais-de-um-seculo-de-historia-da-arquitetura-de-viana\/","title":{"rendered":"Exposi\u00e7\u00e3o mostra mais de um s\u00e9culo de hist\u00f3ria da arquitetura de Viana"},"content":{"rendered":"<p>O antigo mercado de Viana do Castelo, desenhado por Magalh\u00e3es Moutinho, que veio a ser demolido para dar lugar ao pr\u00e9dio Coutinho, \u00e9 uma das 12 obras do roteiro da arquitetura local inclu\u00edda na exposi\u00e7\u00e3o a inaugurar na segunda-feira.<\/p>\n<p>As 12 obras retratam mais de 100 anos da hist\u00f3ria da arquitetura na capital do Alto Minho. &#8220;Esperamos que, neste aut\u00eantico roteiro pela arquitetura de Viana do Castelo, se descubra a vontade de ver, conhecer ou redescobrir algumas das joias da nossa cidade, muitas delas ainda sem reconhecimento, mas que s\u00e3o fruto de uma \u00e9poca, de uma hist\u00f3ria e de um tra\u00e7o que estes e outros arquitetos deixaram para a posteridade&#8221;, sublinhou hoje o presidente da C\u00e2mara, Jos\u00e9 Maria Costa.<\/p>\n<p>Al\u00e9m do antigo mercado, que funcionou desde 1892 at\u00e9 1965, tamb\u00e9m o teatro S\u00e1 de Miranda, de Jos\u00e9 Geraldo Sardinha, inaugurado em 1885, ou o templo de Santa Luzia, situado no monte com o mesmo nome, sobranceiro \u00e0 cidade, com tra\u00e7o de Ventura Terra e cuja constru\u00e7\u00e3o decorreu entre 1904 e 1959, fazem parte da mostra &#8220;Arquitetura em Viana do Castelo &#8211; 12 Arquitetos not\u00e1veis&#8221;, integrada nos 172 anos de eleva\u00e7\u00e3o da capital do Alto Minho a cidade.<\/p>\n<p>A mostra, que prop\u00f5e uma viagem com mais de 100 anos pelas obras que 12 arquitetos (j\u00e1 falecidos) deixaram em Viana do Castelo, vai ser inaugurada \u00e0s 17h00, nos Antigos Pa\u00e7os do Concelho, na Pra\u00e7a da Rep\u00fablica.<\/p>\n<p>A exposi\u00e7\u00e3o divide-se em duas \u00e1reas, uma onde se espalham 12 pain\u00e9is dos 12 arquitetos e outra que integra uma mesa, com dois metros de largura por cinco de comprimento, onde de pode acompanhar, atrav\u00e9s do mapa da cidade, o roteiro dos monumentos e edif\u00edcios em causa.<\/p>\n<p>A pra\u00e7a da Liberdade, junto ao rio Lima, projetada por Fernando T\u00e1vora (1923-2005), cidad\u00e3o de Honra de Viana do Castelo, e o est\u00e1dio municipal Manuela Machado, de Henrique de Carvalho (1950 &#8211; 2002), s\u00e3o outros projetos na mostra.<\/p>\n<p>De Viana de Lima (1913 &#8211; 1991), al\u00e9m do anteprojeto do hospital distrital, nos anos sessenta do s\u00e9culo XX, que n\u00e3o chegou a concluir, destaca-se ainda reabilita\u00e7\u00e3o da Pra\u00e7a da Rep\u00fablica, em 1985.<\/p>\n<p>O Caf\u00e9 Girassol, no jardim marginal, de Francisco Passos (1895 &#8211; 1952), ou o hospital distrital (1970-1980), hoje designado de Unidade Local de Sa\u00fade do Alto Minho (ULSAM), que entrou em funcionamento em 1983 e foi inaugurado a 06 de janeiro de 1984, de Chor\u00e3o Ramalho (1914 &#8211; 2002), tamb\u00e9m integram o roteiro arquitet\u00f3nico tra\u00e7ado pelo munic\u00edpio.<\/p>\n<p>&#8220;Esta op\u00e7\u00e3o surge da constata\u00e7\u00e3o de que, na paisagem urbana, a arquitetura \u00e9 uma forma de arte que torna \u00fanico o nosso centro hist\u00f3rico. Foram, assim, escolhidos para serem apresentados nesta exposi\u00e7\u00e3o 12 arquitetos de Viana do Castelo ou com liga\u00e7\u00e3o a Viana do Castelo e \u00e0 sua hist\u00f3ria arquitet\u00f3nica, numa homenagem ao trabalho e \u00e0 obra que nos deixaram&#8221;, refere o autarca no cat\u00e1logo a distribuir as visitantes.<\/p>\n<p>Al\u00e9m daquela mostra, as comemora\u00e7\u00f5es do 172.\u00ba anivers\u00e1rio de eleva\u00e7\u00e3o de Viana do Castelo as cidades incluem a atribui\u00e7\u00e3o de 24 t\u00edtulos honor\u00edficos a personalidades e institui\u00e7\u00f5es que marcaram a vida da cidade e do concelho.<\/p>\n<p>A ex-ministra do Mar Ana Paula Vitorino vai ser distinguida com o t\u00edtulo de Cidad\u00e3 Honor\u00e1ria da cidade, numa sess\u00e3o que decorrer\u00e1 na segunda-feira, \u00e0s 18h00, no teatro municipal S\u00e1 de Miranda.<\/p>\n","protected":false},"excerpt":{"rendered":"<p>O antigo mercado de Viana do Castelo, desenhado por Magalh\u00e3es Moutinho, que veio a ser demolido para dar lugar ao pr\u00e9dio Coutinho, \u00e9 uma das 12 obras do roteiro da arquitetura local inclu\u00edda na exposi\u00e7\u00e3o a inaugurar na segunda-feira. As 12 obras retratam mais de 100 anos da hist\u00f3ria da arquitetura na capital do Alto [&hellip;]<\/p>\n","protected":false},"author":13,"featured_media":39223,"comment_status":"closed","ping_status":"closed","sticky":false,"template":"","format":"standard","meta":{"_exactmetrics_skip_tracking":false,"footnotes":""},"categories":[14],"tags":[19],"class_list":["post-39222","post","type-post","status-publish","format-standard","has-post-thumbnail","hentry","category-viana-do-castelo","tag-cultura"],"yoast_head":"<!-- This site is optimized with the Yoast SEO Premium plugin v28.3 (Yoast SEO v28.3) - https:\/\/yoast.com\/product\/yoast-seo-premium-wordpress\/ -->\n<title>Exposi\u00e7\u00e3o mostra mais de um s\u00e9culo de hist\u00f3ria da arquitetura de Viana<\/title>\n<meta name=\"robots\" content=\"index, follow, max-snippet:-1, max-image-preview:large, max-video-preview:-1\" \/>\n<link rel=\"canonical\" href=\"https:\/\/www.altominho.tv\/site\/2020\/01\/17\/exposicao-mostra-mais-de-um-seculo-de-historia-da-arquitetura-de-viana\/\" \/>\n<meta property=\"og:locale\" content=\"pt_PT\" \/>\n<meta property=\"og:type\" content=\"article\" \/>\n<meta property=\"og:title\" content=\"Exposi\u00e7\u00e3o mostra mais de um s\u00e9culo de hist\u00f3ria da arquitetura de Viana\" \/>\n<meta property=\"og:description\" content=\"O antigo mercado de Viana do Castelo, desenhado por Magalh\u00e3es Moutinho, que veio a ser demolido para dar lugar ao pr\u00e9dio Coutinho, \u00e9 uma das 12 obras do roteiro da arquitetura local inclu\u00edda na exposi\u00e7\u00e3o a inaugurar na segunda-feira. As 12 obras retratam mais de 100 anos da hist\u00f3ria da arquitetura na capital do Alto [&hellip;]\" \/>\n<meta property=\"og:url\" content=\"https:\/\/www.altominho.tv\/site\/2020\/01\/17\/exposicao-mostra-mais-de-um-seculo-de-historia-da-arquitetura-de-viana\/\" \/>\n<meta property=\"og:site_name\" content=\"Altominho.tv\" \/>\n<meta property=\"article:publisher\" content=\"https:\/\/www.facebook.com\/altominhotv\" \/>\n<meta property=\"article:published_time\" content=\"2020-01-17T10:53:58+00:00\" \/>\n<meta property=\"article:modified_time\" content=\"2020-01-17T10:54:12+00:00\" \/>\n<meta property=\"og:image\" content=\"https:\/\/www.altominho.tv\/site\/wp-content\/uploads\/2020\/01\/Antigos-Pacos-do-Concelho_RC_1.jpg\" \/>\n\t<meta property=\"og:image:width\" content=\"600\" \/>\n\t<meta property=\"og:image:height\" content=\"432\" \/>\n\t<meta property=\"og:image:type\" content=\"image\/jpeg\" \/>\n<meta name=\"author\" content=\"Lusa\" \/>\n<meta name=\"twitter:card\" content=\"summary_large_image\" \/>\n<meta name=\"twitter:creator\" content=\"@altominhoTV\" \/>\n<meta name=\"twitter:site\" content=\"@altominhoTV\" \/>\n<meta name=\"twitter:label1\" content=\"Escrito por\" \/>\n\t<meta name=\"twitter:data1\" content=\"Lusa\" \/>\n\t<meta name=\"twitter:label2\" content=\"Tempo estimado de leitura\" \/>\n\t<meta name=\"twitter:data2\" content=\"3 minutos\" \/>\n<script type=\"application\/ld+json\" class=\"yoast-schema-graph\">{\"@context\":\"https:\\\/\\\/schema.org\",\"@graph\":[{\"@type\":\"Article\",\"@id\":\"https:\\\/\\\/www.altominho.tv\\\/site\\\/2020\\\/01\\\/17\\\/exposicao-mostra-mais-de-um-seculo-de-historia-da-arquitetura-de-viana\\\/#article\",\"isPartOf\":{\"@id\":\"https:\\\/\\\/www.altominho.tv\\\/site\\\/2020\\\/01\\\/17\\\/exposicao-mostra-mais-de-um-seculo-de-historia-da-arquitetura-de-viana\\\/\"},\"author\":{\"name\":\"Lusa\",\"@id\":\"https:\\\/\\\/www.altominho.tv\\\/site\\\/#\\\/schema\\\/person\\\/63f693da3e1899361cbe955c46f3232e\"},\"headline\":\"Exposi\u00e7\u00e3o mostra mais de um s\u00e9culo de hist\u00f3ria da arquitetura de Viana\",\"datePublished\":\"2020-01-17T10:53:58+00:00\",\"dateModified\":\"2020-01-17T10:54:12+00:00\",\"mainEntityOfPage\":{\"@id\":\"https:\\\/\\\/www.altominho.tv\\\/site\\\/2020\\\/01\\\/17\\\/exposicao-mostra-mais-de-um-seculo-de-historia-da-arquitetura-de-viana\\\/\"},\"wordCount\":587,\"image\":{\"@id\":\"https:\\\/\\\/www.altominho.tv\\\/site\\\/2020\\\/01\\\/17\\\/exposicao-mostra-mais-de-um-seculo-de-historia-da-arquitetura-de-viana\\\/#primaryimage\"},\"thumbnailUrl\":\"https:\\\/\\\/www.altominho.tv\\\/site\\\/wp-content\\\/uploads\\\/2020\\\/01\\\/Antigos-Pacos-do-Concelho_RC_1.jpg\",\"keywords\":[\"Cultura\"],\"articleSection\":[\"Viana do Castelo\"],\"inLanguage\":\"pt-PT\",\"copyrightYear\":\"2020\",\"copyrightHolder\":{\"@id\":\"https:\\\/\\\/www.altominho.tv\\\/site\\\/#organization\"}},{\"@type\":\"WebPage\",\"@id\":\"https:\\\/\\\/www.altominho.tv\\\/site\\\/2020\\\/01\\\/17\\\/exposicao-mostra-mais-de-um-seculo-de-historia-da-arquitetura-de-viana\\\/\",\"url\":\"https:\\\/\\\/www.altominho.tv\\\/site\\\/2020\\\/01\\\/17\\\/exposicao-mostra-mais-de-um-seculo-de-historia-da-arquitetura-de-viana\\\/\",\"name\":\"Exposi\u00e7\u00e3o mostra mais de um s\u00e9culo de hist\u00f3ria da arquitetura de Viana\",\"isPartOf\":{\"@id\":\"https:\\\/\\\/www.altominho.tv\\\/site\\\/#website\"},\"primaryImageOfPage\":{\"@id\":\"https:\\\/\\\/www.altominho.tv\\\/site\\\/2020\\\/01\\\/17\\\/exposicao-mostra-mais-de-um-seculo-de-historia-da-arquitetura-de-viana\\\/#primaryimage\"},\"image\":{\"@id\":\"https:\\\/\\\/www.altominho.tv\\\/site\\\/2020\\\/01\\\/17\\\/exposicao-mostra-mais-de-um-seculo-de-historia-da-arquitetura-de-viana\\\/#primaryimage\"},\"thumbnailUrl\":\"https:\\\/\\\/www.altominho.tv\\\/site\\\/wp-content\\\/uploads\\\/2020\\\/01\\\/Antigos-Pacos-do-Concelho_RC_1.jpg\",\"datePublished\":\"2020-01-17T10:53:58+00:00\",\"dateModified\":\"2020-01-17T10:54:12+00:00\",\"author\":{\"@id\":\"https:\\\/\\\/www.altominho.tv\\\/site\\\/#\\\/schema\\\/person\\\/63f693da3e1899361cbe955c46f3232e\"},\"breadcrumb\":{\"@id\":\"https:\\\/\\\/www.altominho.tv\\\/site\\\/2020\\\/01\\\/17\\\/exposicao-mostra-mais-de-um-seculo-de-historia-da-arquitetura-de-viana\\\/#breadcrumb\"},\"inLanguage\":\"pt-PT\",\"potentialAction\":[{\"@type\":\"ReadAction\",\"target\":[\"https:\\\/\\\/www.altominho.tv\\\/site\\\/2020\\\/01\\\/17\\\/exposicao-mostra-mais-de-um-seculo-de-historia-da-arquitetura-de-viana\\\/\"]}]},{\"@type\":\"ImageObject\",\"inLanguage\":\"pt-PT\",\"@id\":\"https:\\\/\\\/www.altominho.tv\\\/site\\\/2020\\\/01\\\/17\\\/exposicao-mostra-mais-de-um-seculo-de-historia-da-arquitetura-de-viana\\\/#primaryimage\",\"url\":\"https:\\\/\\\/www.altominho.tv\\\/site\\\/wp-content\\\/uploads\\\/2020\\\/01\\\/Antigos-Pacos-do-Concelho_RC_1.jpg\",\"contentUrl\":\"https:\\\/\\\/www.altominho.tv\\\/site\\\/wp-content\\\/uploads\\\/2020\\\/01\\\/Antigos-Pacos-do-Concelho_RC_1.jpg\",\"width\":600,\"height\":432},{\"@type\":\"BreadcrumbList\",\"@id\":\"https:\\\/\\\/www.altominho.tv\\\/site\\\/2020\\\/01\\\/17\\\/exposicao-mostra-mais-de-um-seculo-de-historia-da-arquitetura-de-viana\\\/#breadcrumb\",\"itemListElement\":[{\"@type\":\"ListItem\",\"position\":1,\"name\":\"In\u00edcio\",\"item\":\"https:\\\/\\\/www.altominho.tv\\\/site\\\/\"},{\"@type\":\"ListItem\",\"position\":2,\"name\":\"Exposi\u00e7\u00e3o mostra mais de um s\u00e9culo de hist\u00f3ria da arquitetura de Viana\"}]},{\"@type\":\"WebSite\",\"@id\":\"https:\\\/\\\/www.altominho.tv\\\/site\\\/#website\",\"url\":\"https:\\\/\\\/www.altominho.tv\\\/site\\\/\",\"name\":\"Altominho.tv\",\"description\":\"A sua regi\u00e3o \u00e0 dist\u00e2ncia de um clique...\",\"potentialAction\":[{\"@type\":\"SearchAction\",\"target\":{\"@type\":\"EntryPoint\",\"urlTemplate\":\"https:\\\/\\\/www.altominho.tv\\\/site\\\/?s={search_term_string}\"},\"query-input\":{\"@type\":\"PropertyValueSpecification\",\"valueRequired\":true,\"valueName\":\"search_term_string\"}}],\"inLanguage\":\"pt-PT\"},{\"@type\":\"Person\",\"@id\":\"https:\\\/\\\/www.altominho.tv\\\/site\\\/#\\\/schema\\\/person\\\/63f693da3e1899361cbe955c46f3232e\",\"name\":\"Lusa\",\"image\":{\"@type\":\"ImageObject\",\"inLanguage\":\"pt-PT\",\"@id\":\"https:\\\/\\\/www.altominho.tv\\\/site\\\/wp-content\\\/uploads\\\/2019\\\/08\\\/LUSA_Logo.gif\",\"url\":\"https:\\\/\\\/www.altominho.tv\\\/site\\\/wp-content\\\/uploads\\\/2019\\\/08\\\/LUSA_Logo.gif\",\"contentUrl\":\"https:\\\/\\\/www.altominho.tv\\\/site\\\/wp-content\\\/uploads\\\/2019\\\/08\\\/LUSA_Logo.gif\",\"caption\":\"Lusa\"},\"sameAs\":[\"http:\\\/\\\/\\\/\\\/www.altominho.tv\\\/site\"],\"url\":\"https:\\\/\\\/www.altominho.tv\\\/site\\\/author\\\/lusa\\\/\"}]}<\/script>\n<!-- \/ Yoast SEO Premium plugin. -->","yoast_head_json":{"title":"Exposi\u00e7\u00e3o mostra mais de um s\u00e9culo de hist\u00f3ria da arquitetura de Viana","robots":{"index":"index","follow":"follow","max-snippet":"max-snippet:-1","max-image-preview":"max-image-preview:large","max-video-preview":"max-video-preview:-1"},"canonical":"https:\/\/www.altominho.tv\/site\/2020\/01\/17\/exposicao-mostra-mais-de-um-seculo-de-historia-da-arquitetura-de-viana\/","og_locale":"pt_PT","og_type":"article","og_title":"Exposi\u00e7\u00e3o mostra mais de um s\u00e9culo de hist\u00f3ria da arquitetura de Viana","og_description":"O antigo mercado de Viana do Castelo, desenhado por Magalh\u00e3es Moutinho, que veio a ser demolido para dar lugar ao pr\u00e9dio Coutinho, \u00e9 uma das 12 obras do roteiro da arquitetura local inclu\u00edda na exposi\u00e7\u00e3o a inaugurar na segunda-feira. As 12 obras retratam mais de 100 anos da hist\u00f3ria da arquitetura na capital do Alto [&hellip;]","og_url":"https:\/\/www.altominho.tv\/site\/2020\/01\/17\/exposicao-mostra-mais-de-um-seculo-de-historia-da-arquitetura-de-viana\/","og_site_name":"Altominho.tv","article_publisher":"https:\/\/www.facebook.com\/altominhotv","article_published_time":"2020-01-17T10:53:58+00:00","article_modified_time":"2020-01-17T10:54:12+00:00","og_image":[{"width":600,"height":432,"url":"https:\/\/www.altominho.tv\/site\/wp-content\/uploads\/2020\/01\/Antigos-Pacos-do-Concelho_RC_1.jpg","type":"image\/jpeg"}],"author":"Lusa","twitter_card":"summary_large_image","twitter_creator":"@altominhoTV","twitter_site":"@altominhoTV","twitter_misc":{"Escrito por":"Lusa","Tempo estimado de leitura":"3 minutos"},"schema":{"@context":"https:\/\/schema.org","@graph":[{"@type":"Article","@id":"https:\/\/www.altominho.tv\/site\/2020\/01\/17\/exposicao-mostra-mais-de-um-seculo-de-historia-da-arquitetura-de-viana\/#article","isPartOf":{"@id":"https:\/\/www.altominho.tv\/site\/2020\/01\/17\/exposicao-mostra-mais-de-um-seculo-de-historia-da-arquitetura-de-viana\/"},"author":{"name":"Lusa","@id":"https:\/\/www.altominho.tv\/site\/#\/schema\/person\/63f693da3e1899361cbe955c46f3232e"},"headline":"Exposi\u00e7\u00e3o mostra mais de um s\u00e9culo de hist\u00f3ria da arquitetura de Viana","datePublished":"2020-01-17T10:53:58+00:00","dateModified":"2020-01-17T10:54:12+00:00","mainEntityOfPage":{"@id":"https:\/\/www.altominho.tv\/site\/2020\/01\/17\/exposicao-mostra-mais-de-um-seculo-de-historia-da-arquitetura-de-viana\/"},"wordCount":587,"image":{"@id":"https:\/\/www.altominho.tv\/site\/2020\/01\/17\/exposicao-mostra-mais-de-um-seculo-de-historia-da-arquitetura-de-viana\/#primaryimage"},"thumbnailUrl":"https:\/\/www.altominho.tv\/site\/wp-content\/uploads\/2020\/01\/Antigos-Pacos-do-Concelho_RC_1.jpg","keywords":["Cultura"],"articleSection":["Viana do Castelo"],"inLanguage":"pt-PT","copyrightYear":"2020","copyrightHolder":{"@id":"https:\/\/www.altominho.tv\/site\/#organization"}},{"@type":"WebPage","@id":"https:\/\/www.altominho.tv\/site\/2020\/01\/17\/exposicao-mostra-mais-de-um-seculo-de-historia-da-arquitetura-de-viana\/","url":"https:\/\/www.altominho.tv\/site\/2020\/01\/17\/exposicao-mostra-mais-de-um-seculo-de-historia-da-arquitetura-de-viana\/","name":"Exposi\u00e7\u00e3o mostra mais de um s\u00e9culo de hist\u00f3ria da arquitetura de Viana","isPartOf":{"@id":"https:\/\/www.altominho.tv\/site\/#website"},"primaryImageOfPage":{"@id":"https:\/\/www.altominho.tv\/site\/2020\/01\/17\/exposicao-mostra-mais-de-um-seculo-de-historia-da-arquitetura-de-viana\/#primaryimage"},"image":{"@id":"https:\/\/www.altominho.tv\/site\/2020\/01\/17\/exposicao-mostra-mais-de-um-seculo-de-historia-da-arquitetura-de-viana\/#primaryimage"},"thumbnailUrl":"https:\/\/www.altominho.tv\/site\/wp-content\/uploads\/2020\/01\/Antigos-Pacos-do-Concelho_RC_1.jpg","datePublished":"2020-01-17T10:53:58+00:00","dateModified":"2020-01-17T10:54:12+00:00","author":{"@id":"https:\/\/www.altominho.tv\/site\/#\/schema\/person\/63f693da3e1899361cbe955c46f3232e"},"breadcrumb":{"@id":"https:\/\/www.altominho.tv\/site\/2020\/01\/17\/exposicao-mostra-mais-de-um-seculo-de-historia-da-arquitetura-de-viana\/#breadcrumb"},"inLanguage":"pt-PT","potentialAction":[{"@type":"ReadAction","target":["https:\/\/www.altominho.tv\/site\/2020\/01\/17\/exposicao-mostra-mais-de-um-seculo-de-historia-da-arquitetura-de-viana\/"]}]},{"@type":"ImageObject","inLanguage":"pt-PT","@id":"https:\/\/www.altominho.tv\/site\/2020\/01\/17\/exposicao-mostra-mais-de-um-seculo-de-historia-da-arquitetura-de-viana\/#primaryimage","url":"https:\/\/www.altominho.tv\/site\/wp-content\/uploads\/2020\/01\/Antigos-Pacos-do-Concelho_RC_1.jpg","contentUrl":"https:\/\/www.altominho.tv\/site\/wp-content\/uploads\/2020\/01\/Antigos-Pacos-do-Concelho_RC_1.jpg","width":600,"height":432},{"@type":"BreadcrumbList","@id":"https:\/\/www.altominho.tv\/site\/2020\/01\/17\/exposicao-mostra-mais-de-um-seculo-de-historia-da-arquitetura-de-viana\/#breadcrumb","itemListElement":[{"@type":"ListItem","position":1,"name":"In\u00edcio","item":"https:\/\/www.altominho.tv\/site\/"},{"@type":"ListItem","position":2,"name":"Exposi\u00e7\u00e3o mostra mais de um s\u00e9culo de hist\u00f3ria da arquitetura de Viana"}]},{"@type":"WebSite","@id":"https:\/\/www.altominho.tv\/site\/#website","url":"https:\/\/www.altominho.tv\/site\/","name":"Altominho.tv","description":"A sua regi\u00e3o \u00e0 dist\u00e2ncia de um clique...","potentialAction":[{"@type":"SearchAction","target":{"@type":"EntryPoint","urlTemplate":"https:\/\/www.altominho.tv\/site\/?s={search_term_string}"},"query-input":{"@type":"PropertyValueSpecification","valueRequired":true,"valueName":"search_term_string"}}],"inLanguage":"pt-PT"},{"@type":"Person","@id":"https:\/\/www.altominho.tv\/site\/#\/schema\/person\/63f693da3e1899361cbe955c46f3232e","name":"Lusa","image":{"@type":"ImageObject","inLanguage":"pt-PT","@id":"https:\/\/www.altominho.tv\/site\/wp-content\/uploads\/2019\/08\/LUSA_Logo.gif","url":"https:\/\/www.altominho.tv\/site\/wp-content\/uploads\/2019\/08\/LUSA_Logo.gif","contentUrl":"https:\/\/www.altominho.tv\/site\/wp-content\/uploads\/2019\/08\/LUSA_Logo.gif","caption":"Lusa"},"sameAs":["http:\/\/\/\/www.altominho.tv\/site"],"url":"https:\/\/www.altominho.tv\/site\/author\/lusa\/"}]}},"_links":{"self":[{"href":"https:\/\/www.altominho.tv\/site\/wp-json\/wp\/v2\/posts\/39222","targetHints":{"allow":["GET"]}}],"collection":[{"href":"https:\/\/www.altominho.tv\/site\/wp-json\/wp\/v2\/posts"}],"about":[{"href":"https:\/\/www.altominho.tv\/site\/wp-json\/wp\/v2\/types\/post"}],"author":[{"embeddable":true,"href":"https:\/\/www.altominho.tv\/site\/wp-json\/wp\/v2\/users\/13"}],"replies":[{"embeddable":true,"href":"https:\/\/www.altominho.tv\/site\/wp-json\/wp\/v2\/comments?post=39222"}],"version-history":[{"count":0,"href":"https:\/\/www.altominho.tv\/site\/wp-json\/wp\/v2\/posts\/39222\/revisions"}],"wp:featuredmedia":[{"embeddable":true,"href":"https:\/\/www.altominho.tv\/site\/wp-json\/wp\/v2\/media\/39223"}],"wp:attachment":[{"href":"https:\/\/www.altominho.tv\/site\/wp-json\/wp\/v2\/media?parent=39222"}],"wp:term":[{"taxonomy":"category","embeddable":true,"href":"https:\/\/www.altominho.tv\/site\/wp-json\/wp\/v2\/categories?post=39222"},{"taxonomy":"post_tag","embeddable":true,"href":"https:\/\/www.altominho.tv\/site\/wp-json\/wp\/v2\/tags?post=39222"}],"curies":[{"name":"wp","href":"https:\/\/api.w.org\/{rel}","templated":true}]}}