{"id":39186,"date":"2020-01-16T17:59:57","date_gmt":"2020-01-16T17:59:57","guid":{"rendered":"http:\/\/www.altominho.tv\/site\/?p=39186"},"modified":"2020-01-16T18:00:04","modified_gmt":"2020-01-16T18:00:04","slug":"neopop-anuncia-primeiras-confirmacoes-para-a-15-a-edicao-do-festival","status":"publish","type":"post","link":"https:\/\/www.altominho.tv\/site\/2020\/01\/16\/neopop-anuncia-primeiras-confirmacoes-para-a-15-a-edicao-do-festival\/","title":{"rendered":"Neopop anuncia primeiras confirma\u00e7\u00f5es para a 15.\u00aa edi\u00e7\u00e3o do festival"},"content":{"rendered":"<p>Paco Osuna, Modeselektor e The Black Madonna s\u00e3o alguns dos primeiros nomes da 15.\u00aa edi\u00e7\u00e3o do festival de m\u00fasica eletr\u00f3nica Neopop, que vai realizar-se em Viana do Castelo, de 12 a 15 de agosto.<\/p>\n<p>Honey Dijon, Loco Dice, Hessle Audio, Fjaak e Cobblestone Jazz \u2013 os dois \u00faltimos em formato \u2018live\u2019, tal como Modeselektor \u2013 completam a primeira remessa de artistas anunciados para a comemora\u00e7\u00e3o dos 15 anos de festival, numa recupera\u00e7\u00e3o de \u201calgumas das atua\u00e7\u00f5es mais emblem\u00e1ticas\u201d ao longo desse tempo.<\/p>\n<p>O festival mant\u00e9m-se no Forte Santiago da Barra, que no ano passado recebeu artistas como Underworld, Jeff Mills, Amelie Lens, Maceo Plex, Kink, Richie Hawtin ou Pan-Pot, esperando receber 10 mil pessoas por dia.<\/p>\n<p>The Black Madonna, nome art\u00edstico de Marea Stamper, foi escolhida como DJ do ano em 2016 pela revista Mixmag e considerada pelo New York Times como um dos DJ mais entusiasmantes do mundo.<\/p>\n<p>Paco Osuna, que conta com mais de 20 anos de carreira, regressa novamente ao festival, depois da presen\u00e7a no ano passado, um dos nomes mais estimados e acarinhados pelo p\u00fablico portugu\u00eas, tal como o produtor tunisino Loco Dice que repete a presen\u00e7a de 2017.<\/p>\n<p>Tamb\u00e9m os Modeselektor voltam a Viana do Castelo, a primeira vez desde a edi\u00e7\u00e3o de 2011, apesar de no ano passado terem reencontrado o p\u00fablico portugu\u00eas no Primavera Sound, no Porto, ap\u00f3s um hiato de seis anos da dupla alem\u00e3. Os compatriotas Felix Wagner e Aaron Robig, que comp\u00f5e os Fjaak, tamb\u00e9m est\u00e3o de volta ao Neopop, depois da presen\u00e7a em 2018.<\/p>\n<p>Hessle Audio \u00e9 o nome da editora criada pelos DJ Ben UFO, Person Sound e Pangaea que devem apresentar um &#8216;set&#8217; de &#8216;back to back&#8217; entre o trio.<\/p>\n<p>A norte-americana Honey Dijon marca tamb\u00e9m o regresso a Portugal e estreia-se no Forte Santiago da Barra, ao contr\u00e1rio do trio canadense Cobblestone Jazz que voltam pela primeira vez desde 2012.<\/p>\n\n\n<p><\/p>\n","protected":false},"excerpt":{"rendered":"<p>Paco Osuna, Modeselektor e The Black Madonna s\u00e3o alguns dos primeiros nomes da 15.\u00aa edi\u00e7\u00e3o do festival de m\u00fasica eletr\u00f3nica Neopop, que vai realizar-se em Viana do Castelo, de 12 a 15 de agosto. Honey Dijon, Loco Dice, Hessle Audio, Fjaak e Cobblestone Jazz \u2013 os dois \u00faltimos em formato \u2018live\u2019, tal como Modeselektor \u2013 [&hellip;]<\/p>\n","protected":false},"author":13,"featured_media":39187,"comment_status":"closed","ping_status":"closed","sticky":false,"template":"","format":"standard","meta":{"_exactmetrics_skip_tracking":false,"_exactmetrics_sitenote_active":false,"_exactmetrics_sitenote_note":"","_exactmetrics_sitenote_category":0,"footnotes":""},"categories":[14],"tags":[19],"class_list":["post-39186","post","type-post","status-publish","format-standard","has-post-thumbnail","hentry","category-viana-do-castelo","tag-cultura"],"yoast_head":"<!-- This site is optimized with the Yoast SEO Premium plugin v27.4 (Yoast SEO v27.4) - https:\/\/yoast.com\/product\/yoast-seo-premium-wordpress\/ -->\n<title>Neopop anuncia primeiras confirma\u00e7\u00f5es para a 15.\u00aa edi\u00e7\u00e3o do festival<\/title>\n<meta name=\"robots\" content=\"index, follow, max-snippet:-1, max-image-preview:large, max-video-preview:-1\" \/>\n<link rel=\"canonical\" href=\"https:\/\/www.altominho.tv\/site\/2020\/01\/16\/neopop-anuncia-primeiras-confirmacoes-para-a-15-a-edicao-do-festival\/\" \/>\n<meta property=\"og:locale\" content=\"pt_PT\" \/>\n<meta property=\"og:type\" content=\"article\" \/>\n<meta property=\"og:title\" content=\"Neopop anuncia primeiras confirma\u00e7\u00f5es para a 15.\u00aa edi\u00e7\u00e3o do festival\" \/>\n<meta property=\"og:description\" content=\"Paco Osuna, Modeselektor e The Black Madonna s\u00e3o alguns dos primeiros nomes da 15.\u00aa edi\u00e7\u00e3o do festival de m\u00fasica eletr\u00f3nica Neopop, que vai realizar-se em Viana do Castelo, de 12 a 15 de agosto. Honey Dijon, Loco Dice, Hessle Audio, Fjaak e Cobblestone Jazz \u2013 os dois \u00faltimos em formato \u2018live\u2019, tal como Modeselektor \u2013 [&hellip;]\" \/>\n<meta property=\"og:url\" content=\"https:\/\/www.altominho.tv\/site\/2020\/01\/16\/neopop-anuncia-primeiras-confirmacoes-para-a-15-a-edicao-do-festival\/\" \/>\n<meta property=\"og:site_name\" content=\"Altominho.tv\" \/>\n<meta property=\"article:publisher\" content=\"https:\/\/www.facebook.com\/altominhotv\" \/>\n<meta property=\"article:published_time\" content=\"2020-01-16T17:59:57+00:00\" \/>\n<meta property=\"article:modified_time\" content=\"2020-01-16T18:00:04+00:00\" \/>\n<meta property=\"og:image\" content=\"https:\/\/www.altominho.tv\/site\/wp-content\/uploads\/2020\/01\/neopop-740x493-1.jpg\" \/>\n\t<meta property=\"og:image:width\" content=\"740\" \/>\n\t<meta property=\"og:image:height\" content=\"493\" \/>\n\t<meta property=\"og:image:type\" content=\"image\/jpeg\" \/>\n<meta name=\"author\" content=\"Lusa\" \/>\n<meta name=\"twitter:card\" content=\"summary_large_image\" \/>\n<meta name=\"twitter:creator\" content=\"@altominhoTV\" \/>\n<meta name=\"twitter:site\" content=\"@altominhoTV\" \/>\n<meta name=\"twitter:label1\" content=\"Escrito por\" \/>\n\t<meta name=\"twitter:data1\" content=\"Lusa\" \/>\n\t<meta name=\"twitter:label2\" content=\"Tempo estimado de leitura\" \/>\n\t<meta name=\"twitter:data2\" content=\"2 minutos\" \/>\n<script type=\"application\/ld+json\" class=\"yoast-schema-graph\">{\"@context\":\"https:\\\/\\\/schema.org\",\"@graph\":[{\"@type\":\"Article\",\"@id\":\"https:\\\/\\\/www.altominho.tv\\\/site\\\/2020\\\/01\\\/16\\\/neopop-anuncia-primeiras-confirmacoes-para-a-15-a-edicao-do-festival\\\/#article\",\"isPartOf\":{\"@id\":\"https:\\\/\\\/www.altominho.tv\\\/site\\\/2020\\\/01\\\/16\\\/neopop-anuncia-primeiras-confirmacoes-para-a-15-a-edicao-do-festival\\\/\"},\"author\":{\"name\":\"Lusa\",\"@id\":\"https:\\\/\\\/www.altominho.tv\\\/site\\\/#\\\/schema\\\/person\\\/63f693da3e1899361cbe955c46f3232e\"},\"headline\":\"Neopop anuncia primeiras confirma\u00e7\u00f5es para a 15.\u00aa edi\u00e7\u00e3o do festival\",\"datePublished\":\"2020-01-16T17:59:57+00:00\",\"dateModified\":\"2020-01-16T18:00:04+00:00\",\"mainEntityOfPage\":{\"@id\":\"https:\\\/\\\/www.altominho.tv\\\/site\\\/2020\\\/01\\\/16\\\/neopop-anuncia-primeiras-confirmacoes-para-a-15-a-edicao-do-festival\\\/\"},\"wordCount\":336,\"image\":{\"@id\":\"https:\\\/\\\/www.altominho.tv\\\/site\\\/2020\\\/01\\\/16\\\/neopop-anuncia-primeiras-confirmacoes-para-a-15-a-edicao-do-festival\\\/#primaryimage\"},\"thumbnailUrl\":\"https:\\\/\\\/www.altominho.tv\\\/site\\\/wp-content\\\/uploads\\\/2020\\\/01\\\/neopop-740x493-1.jpg\",\"keywords\":[\"Cultura\"],\"articleSection\":[\"Viana do Castelo\"],\"inLanguage\":\"pt-PT\",\"copyrightYear\":\"2020\",\"copyrightHolder\":{\"@id\":\"https:\\\/\\\/www.altominho.tv\\\/site\\\/#organization\"}},{\"@type\":\"WebPage\",\"@id\":\"https:\\\/\\\/www.altominho.tv\\\/site\\\/2020\\\/01\\\/16\\\/neopop-anuncia-primeiras-confirmacoes-para-a-15-a-edicao-do-festival\\\/\",\"url\":\"https:\\\/\\\/www.altominho.tv\\\/site\\\/2020\\\/01\\\/16\\\/neopop-anuncia-primeiras-confirmacoes-para-a-15-a-edicao-do-festival\\\/\",\"name\":\"Neopop anuncia primeiras confirma\u00e7\u00f5es para a 15.\u00aa edi\u00e7\u00e3o do festival\",\"isPartOf\":{\"@id\":\"https:\\\/\\\/www.altominho.tv\\\/site\\\/#website\"},\"primaryImageOfPage\":{\"@id\":\"https:\\\/\\\/www.altominho.tv\\\/site\\\/2020\\\/01\\\/16\\\/neopop-anuncia-primeiras-confirmacoes-para-a-15-a-edicao-do-festival\\\/#primaryimage\"},\"image\":{\"@id\":\"https:\\\/\\\/www.altominho.tv\\\/site\\\/2020\\\/01\\\/16\\\/neopop-anuncia-primeiras-confirmacoes-para-a-15-a-edicao-do-festival\\\/#primaryimage\"},\"thumbnailUrl\":\"https:\\\/\\\/www.altominho.tv\\\/site\\\/wp-content\\\/uploads\\\/2020\\\/01\\\/neopop-740x493-1.jpg\",\"datePublished\":\"2020-01-16T17:59:57+00:00\",\"dateModified\":\"2020-01-16T18:00:04+00:00\",\"author\":{\"@id\":\"https:\\\/\\\/www.altominho.tv\\\/site\\\/#\\\/schema\\\/person\\\/63f693da3e1899361cbe955c46f3232e\"},\"breadcrumb\":{\"@id\":\"https:\\\/\\\/www.altominho.tv\\\/site\\\/2020\\\/01\\\/16\\\/neopop-anuncia-primeiras-confirmacoes-para-a-15-a-edicao-do-festival\\\/#breadcrumb\"},\"inLanguage\":\"pt-PT\",\"potentialAction\":[{\"@type\":\"ReadAction\",\"target\":[\"https:\\\/\\\/www.altominho.tv\\\/site\\\/2020\\\/01\\\/16\\\/neopop-anuncia-primeiras-confirmacoes-para-a-15-a-edicao-do-festival\\\/\"]}]},{\"@type\":\"ImageObject\",\"inLanguage\":\"pt-PT\",\"@id\":\"https:\\\/\\\/www.altominho.tv\\\/site\\\/2020\\\/01\\\/16\\\/neopop-anuncia-primeiras-confirmacoes-para-a-15-a-edicao-do-festival\\\/#primaryimage\",\"url\":\"https:\\\/\\\/www.altominho.tv\\\/site\\\/wp-content\\\/uploads\\\/2020\\\/01\\\/neopop-740x493-1.jpg\",\"contentUrl\":\"https:\\\/\\\/www.altominho.tv\\\/site\\\/wp-content\\\/uploads\\\/2020\\\/01\\\/neopop-740x493-1.jpg\",\"width\":740,\"height\":493,\"caption\":\"FACEBOOK NEOPOP\"},{\"@type\":\"BreadcrumbList\",\"@id\":\"https:\\\/\\\/www.altominho.tv\\\/site\\\/2020\\\/01\\\/16\\\/neopop-anuncia-primeiras-confirmacoes-para-a-15-a-edicao-do-festival\\\/#breadcrumb\",\"itemListElement\":[{\"@type\":\"ListItem\",\"position\":1,\"name\":\"In\u00edcio\",\"item\":\"https:\\\/\\\/www.altominho.tv\\\/site\\\/\"},{\"@type\":\"ListItem\",\"position\":2,\"name\":\"Neopop anuncia primeiras confirma\u00e7\u00f5es para a 15.\u00aa edi\u00e7\u00e3o do festival\"}]},{\"@type\":\"WebSite\",\"@id\":\"https:\\\/\\\/www.altominho.tv\\\/site\\\/#website\",\"url\":\"https:\\\/\\\/www.altominho.tv\\\/site\\\/\",\"name\":\"Altominho.tv\",\"description\":\"A sua regi\u00e3o \u00e0 dist\u00e2ncia de um clique...\",\"potentialAction\":[{\"@type\":\"SearchAction\",\"target\":{\"@type\":\"EntryPoint\",\"urlTemplate\":\"https:\\\/\\\/www.altominho.tv\\\/site\\\/?s={search_term_string}\"},\"query-input\":{\"@type\":\"PropertyValueSpecification\",\"valueRequired\":true,\"valueName\":\"search_term_string\"}}],\"inLanguage\":\"pt-PT\"},{\"@type\":\"Person\",\"@id\":\"https:\\\/\\\/www.altominho.tv\\\/site\\\/#\\\/schema\\\/person\\\/63f693da3e1899361cbe955c46f3232e\",\"name\":\"Lusa\",\"image\":{\"@type\":\"ImageObject\",\"inLanguage\":\"pt-PT\",\"@id\":\"https:\\\/\\\/www.altominho.tv\\\/site\\\/wp-content\\\/uploads\\\/2019\\\/08\\\/LUSA_Logo.gif\",\"url\":\"https:\\\/\\\/www.altominho.tv\\\/site\\\/wp-content\\\/uploads\\\/2019\\\/08\\\/LUSA_Logo.gif\",\"contentUrl\":\"https:\\\/\\\/www.altominho.tv\\\/site\\\/wp-content\\\/uploads\\\/2019\\\/08\\\/LUSA_Logo.gif\",\"caption\":\"Lusa\"},\"sameAs\":[\"http:\\\/\\\/\\\/\\\/www.altominho.tv\\\/site\"],\"url\":\"https:\\\/\\\/www.altominho.tv\\\/site\\\/author\\\/lusa\\\/\"}]}<\/script>\n<!-- \/ Yoast SEO Premium plugin. -->","yoast_head_json":{"title":"Neopop anuncia primeiras confirma\u00e7\u00f5es para a 15.\u00aa edi\u00e7\u00e3o do festival","robots":{"index":"index","follow":"follow","max-snippet":"max-snippet:-1","max-image-preview":"max-image-preview:large","max-video-preview":"max-video-preview:-1"},"canonical":"https:\/\/www.altominho.tv\/site\/2020\/01\/16\/neopop-anuncia-primeiras-confirmacoes-para-a-15-a-edicao-do-festival\/","og_locale":"pt_PT","og_type":"article","og_title":"Neopop anuncia primeiras confirma\u00e7\u00f5es para a 15.\u00aa edi\u00e7\u00e3o do festival","og_description":"Paco Osuna, Modeselektor e The Black Madonna s\u00e3o alguns dos primeiros nomes da 15.\u00aa edi\u00e7\u00e3o do festival de m\u00fasica eletr\u00f3nica Neopop, que vai realizar-se em Viana do Castelo, de 12 a 15 de agosto. Honey Dijon, Loco Dice, Hessle Audio, Fjaak e Cobblestone Jazz \u2013 os dois \u00faltimos em formato \u2018live\u2019, tal como Modeselektor \u2013 [&hellip;]","og_url":"https:\/\/www.altominho.tv\/site\/2020\/01\/16\/neopop-anuncia-primeiras-confirmacoes-para-a-15-a-edicao-do-festival\/","og_site_name":"Altominho.tv","article_publisher":"https:\/\/www.facebook.com\/altominhotv","article_published_time":"2020-01-16T17:59:57+00:00","article_modified_time":"2020-01-16T18:00:04+00:00","og_image":[{"width":740,"height":493,"url":"https:\/\/www.altominho.tv\/site\/wp-content\/uploads\/2020\/01\/neopop-740x493-1.jpg","type":"image\/jpeg"}],"author":"Lusa","twitter_card":"summary_large_image","twitter_creator":"@altominhoTV","twitter_site":"@altominhoTV","twitter_misc":{"Escrito por":"Lusa","Tempo estimado de leitura":"2 minutos"},"schema":{"@context":"https:\/\/schema.org","@graph":[{"@type":"Article","@id":"https:\/\/www.altominho.tv\/site\/2020\/01\/16\/neopop-anuncia-primeiras-confirmacoes-para-a-15-a-edicao-do-festival\/#article","isPartOf":{"@id":"https:\/\/www.altominho.tv\/site\/2020\/01\/16\/neopop-anuncia-primeiras-confirmacoes-para-a-15-a-edicao-do-festival\/"},"author":{"name":"Lusa","@id":"https:\/\/www.altominho.tv\/site\/#\/schema\/person\/63f693da3e1899361cbe955c46f3232e"},"headline":"Neopop anuncia primeiras confirma\u00e7\u00f5es para a 15.\u00aa edi\u00e7\u00e3o do festival","datePublished":"2020-01-16T17:59:57+00:00","dateModified":"2020-01-16T18:00:04+00:00","mainEntityOfPage":{"@id":"https:\/\/www.altominho.tv\/site\/2020\/01\/16\/neopop-anuncia-primeiras-confirmacoes-para-a-15-a-edicao-do-festival\/"},"wordCount":336,"image":{"@id":"https:\/\/www.altominho.tv\/site\/2020\/01\/16\/neopop-anuncia-primeiras-confirmacoes-para-a-15-a-edicao-do-festival\/#primaryimage"},"thumbnailUrl":"https:\/\/www.altominho.tv\/site\/wp-content\/uploads\/2020\/01\/neopop-740x493-1.jpg","keywords":["Cultura"],"articleSection":["Viana do Castelo"],"inLanguage":"pt-PT","copyrightYear":"2020","copyrightHolder":{"@id":"https:\/\/www.altominho.tv\/site\/#organization"}},{"@type":"WebPage","@id":"https:\/\/www.altominho.tv\/site\/2020\/01\/16\/neopop-anuncia-primeiras-confirmacoes-para-a-15-a-edicao-do-festival\/","url":"https:\/\/www.altominho.tv\/site\/2020\/01\/16\/neopop-anuncia-primeiras-confirmacoes-para-a-15-a-edicao-do-festival\/","name":"Neopop anuncia primeiras confirma\u00e7\u00f5es para a 15.\u00aa edi\u00e7\u00e3o do festival","isPartOf":{"@id":"https:\/\/www.altominho.tv\/site\/#website"},"primaryImageOfPage":{"@id":"https:\/\/www.altominho.tv\/site\/2020\/01\/16\/neopop-anuncia-primeiras-confirmacoes-para-a-15-a-edicao-do-festival\/#primaryimage"},"image":{"@id":"https:\/\/www.altominho.tv\/site\/2020\/01\/16\/neopop-anuncia-primeiras-confirmacoes-para-a-15-a-edicao-do-festival\/#primaryimage"},"thumbnailUrl":"https:\/\/www.altominho.tv\/site\/wp-content\/uploads\/2020\/01\/neopop-740x493-1.jpg","datePublished":"2020-01-16T17:59:57+00:00","dateModified":"2020-01-16T18:00:04+00:00","author":{"@id":"https:\/\/www.altominho.tv\/site\/#\/schema\/person\/63f693da3e1899361cbe955c46f3232e"},"breadcrumb":{"@id":"https:\/\/www.altominho.tv\/site\/2020\/01\/16\/neopop-anuncia-primeiras-confirmacoes-para-a-15-a-edicao-do-festival\/#breadcrumb"},"inLanguage":"pt-PT","potentialAction":[{"@type":"ReadAction","target":["https:\/\/www.altominho.tv\/site\/2020\/01\/16\/neopop-anuncia-primeiras-confirmacoes-para-a-15-a-edicao-do-festival\/"]}]},{"@type":"ImageObject","inLanguage":"pt-PT","@id":"https:\/\/www.altominho.tv\/site\/2020\/01\/16\/neopop-anuncia-primeiras-confirmacoes-para-a-15-a-edicao-do-festival\/#primaryimage","url":"https:\/\/www.altominho.tv\/site\/wp-content\/uploads\/2020\/01\/neopop-740x493-1.jpg","contentUrl":"https:\/\/www.altominho.tv\/site\/wp-content\/uploads\/2020\/01\/neopop-740x493-1.jpg","width":740,"height":493,"caption":"FACEBOOK NEOPOP"},{"@type":"BreadcrumbList","@id":"https:\/\/www.altominho.tv\/site\/2020\/01\/16\/neopop-anuncia-primeiras-confirmacoes-para-a-15-a-edicao-do-festival\/#breadcrumb","itemListElement":[{"@type":"ListItem","position":1,"name":"In\u00edcio","item":"https:\/\/www.altominho.tv\/site\/"},{"@type":"ListItem","position":2,"name":"Neopop anuncia primeiras confirma\u00e7\u00f5es para a 15.\u00aa edi\u00e7\u00e3o do festival"}]},{"@type":"WebSite","@id":"https:\/\/www.altominho.tv\/site\/#website","url":"https:\/\/www.altominho.tv\/site\/","name":"Altominho.tv","description":"A sua regi\u00e3o \u00e0 dist\u00e2ncia de um clique...","potentialAction":[{"@type":"SearchAction","target":{"@type":"EntryPoint","urlTemplate":"https:\/\/www.altominho.tv\/site\/?s={search_term_string}"},"query-input":{"@type":"PropertyValueSpecification","valueRequired":true,"valueName":"search_term_string"}}],"inLanguage":"pt-PT"},{"@type":"Person","@id":"https:\/\/www.altominho.tv\/site\/#\/schema\/person\/63f693da3e1899361cbe955c46f3232e","name":"Lusa","image":{"@type":"ImageObject","inLanguage":"pt-PT","@id":"https:\/\/www.altominho.tv\/site\/wp-content\/uploads\/2019\/08\/LUSA_Logo.gif","url":"https:\/\/www.altominho.tv\/site\/wp-content\/uploads\/2019\/08\/LUSA_Logo.gif","contentUrl":"https:\/\/www.altominho.tv\/site\/wp-content\/uploads\/2019\/08\/LUSA_Logo.gif","caption":"Lusa"},"sameAs":["http:\/\/\/\/www.altominho.tv\/site"],"url":"https:\/\/www.altominho.tv\/site\/author\/lusa\/"}]}},"_links":{"self":[{"href":"https:\/\/www.altominho.tv\/site\/wp-json\/wp\/v2\/posts\/39186","targetHints":{"allow":["GET"]}}],"collection":[{"href":"https:\/\/www.altominho.tv\/site\/wp-json\/wp\/v2\/posts"}],"about":[{"href":"https:\/\/www.altominho.tv\/site\/wp-json\/wp\/v2\/types\/post"}],"author":[{"embeddable":true,"href":"https:\/\/www.altominho.tv\/site\/wp-json\/wp\/v2\/users\/13"}],"replies":[{"embeddable":true,"href":"https:\/\/www.altominho.tv\/site\/wp-json\/wp\/v2\/comments?post=39186"}],"version-history":[{"count":0,"href":"https:\/\/www.altominho.tv\/site\/wp-json\/wp\/v2\/posts\/39186\/revisions"}],"wp:featuredmedia":[{"embeddable":true,"href":"https:\/\/www.altominho.tv\/site\/wp-json\/wp\/v2\/media\/39187"}],"wp:attachment":[{"href":"https:\/\/www.altominho.tv\/site\/wp-json\/wp\/v2\/media?parent=39186"}],"wp:term":[{"taxonomy":"category","embeddable":true,"href":"https:\/\/www.altominho.tv\/site\/wp-json\/wp\/v2\/categories?post=39186"},{"taxonomy":"post_tag","embeddable":true,"href":"https:\/\/www.altominho.tv\/site\/wp-json\/wp\/v2\/tags?post=39186"}],"curies":[{"name":"wp","href":"https:\/\/api.w.org\/{rel}","templated":true}]}}