{"id":38987,"date":"2020-01-12T22:14:11","date_gmt":"2020-01-12T22:14:11","guid":{"rendered":"http:\/\/www.altominho.tv\/site\/?p=38987"},"modified":"2020-01-12T22:14:18","modified_gmt":"2020-01-12T22:14:18","slug":"chuva-regressa-ao-alto-minho-a-partir-desta-segunda-feira","status":"publish","type":"post","link":"https:\/\/www.altominho.tv\/site\/2020\/01\/12\/chuva-regressa-ao-alto-minho-a-partir-desta-segunda-feira\/","title":{"rendered":"Chuva regressa ao Alto Minho a partir desta segunda-feira"},"content":{"rendered":"<p>Segundo as previs\u00f5es do Instituto Portugu\u00eas do Mar e da Atmosfera (IPMA), <strong>na segunda-feira dia 13, a chuva regressa ao Pa\u00eds e esperam-se aguaceiros no norte a partir do final da tarde<\/strong>, nomeadamente nos distritos de Viana do Castelo, Braga e Porto.<\/p>\n<p>Ao longo da semana, a chuva vai chegar a outras zonas do Pa\u00eds, como Lisboa, logo na ter\u00e7a-feira, 14 de janeiro.<\/p>\n<p>As temperaturas, no entanto, n\u00e3o v\u00e3o subir. Na segunda-feira, os term\u00f3metros v\u00e3o marcar menos tr\u00eas graus, em Bragan\u00e7a e Vila Real menos dois, e menos um, na Guarda. Nos distritos de Viseu, \u00c9vora e Beja poder\u00e3o chegar aos zero graus.<\/p>\n<p>A retirada do anticiclone, permite a aproxima\u00e7\u00e3o e passagem de v\u00e1rias frentes atl\u00e2nticas e linhas de instabilidade na pr\u00f3xima semana, situa\u00e7\u00e3o que ir\u00e1 aumentar com o passar dos dias. As acumula\u00e7\u00f5es de precipita\u00e7\u00e3o simuladas pelos principais modelos s\u00e3o significativas, em especial no norte e centro do pa\u00eds.<\/p>\n<p><strong>Para quinta-feira est\u00e1 previsto um dia invernal, com temporal de chuva e vento<\/strong>, com rajadas em torno aos 100km\/h nas terras altas.<br \/>\nA presen\u00e7a de muita nebulosidade e ventos de proveni\u00eancia mar\u00edtima, v\u00e3o contribuir para uma subida das temperaturas, em especial das m\u00ednimas.<\/p>\n","protected":false},"excerpt":{"rendered":"<p>Segundo as previs\u00f5es do Instituto Portugu\u00eas do Mar e da Atmosfera (IPMA), na segunda-feira dia 13, a chuva regressa ao Pa\u00eds e esperam-se aguaceiros no norte a partir do final da tarde, nomeadamente nos distritos de Viana do Castelo, Braga e Porto. Ao longo da semana, a chuva vai chegar a outras zonas do Pa\u00eds, [&hellip;]<\/p>\n","protected":false},"author":1,"featured_media":38988,"comment_status":"closed","ping_status":"closed","sticky":false,"template":"","format":"standard","meta":{"_exactmetrics_skip_tracking":false,"_exactmetrics_sitenote_active":false,"_exactmetrics_sitenote_note":"","_exactmetrics_sitenote_category":0,"footnotes":""},"categories":[73],"tags":[27],"class_list":["post-38987","post","type-post","status-publish","format-standard","has-post-thumbnail","hentry","category-alto-minho","tag-sociedade"],"yoast_head":"<!-- This site is optimized with the Yoast SEO Premium plugin v27.5 (Yoast SEO v27.5) - https:\/\/yoast.com\/product\/yoast-seo-premium-wordpress\/ -->\n<title>Chuva regressa ao Alto Minho a partir desta segunda-feira<\/title>\n<meta name=\"robots\" content=\"index, follow, max-snippet:-1, max-image-preview:large, max-video-preview:-1\" \/>\n<link rel=\"canonical\" href=\"https:\/\/www.altominho.tv\/site\/2020\/01\/12\/chuva-regressa-ao-alto-minho-a-partir-desta-segunda-feira\/\" \/>\n<meta property=\"og:locale\" content=\"pt_PT\" \/>\n<meta property=\"og:type\" content=\"article\" \/>\n<meta property=\"og:title\" content=\"Chuva regressa ao Alto Minho a partir desta segunda-feira\" \/>\n<meta property=\"og:description\" content=\"Segundo as previs\u00f5es do Instituto Portugu\u00eas do Mar e da Atmosfera (IPMA), na segunda-feira dia 13, a chuva regressa ao Pa\u00eds e esperam-se aguaceiros no norte a partir do final da tarde, nomeadamente nos distritos de Viana do Castelo, Braga e Porto. Ao longo da semana, a chuva vai chegar a outras zonas do Pa\u00eds, [&hellip;]\" \/>\n<meta property=\"og:url\" content=\"https:\/\/www.altominho.tv\/site\/2020\/01\/12\/chuva-regressa-ao-alto-minho-a-partir-desta-segunda-feira\/\" \/>\n<meta property=\"og:site_name\" content=\"Altominho.tv\" \/>\n<meta property=\"article:publisher\" content=\"https:\/\/www.facebook.com\/altominhotv\" \/>\n<meta property=\"article:published_time\" content=\"2020-01-12T22:14:11+00:00\" \/>\n<meta property=\"article:modified_time\" content=\"2020-01-12T22:14:18+00:00\" \/>\n<meta property=\"og:image\" content=\"https:\/\/www.altominho.tv\/site\/wp-content\/uploads\/2020\/01\/chuva_ATV.jpg\" \/>\n\t<meta property=\"og:image:width\" content=\"1920\" \/>\n\t<meta property=\"og:image:height\" content=\"1080\" \/>\n\t<meta property=\"og:image:type\" content=\"image\/jpeg\" \/>\n<meta name=\"author\" content=\"Altominho.tv\" \/>\n<meta name=\"twitter:card\" content=\"summary_large_image\" \/>\n<meta name=\"twitter:creator\" content=\"@altominhoTV\" \/>\n<meta name=\"twitter:site\" content=\"@altominhoTV\" \/>\n<meta name=\"twitter:label1\" content=\"Escrito por\" \/>\n\t<meta name=\"twitter:data1\" content=\"Altominho.tv\" \/>\n\t<meta name=\"twitter:label2\" content=\"Tempo estimado de leitura\" \/>\n\t<meta name=\"twitter:data2\" content=\"1 minuto\" \/>\n<script type=\"application\/ld+json\" class=\"yoast-schema-graph\">{\"@context\":\"https:\\\/\\\/schema.org\",\"@graph\":[{\"@type\":\"Article\",\"@id\":\"https:\\\/\\\/www.altominho.tv\\\/site\\\/2020\\\/01\\\/12\\\/chuva-regressa-ao-alto-minho-a-partir-desta-segunda-feira\\\/#article\",\"isPartOf\":{\"@id\":\"https:\\\/\\\/www.altominho.tv\\\/site\\\/2020\\\/01\\\/12\\\/chuva-regressa-ao-alto-minho-a-partir-desta-segunda-feira\\\/\"},\"author\":{\"name\":\"Altominho.tv\",\"@id\":\"https:\\\/\\\/www.altominho.tv\\\/site\\\/#\\\/schema\\\/person\\\/4e536851627d7914baf3dac752b6af22\"},\"headline\":\"Chuva regressa ao Alto Minho a partir desta segunda-feira\",\"datePublished\":\"2020-01-12T22:14:11+00:00\",\"dateModified\":\"2020-01-12T22:14:18+00:00\",\"mainEntityOfPage\":{\"@id\":\"https:\\\/\\\/www.altominho.tv\\\/site\\\/2020\\\/01\\\/12\\\/chuva-regressa-ao-alto-minho-a-partir-desta-segunda-feira\\\/\"},\"wordCount\":227,\"image\":{\"@id\":\"https:\\\/\\\/www.altominho.tv\\\/site\\\/2020\\\/01\\\/12\\\/chuva-regressa-ao-alto-minho-a-partir-desta-segunda-feira\\\/#primaryimage\"},\"thumbnailUrl\":\"https:\\\/\\\/www.altominho.tv\\\/site\\\/wp-content\\\/uploads\\\/2020\\\/01\\\/chuva_ATV.jpg\",\"keywords\":[\"Sociedade\"],\"articleSection\":[\"Alto Minho\"],\"inLanguage\":\"pt-PT\",\"copyrightYear\":\"2020\",\"copyrightHolder\":{\"@id\":\"https:\\\/\\\/www.altominho.tv\\\/site\\\/#organization\"}},{\"@type\":\"WebPage\",\"@id\":\"https:\\\/\\\/www.altominho.tv\\\/site\\\/2020\\\/01\\\/12\\\/chuva-regressa-ao-alto-minho-a-partir-desta-segunda-feira\\\/\",\"url\":\"https:\\\/\\\/www.altominho.tv\\\/site\\\/2020\\\/01\\\/12\\\/chuva-regressa-ao-alto-minho-a-partir-desta-segunda-feira\\\/\",\"name\":\"Chuva regressa ao Alto Minho a partir desta segunda-feira\",\"isPartOf\":{\"@id\":\"https:\\\/\\\/www.altominho.tv\\\/site\\\/#website\"},\"primaryImageOfPage\":{\"@id\":\"https:\\\/\\\/www.altominho.tv\\\/site\\\/2020\\\/01\\\/12\\\/chuva-regressa-ao-alto-minho-a-partir-desta-segunda-feira\\\/#primaryimage\"},\"image\":{\"@id\":\"https:\\\/\\\/www.altominho.tv\\\/site\\\/2020\\\/01\\\/12\\\/chuva-regressa-ao-alto-minho-a-partir-desta-segunda-feira\\\/#primaryimage\"},\"thumbnailUrl\":\"https:\\\/\\\/www.altominho.tv\\\/site\\\/wp-content\\\/uploads\\\/2020\\\/01\\\/chuva_ATV.jpg\",\"datePublished\":\"2020-01-12T22:14:11+00:00\",\"dateModified\":\"2020-01-12T22:14:18+00:00\",\"author\":{\"@id\":\"https:\\\/\\\/www.altominho.tv\\\/site\\\/#\\\/schema\\\/person\\\/4e536851627d7914baf3dac752b6af22\"},\"breadcrumb\":{\"@id\":\"https:\\\/\\\/www.altominho.tv\\\/site\\\/2020\\\/01\\\/12\\\/chuva-regressa-ao-alto-minho-a-partir-desta-segunda-feira\\\/#breadcrumb\"},\"inLanguage\":\"pt-PT\",\"potentialAction\":[{\"@type\":\"ReadAction\",\"target\":[\"https:\\\/\\\/www.altominho.tv\\\/site\\\/2020\\\/01\\\/12\\\/chuva-regressa-ao-alto-minho-a-partir-desta-segunda-feira\\\/\"]}]},{\"@type\":\"ImageObject\",\"inLanguage\":\"pt-PT\",\"@id\":\"https:\\\/\\\/www.altominho.tv\\\/site\\\/2020\\\/01\\\/12\\\/chuva-regressa-ao-alto-minho-a-partir-desta-segunda-feira\\\/#primaryimage\",\"url\":\"https:\\\/\\\/www.altominho.tv\\\/site\\\/wp-content\\\/uploads\\\/2020\\\/01\\\/chuva_ATV.jpg\",\"contentUrl\":\"https:\\\/\\\/www.altominho.tv\\\/site\\\/wp-content\\\/uploads\\\/2020\\\/01\\\/chuva_ATV.jpg\",\"width\":1920,\"height\":1080},{\"@type\":\"BreadcrumbList\",\"@id\":\"https:\\\/\\\/www.altominho.tv\\\/site\\\/2020\\\/01\\\/12\\\/chuva-regressa-ao-alto-minho-a-partir-desta-segunda-feira\\\/#breadcrumb\",\"itemListElement\":[{\"@type\":\"ListItem\",\"position\":1,\"name\":\"In\u00edcio\",\"item\":\"https:\\\/\\\/www.altominho.tv\\\/site\\\/\"},{\"@type\":\"ListItem\",\"position\":2,\"name\":\"Chuva regressa ao Alto Minho a partir desta segunda-feira\"}]},{\"@type\":\"WebSite\",\"@id\":\"https:\\\/\\\/www.altominho.tv\\\/site\\\/#website\",\"url\":\"https:\\\/\\\/www.altominho.tv\\\/site\\\/\",\"name\":\"Altominho.tv\",\"description\":\"A sua regi\u00e3o \u00e0 dist\u00e2ncia de um clique...\",\"potentialAction\":[{\"@type\":\"SearchAction\",\"target\":{\"@type\":\"EntryPoint\",\"urlTemplate\":\"https:\\\/\\\/www.altominho.tv\\\/site\\\/?s={search_term_string}\"},\"query-input\":{\"@type\":\"PropertyValueSpecification\",\"valueRequired\":true,\"valueName\":\"search_term_string\"}}],\"inLanguage\":\"pt-PT\"},{\"@type\":\"Person\",\"@id\":\"https:\\\/\\\/www.altominho.tv\\\/site\\\/#\\\/schema\\\/person\\\/4e536851627d7914baf3dac752b6af22\",\"name\":\"Altominho.tv\",\"image\":{\"@type\":\"ImageObject\",\"inLanguage\":\"pt-PT\",\"@id\":\"https:\\\/\\\/www.altominho.tv\\\/site\\\/wp-content\\\/uploads\\\/2019\\\/11\\\/Logo_Avatar_2-150x150.jpg\",\"url\":\"https:\\\/\\\/www.altominho.tv\\\/site\\\/wp-content\\\/uploads\\\/2019\\\/11\\\/Logo_Avatar_2-150x150.jpg\",\"contentUrl\":\"https:\\\/\\\/www.altominho.tv\\\/site\\\/wp-content\\\/uploads\\\/2019\\\/11\\\/Logo_Avatar_2-150x150.jpg\",\"caption\":\"Altominho.tv\"},\"url\":\"https:\\\/\\\/www.altominho.tv\\\/site\\\/author\\\/altominhotv-tecnico\\\/\"}]}<\/script>\n<!-- \/ Yoast SEO Premium plugin. -->","yoast_head_json":{"title":"Chuva regressa ao Alto Minho a partir desta segunda-feira","robots":{"index":"index","follow":"follow","max-snippet":"max-snippet:-1","max-image-preview":"max-image-preview:large","max-video-preview":"max-video-preview:-1"},"canonical":"https:\/\/www.altominho.tv\/site\/2020\/01\/12\/chuva-regressa-ao-alto-minho-a-partir-desta-segunda-feira\/","og_locale":"pt_PT","og_type":"article","og_title":"Chuva regressa ao Alto Minho a partir desta segunda-feira","og_description":"Segundo as previs\u00f5es do Instituto Portugu\u00eas do Mar e da Atmosfera (IPMA), na segunda-feira dia 13, a chuva regressa ao Pa\u00eds e esperam-se aguaceiros no norte a partir do final da tarde, nomeadamente nos distritos de Viana do Castelo, Braga e Porto. Ao longo da semana, a chuva vai chegar a outras zonas do Pa\u00eds, [&hellip;]","og_url":"https:\/\/www.altominho.tv\/site\/2020\/01\/12\/chuva-regressa-ao-alto-minho-a-partir-desta-segunda-feira\/","og_site_name":"Altominho.tv","article_publisher":"https:\/\/www.facebook.com\/altominhotv","article_published_time":"2020-01-12T22:14:11+00:00","article_modified_time":"2020-01-12T22:14:18+00:00","og_image":[{"width":1920,"height":1080,"url":"https:\/\/www.altominho.tv\/site\/wp-content\/uploads\/2020\/01\/chuva_ATV.jpg","type":"image\/jpeg"}],"author":"Altominho.tv","twitter_card":"summary_large_image","twitter_creator":"@altominhoTV","twitter_site":"@altominhoTV","twitter_misc":{"Escrito por":"Altominho.tv","Tempo estimado de leitura":"1 minuto"},"schema":{"@context":"https:\/\/schema.org","@graph":[{"@type":"Article","@id":"https:\/\/www.altominho.tv\/site\/2020\/01\/12\/chuva-regressa-ao-alto-minho-a-partir-desta-segunda-feira\/#article","isPartOf":{"@id":"https:\/\/www.altominho.tv\/site\/2020\/01\/12\/chuva-regressa-ao-alto-minho-a-partir-desta-segunda-feira\/"},"author":{"name":"Altominho.tv","@id":"https:\/\/www.altominho.tv\/site\/#\/schema\/person\/4e536851627d7914baf3dac752b6af22"},"headline":"Chuva regressa ao Alto Minho a partir desta segunda-feira","datePublished":"2020-01-12T22:14:11+00:00","dateModified":"2020-01-12T22:14:18+00:00","mainEntityOfPage":{"@id":"https:\/\/www.altominho.tv\/site\/2020\/01\/12\/chuva-regressa-ao-alto-minho-a-partir-desta-segunda-feira\/"},"wordCount":227,"image":{"@id":"https:\/\/www.altominho.tv\/site\/2020\/01\/12\/chuva-regressa-ao-alto-minho-a-partir-desta-segunda-feira\/#primaryimage"},"thumbnailUrl":"https:\/\/www.altominho.tv\/site\/wp-content\/uploads\/2020\/01\/chuva_ATV.jpg","keywords":["Sociedade"],"articleSection":["Alto Minho"],"inLanguage":"pt-PT","copyrightYear":"2020","copyrightHolder":{"@id":"https:\/\/www.altominho.tv\/site\/#organization"}},{"@type":"WebPage","@id":"https:\/\/www.altominho.tv\/site\/2020\/01\/12\/chuva-regressa-ao-alto-minho-a-partir-desta-segunda-feira\/","url":"https:\/\/www.altominho.tv\/site\/2020\/01\/12\/chuva-regressa-ao-alto-minho-a-partir-desta-segunda-feira\/","name":"Chuva regressa ao Alto Minho a partir desta segunda-feira","isPartOf":{"@id":"https:\/\/www.altominho.tv\/site\/#website"},"primaryImageOfPage":{"@id":"https:\/\/www.altominho.tv\/site\/2020\/01\/12\/chuva-regressa-ao-alto-minho-a-partir-desta-segunda-feira\/#primaryimage"},"image":{"@id":"https:\/\/www.altominho.tv\/site\/2020\/01\/12\/chuva-regressa-ao-alto-minho-a-partir-desta-segunda-feira\/#primaryimage"},"thumbnailUrl":"https:\/\/www.altominho.tv\/site\/wp-content\/uploads\/2020\/01\/chuva_ATV.jpg","datePublished":"2020-01-12T22:14:11+00:00","dateModified":"2020-01-12T22:14:18+00:00","author":{"@id":"https:\/\/www.altominho.tv\/site\/#\/schema\/person\/4e536851627d7914baf3dac752b6af22"},"breadcrumb":{"@id":"https:\/\/www.altominho.tv\/site\/2020\/01\/12\/chuva-regressa-ao-alto-minho-a-partir-desta-segunda-feira\/#breadcrumb"},"inLanguage":"pt-PT","potentialAction":[{"@type":"ReadAction","target":["https:\/\/www.altominho.tv\/site\/2020\/01\/12\/chuva-regressa-ao-alto-minho-a-partir-desta-segunda-feira\/"]}]},{"@type":"ImageObject","inLanguage":"pt-PT","@id":"https:\/\/www.altominho.tv\/site\/2020\/01\/12\/chuva-regressa-ao-alto-minho-a-partir-desta-segunda-feira\/#primaryimage","url":"https:\/\/www.altominho.tv\/site\/wp-content\/uploads\/2020\/01\/chuva_ATV.jpg","contentUrl":"https:\/\/www.altominho.tv\/site\/wp-content\/uploads\/2020\/01\/chuva_ATV.jpg","width":1920,"height":1080},{"@type":"BreadcrumbList","@id":"https:\/\/www.altominho.tv\/site\/2020\/01\/12\/chuva-regressa-ao-alto-minho-a-partir-desta-segunda-feira\/#breadcrumb","itemListElement":[{"@type":"ListItem","position":1,"name":"In\u00edcio","item":"https:\/\/www.altominho.tv\/site\/"},{"@type":"ListItem","position":2,"name":"Chuva regressa ao Alto Minho a partir desta segunda-feira"}]},{"@type":"WebSite","@id":"https:\/\/www.altominho.tv\/site\/#website","url":"https:\/\/www.altominho.tv\/site\/","name":"Altominho.tv","description":"A sua regi\u00e3o \u00e0 dist\u00e2ncia de um clique...","potentialAction":[{"@type":"SearchAction","target":{"@type":"EntryPoint","urlTemplate":"https:\/\/www.altominho.tv\/site\/?s={search_term_string}"},"query-input":{"@type":"PropertyValueSpecification","valueRequired":true,"valueName":"search_term_string"}}],"inLanguage":"pt-PT"},{"@type":"Person","@id":"https:\/\/www.altominho.tv\/site\/#\/schema\/person\/4e536851627d7914baf3dac752b6af22","name":"Altominho.tv","image":{"@type":"ImageObject","inLanguage":"pt-PT","@id":"https:\/\/www.altominho.tv\/site\/wp-content\/uploads\/2019\/11\/Logo_Avatar_2-150x150.jpg","url":"https:\/\/www.altominho.tv\/site\/wp-content\/uploads\/2019\/11\/Logo_Avatar_2-150x150.jpg","contentUrl":"https:\/\/www.altominho.tv\/site\/wp-content\/uploads\/2019\/11\/Logo_Avatar_2-150x150.jpg","caption":"Altominho.tv"},"url":"https:\/\/www.altominho.tv\/site\/author\/altominhotv-tecnico\/"}]}},"_links":{"self":[{"href":"https:\/\/www.altominho.tv\/site\/wp-json\/wp\/v2\/posts\/38987","targetHints":{"allow":["GET"]}}],"collection":[{"href":"https:\/\/www.altominho.tv\/site\/wp-json\/wp\/v2\/posts"}],"about":[{"href":"https:\/\/www.altominho.tv\/site\/wp-json\/wp\/v2\/types\/post"}],"author":[{"embeddable":true,"href":"https:\/\/www.altominho.tv\/site\/wp-json\/wp\/v2\/users\/1"}],"replies":[{"embeddable":true,"href":"https:\/\/www.altominho.tv\/site\/wp-json\/wp\/v2\/comments?post=38987"}],"version-history":[{"count":0,"href":"https:\/\/www.altominho.tv\/site\/wp-json\/wp\/v2\/posts\/38987\/revisions"}],"wp:featuredmedia":[{"embeddable":true,"href":"https:\/\/www.altominho.tv\/site\/wp-json\/wp\/v2\/media\/38988"}],"wp:attachment":[{"href":"https:\/\/www.altominho.tv\/site\/wp-json\/wp\/v2\/media?parent=38987"}],"wp:term":[{"taxonomy":"category","embeddable":true,"href":"https:\/\/www.altominho.tv\/site\/wp-json\/wp\/v2\/categories?post=38987"},{"taxonomy":"post_tag","embeddable":true,"href":"https:\/\/www.altominho.tv\/site\/wp-json\/wp\/v2\/tags?post=38987"}],"curies":[{"name":"wp","href":"https:\/\/api.w.org\/{rel}","templated":true}]}}