{"id":38446,"date":"2019-12-30T16:20:07","date_gmt":"2019-12-30T16:20:07","guid":{"rendered":"http:\/\/www.altominho.tv\/site\/?p=38446"},"modified":"2019-12-30T16:20:15","modified_gmt":"2019-12-30T16:20:15","slug":"grupo-civico-de-darque-inicia-tradicao-do-mergulho-de-ano-novo-na-praia-do-cabedelo","status":"publish","type":"post","link":"https:\/\/www.altominho.tv\/site\/2019\/12\/30\/grupo-civico-de-darque-inicia-tradicao-do-mergulho-de-ano-novo-na-praia-do-cabedelo\/","title":{"rendered":"Grupo c\u00edvico de Darque inicia tradi\u00e7\u00e3o do mergulho de Ano Novo na praia do Cabedelo"},"content":{"rendered":"<p>Um movimento c\u00edvico do lugar do Cais Novo, na vila de Darque, em Viana do Castelo, vai promover o primeiro mergulho de Ano Novo para &#8220;iniciar a tradi\u00e7\u00e3o e manter viva a liga\u00e7\u00e3o ao mar e \u00e0 pesca&#8221;.<\/p>\n<p>&#8220;O nosso objetivo \u00e9 iniciar uma tradi\u00e7\u00e3o, tal como acontece em v\u00e1rias zonas do pa\u00eds. Ao mesmo tempo, pretendemos n\u00e3o deixar esquecer a zona piscat\u00f3ria que existia no Cabedelo e que foi deslocalizada para o lugar da Areia quando foi constru\u00eddo o porto de mar&#8221;, explicou, hoje \u00e0 ag\u00eancia Lusa, Carlos Correia.<\/p>\n<p>O primeiro mergulho de Ano Novo \u00e9 organizado por um grupo composto por cerca de 70 pessoas, &#8220;todas na casa dos 60 anos&#8221;, que &#8220;nasceram e cresceram no Cais Novo, e que viu nascer a praia do Cabedelo, desde o Cais de Pau ao Rodanho&#8221;, na freguesia de Darque situada na margem esquerda do rio Lima.<\/p>\n<p>&#8220;Todos os anos juntamo-nos num jantar, em mar\u00e7o, para degustarmos a lampreia e foi nessa reuni\u00e3o anual que surgiu a ideia de lan\u00e7ar esta tradi\u00e7\u00e3o. Est\u00e3o todos convocados o mergulho de Ano Novo na praia do Cabedelo&#8221;, afirmou Carlos Correia.<\/p>\n<p>Nos \u00faltimos anos, a praia do Cabedelo transformou-se num destino de turistas nacionais e estrangeiros, praticantes de surf. A pr\u00e1tica da modalidade, durante todo o ano, fez nascer um Centro de Alto Rendimento (CAR) e, as provas nacionais e internacionais de que \u00e9 palco, fizeram florescer v\u00e1rios neg\u00f3cios, sobretudo ligados ao setor da hotelaria e restaura\u00e7\u00e3o.<\/p>\n<p>Al\u00e9m do mergulho de Ano Novo, Carlos Correia adiantou que o grupo organizador da iniciativa &#8220;estar\u00e1 dispon\u00edvel para contar hist\u00f3rias do Cabedelo de h\u00e1 mais de 50 anos, quando aquela zona da vila de Darque tinha identidade pr\u00f3pria&#8221;. &#8220;Queremos partilhar as viv\u00eancias passadas junto ao mar, e com a comunidade piscat\u00f3ria que existia naqueles nos tempos da nossa inf\u00e2ncia e juventude&#8221;.<\/p>\n<p>Tamb\u00e9m conhecida como vila das cebolas e do bacalhau, devido \u00e0 exist\u00eancia de uma antiga seca do bacalhau instalada no Cais Novo, Darque \u00e9 terra que d\u00e1 origem \u00e0 lou\u00e7a de Viana. Foi tamb\u00e9m naquele lugar que foi fundada em 1774 a f\u00e1brica de Lou\u00e7a de Viana, mais tarde deslocalizada para a freguesia da Meadela, e, entretanto, encerrada h\u00e1 v\u00e1rios anos.<\/p>\n<p>Dos cerca de 70 elementos do grupo do Cais de Pau, &#8220;para j\u00e1 s\u00f3 meia d\u00favida manifestou inten\u00e7\u00e3o de mergulhar, no dia 01 de janeiro&#8221;.<\/p>\n<p>&#8220;Uns dizem que est\u00e1 muito frio, outros n\u00e3o estar\u00e3o c\u00e1. Da\u00ed a nossa convocat\u00f3ria a todas as fam\u00edlias que queiram vir \u00e0 praia do Cabedelo no dia 01 de janeiro para podermos criar as ra\u00edzes dessa tradi\u00e7\u00e3o&#8221;, disse.<\/p>\n<p>No dia 01 de janeiro, a concentra\u00e7\u00e3o para o primeiro mergulho de Ano Novo est\u00e1 marcada para as 11h30, junto a um caf\u00e9 bar instalado junto \u00e0 praia do Cabedelo.<\/p>\n\n\n<p><\/p>\n","protected":false},"excerpt":{"rendered":"<p>Um movimento c\u00edvico do lugar do Cais Novo, na vila de Darque, em Viana do Castelo, vai promover o primeiro mergulho de Ano Novo para &#8220;iniciar a tradi\u00e7\u00e3o e manter viva a liga\u00e7\u00e3o ao mar e \u00e0 pesca&#8221;. &#8220;O nosso objetivo \u00e9 iniciar uma tradi\u00e7\u00e3o, tal como acontece em v\u00e1rias zonas do pa\u00eds. Ao mesmo [&hellip;]<\/p>\n","protected":false},"author":15,"featured_media":38447,"comment_status":"closed","ping_status":"closed","sticky":false,"template":"","format":"standard","meta":{"_exactmetrics_skip_tracking":false,"_exactmetrics_sitenote_active":false,"_exactmetrics_sitenote_note":"","_exactmetrics_sitenote_category":0,"footnotes":""},"categories":[14],"tags":[27],"class_list":["post-38446","post","type-post","status-publish","format-standard","has-post-thumbnail","hentry","category-viana-do-castelo","tag-sociedade"],"yoast_head":"<!-- This site is optimized with the Yoast SEO Premium plugin v27.5 (Yoast SEO v27.5) - https:\/\/yoast.com\/product\/yoast-seo-premium-wordpress\/ -->\n<title>Grupo c\u00edvico de Darque inicia tradi\u00e7\u00e3o do mergulho de Ano Novo na praia do Cabedelo<\/title>\n<meta name=\"robots\" content=\"index, follow, max-snippet:-1, max-image-preview:large, max-video-preview:-1\" \/>\n<link rel=\"canonical\" href=\"https:\/\/www.altominho.tv\/site\/2019\/12\/30\/grupo-civico-de-darque-inicia-tradicao-do-mergulho-de-ano-novo-na-praia-do-cabedelo\/\" \/>\n<meta property=\"og:locale\" content=\"pt_PT\" \/>\n<meta property=\"og:type\" content=\"article\" \/>\n<meta property=\"og:title\" content=\"Grupo c\u00edvico de Darque inicia tradi\u00e7\u00e3o do mergulho de Ano Novo na praia do Cabedelo\" \/>\n<meta property=\"og:description\" content=\"Um movimento c\u00edvico do lugar do Cais Novo, na vila de Darque, em Viana do Castelo, vai promover o primeiro mergulho de Ano Novo para &#8220;iniciar a tradi\u00e7\u00e3o e manter viva a liga\u00e7\u00e3o ao mar e \u00e0 pesca&#8221;. &#8220;O nosso objetivo \u00e9 iniciar uma tradi\u00e7\u00e3o, tal como acontece em v\u00e1rias zonas do pa\u00eds. Ao mesmo [&hellip;]\" \/>\n<meta property=\"og:url\" content=\"https:\/\/www.altominho.tv\/site\/2019\/12\/30\/grupo-civico-de-darque-inicia-tradicao-do-mergulho-de-ano-novo-na-praia-do-cabedelo\/\" \/>\n<meta property=\"og:site_name\" content=\"Altominho.tv\" \/>\n<meta property=\"article:publisher\" content=\"https:\/\/www.facebook.com\/altominhotv\" \/>\n<meta property=\"article:published_time\" content=\"2019-12-30T16:20:07+00:00\" \/>\n<meta property=\"article:modified_time\" content=\"2019-12-30T16:20:15+00:00\" \/>\n<meta property=\"og:image\" content=\"https:\/\/www.altominho.tv\/site\/wp-content\/uploads\/2019\/12\/Praia-Cabedelo.png\" \/>\n\t<meta property=\"og:image:width\" content=\"864\" \/>\n\t<meta property=\"og:image:height\" content=\"586\" \/>\n\t<meta property=\"og:image:type\" content=\"image\/png\" \/>\n<meta name=\"author\" content=\"Andreia Ferreira | Lusa\" \/>\n<meta name=\"twitter:card\" content=\"summary_large_image\" \/>\n<meta name=\"twitter:creator\" content=\"@altominhoTV\" \/>\n<meta name=\"twitter:site\" content=\"@altominhoTV\" \/>\n<meta name=\"twitter:label1\" content=\"Escrito por\" \/>\n\t<meta name=\"twitter:data1\" content=\"Andreia Ferreira | Lusa\" \/>\n\t<meta name=\"twitter:label2\" content=\"Tempo estimado de leitura\" \/>\n\t<meta name=\"twitter:data2\" content=\"2 minutos\" \/>\n<script type=\"application\/ld+json\" class=\"yoast-schema-graph\">{\"@context\":\"https:\\\/\\\/schema.org\",\"@graph\":[{\"@type\":\"Article\",\"@id\":\"https:\\\/\\\/www.altominho.tv\\\/site\\\/2019\\\/12\\\/30\\\/grupo-civico-de-darque-inicia-tradicao-do-mergulho-de-ano-novo-na-praia-do-cabedelo\\\/#article\",\"isPartOf\":{\"@id\":\"https:\\\/\\\/www.altominho.tv\\\/site\\\/2019\\\/12\\\/30\\\/grupo-civico-de-darque-inicia-tradicao-do-mergulho-de-ano-novo-na-praia-do-cabedelo\\\/\"},\"author\":{\"name\":\"Andreia Ferreira | Lusa\",\"@id\":\"https:\\\/\\\/www.altominho.tv\\\/site\\\/#\\\/schema\\\/person\\\/a0bff6dc1041aadd46fa81887444b017\"},\"headline\":\"Grupo c\u00edvico de Darque inicia tradi\u00e7\u00e3o do mergulho de Ano Novo na praia do Cabedelo\",\"datePublished\":\"2019-12-30T16:20:07+00:00\",\"dateModified\":\"2019-12-30T16:20:15+00:00\",\"mainEntityOfPage\":{\"@id\":\"https:\\\/\\\/www.altominho.tv\\\/site\\\/2019\\\/12\\\/30\\\/grupo-civico-de-darque-inicia-tradicao-do-mergulho-de-ano-novo-na-praia-do-cabedelo\\\/\"},\"wordCount\":498,\"image\":{\"@id\":\"https:\\\/\\\/www.altominho.tv\\\/site\\\/2019\\\/12\\\/30\\\/grupo-civico-de-darque-inicia-tradicao-do-mergulho-de-ano-novo-na-praia-do-cabedelo\\\/#primaryimage\"},\"thumbnailUrl\":\"https:\\\/\\\/www.altominho.tv\\\/site\\\/wp-content\\\/uploads\\\/2019\\\/12\\\/Praia-Cabedelo.png\",\"keywords\":[\"Sociedade\"],\"articleSection\":[\"Viana do Castelo\"],\"inLanguage\":\"pt-PT\",\"copyrightYear\":\"2019\",\"copyrightHolder\":{\"@id\":\"https:\\\/\\\/www.altominho.tv\\\/site\\\/#organization\"}},{\"@type\":\"WebPage\",\"@id\":\"https:\\\/\\\/www.altominho.tv\\\/site\\\/2019\\\/12\\\/30\\\/grupo-civico-de-darque-inicia-tradicao-do-mergulho-de-ano-novo-na-praia-do-cabedelo\\\/\",\"url\":\"https:\\\/\\\/www.altominho.tv\\\/site\\\/2019\\\/12\\\/30\\\/grupo-civico-de-darque-inicia-tradicao-do-mergulho-de-ano-novo-na-praia-do-cabedelo\\\/\",\"name\":\"Grupo c\u00edvico de Darque inicia tradi\u00e7\u00e3o do mergulho de Ano Novo na praia do Cabedelo\",\"isPartOf\":{\"@id\":\"https:\\\/\\\/www.altominho.tv\\\/site\\\/#website\"},\"primaryImageOfPage\":{\"@id\":\"https:\\\/\\\/www.altominho.tv\\\/site\\\/2019\\\/12\\\/30\\\/grupo-civico-de-darque-inicia-tradicao-do-mergulho-de-ano-novo-na-praia-do-cabedelo\\\/#primaryimage\"},\"image\":{\"@id\":\"https:\\\/\\\/www.altominho.tv\\\/site\\\/2019\\\/12\\\/30\\\/grupo-civico-de-darque-inicia-tradicao-do-mergulho-de-ano-novo-na-praia-do-cabedelo\\\/#primaryimage\"},\"thumbnailUrl\":\"https:\\\/\\\/www.altominho.tv\\\/site\\\/wp-content\\\/uploads\\\/2019\\\/12\\\/Praia-Cabedelo.png\",\"datePublished\":\"2019-12-30T16:20:07+00:00\",\"dateModified\":\"2019-12-30T16:20:15+00:00\",\"author\":{\"@id\":\"https:\\\/\\\/www.altominho.tv\\\/site\\\/#\\\/schema\\\/person\\\/a0bff6dc1041aadd46fa81887444b017\"},\"breadcrumb\":{\"@id\":\"https:\\\/\\\/www.altominho.tv\\\/site\\\/2019\\\/12\\\/30\\\/grupo-civico-de-darque-inicia-tradicao-do-mergulho-de-ano-novo-na-praia-do-cabedelo\\\/#breadcrumb\"},\"inLanguage\":\"pt-PT\",\"potentialAction\":[{\"@type\":\"ReadAction\",\"target\":[\"https:\\\/\\\/www.altominho.tv\\\/site\\\/2019\\\/12\\\/30\\\/grupo-civico-de-darque-inicia-tradicao-do-mergulho-de-ano-novo-na-praia-do-cabedelo\\\/\"]}]},{\"@type\":\"ImageObject\",\"inLanguage\":\"pt-PT\",\"@id\":\"https:\\\/\\\/www.altominho.tv\\\/site\\\/2019\\\/12\\\/30\\\/grupo-civico-de-darque-inicia-tradicao-do-mergulho-de-ano-novo-na-praia-do-cabedelo\\\/#primaryimage\",\"url\":\"https:\\\/\\\/www.altominho.tv\\\/site\\\/wp-content\\\/uploads\\\/2019\\\/12\\\/Praia-Cabedelo.png\",\"contentUrl\":\"https:\\\/\\\/www.altominho.tv\\\/site\\\/wp-content\\\/uploads\\\/2019\\\/12\\\/Praia-Cabedelo.png\",\"width\":864,\"height\":586,\"caption\":\"PINTEREST\"},{\"@type\":\"BreadcrumbList\",\"@id\":\"https:\\\/\\\/www.altominho.tv\\\/site\\\/2019\\\/12\\\/30\\\/grupo-civico-de-darque-inicia-tradicao-do-mergulho-de-ano-novo-na-praia-do-cabedelo\\\/#breadcrumb\",\"itemListElement\":[{\"@type\":\"ListItem\",\"position\":1,\"name\":\"In\u00edcio\",\"item\":\"https:\\\/\\\/www.altominho.tv\\\/site\\\/\"},{\"@type\":\"ListItem\",\"position\":2,\"name\":\"Grupo c\u00edvico de Darque inicia tradi\u00e7\u00e3o do mergulho de Ano Novo na praia do Cabedelo\"}]},{\"@type\":\"WebSite\",\"@id\":\"https:\\\/\\\/www.altominho.tv\\\/site\\\/#website\",\"url\":\"https:\\\/\\\/www.altominho.tv\\\/site\\\/\",\"name\":\"Altominho.tv\",\"description\":\"A sua regi\u00e3o \u00e0 dist\u00e2ncia de um clique...\",\"potentialAction\":[{\"@type\":\"SearchAction\",\"target\":{\"@type\":\"EntryPoint\",\"urlTemplate\":\"https:\\\/\\\/www.altominho.tv\\\/site\\\/?s={search_term_string}\"},\"query-input\":{\"@type\":\"PropertyValueSpecification\",\"valueRequired\":true,\"valueName\":\"search_term_string\"}}],\"inLanguage\":\"pt-PT\"},{\"@type\":\"Person\",\"@id\":\"https:\\\/\\\/www.altominho.tv\\\/site\\\/#\\\/schema\\\/person\\\/a0bff6dc1041aadd46fa81887444b017\",\"name\":\"Andreia Ferreira | Lusa\",\"image\":{\"@type\":\"ImageObject\",\"inLanguage\":\"pt-PT\",\"@id\":\"https:\\\/\\\/www.altominho.tv\\\/site\\\/wp-content\\\/uploads\\\/2018\\\/04\\\/Andreia-150x150.jpg\",\"url\":\"https:\\\/\\\/www.altominho.tv\\\/site\\\/wp-content\\\/uploads\\\/2018\\\/04\\\/Andreia-150x150.jpg\",\"contentUrl\":\"https:\\\/\\\/www.altominho.tv\\\/site\\\/wp-content\\\/uploads\\\/2018\\\/04\\\/Andreia-150x150.jpg\",\"caption\":\"Andreia Ferreira | Lusa\"},\"sameAs\":[\"https:\\\/\\\/www.altominho.tv\\\/site\"],\"url\":\"https:\\\/\\\/www.altominho.tv\\\/site\\\/author\\\/andreiaferreiralusa\\\/\"}]}<\/script>\n<!-- \/ Yoast SEO Premium plugin. -->","yoast_head_json":{"title":"Grupo c\u00edvico de Darque inicia tradi\u00e7\u00e3o do mergulho de Ano Novo na praia do Cabedelo","robots":{"index":"index","follow":"follow","max-snippet":"max-snippet:-1","max-image-preview":"max-image-preview:large","max-video-preview":"max-video-preview:-1"},"canonical":"https:\/\/www.altominho.tv\/site\/2019\/12\/30\/grupo-civico-de-darque-inicia-tradicao-do-mergulho-de-ano-novo-na-praia-do-cabedelo\/","og_locale":"pt_PT","og_type":"article","og_title":"Grupo c\u00edvico de Darque inicia tradi\u00e7\u00e3o do mergulho de Ano Novo na praia do Cabedelo","og_description":"Um movimento c\u00edvico do lugar do Cais Novo, na vila de Darque, em Viana do Castelo, vai promover o primeiro mergulho de Ano Novo para &#8220;iniciar a tradi\u00e7\u00e3o e manter viva a liga\u00e7\u00e3o ao mar e \u00e0 pesca&#8221;. &#8220;O nosso objetivo \u00e9 iniciar uma tradi\u00e7\u00e3o, tal como acontece em v\u00e1rias zonas do pa\u00eds. Ao mesmo [&hellip;]","og_url":"https:\/\/www.altominho.tv\/site\/2019\/12\/30\/grupo-civico-de-darque-inicia-tradicao-do-mergulho-de-ano-novo-na-praia-do-cabedelo\/","og_site_name":"Altominho.tv","article_publisher":"https:\/\/www.facebook.com\/altominhotv","article_published_time":"2019-12-30T16:20:07+00:00","article_modified_time":"2019-12-30T16:20:15+00:00","og_image":[{"width":864,"height":586,"url":"https:\/\/www.altominho.tv\/site\/wp-content\/uploads\/2019\/12\/Praia-Cabedelo.png","type":"image\/png"}],"author":"Andreia Ferreira | Lusa","twitter_card":"summary_large_image","twitter_creator":"@altominhoTV","twitter_site":"@altominhoTV","twitter_misc":{"Escrito por":"Andreia Ferreira | Lusa","Tempo estimado de leitura":"2 minutos"},"schema":{"@context":"https:\/\/schema.org","@graph":[{"@type":"Article","@id":"https:\/\/www.altominho.tv\/site\/2019\/12\/30\/grupo-civico-de-darque-inicia-tradicao-do-mergulho-de-ano-novo-na-praia-do-cabedelo\/#article","isPartOf":{"@id":"https:\/\/www.altominho.tv\/site\/2019\/12\/30\/grupo-civico-de-darque-inicia-tradicao-do-mergulho-de-ano-novo-na-praia-do-cabedelo\/"},"author":{"name":"Andreia Ferreira | Lusa","@id":"https:\/\/www.altominho.tv\/site\/#\/schema\/person\/a0bff6dc1041aadd46fa81887444b017"},"headline":"Grupo c\u00edvico de Darque inicia tradi\u00e7\u00e3o do mergulho de Ano Novo na praia do Cabedelo","datePublished":"2019-12-30T16:20:07+00:00","dateModified":"2019-12-30T16:20:15+00:00","mainEntityOfPage":{"@id":"https:\/\/www.altominho.tv\/site\/2019\/12\/30\/grupo-civico-de-darque-inicia-tradicao-do-mergulho-de-ano-novo-na-praia-do-cabedelo\/"},"wordCount":498,"image":{"@id":"https:\/\/www.altominho.tv\/site\/2019\/12\/30\/grupo-civico-de-darque-inicia-tradicao-do-mergulho-de-ano-novo-na-praia-do-cabedelo\/#primaryimage"},"thumbnailUrl":"https:\/\/www.altominho.tv\/site\/wp-content\/uploads\/2019\/12\/Praia-Cabedelo.png","keywords":["Sociedade"],"articleSection":["Viana do Castelo"],"inLanguage":"pt-PT","copyrightYear":"2019","copyrightHolder":{"@id":"https:\/\/www.altominho.tv\/site\/#organization"}},{"@type":"WebPage","@id":"https:\/\/www.altominho.tv\/site\/2019\/12\/30\/grupo-civico-de-darque-inicia-tradicao-do-mergulho-de-ano-novo-na-praia-do-cabedelo\/","url":"https:\/\/www.altominho.tv\/site\/2019\/12\/30\/grupo-civico-de-darque-inicia-tradicao-do-mergulho-de-ano-novo-na-praia-do-cabedelo\/","name":"Grupo c\u00edvico de Darque inicia tradi\u00e7\u00e3o do mergulho de Ano Novo na praia do Cabedelo","isPartOf":{"@id":"https:\/\/www.altominho.tv\/site\/#website"},"primaryImageOfPage":{"@id":"https:\/\/www.altominho.tv\/site\/2019\/12\/30\/grupo-civico-de-darque-inicia-tradicao-do-mergulho-de-ano-novo-na-praia-do-cabedelo\/#primaryimage"},"image":{"@id":"https:\/\/www.altominho.tv\/site\/2019\/12\/30\/grupo-civico-de-darque-inicia-tradicao-do-mergulho-de-ano-novo-na-praia-do-cabedelo\/#primaryimage"},"thumbnailUrl":"https:\/\/www.altominho.tv\/site\/wp-content\/uploads\/2019\/12\/Praia-Cabedelo.png","datePublished":"2019-12-30T16:20:07+00:00","dateModified":"2019-12-30T16:20:15+00:00","author":{"@id":"https:\/\/www.altominho.tv\/site\/#\/schema\/person\/a0bff6dc1041aadd46fa81887444b017"},"breadcrumb":{"@id":"https:\/\/www.altominho.tv\/site\/2019\/12\/30\/grupo-civico-de-darque-inicia-tradicao-do-mergulho-de-ano-novo-na-praia-do-cabedelo\/#breadcrumb"},"inLanguage":"pt-PT","potentialAction":[{"@type":"ReadAction","target":["https:\/\/www.altominho.tv\/site\/2019\/12\/30\/grupo-civico-de-darque-inicia-tradicao-do-mergulho-de-ano-novo-na-praia-do-cabedelo\/"]}]},{"@type":"ImageObject","inLanguage":"pt-PT","@id":"https:\/\/www.altominho.tv\/site\/2019\/12\/30\/grupo-civico-de-darque-inicia-tradicao-do-mergulho-de-ano-novo-na-praia-do-cabedelo\/#primaryimage","url":"https:\/\/www.altominho.tv\/site\/wp-content\/uploads\/2019\/12\/Praia-Cabedelo.png","contentUrl":"https:\/\/www.altominho.tv\/site\/wp-content\/uploads\/2019\/12\/Praia-Cabedelo.png","width":864,"height":586,"caption":"PINTEREST"},{"@type":"BreadcrumbList","@id":"https:\/\/www.altominho.tv\/site\/2019\/12\/30\/grupo-civico-de-darque-inicia-tradicao-do-mergulho-de-ano-novo-na-praia-do-cabedelo\/#breadcrumb","itemListElement":[{"@type":"ListItem","position":1,"name":"In\u00edcio","item":"https:\/\/www.altominho.tv\/site\/"},{"@type":"ListItem","position":2,"name":"Grupo c\u00edvico de Darque inicia tradi\u00e7\u00e3o do mergulho de Ano Novo na praia do Cabedelo"}]},{"@type":"WebSite","@id":"https:\/\/www.altominho.tv\/site\/#website","url":"https:\/\/www.altominho.tv\/site\/","name":"Altominho.tv","description":"A sua regi\u00e3o \u00e0 dist\u00e2ncia de um clique...","potentialAction":[{"@type":"SearchAction","target":{"@type":"EntryPoint","urlTemplate":"https:\/\/www.altominho.tv\/site\/?s={search_term_string}"},"query-input":{"@type":"PropertyValueSpecification","valueRequired":true,"valueName":"search_term_string"}}],"inLanguage":"pt-PT"},{"@type":"Person","@id":"https:\/\/www.altominho.tv\/site\/#\/schema\/person\/a0bff6dc1041aadd46fa81887444b017","name":"Andreia Ferreira | Lusa","image":{"@type":"ImageObject","inLanguage":"pt-PT","@id":"https:\/\/www.altominho.tv\/site\/wp-content\/uploads\/2018\/04\/Andreia-150x150.jpg","url":"https:\/\/www.altominho.tv\/site\/wp-content\/uploads\/2018\/04\/Andreia-150x150.jpg","contentUrl":"https:\/\/www.altominho.tv\/site\/wp-content\/uploads\/2018\/04\/Andreia-150x150.jpg","caption":"Andreia Ferreira | Lusa"},"sameAs":["https:\/\/www.altominho.tv\/site"],"url":"https:\/\/www.altominho.tv\/site\/author\/andreiaferreiralusa\/"}]}},"_links":{"self":[{"href":"https:\/\/www.altominho.tv\/site\/wp-json\/wp\/v2\/posts\/38446","targetHints":{"allow":["GET"]}}],"collection":[{"href":"https:\/\/www.altominho.tv\/site\/wp-json\/wp\/v2\/posts"}],"about":[{"href":"https:\/\/www.altominho.tv\/site\/wp-json\/wp\/v2\/types\/post"}],"author":[{"embeddable":true,"href":"https:\/\/www.altominho.tv\/site\/wp-json\/wp\/v2\/users\/15"}],"replies":[{"embeddable":true,"href":"https:\/\/www.altominho.tv\/site\/wp-json\/wp\/v2\/comments?post=38446"}],"version-history":[{"count":0,"href":"https:\/\/www.altominho.tv\/site\/wp-json\/wp\/v2\/posts\/38446\/revisions"}],"wp:featuredmedia":[{"embeddable":true,"href":"https:\/\/www.altominho.tv\/site\/wp-json\/wp\/v2\/media\/38447"}],"wp:attachment":[{"href":"https:\/\/www.altominho.tv\/site\/wp-json\/wp\/v2\/media?parent=38446"}],"wp:term":[{"taxonomy":"category","embeddable":true,"href":"https:\/\/www.altominho.tv\/site\/wp-json\/wp\/v2\/categories?post=38446"},{"taxonomy":"post_tag","embeddable":true,"href":"https:\/\/www.altominho.tv\/site\/wp-json\/wp\/v2\/tags?post=38446"}],"curies":[{"name":"wp","href":"https:\/\/api.w.org\/{rel}","templated":true}]}}