{"id":38289,"date":"2019-12-24T11:24:32","date_gmt":"2019-12-24T11:24:32","guid":{"rendered":"http:\/\/www.altominho.tv\/site\/?p=38289"},"modified":"2019-12-24T11:24:38","modified_gmt":"2019-12-24T11:24:38","slug":"faleceu-fernando-calheiros-presidente-da-camara-de-ponte-de-lima-de-1990-a-1994","status":"publish","type":"post","link":"https:\/\/www.altominho.tv\/site\/2019\/12\/24\/faleceu-fernando-calheiros-presidente-da-camara-de-ponte-de-lima-de-1990-a-1994\/","title":{"rendered":"Faleceu Fernando Calheiros presidente da c\u00e2mara de Ponte de Lima de 1990 a 1994"},"content":{"rendered":"<p>De acordo com uma nota enviada \u00e0s reda\u00e7\u00f5es, torna-se p\u00fablico o falecimento de Fernando Augusto de Vasconcelos Calheiros de Barros, que exerceu as fun\u00e7\u00e3o de Presidente da C\u00e2mara Municipal de Ponte de Lima no per\u00edodo de 4 de Janeiro de 1990 a 6 de Janeiro de 1994.<\/p>\n<p>Fernando Calheiros, foi ainda Vereador da C\u00e2mara Municipal de Ponte de Lima de 1977 a 1986, Provedor da Santa Casa da Miseric\u00f3rdia de Ponte de Lima, entre 1989 e 1997, Presidente da Direc\u00e7\u00e3o da Associa\u00e7\u00e3o Humanit\u00e1ria dos Bombeiros Volunt\u00e1rios de Ponte de Lima, de 1997 a 2000, de entre outros cargos desempenhados, como o de Delegado da Liga Portuguesa Contra o Cancro em Ponte de Lima.<\/p>\n<p>Nasceu na Vila de Ponte de Lima a 21 de Abril de 1937 e faleceu na tarde do dia 23 de Dezembro passado, com 82 anos, durante os quais, para al\u00e9m das fun\u00e7\u00f5es e cargos referidos, teve a profiss\u00e3o de T\u00e9cnico de Desenho de Constru\u00e7\u00e3o Civil, com Gabinete T\u00e9cnico de Projectos pr\u00f3prio.<\/p>\n<p>&#8220;Durante o per\u00edodo em que exerceu fun\u00e7\u00f5es aut\u00e1rquicas foram muitos os projectos e melhorias implementados, existindo uma preocupa\u00e7\u00e3o constante para que as condi\u00e7\u00f5es de vida da comunidade evolu\u00edssem no sentido da maior qualidade de vida, dignificando o Poder Local e todos os cargos que desempenhou, para al\u00e9m da C\u00e2mara Municipal de Ponte de Lima&#8221;, refere ainda a nota.<\/p>\n<p>O corpo estar\u00e1 em c\u00e2mara ardente durante o dia 24 de Dezembro, ter\u00e7a-feira, na Igreja de Nossa Senhora da Miseric\u00f3rdia de Ponte de Lima, at\u00e9 \u00e0s 17h00.<\/p>\n<p>No final da tarde seguir\u00e1 para a Casa Mortu\u00e1ria da freguesia de Rebord\u00f5es Souto, onde residia e no dia seguinte, 25 de Dezembro, \u00e0s 15h30, ter\u00e3o in\u00edcio as cerim\u00f3nias f\u00fanebres com missa de corpo presente na Igreja Paroquial, finda a qual ir\u00e1 a sepultar no Cemit\u00e9rio Paroquial.<\/p>\n<p>A C\u00e2mara de Ponte de Lima determinou promulgar dois dias de luto municipal, a 24 e a 25 de dezembro.<\/p>\n","protected":false},"excerpt":{"rendered":"<p>De acordo com uma nota enviada \u00e0s reda\u00e7\u00f5es, torna-se p\u00fablico o falecimento de Fernando Augusto de Vasconcelos Calheiros de Barros, que exerceu as fun\u00e7\u00e3o de Presidente da C\u00e2mara Municipal de Ponte de Lima no per\u00edodo de 4 de Janeiro de 1990 a 6 de Janeiro de 1994. Fernando Calheiros, foi ainda Vereador da C\u00e2mara Municipal [&hellip;]<\/p>\n","protected":false},"author":1,"featured_media":38290,"comment_status":"closed","ping_status":"closed","sticky":false,"template":"","format":"standard","meta":{"_exactmetrics_skip_tracking":false,"_exactmetrics_sitenote_active":false,"_exactmetrics_sitenote_note":"","_exactmetrics_sitenote_category":0,"footnotes":""},"categories":[12],"tags":[23],"class_list":["post-38289","post","type-post","status-publish","format-standard","has-post-thumbnail","hentry","category-ponte-de-lima","tag-gente"],"yoast_head":"<!-- This site is optimized with the Yoast SEO Premium plugin v27.4 (Yoast SEO v27.4) - https:\/\/yoast.com\/product\/yoast-seo-premium-wordpress\/ -->\n<title>Faleceu Fernando Calheiros presidente da c\u00e2mara de Ponte de Lima de 1990 a 1994<\/title>\n<meta name=\"robots\" content=\"index, follow, max-snippet:-1, max-image-preview:large, max-video-preview:-1\" \/>\n<link rel=\"canonical\" href=\"https:\/\/www.altominho.tv\/site\/2019\/12\/24\/faleceu-fernando-calheiros-presidente-da-camara-de-ponte-de-lima-de-1990-a-1994\/\" \/>\n<meta property=\"og:locale\" content=\"pt_PT\" \/>\n<meta property=\"og:type\" content=\"article\" \/>\n<meta property=\"og:title\" content=\"Faleceu Fernando Calheiros presidente da c\u00e2mara de Ponte de Lima de 1990 a 1994\" \/>\n<meta property=\"og:description\" content=\"De acordo com uma nota enviada \u00e0s reda\u00e7\u00f5es, torna-se p\u00fablico o falecimento de Fernando Augusto de Vasconcelos Calheiros de Barros, que exerceu as fun\u00e7\u00e3o de Presidente da C\u00e2mara Municipal de Ponte de Lima no per\u00edodo de 4 de Janeiro de 1990 a 6 de Janeiro de 1994. Fernando Calheiros, foi ainda Vereador da C\u00e2mara Municipal [&hellip;]\" \/>\n<meta property=\"og:url\" content=\"https:\/\/www.altominho.tv\/site\/2019\/12\/24\/faleceu-fernando-calheiros-presidente-da-camara-de-ponte-de-lima-de-1990-a-1994\/\" \/>\n<meta property=\"og:site_name\" content=\"Altominho.tv\" \/>\n<meta property=\"article:publisher\" content=\"https:\/\/www.facebook.com\/altominhotv\" \/>\n<meta property=\"article:published_time\" content=\"2019-12-24T11:24:32+00:00\" \/>\n<meta property=\"article:modified_time\" content=\"2019-12-24T11:24:38+00:00\" \/>\n<meta property=\"og:image\" content=\"https:\/\/www.altominho.tv\/site\/wp-content\/uploads\/2019\/12\/Fernando-Calheiros.png\" \/>\n\t<meta property=\"og:image:width\" content=\"488\" \/>\n\t<meta property=\"og:image:height\" content=\"401\" \/>\n\t<meta property=\"og:image:type\" content=\"image\/png\" \/>\n<meta name=\"author\" content=\"Altominho.tv\" \/>\n<meta name=\"twitter:card\" content=\"summary_large_image\" \/>\n<meta name=\"twitter:creator\" content=\"@altominhoTV\" \/>\n<meta name=\"twitter:site\" content=\"@altominhoTV\" \/>\n<meta name=\"twitter:label1\" content=\"Escrito por\" \/>\n\t<meta name=\"twitter:data1\" content=\"Altominho.tv\" \/>\n\t<meta name=\"twitter:label2\" content=\"Tempo estimado de leitura\" \/>\n\t<meta name=\"twitter:data2\" content=\"2 minutos\" \/>\n<script type=\"application\/ld+json\" class=\"yoast-schema-graph\">{\"@context\":\"https:\\\/\\\/schema.org\",\"@graph\":[{\"@type\":\"Article\",\"@id\":\"https:\\\/\\\/www.altominho.tv\\\/site\\\/2019\\\/12\\\/24\\\/faleceu-fernando-calheiros-presidente-da-camara-de-ponte-de-lima-de-1990-a-1994\\\/#article\",\"isPartOf\":{\"@id\":\"https:\\\/\\\/www.altominho.tv\\\/site\\\/2019\\\/12\\\/24\\\/faleceu-fernando-calheiros-presidente-da-camara-de-ponte-de-lima-de-1990-a-1994\\\/\"},\"author\":{\"name\":\"Altominho.tv\",\"@id\":\"https:\\\/\\\/www.altominho.tv\\\/site\\\/#\\\/schema\\\/person\\\/4e536851627d7914baf3dac752b6af22\"},\"headline\":\"Faleceu Fernando Calheiros presidente da c\u00e2mara de Ponte de Lima de 1990 a 1994\",\"datePublished\":\"2019-12-24T11:24:32+00:00\",\"dateModified\":\"2019-12-24T11:24:38+00:00\",\"mainEntityOfPage\":{\"@id\":\"https:\\\/\\\/www.altominho.tv\\\/site\\\/2019\\\/12\\\/24\\\/faleceu-fernando-calheiros-presidente-da-camara-de-ponte-de-lima-de-1990-a-1994\\\/\"},\"wordCount\":349,\"image\":{\"@id\":\"https:\\\/\\\/www.altominho.tv\\\/site\\\/2019\\\/12\\\/24\\\/faleceu-fernando-calheiros-presidente-da-camara-de-ponte-de-lima-de-1990-a-1994\\\/#primaryimage\"},\"thumbnailUrl\":\"https:\\\/\\\/www.altominho.tv\\\/site\\\/wp-content\\\/uploads\\\/2019\\\/12\\\/Fernando-Calheiros.png\",\"keywords\":[\"Gente\"],\"articleSection\":[\"Ponte de Lima\"],\"inLanguage\":\"pt-PT\",\"copyrightYear\":\"2019\",\"copyrightHolder\":{\"@id\":\"https:\\\/\\\/www.altominho.tv\\\/site\\\/#organization\"}},{\"@type\":\"WebPage\",\"@id\":\"https:\\\/\\\/www.altominho.tv\\\/site\\\/2019\\\/12\\\/24\\\/faleceu-fernando-calheiros-presidente-da-camara-de-ponte-de-lima-de-1990-a-1994\\\/\",\"url\":\"https:\\\/\\\/www.altominho.tv\\\/site\\\/2019\\\/12\\\/24\\\/faleceu-fernando-calheiros-presidente-da-camara-de-ponte-de-lima-de-1990-a-1994\\\/\",\"name\":\"Faleceu Fernando Calheiros presidente da c\u00e2mara de Ponte de Lima de 1990 a 1994\",\"isPartOf\":{\"@id\":\"https:\\\/\\\/www.altominho.tv\\\/site\\\/#website\"},\"primaryImageOfPage\":{\"@id\":\"https:\\\/\\\/www.altominho.tv\\\/site\\\/2019\\\/12\\\/24\\\/faleceu-fernando-calheiros-presidente-da-camara-de-ponte-de-lima-de-1990-a-1994\\\/#primaryimage\"},\"image\":{\"@id\":\"https:\\\/\\\/www.altominho.tv\\\/site\\\/2019\\\/12\\\/24\\\/faleceu-fernando-calheiros-presidente-da-camara-de-ponte-de-lima-de-1990-a-1994\\\/#primaryimage\"},\"thumbnailUrl\":\"https:\\\/\\\/www.altominho.tv\\\/site\\\/wp-content\\\/uploads\\\/2019\\\/12\\\/Fernando-Calheiros.png\",\"datePublished\":\"2019-12-24T11:24:32+00:00\",\"dateModified\":\"2019-12-24T11:24:38+00:00\",\"author\":{\"@id\":\"https:\\\/\\\/www.altominho.tv\\\/site\\\/#\\\/schema\\\/person\\\/4e536851627d7914baf3dac752b6af22\"},\"breadcrumb\":{\"@id\":\"https:\\\/\\\/www.altominho.tv\\\/site\\\/2019\\\/12\\\/24\\\/faleceu-fernando-calheiros-presidente-da-camara-de-ponte-de-lima-de-1990-a-1994\\\/#breadcrumb\"},\"inLanguage\":\"pt-PT\",\"potentialAction\":[{\"@type\":\"ReadAction\",\"target\":[\"https:\\\/\\\/www.altominho.tv\\\/site\\\/2019\\\/12\\\/24\\\/faleceu-fernando-calheiros-presidente-da-camara-de-ponte-de-lima-de-1990-a-1994\\\/\"]}]},{\"@type\":\"ImageObject\",\"inLanguage\":\"pt-PT\",\"@id\":\"https:\\\/\\\/www.altominho.tv\\\/site\\\/2019\\\/12\\\/24\\\/faleceu-fernando-calheiros-presidente-da-camara-de-ponte-de-lima-de-1990-a-1994\\\/#primaryimage\",\"url\":\"https:\\\/\\\/www.altominho.tv\\\/site\\\/wp-content\\\/uploads\\\/2019\\\/12\\\/Fernando-Calheiros.png\",\"contentUrl\":\"https:\\\/\\\/www.altominho.tv\\\/site\\\/wp-content\\\/uploads\\\/2019\\\/12\\\/Fernando-Calheiros.png\",\"width\":488,\"height\":401,\"caption\":\"D.R.\"},{\"@type\":\"BreadcrumbList\",\"@id\":\"https:\\\/\\\/www.altominho.tv\\\/site\\\/2019\\\/12\\\/24\\\/faleceu-fernando-calheiros-presidente-da-camara-de-ponte-de-lima-de-1990-a-1994\\\/#breadcrumb\",\"itemListElement\":[{\"@type\":\"ListItem\",\"position\":1,\"name\":\"In\u00edcio\",\"item\":\"https:\\\/\\\/www.altominho.tv\\\/site\\\/\"},{\"@type\":\"ListItem\",\"position\":2,\"name\":\"Faleceu Fernando Calheiros presidente da c\u00e2mara de Ponte de Lima de 1990 a 1994\"}]},{\"@type\":\"WebSite\",\"@id\":\"https:\\\/\\\/www.altominho.tv\\\/site\\\/#website\",\"url\":\"https:\\\/\\\/www.altominho.tv\\\/site\\\/\",\"name\":\"Altominho.tv\",\"description\":\"A sua regi\u00e3o \u00e0 dist\u00e2ncia de um clique...\",\"potentialAction\":[{\"@type\":\"SearchAction\",\"target\":{\"@type\":\"EntryPoint\",\"urlTemplate\":\"https:\\\/\\\/www.altominho.tv\\\/site\\\/?s={search_term_string}\"},\"query-input\":{\"@type\":\"PropertyValueSpecification\",\"valueRequired\":true,\"valueName\":\"search_term_string\"}}],\"inLanguage\":\"pt-PT\"},{\"@type\":\"Person\",\"@id\":\"https:\\\/\\\/www.altominho.tv\\\/site\\\/#\\\/schema\\\/person\\\/4e536851627d7914baf3dac752b6af22\",\"name\":\"Altominho.tv\",\"image\":{\"@type\":\"ImageObject\",\"inLanguage\":\"pt-PT\",\"@id\":\"https:\\\/\\\/www.altominho.tv\\\/site\\\/wp-content\\\/uploads\\\/2019\\\/11\\\/Logo_Avatar_2-150x150.jpg\",\"url\":\"https:\\\/\\\/www.altominho.tv\\\/site\\\/wp-content\\\/uploads\\\/2019\\\/11\\\/Logo_Avatar_2-150x150.jpg\",\"contentUrl\":\"https:\\\/\\\/www.altominho.tv\\\/site\\\/wp-content\\\/uploads\\\/2019\\\/11\\\/Logo_Avatar_2-150x150.jpg\",\"caption\":\"Altominho.tv\"},\"url\":\"https:\\\/\\\/www.altominho.tv\\\/site\\\/author\\\/altominhotv-tecnico\\\/\"}]}<\/script>\n<!-- \/ Yoast SEO Premium plugin. -->","yoast_head_json":{"title":"Faleceu Fernando Calheiros presidente da c\u00e2mara de Ponte de Lima de 1990 a 1994","robots":{"index":"index","follow":"follow","max-snippet":"max-snippet:-1","max-image-preview":"max-image-preview:large","max-video-preview":"max-video-preview:-1"},"canonical":"https:\/\/www.altominho.tv\/site\/2019\/12\/24\/faleceu-fernando-calheiros-presidente-da-camara-de-ponte-de-lima-de-1990-a-1994\/","og_locale":"pt_PT","og_type":"article","og_title":"Faleceu Fernando Calheiros presidente da c\u00e2mara de Ponte de Lima de 1990 a 1994","og_description":"De acordo com uma nota enviada \u00e0s reda\u00e7\u00f5es, torna-se p\u00fablico o falecimento de Fernando Augusto de Vasconcelos Calheiros de Barros, que exerceu as fun\u00e7\u00e3o de Presidente da C\u00e2mara Municipal de Ponte de Lima no per\u00edodo de 4 de Janeiro de 1990 a 6 de Janeiro de 1994. Fernando Calheiros, foi ainda Vereador da C\u00e2mara Municipal [&hellip;]","og_url":"https:\/\/www.altominho.tv\/site\/2019\/12\/24\/faleceu-fernando-calheiros-presidente-da-camara-de-ponte-de-lima-de-1990-a-1994\/","og_site_name":"Altominho.tv","article_publisher":"https:\/\/www.facebook.com\/altominhotv","article_published_time":"2019-12-24T11:24:32+00:00","article_modified_time":"2019-12-24T11:24:38+00:00","og_image":[{"width":488,"height":401,"url":"https:\/\/www.altominho.tv\/site\/wp-content\/uploads\/2019\/12\/Fernando-Calheiros.png","type":"image\/png"}],"author":"Altominho.tv","twitter_card":"summary_large_image","twitter_creator":"@altominhoTV","twitter_site":"@altominhoTV","twitter_misc":{"Escrito por":"Altominho.tv","Tempo estimado de leitura":"2 minutos"},"schema":{"@context":"https:\/\/schema.org","@graph":[{"@type":"Article","@id":"https:\/\/www.altominho.tv\/site\/2019\/12\/24\/faleceu-fernando-calheiros-presidente-da-camara-de-ponte-de-lima-de-1990-a-1994\/#article","isPartOf":{"@id":"https:\/\/www.altominho.tv\/site\/2019\/12\/24\/faleceu-fernando-calheiros-presidente-da-camara-de-ponte-de-lima-de-1990-a-1994\/"},"author":{"name":"Altominho.tv","@id":"https:\/\/www.altominho.tv\/site\/#\/schema\/person\/4e536851627d7914baf3dac752b6af22"},"headline":"Faleceu Fernando Calheiros presidente da c\u00e2mara de Ponte de Lima de 1990 a 1994","datePublished":"2019-12-24T11:24:32+00:00","dateModified":"2019-12-24T11:24:38+00:00","mainEntityOfPage":{"@id":"https:\/\/www.altominho.tv\/site\/2019\/12\/24\/faleceu-fernando-calheiros-presidente-da-camara-de-ponte-de-lima-de-1990-a-1994\/"},"wordCount":349,"image":{"@id":"https:\/\/www.altominho.tv\/site\/2019\/12\/24\/faleceu-fernando-calheiros-presidente-da-camara-de-ponte-de-lima-de-1990-a-1994\/#primaryimage"},"thumbnailUrl":"https:\/\/www.altominho.tv\/site\/wp-content\/uploads\/2019\/12\/Fernando-Calheiros.png","keywords":["Gente"],"articleSection":["Ponte de Lima"],"inLanguage":"pt-PT","copyrightYear":"2019","copyrightHolder":{"@id":"https:\/\/www.altominho.tv\/site\/#organization"}},{"@type":"WebPage","@id":"https:\/\/www.altominho.tv\/site\/2019\/12\/24\/faleceu-fernando-calheiros-presidente-da-camara-de-ponte-de-lima-de-1990-a-1994\/","url":"https:\/\/www.altominho.tv\/site\/2019\/12\/24\/faleceu-fernando-calheiros-presidente-da-camara-de-ponte-de-lima-de-1990-a-1994\/","name":"Faleceu Fernando Calheiros presidente da c\u00e2mara de Ponte de Lima de 1990 a 1994","isPartOf":{"@id":"https:\/\/www.altominho.tv\/site\/#website"},"primaryImageOfPage":{"@id":"https:\/\/www.altominho.tv\/site\/2019\/12\/24\/faleceu-fernando-calheiros-presidente-da-camara-de-ponte-de-lima-de-1990-a-1994\/#primaryimage"},"image":{"@id":"https:\/\/www.altominho.tv\/site\/2019\/12\/24\/faleceu-fernando-calheiros-presidente-da-camara-de-ponte-de-lima-de-1990-a-1994\/#primaryimage"},"thumbnailUrl":"https:\/\/www.altominho.tv\/site\/wp-content\/uploads\/2019\/12\/Fernando-Calheiros.png","datePublished":"2019-12-24T11:24:32+00:00","dateModified":"2019-12-24T11:24:38+00:00","author":{"@id":"https:\/\/www.altominho.tv\/site\/#\/schema\/person\/4e536851627d7914baf3dac752b6af22"},"breadcrumb":{"@id":"https:\/\/www.altominho.tv\/site\/2019\/12\/24\/faleceu-fernando-calheiros-presidente-da-camara-de-ponte-de-lima-de-1990-a-1994\/#breadcrumb"},"inLanguage":"pt-PT","potentialAction":[{"@type":"ReadAction","target":["https:\/\/www.altominho.tv\/site\/2019\/12\/24\/faleceu-fernando-calheiros-presidente-da-camara-de-ponte-de-lima-de-1990-a-1994\/"]}]},{"@type":"ImageObject","inLanguage":"pt-PT","@id":"https:\/\/www.altominho.tv\/site\/2019\/12\/24\/faleceu-fernando-calheiros-presidente-da-camara-de-ponte-de-lima-de-1990-a-1994\/#primaryimage","url":"https:\/\/www.altominho.tv\/site\/wp-content\/uploads\/2019\/12\/Fernando-Calheiros.png","contentUrl":"https:\/\/www.altominho.tv\/site\/wp-content\/uploads\/2019\/12\/Fernando-Calheiros.png","width":488,"height":401,"caption":"D.R."},{"@type":"BreadcrumbList","@id":"https:\/\/www.altominho.tv\/site\/2019\/12\/24\/faleceu-fernando-calheiros-presidente-da-camara-de-ponte-de-lima-de-1990-a-1994\/#breadcrumb","itemListElement":[{"@type":"ListItem","position":1,"name":"In\u00edcio","item":"https:\/\/www.altominho.tv\/site\/"},{"@type":"ListItem","position":2,"name":"Faleceu Fernando Calheiros presidente da c\u00e2mara de Ponte de Lima de 1990 a 1994"}]},{"@type":"WebSite","@id":"https:\/\/www.altominho.tv\/site\/#website","url":"https:\/\/www.altominho.tv\/site\/","name":"Altominho.tv","description":"A sua regi\u00e3o \u00e0 dist\u00e2ncia de um clique...","potentialAction":[{"@type":"SearchAction","target":{"@type":"EntryPoint","urlTemplate":"https:\/\/www.altominho.tv\/site\/?s={search_term_string}"},"query-input":{"@type":"PropertyValueSpecification","valueRequired":true,"valueName":"search_term_string"}}],"inLanguage":"pt-PT"},{"@type":"Person","@id":"https:\/\/www.altominho.tv\/site\/#\/schema\/person\/4e536851627d7914baf3dac752b6af22","name":"Altominho.tv","image":{"@type":"ImageObject","inLanguage":"pt-PT","@id":"https:\/\/www.altominho.tv\/site\/wp-content\/uploads\/2019\/11\/Logo_Avatar_2-150x150.jpg","url":"https:\/\/www.altominho.tv\/site\/wp-content\/uploads\/2019\/11\/Logo_Avatar_2-150x150.jpg","contentUrl":"https:\/\/www.altominho.tv\/site\/wp-content\/uploads\/2019\/11\/Logo_Avatar_2-150x150.jpg","caption":"Altominho.tv"},"url":"https:\/\/www.altominho.tv\/site\/author\/altominhotv-tecnico\/"}]}},"_links":{"self":[{"href":"https:\/\/www.altominho.tv\/site\/wp-json\/wp\/v2\/posts\/38289","targetHints":{"allow":["GET"]}}],"collection":[{"href":"https:\/\/www.altominho.tv\/site\/wp-json\/wp\/v2\/posts"}],"about":[{"href":"https:\/\/www.altominho.tv\/site\/wp-json\/wp\/v2\/types\/post"}],"author":[{"embeddable":true,"href":"https:\/\/www.altominho.tv\/site\/wp-json\/wp\/v2\/users\/1"}],"replies":[{"embeddable":true,"href":"https:\/\/www.altominho.tv\/site\/wp-json\/wp\/v2\/comments?post=38289"}],"version-history":[{"count":0,"href":"https:\/\/www.altominho.tv\/site\/wp-json\/wp\/v2\/posts\/38289\/revisions"}],"wp:featuredmedia":[{"embeddable":true,"href":"https:\/\/www.altominho.tv\/site\/wp-json\/wp\/v2\/media\/38290"}],"wp:attachment":[{"href":"https:\/\/www.altominho.tv\/site\/wp-json\/wp\/v2\/media?parent=38289"}],"wp:term":[{"taxonomy":"category","embeddable":true,"href":"https:\/\/www.altominho.tv\/site\/wp-json\/wp\/v2\/categories?post=38289"},{"taxonomy":"post_tag","embeddable":true,"href":"https:\/\/www.altominho.tv\/site\/wp-json\/wp\/v2\/tags?post=38289"}],"curies":[{"name":"wp","href":"https:\/\/api.w.org\/{rel}","templated":true}]}}