{"id":38165,"date":"2019-12-20T17:18:43","date_gmt":"2019-12-20T17:18:43","guid":{"rendered":"http:\/\/www.altominho.tv\/site\/?p=38165"},"modified":"2019-12-20T17:19:00","modified_gmt":"2019-12-20T17:19:00","slug":"natal-soalheiro-depois-das-depressoes-elsa-e-fabien","status":"publish","type":"post","link":"https:\/\/www.altominho.tv\/site\/2019\/12\/20\/natal-soalheiro-depois-das-depressoes-elsa-e-fabien\/","title":{"rendered":"Natal soalheiro depois das depress\u00f5es &#8220;Elsa&#8221; e &#8220;Fabien&#8221;"},"content":{"rendered":"<p>A depress\u00e3o <em>Elsa<\/em> ainda est\u00e1 a provocar estragos, mas os efeitos da sua passagem deixar\u00e3o de ser sentidos j\u00e1 no pr\u00f3ximo domingo. As previs\u00f5es do Instituto Portugu\u00eas do Mar e da Atmosfera (IPMA) alertam para a chegada de uma nova depress\u00e3o e apontam para um Natal sem chuva e soalheiro.<\/p>\n<p>A depress\u00e3o <em>Fabien<\/em> atingir\u00e1 Portugal no s\u00e1bado, em\u00a0especial o Norte e o Centro, estando previstos intensos per\u00edodos de chuva e vento forte de sudoeste, com rajadas que podem atingir 90 quil\u00f3metros por hora no litoral norte e centro e 120 quil\u00f3metros por hora nas terras altas.<\/p>\n<p>A agita\u00e7\u00e3o mar\u00edtima ir\u00e1 tamb\u00e9m fazer-se sentir na costa ocidental, em especial no litoral norte.<\/p>\n<p>Segundo o IPMA, os efeitos da <em>Fabien<\/em>\u00a0n\u00e3o dever\u00e3o ter em Portugal continental a mesma intensidade do que os da <em>Elsa<\/em>, \u201cem particular em termos de vento e com mais significado em termos de precipita\u00e7\u00e3o\u201d,\u00a0prevendo-se uma melhoria gradual do estado do tempo a partir de domingo.<\/p>\n<p>No dia de Natal, as temperaturas dever\u00e3o ser tamb\u00e9m mais agrad\u00e1veis, com a temperatura m\u00e1xima a chegar aos 18\u00baC em Viana do Castelo.<\/p>\n","protected":false},"excerpt":{"rendered":"<p>A depress\u00e3o Elsa ainda est\u00e1 a provocar estragos, mas os efeitos da sua passagem deixar\u00e3o de ser sentidos j\u00e1 no pr\u00f3ximo domingo. As previs\u00f5es do Instituto Portugu\u00eas do Mar e da Atmosfera (IPMA) alertam para a chegada de uma nova depress\u00e3o e apontam para um Natal sem chuva e soalheiro. A depress\u00e3o Fabien atingir\u00e1 Portugal [&hellip;]<\/p>\n","protected":false},"author":12,"featured_media":38166,"comment_status":"closed","ping_status":"closed","sticky":false,"template":"","format":"standard","meta":{"_exactmetrics_skip_tracking":false,"_exactmetrics_sitenote_active":false,"_exactmetrics_sitenote_note":"","_exactmetrics_sitenote_category":0,"footnotes":""},"categories":[73],"tags":[27],"class_list":["post-38165","post","type-post","status-publish","format-standard","has-post-thumbnail","hentry","category-alto-minho","tag-sociedade"],"yoast_head":"<!-- This site is optimized with the Yoast SEO Premium plugin v27.5 (Yoast SEO v27.5) - https:\/\/yoast.com\/product\/yoast-seo-premium-wordpress\/ -->\n<title>Natal soalheiro depois das depress\u00f5es &quot;Elsa&quot; e &quot;Fabien&quot;<\/title>\n<meta name=\"robots\" content=\"index, follow, max-snippet:-1, max-image-preview:large, max-video-preview:-1\" \/>\n<link rel=\"canonical\" href=\"https:\/\/www.altominho.tv\/site\/2019\/12\/20\/natal-soalheiro-depois-das-depressoes-elsa-e-fabien\/\" \/>\n<meta property=\"og:locale\" content=\"pt_PT\" \/>\n<meta property=\"og:type\" content=\"article\" \/>\n<meta property=\"og:title\" content=\"Natal soalheiro depois das depress\u00f5es &quot;Elsa&quot; e &quot;Fabien&quot;\" \/>\n<meta property=\"og:description\" content=\"A depress\u00e3o Elsa ainda est\u00e1 a provocar estragos, mas os efeitos da sua passagem deixar\u00e3o de ser sentidos j\u00e1 no pr\u00f3ximo domingo. As previs\u00f5es do Instituto Portugu\u00eas do Mar e da Atmosfera (IPMA) alertam para a chegada de uma nova depress\u00e3o e apontam para um Natal sem chuva e soalheiro. A depress\u00e3o Fabien atingir\u00e1 Portugal [&hellip;]\" \/>\n<meta property=\"og:url\" content=\"https:\/\/www.altominho.tv\/site\/2019\/12\/20\/natal-soalheiro-depois-das-depressoes-elsa-e-fabien\/\" \/>\n<meta property=\"og:site_name\" content=\"Altominho.tv\" \/>\n<meta property=\"article:publisher\" content=\"https:\/\/www.facebook.com\/altominhotv\" \/>\n<meta property=\"article:published_time\" content=\"2019-12-20T17:18:43+00:00\" \/>\n<meta property=\"article:modified_time\" content=\"2019-12-20T17:19:00+00:00\" \/>\n<meta property=\"og:image\" content=\"https:\/\/www.altominho.tv\/site\/wp-content\/uploads\/2019\/12\/Tempo-chuva.jpg\" \/>\n\t<meta property=\"og:image:width\" content=\"740\" \/>\n\t<meta property=\"og:image:height\" content=\"416\" \/>\n\t<meta property=\"og:image:type\" content=\"image\/jpeg\" \/>\n<meta name=\"author\" content=\"Andreia Ferreira\" \/>\n<meta name=\"twitter:card\" content=\"summary_large_image\" \/>\n<meta name=\"twitter:creator\" content=\"@altominhoTV\" \/>\n<meta name=\"twitter:site\" content=\"@altominhoTV\" \/>\n<meta name=\"twitter:label1\" content=\"Escrito por\" \/>\n\t<meta name=\"twitter:data1\" content=\"Andreia Ferreira\" \/>\n\t<meta name=\"twitter:label2\" content=\"Tempo estimado de leitura\" \/>\n\t<meta name=\"twitter:data2\" content=\"1 minuto\" \/>\n<script type=\"application\/ld+json\" class=\"yoast-schema-graph\">{\"@context\":\"https:\\\/\\\/schema.org\",\"@graph\":[{\"@type\":\"Article\",\"@id\":\"https:\\\/\\\/www.altominho.tv\\\/site\\\/2019\\\/12\\\/20\\\/natal-soalheiro-depois-das-depressoes-elsa-e-fabien\\\/#article\",\"isPartOf\":{\"@id\":\"https:\\\/\\\/www.altominho.tv\\\/site\\\/2019\\\/12\\\/20\\\/natal-soalheiro-depois-das-depressoes-elsa-e-fabien\\\/\"},\"author\":{\"name\":\"Andreia Ferreira\",\"@id\":\"https:\\\/\\\/www.altominho.tv\\\/site\\\/#\\\/schema\\\/person\\\/d9be4265364723f14ea8e0d56a1d38cd\"},\"headline\":\"Natal soalheiro depois das depress\u00f5es &#8220;Elsa&#8221; e &#8220;Fabien&#8221;\",\"datePublished\":\"2019-12-20T17:18:43+00:00\",\"dateModified\":\"2019-12-20T17:19:00+00:00\",\"mainEntityOfPage\":{\"@id\":\"https:\\\/\\\/www.altominho.tv\\\/site\\\/2019\\\/12\\\/20\\\/natal-soalheiro-depois-das-depressoes-elsa-e-fabien\\\/\"},\"wordCount\":210,\"image\":{\"@id\":\"https:\\\/\\\/www.altominho.tv\\\/site\\\/2019\\\/12\\\/20\\\/natal-soalheiro-depois-das-depressoes-elsa-e-fabien\\\/#primaryimage\"},\"thumbnailUrl\":\"https:\\\/\\\/www.altominho.tv\\\/site\\\/wp-content\\\/uploads\\\/2019\\\/12\\\/Tempo-chuva.jpg\",\"keywords\":[\"Sociedade\"],\"articleSection\":[\"Alto Minho\"],\"inLanguage\":\"pt-PT\",\"copyrightYear\":\"2019\",\"copyrightHolder\":{\"@id\":\"https:\\\/\\\/www.altominho.tv\\\/site\\\/#organization\"}},{\"@type\":\"WebPage\",\"@id\":\"https:\\\/\\\/www.altominho.tv\\\/site\\\/2019\\\/12\\\/20\\\/natal-soalheiro-depois-das-depressoes-elsa-e-fabien\\\/\",\"url\":\"https:\\\/\\\/www.altominho.tv\\\/site\\\/2019\\\/12\\\/20\\\/natal-soalheiro-depois-das-depressoes-elsa-e-fabien\\\/\",\"name\":\"Natal soalheiro depois das depress\u00f5es \\\"Elsa\\\" e \\\"Fabien\\\"\",\"isPartOf\":{\"@id\":\"https:\\\/\\\/www.altominho.tv\\\/site\\\/#website\"},\"primaryImageOfPage\":{\"@id\":\"https:\\\/\\\/www.altominho.tv\\\/site\\\/2019\\\/12\\\/20\\\/natal-soalheiro-depois-das-depressoes-elsa-e-fabien\\\/#primaryimage\"},\"image\":{\"@id\":\"https:\\\/\\\/www.altominho.tv\\\/site\\\/2019\\\/12\\\/20\\\/natal-soalheiro-depois-das-depressoes-elsa-e-fabien\\\/#primaryimage\"},\"thumbnailUrl\":\"https:\\\/\\\/www.altominho.tv\\\/site\\\/wp-content\\\/uploads\\\/2019\\\/12\\\/Tempo-chuva.jpg\",\"datePublished\":\"2019-12-20T17:18:43+00:00\",\"dateModified\":\"2019-12-20T17:19:00+00:00\",\"author\":{\"@id\":\"https:\\\/\\\/www.altominho.tv\\\/site\\\/#\\\/schema\\\/person\\\/d9be4265364723f14ea8e0d56a1d38cd\"},\"breadcrumb\":{\"@id\":\"https:\\\/\\\/www.altominho.tv\\\/site\\\/2019\\\/12\\\/20\\\/natal-soalheiro-depois-das-depressoes-elsa-e-fabien\\\/#breadcrumb\"},\"inLanguage\":\"pt-PT\",\"potentialAction\":[{\"@type\":\"ReadAction\",\"target\":[\"https:\\\/\\\/www.altominho.tv\\\/site\\\/2019\\\/12\\\/20\\\/natal-soalheiro-depois-das-depressoes-elsa-e-fabien\\\/\"]}]},{\"@type\":\"ImageObject\",\"inLanguage\":\"pt-PT\",\"@id\":\"https:\\\/\\\/www.altominho.tv\\\/site\\\/2019\\\/12\\\/20\\\/natal-soalheiro-depois-das-depressoes-elsa-e-fabien\\\/#primaryimage\",\"url\":\"https:\\\/\\\/www.altominho.tv\\\/site\\\/wp-content\\\/uploads\\\/2019\\\/12\\\/Tempo-chuva.jpg\",\"contentUrl\":\"https:\\\/\\\/www.altominho.tv\\\/site\\\/wp-content\\\/uploads\\\/2019\\\/12\\\/Tempo-chuva.jpg\",\"width\":740,\"height\":416},{\"@type\":\"BreadcrumbList\",\"@id\":\"https:\\\/\\\/www.altominho.tv\\\/site\\\/2019\\\/12\\\/20\\\/natal-soalheiro-depois-das-depressoes-elsa-e-fabien\\\/#breadcrumb\",\"itemListElement\":[{\"@type\":\"ListItem\",\"position\":1,\"name\":\"In\u00edcio\",\"item\":\"https:\\\/\\\/www.altominho.tv\\\/site\\\/\"},{\"@type\":\"ListItem\",\"position\":2,\"name\":\"Natal soalheiro depois das depress\u00f5es &#8220;Elsa&#8221; e &#8220;Fabien&#8221;\"}]},{\"@type\":\"WebSite\",\"@id\":\"https:\\\/\\\/www.altominho.tv\\\/site\\\/#website\",\"url\":\"https:\\\/\\\/www.altominho.tv\\\/site\\\/\",\"name\":\"Altominho.tv\",\"description\":\"A sua regi\u00e3o \u00e0 dist\u00e2ncia de um clique...\",\"potentialAction\":[{\"@type\":\"SearchAction\",\"target\":{\"@type\":\"EntryPoint\",\"urlTemplate\":\"https:\\\/\\\/www.altominho.tv\\\/site\\\/?s={search_term_string}\"},\"query-input\":{\"@type\":\"PropertyValueSpecification\",\"valueRequired\":true,\"valueName\":\"search_term_string\"}}],\"inLanguage\":\"pt-PT\"},{\"@type\":\"Person\",\"@id\":\"https:\\\/\\\/www.altominho.tv\\\/site\\\/#\\\/schema\\\/person\\\/d9be4265364723f14ea8e0d56a1d38cd\",\"name\":\"Andreia Ferreira\",\"image\":{\"@type\":\"ImageObject\",\"inLanguage\":\"pt-PT\",\"@id\":\"https:\\\/\\\/www.altominho.tv\\\/site\\\/wp-content\\\/uploads\\\/2021\\\/01\\\/AndreiaFerreira-150x150.jpg\",\"url\":\"https:\\\/\\\/www.altominho.tv\\\/site\\\/wp-content\\\/uploads\\\/2021\\\/01\\\/AndreiaFerreira-150x150.jpg\",\"contentUrl\":\"https:\\\/\\\/www.altominho.tv\\\/site\\\/wp-content\\\/uploads\\\/2021\\\/01\\\/AndreiaFerreira-150x150.jpg\",\"caption\":\"Andreia Ferreira\"},\"url\":\"https:\\\/\\\/www.altominho.tv\\\/site\\\/author\\\/andreiaferreira\\\/\"}]}<\/script>\n<!-- \/ Yoast SEO Premium plugin. -->","yoast_head_json":{"title":"Natal soalheiro depois das depress\u00f5es \"Elsa\" e \"Fabien\"","robots":{"index":"index","follow":"follow","max-snippet":"max-snippet:-1","max-image-preview":"max-image-preview:large","max-video-preview":"max-video-preview:-1"},"canonical":"https:\/\/www.altominho.tv\/site\/2019\/12\/20\/natal-soalheiro-depois-das-depressoes-elsa-e-fabien\/","og_locale":"pt_PT","og_type":"article","og_title":"Natal soalheiro depois das depress\u00f5es \"Elsa\" e \"Fabien\"","og_description":"A depress\u00e3o Elsa ainda est\u00e1 a provocar estragos, mas os efeitos da sua passagem deixar\u00e3o de ser sentidos j\u00e1 no pr\u00f3ximo domingo. As previs\u00f5es do Instituto Portugu\u00eas do Mar e da Atmosfera (IPMA) alertam para a chegada de uma nova depress\u00e3o e apontam para um Natal sem chuva e soalheiro. A depress\u00e3o Fabien atingir\u00e1 Portugal [&hellip;]","og_url":"https:\/\/www.altominho.tv\/site\/2019\/12\/20\/natal-soalheiro-depois-das-depressoes-elsa-e-fabien\/","og_site_name":"Altominho.tv","article_publisher":"https:\/\/www.facebook.com\/altominhotv","article_published_time":"2019-12-20T17:18:43+00:00","article_modified_time":"2019-12-20T17:19:00+00:00","og_image":[{"width":740,"height":416,"url":"https:\/\/www.altominho.tv\/site\/wp-content\/uploads\/2019\/12\/Tempo-chuva.jpg","type":"image\/jpeg"}],"author":"Andreia Ferreira","twitter_card":"summary_large_image","twitter_creator":"@altominhoTV","twitter_site":"@altominhoTV","twitter_misc":{"Escrito por":"Andreia Ferreira","Tempo estimado de leitura":"1 minuto"},"schema":{"@context":"https:\/\/schema.org","@graph":[{"@type":"Article","@id":"https:\/\/www.altominho.tv\/site\/2019\/12\/20\/natal-soalheiro-depois-das-depressoes-elsa-e-fabien\/#article","isPartOf":{"@id":"https:\/\/www.altominho.tv\/site\/2019\/12\/20\/natal-soalheiro-depois-das-depressoes-elsa-e-fabien\/"},"author":{"name":"Andreia Ferreira","@id":"https:\/\/www.altominho.tv\/site\/#\/schema\/person\/d9be4265364723f14ea8e0d56a1d38cd"},"headline":"Natal soalheiro depois das depress\u00f5es &#8220;Elsa&#8221; e &#8220;Fabien&#8221;","datePublished":"2019-12-20T17:18:43+00:00","dateModified":"2019-12-20T17:19:00+00:00","mainEntityOfPage":{"@id":"https:\/\/www.altominho.tv\/site\/2019\/12\/20\/natal-soalheiro-depois-das-depressoes-elsa-e-fabien\/"},"wordCount":210,"image":{"@id":"https:\/\/www.altominho.tv\/site\/2019\/12\/20\/natal-soalheiro-depois-das-depressoes-elsa-e-fabien\/#primaryimage"},"thumbnailUrl":"https:\/\/www.altominho.tv\/site\/wp-content\/uploads\/2019\/12\/Tempo-chuva.jpg","keywords":["Sociedade"],"articleSection":["Alto Minho"],"inLanguage":"pt-PT","copyrightYear":"2019","copyrightHolder":{"@id":"https:\/\/www.altominho.tv\/site\/#organization"}},{"@type":"WebPage","@id":"https:\/\/www.altominho.tv\/site\/2019\/12\/20\/natal-soalheiro-depois-das-depressoes-elsa-e-fabien\/","url":"https:\/\/www.altominho.tv\/site\/2019\/12\/20\/natal-soalheiro-depois-das-depressoes-elsa-e-fabien\/","name":"Natal soalheiro depois das depress\u00f5es \"Elsa\" e \"Fabien\"","isPartOf":{"@id":"https:\/\/www.altominho.tv\/site\/#website"},"primaryImageOfPage":{"@id":"https:\/\/www.altominho.tv\/site\/2019\/12\/20\/natal-soalheiro-depois-das-depressoes-elsa-e-fabien\/#primaryimage"},"image":{"@id":"https:\/\/www.altominho.tv\/site\/2019\/12\/20\/natal-soalheiro-depois-das-depressoes-elsa-e-fabien\/#primaryimage"},"thumbnailUrl":"https:\/\/www.altominho.tv\/site\/wp-content\/uploads\/2019\/12\/Tempo-chuva.jpg","datePublished":"2019-12-20T17:18:43+00:00","dateModified":"2019-12-20T17:19:00+00:00","author":{"@id":"https:\/\/www.altominho.tv\/site\/#\/schema\/person\/d9be4265364723f14ea8e0d56a1d38cd"},"breadcrumb":{"@id":"https:\/\/www.altominho.tv\/site\/2019\/12\/20\/natal-soalheiro-depois-das-depressoes-elsa-e-fabien\/#breadcrumb"},"inLanguage":"pt-PT","potentialAction":[{"@type":"ReadAction","target":["https:\/\/www.altominho.tv\/site\/2019\/12\/20\/natal-soalheiro-depois-das-depressoes-elsa-e-fabien\/"]}]},{"@type":"ImageObject","inLanguage":"pt-PT","@id":"https:\/\/www.altominho.tv\/site\/2019\/12\/20\/natal-soalheiro-depois-das-depressoes-elsa-e-fabien\/#primaryimage","url":"https:\/\/www.altominho.tv\/site\/wp-content\/uploads\/2019\/12\/Tempo-chuva.jpg","contentUrl":"https:\/\/www.altominho.tv\/site\/wp-content\/uploads\/2019\/12\/Tempo-chuva.jpg","width":740,"height":416},{"@type":"BreadcrumbList","@id":"https:\/\/www.altominho.tv\/site\/2019\/12\/20\/natal-soalheiro-depois-das-depressoes-elsa-e-fabien\/#breadcrumb","itemListElement":[{"@type":"ListItem","position":1,"name":"In\u00edcio","item":"https:\/\/www.altominho.tv\/site\/"},{"@type":"ListItem","position":2,"name":"Natal soalheiro depois das depress\u00f5es &#8220;Elsa&#8221; e &#8220;Fabien&#8221;"}]},{"@type":"WebSite","@id":"https:\/\/www.altominho.tv\/site\/#website","url":"https:\/\/www.altominho.tv\/site\/","name":"Altominho.tv","description":"A sua regi\u00e3o \u00e0 dist\u00e2ncia de um clique...","potentialAction":[{"@type":"SearchAction","target":{"@type":"EntryPoint","urlTemplate":"https:\/\/www.altominho.tv\/site\/?s={search_term_string}"},"query-input":{"@type":"PropertyValueSpecification","valueRequired":true,"valueName":"search_term_string"}}],"inLanguage":"pt-PT"},{"@type":"Person","@id":"https:\/\/www.altominho.tv\/site\/#\/schema\/person\/d9be4265364723f14ea8e0d56a1d38cd","name":"Andreia Ferreira","image":{"@type":"ImageObject","inLanguage":"pt-PT","@id":"https:\/\/www.altominho.tv\/site\/wp-content\/uploads\/2021\/01\/AndreiaFerreira-150x150.jpg","url":"https:\/\/www.altominho.tv\/site\/wp-content\/uploads\/2021\/01\/AndreiaFerreira-150x150.jpg","contentUrl":"https:\/\/www.altominho.tv\/site\/wp-content\/uploads\/2021\/01\/AndreiaFerreira-150x150.jpg","caption":"Andreia Ferreira"},"url":"https:\/\/www.altominho.tv\/site\/author\/andreiaferreira\/"}]}},"_links":{"self":[{"href":"https:\/\/www.altominho.tv\/site\/wp-json\/wp\/v2\/posts\/38165","targetHints":{"allow":["GET"]}}],"collection":[{"href":"https:\/\/www.altominho.tv\/site\/wp-json\/wp\/v2\/posts"}],"about":[{"href":"https:\/\/www.altominho.tv\/site\/wp-json\/wp\/v2\/types\/post"}],"author":[{"embeddable":true,"href":"https:\/\/www.altominho.tv\/site\/wp-json\/wp\/v2\/users\/12"}],"replies":[{"embeddable":true,"href":"https:\/\/www.altominho.tv\/site\/wp-json\/wp\/v2\/comments?post=38165"}],"version-history":[{"count":0,"href":"https:\/\/www.altominho.tv\/site\/wp-json\/wp\/v2\/posts\/38165\/revisions"}],"wp:featuredmedia":[{"embeddable":true,"href":"https:\/\/www.altominho.tv\/site\/wp-json\/wp\/v2\/media\/38166"}],"wp:attachment":[{"href":"https:\/\/www.altominho.tv\/site\/wp-json\/wp\/v2\/media?parent=38165"}],"wp:term":[{"taxonomy":"category","embeddable":true,"href":"https:\/\/www.altominho.tv\/site\/wp-json\/wp\/v2\/categories?post=38165"},{"taxonomy":"post_tag","embeddable":true,"href":"https:\/\/www.altominho.tv\/site\/wp-json\/wp\/v2\/tags?post=38165"}],"curies":[{"name":"wp","href":"https:\/\/api.w.org\/{rel}","templated":true}]}}