{"id":37882,"date":"2019-12-13T17:03:21","date_gmt":"2019-12-13T17:03:21","guid":{"rendered":"http:\/\/www.altominho.tv\/site\/?p=37882"},"modified":"2019-12-13T17:03:35","modified_gmt":"2019-12-13T17:03:35","slug":"antiga-escola-primaria-transformada-em-centro-cultural-e-comunitario","status":"publish","type":"post","link":"https:\/\/www.altominho.tv\/site\/2019\/12\/13\/antiga-escola-primaria-transformada-em-centro-cultural-e-comunitario\/","title":{"rendered":"Antiga escola prim\u00e1ria transformada em centro cultural e comunit\u00e1rio"},"content":{"rendered":"<p>A antiga escola prim\u00e1ria da freguesia de Anais, em Ponte de Lima, vai ser transformada em centro cultural e comunit\u00e1rio num investimento de cerca de 400 mil euros.<\/p>\n<p>Em comunicado, a autarquia adiantou que o auto de consigna\u00e7\u00e3o da empreitada vai ser assinado no dia 18, pelas 10h30, na antiga escola prim\u00e1ria de Anais.<\/p>\n<p>O objetivo do investimento de 376.632 euros (+ IVA a 6%), passa pela \u201ccria\u00e7\u00e3o de um equipamento que re\u00fana no mesmo espa\u00e7o diversas val\u00eancias e que responda \u00e0s exig\u00eancias atuais ao n\u00edvel do conforto t\u00e9rmico, e do cumprimento da legisla\u00e7\u00e3o em vigor, em termos de acessibilidades e seguran\u00e7a contra inc\u00eandios\u201d.<\/p>\n<p>A proposta de interven\u00e7\u00e3o \u201cvisa recuperar o im\u00f3vel para fins culturais, recreativos e de associativismo, fazendo altera\u00e7\u00f5es significativas ao n\u00edvel da compartimenta\u00e7\u00e3o interior e da requalifica\u00e7\u00e3o da cobertura\u201d.<\/p>\n\n\n<p><\/p>\n","protected":false},"excerpt":{"rendered":"<p>A antiga escola prim\u00e1ria da freguesia de Anais, em Ponte de Lima, vai ser transformada em centro cultural e comunit\u00e1rio num investimento de cerca de 400 mil euros. Em comunicado, a autarquia adiantou que o auto de consigna\u00e7\u00e3o da empreitada vai ser assinado no dia 18, pelas 10h30, na antiga escola prim\u00e1ria de Anais. O [&hellip;]<\/p>\n","protected":false},"author":15,"featured_media":37883,"comment_status":"closed","ping_status":"closed","sticky":false,"template":"","format":"standard","meta":{"_exactmetrics_skip_tracking":false,"_exactmetrics_sitenote_active":false,"_exactmetrics_sitenote_note":"","_exactmetrics_sitenote_category":0,"footnotes":""},"categories":[12],"tags":[27],"class_list":["post-37882","post","type-post","status-publish","format-standard","has-post-thumbnail","hentry","category-ponte-de-lima","tag-sociedade"],"yoast_head":"<!-- This site is optimized with the Yoast SEO Premium plugin v27.4 (Yoast SEO v27.4) - https:\/\/yoast.com\/product\/yoast-seo-premium-wordpress\/ -->\n<title>Antiga escola prim\u00e1ria transformada em centro cultural e comunit\u00e1rio<\/title>\n<meta name=\"robots\" content=\"index, follow, max-snippet:-1, max-image-preview:large, max-video-preview:-1\" \/>\n<link rel=\"canonical\" href=\"https:\/\/www.altominho.tv\/site\/2019\/12\/13\/antiga-escola-primaria-transformada-em-centro-cultural-e-comunitario\/\" \/>\n<meta property=\"og:locale\" content=\"pt_PT\" \/>\n<meta property=\"og:type\" content=\"article\" \/>\n<meta property=\"og:title\" content=\"Antiga escola prim\u00e1ria transformada em centro cultural e comunit\u00e1rio\" \/>\n<meta property=\"og:description\" content=\"A antiga escola prim\u00e1ria da freguesia de Anais, em Ponte de Lima, vai ser transformada em centro cultural e comunit\u00e1rio num investimento de cerca de 400 mil euros. Em comunicado, a autarquia adiantou que o auto de consigna\u00e7\u00e3o da empreitada vai ser assinado no dia 18, pelas 10h30, na antiga escola prim\u00e1ria de Anais. O [&hellip;]\" \/>\n<meta property=\"og:url\" content=\"https:\/\/www.altominho.tv\/site\/2019\/12\/13\/antiga-escola-primaria-transformada-em-centro-cultural-e-comunitario\/\" \/>\n<meta property=\"og:site_name\" content=\"Altominho.tv\" \/>\n<meta property=\"article:publisher\" content=\"https:\/\/www.facebook.com\/altominhotv\" \/>\n<meta property=\"article:published_time\" content=\"2019-12-13T17:03:21+00:00\" \/>\n<meta property=\"article:modified_time\" content=\"2019-12-13T17:03:35+00:00\" \/>\n<meta property=\"og:image\" content=\"https:\/\/www.altominho.tv\/site\/wp-content\/uploads\/2019\/12\/municipiopontedelima.jpg\" \/>\n\t<meta property=\"og:image:width\" content=\"1900\" \/>\n\t<meta property=\"og:image:height\" content=\"925\" \/>\n\t<meta property=\"og:image:type\" content=\"image\/jpeg\" \/>\n<meta name=\"author\" content=\"Andreia Ferreira | Lusa\" \/>\n<meta name=\"twitter:card\" content=\"summary_large_image\" \/>\n<meta name=\"twitter:creator\" content=\"@altominhoTV\" \/>\n<meta name=\"twitter:site\" content=\"@altominhoTV\" \/>\n<meta name=\"twitter:label1\" content=\"Escrito por\" \/>\n\t<meta name=\"twitter:data1\" content=\"Andreia Ferreira | Lusa\" \/>\n\t<meta name=\"twitter:label2\" content=\"Tempo estimado de leitura\" \/>\n\t<meta name=\"twitter:data2\" content=\"1 minuto\" \/>\n<script type=\"application\/ld+json\" class=\"yoast-schema-graph\">{\"@context\":\"https:\\\/\\\/schema.org\",\"@graph\":[{\"@type\":\"Article\",\"@id\":\"https:\\\/\\\/www.altominho.tv\\\/site\\\/2019\\\/12\\\/13\\\/antiga-escola-primaria-transformada-em-centro-cultural-e-comunitario\\\/#article\",\"isPartOf\":{\"@id\":\"https:\\\/\\\/www.altominho.tv\\\/site\\\/2019\\\/12\\\/13\\\/antiga-escola-primaria-transformada-em-centro-cultural-e-comunitario\\\/\"},\"author\":{\"name\":\"Andreia Ferreira | Lusa\",\"@id\":\"https:\\\/\\\/www.altominho.tv\\\/site\\\/#\\\/schema\\\/person\\\/a0bff6dc1041aadd46fa81887444b017\"},\"headline\":\"Antiga escola prim\u00e1ria transformada em centro cultural e comunit\u00e1rio\",\"datePublished\":\"2019-12-13T17:03:21+00:00\",\"dateModified\":\"2019-12-13T17:03:35+00:00\",\"mainEntityOfPage\":{\"@id\":\"https:\\\/\\\/www.altominho.tv\\\/site\\\/2019\\\/12\\\/13\\\/antiga-escola-primaria-transformada-em-centro-cultural-e-comunitario\\\/\"},\"wordCount\":158,\"image\":{\"@id\":\"https:\\\/\\\/www.altominho.tv\\\/site\\\/2019\\\/12\\\/13\\\/antiga-escola-primaria-transformada-em-centro-cultural-e-comunitario\\\/#primaryimage\"},\"thumbnailUrl\":\"https:\\\/\\\/www.altominho.tv\\\/site\\\/wp-content\\\/uploads\\\/2019\\\/12\\\/municipiopontedelima.jpg\",\"keywords\":[\"Sociedade\"],\"articleSection\":[\"Ponte de Lima\"],\"inLanguage\":\"pt-PT\",\"copyrightYear\":\"2019\",\"copyrightHolder\":{\"@id\":\"https:\\\/\\\/www.altominho.tv\\\/site\\\/#organization\"}},{\"@type\":\"WebPage\",\"@id\":\"https:\\\/\\\/www.altominho.tv\\\/site\\\/2019\\\/12\\\/13\\\/antiga-escola-primaria-transformada-em-centro-cultural-e-comunitario\\\/\",\"url\":\"https:\\\/\\\/www.altominho.tv\\\/site\\\/2019\\\/12\\\/13\\\/antiga-escola-primaria-transformada-em-centro-cultural-e-comunitario\\\/\",\"name\":\"Antiga escola prim\u00e1ria transformada em centro cultural e comunit\u00e1rio\",\"isPartOf\":{\"@id\":\"https:\\\/\\\/www.altominho.tv\\\/site\\\/#website\"},\"primaryImageOfPage\":{\"@id\":\"https:\\\/\\\/www.altominho.tv\\\/site\\\/2019\\\/12\\\/13\\\/antiga-escola-primaria-transformada-em-centro-cultural-e-comunitario\\\/#primaryimage\"},\"image\":{\"@id\":\"https:\\\/\\\/www.altominho.tv\\\/site\\\/2019\\\/12\\\/13\\\/antiga-escola-primaria-transformada-em-centro-cultural-e-comunitario\\\/#primaryimage\"},\"thumbnailUrl\":\"https:\\\/\\\/www.altominho.tv\\\/site\\\/wp-content\\\/uploads\\\/2019\\\/12\\\/municipiopontedelima.jpg\",\"datePublished\":\"2019-12-13T17:03:21+00:00\",\"dateModified\":\"2019-12-13T17:03:35+00:00\",\"author\":{\"@id\":\"https:\\\/\\\/www.altominho.tv\\\/site\\\/#\\\/schema\\\/person\\\/a0bff6dc1041aadd46fa81887444b017\"},\"breadcrumb\":{\"@id\":\"https:\\\/\\\/www.altominho.tv\\\/site\\\/2019\\\/12\\\/13\\\/antiga-escola-primaria-transformada-em-centro-cultural-e-comunitario\\\/#breadcrumb\"},\"inLanguage\":\"pt-PT\",\"potentialAction\":[{\"@type\":\"ReadAction\",\"target\":[\"https:\\\/\\\/www.altominho.tv\\\/site\\\/2019\\\/12\\\/13\\\/antiga-escola-primaria-transformada-em-centro-cultural-e-comunitario\\\/\"]}]},{\"@type\":\"ImageObject\",\"inLanguage\":\"pt-PT\",\"@id\":\"https:\\\/\\\/www.altominho.tv\\\/site\\\/2019\\\/12\\\/13\\\/antiga-escola-primaria-transformada-em-centro-cultural-e-comunitario\\\/#primaryimage\",\"url\":\"https:\\\/\\\/www.altominho.tv\\\/site\\\/wp-content\\\/uploads\\\/2019\\\/12\\\/municipiopontedelima.jpg\",\"contentUrl\":\"https:\\\/\\\/www.altominho.tv\\\/site\\\/wp-content\\\/uploads\\\/2019\\\/12\\\/municipiopontedelima.jpg\",\"width\":1900,\"height\":925},{\"@type\":\"BreadcrumbList\",\"@id\":\"https:\\\/\\\/www.altominho.tv\\\/site\\\/2019\\\/12\\\/13\\\/antiga-escola-primaria-transformada-em-centro-cultural-e-comunitario\\\/#breadcrumb\",\"itemListElement\":[{\"@type\":\"ListItem\",\"position\":1,\"name\":\"In\u00edcio\",\"item\":\"https:\\\/\\\/www.altominho.tv\\\/site\\\/\"},{\"@type\":\"ListItem\",\"position\":2,\"name\":\"Antiga escola prim\u00e1ria transformada em centro cultural e comunit\u00e1rio\"}]},{\"@type\":\"WebSite\",\"@id\":\"https:\\\/\\\/www.altominho.tv\\\/site\\\/#website\",\"url\":\"https:\\\/\\\/www.altominho.tv\\\/site\\\/\",\"name\":\"Altominho.tv\",\"description\":\"A sua regi\u00e3o \u00e0 dist\u00e2ncia de um clique...\",\"potentialAction\":[{\"@type\":\"SearchAction\",\"target\":{\"@type\":\"EntryPoint\",\"urlTemplate\":\"https:\\\/\\\/www.altominho.tv\\\/site\\\/?s={search_term_string}\"},\"query-input\":{\"@type\":\"PropertyValueSpecification\",\"valueRequired\":true,\"valueName\":\"search_term_string\"}}],\"inLanguage\":\"pt-PT\"},{\"@type\":\"Person\",\"@id\":\"https:\\\/\\\/www.altominho.tv\\\/site\\\/#\\\/schema\\\/person\\\/a0bff6dc1041aadd46fa81887444b017\",\"name\":\"Andreia Ferreira | Lusa\",\"image\":{\"@type\":\"ImageObject\",\"inLanguage\":\"pt-PT\",\"@id\":\"https:\\\/\\\/www.altominho.tv\\\/site\\\/wp-content\\\/uploads\\\/2018\\\/04\\\/Andreia-150x150.jpg\",\"url\":\"https:\\\/\\\/www.altominho.tv\\\/site\\\/wp-content\\\/uploads\\\/2018\\\/04\\\/Andreia-150x150.jpg\",\"contentUrl\":\"https:\\\/\\\/www.altominho.tv\\\/site\\\/wp-content\\\/uploads\\\/2018\\\/04\\\/Andreia-150x150.jpg\",\"caption\":\"Andreia Ferreira | Lusa\"},\"sameAs\":[\"https:\\\/\\\/www.altominho.tv\\\/site\"],\"url\":\"https:\\\/\\\/www.altominho.tv\\\/site\\\/author\\\/andreiaferreiralusa\\\/\"}]}<\/script>\n<!-- \/ Yoast SEO Premium plugin. -->","yoast_head_json":{"title":"Antiga escola prim\u00e1ria transformada em centro cultural e comunit\u00e1rio","robots":{"index":"index","follow":"follow","max-snippet":"max-snippet:-1","max-image-preview":"max-image-preview:large","max-video-preview":"max-video-preview:-1"},"canonical":"https:\/\/www.altominho.tv\/site\/2019\/12\/13\/antiga-escola-primaria-transformada-em-centro-cultural-e-comunitario\/","og_locale":"pt_PT","og_type":"article","og_title":"Antiga escola prim\u00e1ria transformada em centro cultural e comunit\u00e1rio","og_description":"A antiga escola prim\u00e1ria da freguesia de Anais, em Ponte de Lima, vai ser transformada em centro cultural e comunit\u00e1rio num investimento de cerca de 400 mil euros. Em comunicado, a autarquia adiantou que o auto de consigna\u00e7\u00e3o da empreitada vai ser assinado no dia 18, pelas 10h30, na antiga escola prim\u00e1ria de Anais. O [&hellip;]","og_url":"https:\/\/www.altominho.tv\/site\/2019\/12\/13\/antiga-escola-primaria-transformada-em-centro-cultural-e-comunitario\/","og_site_name":"Altominho.tv","article_publisher":"https:\/\/www.facebook.com\/altominhotv","article_published_time":"2019-12-13T17:03:21+00:00","article_modified_time":"2019-12-13T17:03:35+00:00","og_image":[{"width":1900,"height":925,"url":"https:\/\/www.altominho.tv\/site\/wp-content\/uploads\/2019\/12\/municipiopontedelima.jpg","type":"image\/jpeg"}],"author":"Andreia Ferreira | Lusa","twitter_card":"summary_large_image","twitter_creator":"@altominhoTV","twitter_site":"@altominhoTV","twitter_misc":{"Escrito por":"Andreia Ferreira | Lusa","Tempo estimado de leitura":"1 minuto"},"schema":{"@context":"https:\/\/schema.org","@graph":[{"@type":"Article","@id":"https:\/\/www.altominho.tv\/site\/2019\/12\/13\/antiga-escola-primaria-transformada-em-centro-cultural-e-comunitario\/#article","isPartOf":{"@id":"https:\/\/www.altominho.tv\/site\/2019\/12\/13\/antiga-escola-primaria-transformada-em-centro-cultural-e-comunitario\/"},"author":{"name":"Andreia Ferreira | Lusa","@id":"https:\/\/www.altominho.tv\/site\/#\/schema\/person\/a0bff6dc1041aadd46fa81887444b017"},"headline":"Antiga escola prim\u00e1ria transformada em centro cultural e comunit\u00e1rio","datePublished":"2019-12-13T17:03:21+00:00","dateModified":"2019-12-13T17:03:35+00:00","mainEntityOfPage":{"@id":"https:\/\/www.altominho.tv\/site\/2019\/12\/13\/antiga-escola-primaria-transformada-em-centro-cultural-e-comunitario\/"},"wordCount":158,"image":{"@id":"https:\/\/www.altominho.tv\/site\/2019\/12\/13\/antiga-escola-primaria-transformada-em-centro-cultural-e-comunitario\/#primaryimage"},"thumbnailUrl":"https:\/\/www.altominho.tv\/site\/wp-content\/uploads\/2019\/12\/municipiopontedelima.jpg","keywords":["Sociedade"],"articleSection":["Ponte de Lima"],"inLanguage":"pt-PT","copyrightYear":"2019","copyrightHolder":{"@id":"https:\/\/www.altominho.tv\/site\/#organization"}},{"@type":"WebPage","@id":"https:\/\/www.altominho.tv\/site\/2019\/12\/13\/antiga-escola-primaria-transformada-em-centro-cultural-e-comunitario\/","url":"https:\/\/www.altominho.tv\/site\/2019\/12\/13\/antiga-escola-primaria-transformada-em-centro-cultural-e-comunitario\/","name":"Antiga escola prim\u00e1ria transformada em centro cultural e comunit\u00e1rio","isPartOf":{"@id":"https:\/\/www.altominho.tv\/site\/#website"},"primaryImageOfPage":{"@id":"https:\/\/www.altominho.tv\/site\/2019\/12\/13\/antiga-escola-primaria-transformada-em-centro-cultural-e-comunitario\/#primaryimage"},"image":{"@id":"https:\/\/www.altominho.tv\/site\/2019\/12\/13\/antiga-escola-primaria-transformada-em-centro-cultural-e-comunitario\/#primaryimage"},"thumbnailUrl":"https:\/\/www.altominho.tv\/site\/wp-content\/uploads\/2019\/12\/municipiopontedelima.jpg","datePublished":"2019-12-13T17:03:21+00:00","dateModified":"2019-12-13T17:03:35+00:00","author":{"@id":"https:\/\/www.altominho.tv\/site\/#\/schema\/person\/a0bff6dc1041aadd46fa81887444b017"},"breadcrumb":{"@id":"https:\/\/www.altominho.tv\/site\/2019\/12\/13\/antiga-escola-primaria-transformada-em-centro-cultural-e-comunitario\/#breadcrumb"},"inLanguage":"pt-PT","potentialAction":[{"@type":"ReadAction","target":["https:\/\/www.altominho.tv\/site\/2019\/12\/13\/antiga-escola-primaria-transformada-em-centro-cultural-e-comunitario\/"]}]},{"@type":"ImageObject","inLanguage":"pt-PT","@id":"https:\/\/www.altominho.tv\/site\/2019\/12\/13\/antiga-escola-primaria-transformada-em-centro-cultural-e-comunitario\/#primaryimage","url":"https:\/\/www.altominho.tv\/site\/wp-content\/uploads\/2019\/12\/municipiopontedelima.jpg","contentUrl":"https:\/\/www.altominho.tv\/site\/wp-content\/uploads\/2019\/12\/municipiopontedelima.jpg","width":1900,"height":925},{"@type":"BreadcrumbList","@id":"https:\/\/www.altominho.tv\/site\/2019\/12\/13\/antiga-escola-primaria-transformada-em-centro-cultural-e-comunitario\/#breadcrumb","itemListElement":[{"@type":"ListItem","position":1,"name":"In\u00edcio","item":"https:\/\/www.altominho.tv\/site\/"},{"@type":"ListItem","position":2,"name":"Antiga escola prim\u00e1ria transformada em centro cultural e comunit\u00e1rio"}]},{"@type":"WebSite","@id":"https:\/\/www.altominho.tv\/site\/#website","url":"https:\/\/www.altominho.tv\/site\/","name":"Altominho.tv","description":"A sua regi\u00e3o \u00e0 dist\u00e2ncia de um clique...","potentialAction":[{"@type":"SearchAction","target":{"@type":"EntryPoint","urlTemplate":"https:\/\/www.altominho.tv\/site\/?s={search_term_string}"},"query-input":{"@type":"PropertyValueSpecification","valueRequired":true,"valueName":"search_term_string"}}],"inLanguage":"pt-PT"},{"@type":"Person","@id":"https:\/\/www.altominho.tv\/site\/#\/schema\/person\/a0bff6dc1041aadd46fa81887444b017","name":"Andreia Ferreira | Lusa","image":{"@type":"ImageObject","inLanguage":"pt-PT","@id":"https:\/\/www.altominho.tv\/site\/wp-content\/uploads\/2018\/04\/Andreia-150x150.jpg","url":"https:\/\/www.altominho.tv\/site\/wp-content\/uploads\/2018\/04\/Andreia-150x150.jpg","contentUrl":"https:\/\/www.altominho.tv\/site\/wp-content\/uploads\/2018\/04\/Andreia-150x150.jpg","caption":"Andreia Ferreira | Lusa"},"sameAs":["https:\/\/www.altominho.tv\/site"],"url":"https:\/\/www.altominho.tv\/site\/author\/andreiaferreiralusa\/"}]}},"_links":{"self":[{"href":"https:\/\/www.altominho.tv\/site\/wp-json\/wp\/v2\/posts\/37882","targetHints":{"allow":["GET"]}}],"collection":[{"href":"https:\/\/www.altominho.tv\/site\/wp-json\/wp\/v2\/posts"}],"about":[{"href":"https:\/\/www.altominho.tv\/site\/wp-json\/wp\/v2\/types\/post"}],"author":[{"embeddable":true,"href":"https:\/\/www.altominho.tv\/site\/wp-json\/wp\/v2\/users\/15"}],"replies":[{"embeddable":true,"href":"https:\/\/www.altominho.tv\/site\/wp-json\/wp\/v2\/comments?post=37882"}],"version-history":[{"count":0,"href":"https:\/\/www.altominho.tv\/site\/wp-json\/wp\/v2\/posts\/37882\/revisions"}],"wp:featuredmedia":[{"embeddable":true,"href":"https:\/\/www.altominho.tv\/site\/wp-json\/wp\/v2\/media\/37883"}],"wp:attachment":[{"href":"https:\/\/www.altominho.tv\/site\/wp-json\/wp\/v2\/media?parent=37882"}],"wp:term":[{"taxonomy":"category","embeddable":true,"href":"https:\/\/www.altominho.tv\/site\/wp-json\/wp\/v2\/categories?post=37882"},{"taxonomy":"post_tag","embeddable":true,"href":"https:\/\/www.altominho.tv\/site\/wp-json\/wp\/v2\/tags?post=37882"}],"curies":[{"name":"wp","href":"https:\/\/api.w.org\/{rel}","templated":true}]}}