{"id":37756,"date":"2019-12-11T13:11:12","date_gmt":"2019-12-11T13:11:12","guid":{"rendered":"http:\/\/www.altominho.tv\/site\/?p=37756"},"modified":"2019-12-11T13:11:16","modified_gmt":"2019-12-11T13:11:16","slug":"moncao-comemorou-o-dia-internacional-dos-direitos-humanos","status":"publish","type":"post","link":"https:\/\/www.altominho.tv\/site\/2019\/12\/11\/moncao-comemorou-o-dia-internacional-dos-direitos-humanos\/","title":{"rendered":"Mon\u00e7\u00e3o comemorou o Dia Internacional dos Direitos Humanos"},"content":{"rendered":"<p>Mon\u00e7\u00e3o comemorou o Dia Internacional dos Direitos Humanos, assinalando, ainda, o 71\u00aa anivers\u00e1rio da proclama\u00e7\u00e3o da Declara\u00e7\u00e3o Universal dos Direitos Humanos (DUDH) e o 41\u00ba anivers\u00e1rio da ades\u00e3o de Portugal \u00e0 Conven\u00e7\u00e3o Europeia dos Direitos Humanos.<u><\/u><u><\/u><\/p>\n<p>Com o objetivo de sensibilizar a comunidade escolar para a import\u00e2ncia da dimens\u00e3o humana e cidadania ativa na constru\u00e7\u00e3o de uma sociedade mais justa e equilibrada, realizou-se a palestra \u201cA Declara\u00e7\u00e3o Universal dos Direitos Humanos &#8211; 71 Anos Depois\u201d, no Cine Teatro Jo\u00e3o Verde.<u><\/u><u><\/u><\/p>\n<p>Durante toda a manh\u00e3, decorreram confer\u00eancias sobre o percurso e a import\u00e2ncia dos direitos humanos nas comunidades locais, proferida pelo professor Jos\u00e9 Lu\u00eds, bem como o papel das institui\u00e7\u00f5es sociais na concretiza\u00e7\u00e3o de uma sociedade igualit\u00e1ria para todos, proferida por Miguel Puga, do Centro Paroquial e Social de Barbeita, e Filipa Fernandes, da Santa Casa da Miseric\u00f3rdia de Mon\u00e7\u00e3o.<u><\/u><u><\/u><\/p>\n<p>Os alunos e professores leram alguns artigos da Declara\u00e7\u00e3o Universal dos Direitos Humanos e as biografias de pessoas fant\u00e1sticas que fizeram dos \u201cdireitos sem fronteiras ou ra\u00e7as\u201d a principal miss\u00e3o das suas vidas. Nelson Mandela, Martin Luther King e Mahatma Gandhi, entre outros. E, no final, todos imaginaram e cantaram um mundo melhor inspirando-se no tema de John Lennon.<\/p>\n<p><b>\u201cEstamos a trabalhar em prol de uma educa\u00e7\u00e3o gratuita\u201d<u><\/u><u><\/u><\/b><\/p>\n<p>Presente na palestra, a vereadora da Educa\u00e7\u00e3o, Juventude e Recursos Humanos, Nat\u00e1lia Rocha, felicitou os professores pela organiza\u00e7\u00e3o da confer\u00eancia e congratulou-se com os trabalhos apresentados pelos alunos. \u201cMais que ouvir, trouxeram contributos. \u00c9 um sinal muito positivo que revela interesse e dedica\u00e7\u00e3o ao tema\u201d adiantou.<u><\/u><u><\/u><\/p>\n<p>Lembrando que uma das miss\u00f5es dos munic\u00edpios \u00e9 incentivar a cria\u00e7\u00e3o de sociedades empreendedoras, din\u00e2micas e justas, comprometidas com valores de solidariedade e igualdade, Nat\u00e1lia Rocha focou-se nas medidas encetadas pelo executivo mon\u00e7anense no capitulo da educa\u00e7\u00e3o.<u><\/u><u><\/u><\/p>\n<p>Assim, abordou a gratuitidade dos transportes escolares para todos, com reajustamento de hor\u00e1rios para que os alunos sa\u00edam mais tarde e cheguem mais cedo a casa, e a oferta de fichas de atividades at\u00e9 ao 7\u00ba ano, que ter\u00e1 continuidade progressiva at\u00e9 ao 12\u00ba ano.<u><\/u><u><\/u><\/p>\n<p>Al\u00e9m das obras efetuadas nos estabelecimentos de ensino, que garantem mais conforto, seguran\u00e7a e aprendizagem \u00e0 comunidade educativa, referiu-se tamb\u00e9m \u00e0 entrega de material pedag\u00f3gico aos jardins de inf\u00e2ncia e 1\u00ba CEB e ao apoio dispensado aos alunos do ensino superior p\u00fablico, atrav\u00e9s de 15 bolsas de estudo.<\/p>\n","protected":false},"excerpt":{"rendered":"<p>Mon\u00e7\u00e3o comemorou o Dia Internacional dos Direitos Humanos, assinalando, ainda, o 71\u00aa anivers\u00e1rio da proclama\u00e7\u00e3o da Declara\u00e7\u00e3o Universal dos Direitos Humanos (DUDH) e o 41\u00ba anivers\u00e1rio da ades\u00e3o de Portugal \u00e0 Conven\u00e7\u00e3o Europeia dos Direitos Humanos. Com o objetivo de sensibilizar a comunidade escolar para a import\u00e2ncia da dimens\u00e3o humana e cidadania ativa na constru\u00e7\u00e3o [&hellip;]<\/p>\n","protected":false},"author":1,"featured_media":37757,"comment_status":"closed","ping_status":"closed","sticky":false,"template":"","format":"standard","meta":{"_exactmetrics_skip_tracking":false,"footnotes":""},"categories":[9],"tags":[19],"class_list":["post-37756","post","type-post","status-publish","format-standard","has-post-thumbnail","hentry","category-moncao","tag-cultura"],"yoast_head":"<!-- This site is optimized with the Yoast SEO Premium plugin v28.3 (Yoast SEO v28.3) - https:\/\/yoast.com\/product\/yoast-seo-premium-wordpress\/ -->\n<title>Mon\u00e7\u00e3o comemorou o Dia Internacional dos Direitos Humanos<\/title>\n<meta name=\"robots\" content=\"index, follow, max-snippet:-1, max-image-preview:large, max-video-preview:-1\" \/>\n<link rel=\"canonical\" href=\"https:\/\/www.altominho.tv\/site\/2019\/12\/11\/moncao-comemorou-o-dia-internacional-dos-direitos-humanos\/\" \/>\n<meta property=\"og:locale\" content=\"pt_PT\" \/>\n<meta property=\"og:type\" content=\"article\" \/>\n<meta property=\"og:title\" content=\"Mon\u00e7\u00e3o comemorou o Dia Internacional dos Direitos Humanos\" \/>\n<meta property=\"og:description\" content=\"Mon\u00e7\u00e3o comemorou o Dia Internacional dos Direitos Humanos, assinalando, ainda, o 71\u00aa anivers\u00e1rio da proclama\u00e7\u00e3o da Declara\u00e7\u00e3o Universal dos Direitos Humanos (DUDH) e o 41\u00ba anivers\u00e1rio da ades\u00e3o de Portugal \u00e0 Conven\u00e7\u00e3o Europeia dos Direitos Humanos. Com o objetivo de sensibilizar a comunidade escolar para a import\u00e2ncia da dimens\u00e3o humana e cidadania ativa na constru\u00e7\u00e3o [&hellip;]\" \/>\n<meta property=\"og:url\" content=\"https:\/\/www.altominho.tv\/site\/2019\/12\/11\/moncao-comemorou-o-dia-internacional-dos-direitos-humanos\/\" \/>\n<meta property=\"og:site_name\" content=\"Altominho.tv\" \/>\n<meta property=\"article:publisher\" content=\"https:\/\/www.facebook.com\/altominhotv\" \/>\n<meta property=\"article:published_time\" content=\"2019-12-11T13:11:12+00:00\" \/>\n<meta property=\"article:modified_time\" content=\"2019-12-11T13:11:16+00:00\" \/>\n<meta property=\"og:image\" content=\"https:\/\/www.altominho.tv\/site\/wp-content\/uploads\/2019\/12\/Direitos_Humanos_Moncao.jpg\" \/>\n\t<meta property=\"og:image:width\" content=\"1300\" \/>\n\t<meta property=\"og:image:height\" content=\"724\" \/>\n\t<meta property=\"og:image:type\" content=\"image\/jpeg\" \/>\n<meta name=\"author\" content=\"Altominho.tv\" \/>\n<meta name=\"twitter:card\" content=\"summary_large_image\" \/>\n<meta name=\"twitter:creator\" content=\"@altominhoTV\" \/>\n<meta name=\"twitter:site\" content=\"@altominhoTV\" \/>\n<meta name=\"twitter:label1\" content=\"Escrito por\" \/>\n\t<meta name=\"twitter:data1\" content=\"Altominho.tv\" \/>\n\t<meta name=\"twitter:label2\" content=\"Tempo estimado de leitura\" \/>\n\t<meta name=\"twitter:data2\" content=\"2 minutos\" \/>\n<script type=\"application\/ld+json\" class=\"yoast-schema-graph\">{\"@context\":\"https:\\\/\\\/schema.org\",\"@graph\":[{\"@type\":\"Article\",\"@id\":\"https:\\\/\\\/www.altominho.tv\\\/site\\\/2019\\\/12\\\/11\\\/moncao-comemorou-o-dia-internacional-dos-direitos-humanos\\\/#article\",\"isPartOf\":{\"@id\":\"https:\\\/\\\/www.altominho.tv\\\/site\\\/2019\\\/12\\\/11\\\/moncao-comemorou-o-dia-internacional-dos-direitos-humanos\\\/\"},\"author\":{\"name\":\"Altominho.tv\",\"@id\":\"https:\\\/\\\/www.altominho.tv\\\/site\\\/#\\\/schema\\\/person\\\/4e536851627d7914baf3dac752b6af22\"},\"headline\":\"Mon\u00e7\u00e3o comemorou o Dia Internacional dos Direitos Humanos\",\"datePublished\":\"2019-12-11T13:11:12+00:00\",\"dateModified\":\"2019-12-11T13:11:16+00:00\",\"mainEntityOfPage\":{\"@id\":\"https:\\\/\\\/www.altominho.tv\\\/site\\\/2019\\\/12\\\/11\\\/moncao-comemorou-o-dia-internacional-dos-direitos-humanos\\\/\"},\"wordCount\":426,\"image\":{\"@id\":\"https:\\\/\\\/www.altominho.tv\\\/site\\\/2019\\\/12\\\/11\\\/moncao-comemorou-o-dia-internacional-dos-direitos-humanos\\\/#primaryimage\"},\"thumbnailUrl\":\"https:\\\/\\\/www.altominho.tv\\\/site\\\/wp-content\\\/uploads\\\/2019\\\/12\\\/Direitos_Humanos_Moncao.jpg\",\"keywords\":[\"Cultura\"],\"articleSection\":[\"Mon\u00e7\u00e3o\"],\"inLanguage\":\"pt-PT\",\"copyrightYear\":\"2019\",\"copyrightHolder\":{\"@id\":\"https:\\\/\\\/www.altominho.tv\\\/site\\\/#organization\"}},{\"@type\":\"WebPage\",\"@id\":\"https:\\\/\\\/www.altominho.tv\\\/site\\\/2019\\\/12\\\/11\\\/moncao-comemorou-o-dia-internacional-dos-direitos-humanos\\\/\",\"url\":\"https:\\\/\\\/www.altominho.tv\\\/site\\\/2019\\\/12\\\/11\\\/moncao-comemorou-o-dia-internacional-dos-direitos-humanos\\\/\",\"name\":\"Mon\u00e7\u00e3o comemorou o Dia Internacional dos Direitos Humanos\",\"isPartOf\":{\"@id\":\"https:\\\/\\\/www.altominho.tv\\\/site\\\/#website\"},\"primaryImageOfPage\":{\"@id\":\"https:\\\/\\\/www.altominho.tv\\\/site\\\/2019\\\/12\\\/11\\\/moncao-comemorou-o-dia-internacional-dos-direitos-humanos\\\/#primaryimage\"},\"image\":{\"@id\":\"https:\\\/\\\/www.altominho.tv\\\/site\\\/2019\\\/12\\\/11\\\/moncao-comemorou-o-dia-internacional-dos-direitos-humanos\\\/#primaryimage\"},\"thumbnailUrl\":\"https:\\\/\\\/www.altominho.tv\\\/site\\\/wp-content\\\/uploads\\\/2019\\\/12\\\/Direitos_Humanos_Moncao.jpg\",\"datePublished\":\"2019-12-11T13:11:12+00:00\",\"dateModified\":\"2019-12-11T13:11:16+00:00\",\"author\":{\"@id\":\"https:\\\/\\\/www.altominho.tv\\\/site\\\/#\\\/schema\\\/person\\\/4e536851627d7914baf3dac752b6af22\"},\"breadcrumb\":{\"@id\":\"https:\\\/\\\/www.altominho.tv\\\/site\\\/2019\\\/12\\\/11\\\/moncao-comemorou-o-dia-internacional-dos-direitos-humanos\\\/#breadcrumb\"},\"inLanguage\":\"pt-PT\",\"potentialAction\":[{\"@type\":\"ReadAction\",\"target\":[\"https:\\\/\\\/www.altominho.tv\\\/site\\\/2019\\\/12\\\/11\\\/moncao-comemorou-o-dia-internacional-dos-direitos-humanos\\\/\"]}]},{\"@type\":\"ImageObject\",\"inLanguage\":\"pt-PT\",\"@id\":\"https:\\\/\\\/www.altominho.tv\\\/site\\\/2019\\\/12\\\/11\\\/moncao-comemorou-o-dia-internacional-dos-direitos-humanos\\\/#primaryimage\",\"url\":\"https:\\\/\\\/www.altominho.tv\\\/site\\\/wp-content\\\/uploads\\\/2019\\\/12\\\/Direitos_Humanos_Moncao.jpg\",\"contentUrl\":\"https:\\\/\\\/www.altominho.tv\\\/site\\\/wp-content\\\/uploads\\\/2019\\\/12\\\/Direitos_Humanos_Moncao.jpg\",\"width\":1300,\"height\":724,\"caption\":\"C.M.Mon\u00e7\u00e3o\"},{\"@type\":\"BreadcrumbList\",\"@id\":\"https:\\\/\\\/www.altominho.tv\\\/site\\\/2019\\\/12\\\/11\\\/moncao-comemorou-o-dia-internacional-dos-direitos-humanos\\\/#breadcrumb\",\"itemListElement\":[{\"@type\":\"ListItem\",\"position\":1,\"name\":\"In\u00edcio\",\"item\":\"https:\\\/\\\/www.altominho.tv\\\/site\\\/\"},{\"@type\":\"ListItem\",\"position\":2,\"name\":\"Mon\u00e7\u00e3o comemorou o Dia Internacional dos Direitos Humanos\"}]},{\"@type\":\"WebSite\",\"@id\":\"https:\\\/\\\/www.altominho.tv\\\/site\\\/#website\",\"url\":\"https:\\\/\\\/www.altominho.tv\\\/site\\\/\",\"name\":\"Altominho.tv\",\"description\":\"A sua regi\u00e3o \u00e0 dist\u00e2ncia de um clique...\",\"potentialAction\":[{\"@type\":\"SearchAction\",\"target\":{\"@type\":\"EntryPoint\",\"urlTemplate\":\"https:\\\/\\\/www.altominho.tv\\\/site\\\/?s={search_term_string}\"},\"query-input\":{\"@type\":\"PropertyValueSpecification\",\"valueRequired\":true,\"valueName\":\"search_term_string\"}}],\"inLanguage\":\"pt-PT\"},{\"@type\":\"Person\",\"@id\":\"https:\\\/\\\/www.altominho.tv\\\/site\\\/#\\\/schema\\\/person\\\/4e536851627d7914baf3dac752b6af22\",\"name\":\"Altominho.tv\",\"image\":{\"@type\":\"ImageObject\",\"inLanguage\":\"pt-PT\",\"@id\":\"https:\\\/\\\/www.altominho.tv\\\/site\\\/wp-content\\\/uploads\\\/2019\\\/11\\\/Logo_Avatar_2-150x150.jpg\",\"url\":\"https:\\\/\\\/www.altominho.tv\\\/site\\\/wp-content\\\/uploads\\\/2019\\\/11\\\/Logo_Avatar_2-150x150.jpg\",\"contentUrl\":\"https:\\\/\\\/www.altominho.tv\\\/site\\\/wp-content\\\/uploads\\\/2019\\\/11\\\/Logo_Avatar_2-150x150.jpg\",\"caption\":\"Altominho.tv\"},\"url\":\"https:\\\/\\\/www.altominho.tv\\\/site\\\/author\\\/altominhotv-tecnico\\\/\"}]}<\/script>\n<!-- \/ Yoast SEO Premium plugin. -->","yoast_head_json":{"title":"Mon\u00e7\u00e3o comemorou o Dia Internacional dos Direitos Humanos","robots":{"index":"index","follow":"follow","max-snippet":"max-snippet:-1","max-image-preview":"max-image-preview:large","max-video-preview":"max-video-preview:-1"},"canonical":"https:\/\/www.altominho.tv\/site\/2019\/12\/11\/moncao-comemorou-o-dia-internacional-dos-direitos-humanos\/","og_locale":"pt_PT","og_type":"article","og_title":"Mon\u00e7\u00e3o comemorou o Dia Internacional dos Direitos Humanos","og_description":"Mon\u00e7\u00e3o comemorou o Dia Internacional dos Direitos Humanos, assinalando, ainda, o 71\u00aa anivers\u00e1rio da proclama\u00e7\u00e3o da Declara\u00e7\u00e3o Universal dos Direitos Humanos (DUDH) e o 41\u00ba anivers\u00e1rio da ades\u00e3o de Portugal \u00e0 Conven\u00e7\u00e3o Europeia dos Direitos Humanos. Com o objetivo de sensibilizar a comunidade escolar para a import\u00e2ncia da dimens\u00e3o humana e cidadania ativa na constru\u00e7\u00e3o [&hellip;]","og_url":"https:\/\/www.altominho.tv\/site\/2019\/12\/11\/moncao-comemorou-o-dia-internacional-dos-direitos-humanos\/","og_site_name":"Altominho.tv","article_publisher":"https:\/\/www.facebook.com\/altominhotv","article_published_time":"2019-12-11T13:11:12+00:00","article_modified_time":"2019-12-11T13:11:16+00:00","og_image":[{"width":1300,"height":724,"url":"https:\/\/www.altominho.tv\/site\/wp-content\/uploads\/2019\/12\/Direitos_Humanos_Moncao.jpg","type":"image\/jpeg"}],"author":"Altominho.tv","twitter_card":"summary_large_image","twitter_creator":"@altominhoTV","twitter_site":"@altominhoTV","twitter_misc":{"Escrito por":"Altominho.tv","Tempo estimado de leitura":"2 minutos"},"schema":{"@context":"https:\/\/schema.org","@graph":[{"@type":"Article","@id":"https:\/\/www.altominho.tv\/site\/2019\/12\/11\/moncao-comemorou-o-dia-internacional-dos-direitos-humanos\/#article","isPartOf":{"@id":"https:\/\/www.altominho.tv\/site\/2019\/12\/11\/moncao-comemorou-o-dia-internacional-dos-direitos-humanos\/"},"author":{"name":"Altominho.tv","@id":"https:\/\/www.altominho.tv\/site\/#\/schema\/person\/4e536851627d7914baf3dac752b6af22"},"headline":"Mon\u00e7\u00e3o comemorou o Dia Internacional dos Direitos Humanos","datePublished":"2019-12-11T13:11:12+00:00","dateModified":"2019-12-11T13:11:16+00:00","mainEntityOfPage":{"@id":"https:\/\/www.altominho.tv\/site\/2019\/12\/11\/moncao-comemorou-o-dia-internacional-dos-direitos-humanos\/"},"wordCount":426,"image":{"@id":"https:\/\/www.altominho.tv\/site\/2019\/12\/11\/moncao-comemorou-o-dia-internacional-dos-direitos-humanos\/#primaryimage"},"thumbnailUrl":"https:\/\/www.altominho.tv\/site\/wp-content\/uploads\/2019\/12\/Direitos_Humanos_Moncao.jpg","keywords":["Cultura"],"articleSection":["Mon\u00e7\u00e3o"],"inLanguage":"pt-PT","copyrightYear":"2019","copyrightHolder":{"@id":"https:\/\/www.altominho.tv\/site\/#organization"}},{"@type":"WebPage","@id":"https:\/\/www.altominho.tv\/site\/2019\/12\/11\/moncao-comemorou-o-dia-internacional-dos-direitos-humanos\/","url":"https:\/\/www.altominho.tv\/site\/2019\/12\/11\/moncao-comemorou-o-dia-internacional-dos-direitos-humanos\/","name":"Mon\u00e7\u00e3o comemorou o Dia Internacional dos Direitos Humanos","isPartOf":{"@id":"https:\/\/www.altominho.tv\/site\/#website"},"primaryImageOfPage":{"@id":"https:\/\/www.altominho.tv\/site\/2019\/12\/11\/moncao-comemorou-o-dia-internacional-dos-direitos-humanos\/#primaryimage"},"image":{"@id":"https:\/\/www.altominho.tv\/site\/2019\/12\/11\/moncao-comemorou-o-dia-internacional-dos-direitos-humanos\/#primaryimage"},"thumbnailUrl":"https:\/\/www.altominho.tv\/site\/wp-content\/uploads\/2019\/12\/Direitos_Humanos_Moncao.jpg","datePublished":"2019-12-11T13:11:12+00:00","dateModified":"2019-12-11T13:11:16+00:00","author":{"@id":"https:\/\/www.altominho.tv\/site\/#\/schema\/person\/4e536851627d7914baf3dac752b6af22"},"breadcrumb":{"@id":"https:\/\/www.altominho.tv\/site\/2019\/12\/11\/moncao-comemorou-o-dia-internacional-dos-direitos-humanos\/#breadcrumb"},"inLanguage":"pt-PT","potentialAction":[{"@type":"ReadAction","target":["https:\/\/www.altominho.tv\/site\/2019\/12\/11\/moncao-comemorou-o-dia-internacional-dos-direitos-humanos\/"]}]},{"@type":"ImageObject","inLanguage":"pt-PT","@id":"https:\/\/www.altominho.tv\/site\/2019\/12\/11\/moncao-comemorou-o-dia-internacional-dos-direitos-humanos\/#primaryimage","url":"https:\/\/www.altominho.tv\/site\/wp-content\/uploads\/2019\/12\/Direitos_Humanos_Moncao.jpg","contentUrl":"https:\/\/www.altominho.tv\/site\/wp-content\/uploads\/2019\/12\/Direitos_Humanos_Moncao.jpg","width":1300,"height":724,"caption":"C.M.Mon\u00e7\u00e3o"},{"@type":"BreadcrumbList","@id":"https:\/\/www.altominho.tv\/site\/2019\/12\/11\/moncao-comemorou-o-dia-internacional-dos-direitos-humanos\/#breadcrumb","itemListElement":[{"@type":"ListItem","position":1,"name":"In\u00edcio","item":"https:\/\/www.altominho.tv\/site\/"},{"@type":"ListItem","position":2,"name":"Mon\u00e7\u00e3o comemorou o Dia Internacional dos Direitos Humanos"}]},{"@type":"WebSite","@id":"https:\/\/www.altominho.tv\/site\/#website","url":"https:\/\/www.altominho.tv\/site\/","name":"Altominho.tv","description":"A sua regi\u00e3o \u00e0 dist\u00e2ncia de um clique...","potentialAction":[{"@type":"SearchAction","target":{"@type":"EntryPoint","urlTemplate":"https:\/\/www.altominho.tv\/site\/?s={search_term_string}"},"query-input":{"@type":"PropertyValueSpecification","valueRequired":true,"valueName":"search_term_string"}}],"inLanguage":"pt-PT"},{"@type":"Person","@id":"https:\/\/www.altominho.tv\/site\/#\/schema\/person\/4e536851627d7914baf3dac752b6af22","name":"Altominho.tv","image":{"@type":"ImageObject","inLanguage":"pt-PT","@id":"https:\/\/www.altominho.tv\/site\/wp-content\/uploads\/2019\/11\/Logo_Avatar_2-150x150.jpg","url":"https:\/\/www.altominho.tv\/site\/wp-content\/uploads\/2019\/11\/Logo_Avatar_2-150x150.jpg","contentUrl":"https:\/\/www.altominho.tv\/site\/wp-content\/uploads\/2019\/11\/Logo_Avatar_2-150x150.jpg","caption":"Altominho.tv"},"url":"https:\/\/www.altominho.tv\/site\/author\/altominhotv-tecnico\/"}]}},"_links":{"self":[{"href":"https:\/\/www.altominho.tv\/site\/wp-json\/wp\/v2\/posts\/37756","targetHints":{"allow":["GET"]}}],"collection":[{"href":"https:\/\/www.altominho.tv\/site\/wp-json\/wp\/v2\/posts"}],"about":[{"href":"https:\/\/www.altominho.tv\/site\/wp-json\/wp\/v2\/types\/post"}],"author":[{"embeddable":true,"href":"https:\/\/www.altominho.tv\/site\/wp-json\/wp\/v2\/users\/1"}],"replies":[{"embeddable":true,"href":"https:\/\/www.altominho.tv\/site\/wp-json\/wp\/v2\/comments?post=37756"}],"version-history":[{"count":0,"href":"https:\/\/www.altominho.tv\/site\/wp-json\/wp\/v2\/posts\/37756\/revisions"}],"wp:featuredmedia":[{"embeddable":true,"href":"https:\/\/www.altominho.tv\/site\/wp-json\/wp\/v2\/media\/37757"}],"wp:attachment":[{"href":"https:\/\/www.altominho.tv\/site\/wp-json\/wp\/v2\/media?parent=37756"}],"wp:term":[{"taxonomy":"category","embeddable":true,"href":"https:\/\/www.altominho.tv\/site\/wp-json\/wp\/v2\/categories?post=37756"},{"taxonomy":"post_tag","embeddable":true,"href":"https:\/\/www.altominho.tv\/site\/wp-json\/wp\/v2\/tags?post=37756"}],"curies":[{"name":"wp","href":"https:\/\/api.w.org\/{rel}","templated":true}]}}