{"id":37748,"date":"2019-12-11T11:07:09","date_gmt":"2019-12-11T11:07:09","guid":{"rendered":"http:\/\/www.altominho.tv\/site\/?p=37748"},"modified":"2019-12-11T11:07:16","modified_gmt":"2019-12-11T11:07:16","slug":"gnr-detem-sete-pessoas-e-desmantela-rede-de-trafico-de-droga-no-alto-minho","status":"publish","type":"post","link":"https:\/\/www.altominho.tv\/site\/2019\/12\/11\/gnr-detem-sete-pessoas-e-desmantela-rede-de-trafico-de-droga-no-alto-minho\/","title":{"rendered":"GNR det\u00e9m sete pessoas e desmantela rede de tr\u00e1fico de droga no Alto Minho"},"content":{"rendered":"<div id=\":lz\" class=\"a3s aXjCH \">A GNR deteve sete pessoas, cinco homens e duas mulheres, por suspeitas de tr\u00e1fico de droga em tr\u00eas concelhos do Alto Minho e apreendeu 2.314 doses de estupefacientes e mais de 10 mil euros, informou hoje aquela for\u00e7a policial.<\/div>\n<div><\/div>\n<div class=\"a3s aXjCH \">Em comunicado, o Comando Territorial da GNR de Viana do Castelo adiantou que, al\u00e9m dos sete detidos, com idades entre os 24 e os 58 anos, foram ainda identificados mais oito homens.<\/div>\n<div><\/div>\n<div class=\"a3s aXjCH \">A opera\u00e7\u00e3o, que conduziu ao desmantelamento daquela rede que operava nos concelhos de Caminha, Vila Nova de Cerveira e Viana do Castelo, decorreu na ter\u00e7a-feira e contou com &#8220;o refor\u00e7o dos Comandos Territoriais do Porto e de Braga, da Unidade de Interven\u00e7\u00e3o e da Pol\u00edcia de Seguran\u00e7a P\u00fablica (PSP)&#8221;.<\/div>\n<div><\/div>\n<div class=\"a3s aXjCH \">Segundo a GNR de Viana do Castelo, aquela opera\u00e7\u00e3o resultou de &#8220;um processo por tr\u00e1fico de estupefacientes, cuja investiga\u00e7\u00e3o decorre h\u00e1 um ano, tendo sido detidos cinco homens e duas mulheres, que se dedicavam ao tr\u00e1fico de produtos estupefacientes, nos concelhos indicados&#8221;.<\/div>\n<div><\/div>\n<div class=\"a3s aXjCH \">Os militares da GNR deram cumprimento a 20 mandados de busca domicili\u00e1ria e oito buscas em ve\u00edculos. No decurso daquelas a\u00e7\u00f5es apreenderam 1.028 doses de coca\u00edna, 1.054 de haxixe, 224 de can\u00e1bis e oito de MDMA, bem como 10.675 euros e diverso material relacionado com o tr\u00e1fico droga.<\/div>\n<div><\/div>\n<div class=\"a3s aXjCH \">&#8220;Cinco dos detidos permanecem nas instala\u00e7\u00f5es da GNR para serem presentes hoje ao Tribunal Judicial de Viana do Castelo. Os outros dois detidos, juntamente com os oito identificados, foram constitu\u00eddos arguidos&#8221;, especifica a GNR na nota hoje enviada \u00e0 imprensa.<\/div>\n<div><\/div>\n","protected":false},"excerpt":{"rendered":"<p>A GNR deteve sete pessoas, cinco homens e duas mulheres, por suspeitas de tr\u00e1fico de droga em tr\u00eas concelhos do Alto Minho e apreendeu 2.314 doses de estupefacientes e mais de 10 mil euros, informou hoje aquela for\u00e7a policial. Em comunicado, o Comando Territorial da GNR de Viana do Castelo adiantou que, al\u00e9m dos sete [&hellip;]<\/p>\n","protected":false},"author":1,"featured_media":37749,"comment_status":"closed","ping_status":"closed","sticky":false,"template":"","format":"standard","meta":{"_exactmetrics_skip_tracking":false,"_exactmetrics_sitenote_active":false,"_exactmetrics_sitenote_note":"","_exactmetrics_sitenote_category":0,"footnotes":""},"categories":[73],"tags":[27],"class_list":["post-37748","post","type-post","status-publish","format-standard","has-post-thumbnail","hentry","category-alto-minho","tag-sociedade"],"yoast_head":"<!-- This site is optimized with the Yoast SEO Premium plugin v27.5 (Yoast SEO v27.5) - https:\/\/yoast.com\/product\/yoast-seo-premium-wordpress\/ -->\n<title>GNR det\u00e9m sete pessoas e desmantela rede de tr\u00e1fico de droga no Alto Minho<\/title>\n<meta name=\"robots\" content=\"index, follow, max-snippet:-1, max-image-preview:large, max-video-preview:-1\" \/>\n<link rel=\"canonical\" href=\"https:\/\/www.altominho.tv\/site\/2019\/12\/11\/gnr-detem-sete-pessoas-e-desmantela-rede-de-trafico-de-droga-no-alto-minho\/\" \/>\n<meta property=\"og:locale\" content=\"pt_PT\" \/>\n<meta property=\"og:type\" content=\"article\" \/>\n<meta property=\"og:title\" content=\"GNR det\u00e9m sete pessoas e desmantela rede de tr\u00e1fico de droga no Alto Minho\" \/>\n<meta property=\"og:description\" content=\"A GNR deteve sete pessoas, cinco homens e duas mulheres, por suspeitas de tr\u00e1fico de droga em tr\u00eas concelhos do Alto Minho e apreendeu 2.314 doses de estupefacientes e mais de 10 mil euros, informou hoje aquela for\u00e7a policial. Em comunicado, o Comando Territorial da GNR de Viana do Castelo adiantou que, al\u00e9m dos sete [&hellip;]\" \/>\n<meta property=\"og:url\" content=\"https:\/\/www.altominho.tv\/site\/2019\/12\/11\/gnr-detem-sete-pessoas-e-desmantela-rede-de-trafico-de-droga-no-alto-minho\/\" \/>\n<meta property=\"og:site_name\" content=\"Altominho.tv\" \/>\n<meta property=\"article:publisher\" content=\"https:\/\/www.facebook.com\/altominhotv\" \/>\n<meta property=\"article:published_time\" content=\"2019-12-11T11:07:09+00:00\" \/>\n<meta property=\"article:modified_time\" content=\"2019-12-11T11:07:16+00:00\" \/>\n<meta property=\"og:image\" content=\"https:\/\/www.altominho.tv\/site\/wp-content\/uploads\/2019\/12\/Apreensa\u0303o_GNR_Viana.jpg\" \/>\n\t<meta property=\"og:image:width\" content=\"1496\" \/>\n\t<meta property=\"og:image:height\" content=\"1040\" \/>\n\t<meta property=\"og:image:type\" content=\"image\/jpeg\" \/>\n<meta name=\"author\" content=\"Altominho.tv\" \/>\n<meta name=\"twitter:card\" content=\"summary_large_image\" \/>\n<meta name=\"twitter:creator\" content=\"@altominhoTV\" \/>\n<meta name=\"twitter:site\" content=\"@altominhoTV\" \/>\n<meta name=\"twitter:label1\" content=\"Escrito por\" \/>\n\t<meta name=\"twitter:data1\" content=\"Altominho.tv\" \/>\n\t<meta name=\"twitter:label2\" content=\"Tempo estimado de leitura\" \/>\n\t<meta name=\"twitter:data2\" content=\"1 minuto\" \/>\n<script type=\"application\/ld+json\" class=\"yoast-schema-graph\">{\"@context\":\"https:\\\/\\\/schema.org\",\"@graph\":[{\"@type\":\"Article\",\"@id\":\"https:\\\/\\\/www.altominho.tv\\\/site\\\/2019\\\/12\\\/11\\\/gnr-detem-sete-pessoas-e-desmantela-rede-de-trafico-de-droga-no-alto-minho\\\/#article\",\"isPartOf\":{\"@id\":\"https:\\\/\\\/www.altominho.tv\\\/site\\\/2019\\\/12\\\/11\\\/gnr-detem-sete-pessoas-e-desmantela-rede-de-trafico-de-droga-no-alto-minho\\\/\"},\"author\":{\"name\":\"Altominho.tv\",\"@id\":\"https:\\\/\\\/www.altominho.tv\\\/site\\\/#\\\/schema\\\/person\\\/4e536851627d7914baf3dac752b6af22\"},\"headline\":\"GNR det\u00e9m sete pessoas e desmantela rede de tr\u00e1fico de droga no Alto Minho\",\"datePublished\":\"2019-12-11T11:07:09+00:00\",\"dateModified\":\"2019-12-11T11:07:16+00:00\",\"mainEntityOfPage\":{\"@id\":\"https:\\\/\\\/www.altominho.tv\\\/site\\\/2019\\\/12\\\/11\\\/gnr-detem-sete-pessoas-e-desmantela-rede-de-trafico-de-droga-no-alto-minho\\\/\"},\"wordCount\":279,\"image\":{\"@id\":\"https:\\\/\\\/www.altominho.tv\\\/site\\\/2019\\\/12\\\/11\\\/gnr-detem-sete-pessoas-e-desmantela-rede-de-trafico-de-droga-no-alto-minho\\\/#primaryimage\"},\"thumbnailUrl\":\"https:\\\/\\\/www.altominho.tv\\\/site\\\/wp-content\\\/uploads\\\/2019\\\/12\\\/Apreensa\u0303o_GNR_Viana.jpg\",\"keywords\":[\"Sociedade\"],\"articleSection\":[\"Alto Minho\"],\"inLanguage\":\"pt-PT\",\"copyrightYear\":\"2019\",\"copyrightHolder\":{\"@id\":\"https:\\\/\\\/www.altominho.tv\\\/site\\\/#organization\"}},{\"@type\":\"WebPage\",\"@id\":\"https:\\\/\\\/www.altominho.tv\\\/site\\\/2019\\\/12\\\/11\\\/gnr-detem-sete-pessoas-e-desmantela-rede-de-trafico-de-droga-no-alto-minho\\\/\",\"url\":\"https:\\\/\\\/www.altominho.tv\\\/site\\\/2019\\\/12\\\/11\\\/gnr-detem-sete-pessoas-e-desmantela-rede-de-trafico-de-droga-no-alto-minho\\\/\",\"name\":\"GNR det\u00e9m sete pessoas e desmantela rede de tr\u00e1fico de droga no Alto Minho\",\"isPartOf\":{\"@id\":\"https:\\\/\\\/www.altominho.tv\\\/site\\\/#website\"},\"primaryImageOfPage\":{\"@id\":\"https:\\\/\\\/www.altominho.tv\\\/site\\\/2019\\\/12\\\/11\\\/gnr-detem-sete-pessoas-e-desmantela-rede-de-trafico-de-droga-no-alto-minho\\\/#primaryimage\"},\"image\":{\"@id\":\"https:\\\/\\\/www.altominho.tv\\\/site\\\/2019\\\/12\\\/11\\\/gnr-detem-sete-pessoas-e-desmantela-rede-de-trafico-de-droga-no-alto-minho\\\/#primaryimage\"},\"thumbnailUrl\":\"https:\\\/\\\/www.altominho.tv\\\/site\\\/wp-content\\\/uploads\\\/2019\\\/12\\\/Apreensa\u0303o_GNR_Viana.jpg\",\"datePublished\":\"2019-12-11T11:07:09+00:00\",\"dateModified\":\"2019-12-11T11:07:16+00:00\",\"author\":{\"@id\":\"https:\\\/\\\/www.altominho.tv\\\/site\\\/#\\\/schema\\\/person\\\/4e536851627d7914baf3dac752b6af22\"},\"breadcrumb\":{\"@id\":\"https:\\\/\\\/www.altominho.tv\\\/site\\\/2019\\\/12\\\/11\\\/gnr-detem-sete-pessoas-e-desmantela-rede-de-trafico-de-droga-no-alto-minho\\\/#breadcrumb\"},\"inLanguage\":\"pt-PT\",\"potentialAction\":[{\"@type\":\"ReadAction\",\"target\":[\"https:\\\/\\\/www.altominho.tv\\\/site\\\/2019\\\/12\\\/11\\\/gnr-detem-sete-pessoas-e-desmantela-rede-de-trafico-de-droga-no-alto-minho\\\/\"]}]},{\"@type\":\"ImageObject\",\"inLanguage\":\"pt-PT\",\"@id\":\"https:\\\/\\\/www.altominho.tv\\\/site\\\/2019\\\/12\\\/11\\\/gnr-detem-sete-pessoas-e-desmantela-rede-de-trafico-de-droga-no-alto-minho\\\/#primaryimage\",\"url\":\"https:\\\/\\\/www.altominho.tv\\\/site\\\/wp-content\\\/uploads\\\/2019\\\/12\\\/Apreensa\u0303o_GNR_Viana.jpg\",\"contentUrl\":\"https:\\\/\\\/www.altominho.tv\\\/site\\\/wp-content\\\/uploads\\\/2019\\\/12\\\/Apreensa\u0303o_GNR_Viana.jpg\",\"width\":1496,\"height\":1040},{\"@type\":\"BreadcrumbList\",\"@id\":\"https:\\\/\\\/www.altominho.tv\\\/site\\\/2019\\\/12\\\/11\\\/gnr-detem-sete-pessoas-e-desmantela-rede-de-trafico-de-droga-no-alto-minho\\\/#breadcrumb\",\"itemListElement\":[{\"@type\":\"ListItem\",\"position\":1,\"name\":\"In\u00edcio\",\"item\":\"https:\\\/\\\/www.altominho.tv\\\/site\\\/\"},{\"@type\":\"ListItem\",\"position\":2,\"name\":\"GNR det\u00e9m sete pessoas e desmantela rede de tr\u00e1fico de droga no Alto Minho\"}]},{\"@type\":\"WebSite\",\"@id\":\"https:\\\/\\\/www.altominho.tv\\\/site\\\/#website\",\"url\":\"https:\\\/\\\/www.altominho.tv\\\/site\\\/\",\"name\":\"Altominho.tv\",\"description\":\"A sua regi\u00e3o \u00e0 dist\u00e2ncia de um clique...\",\"potentialAction\":[{\"@type\":\"SearchAction\",\"target\":{\"@type\":\"EntryPoint\",\"urlTemplate\":\"https:\\\/\\\/www.altominho.tv\\\/site\\\/?s={search_term_string}\"},\"query-input\":{\"@type\":\"PropertyValueSpecification\",\"valueRequired\":true,\"valueName\":\"search_term_string\"}}],\"inLanguage\":\"pt-PT\"},{\"@type\":\"Person\",\"@id\":\"https:\\\/\\\/www.altominho.tv\\\/site\\\/#\\\/schema\\\/person\\\/4e536851627d7914baf3dac752b6af22\",\"name\":\"Altominho.tv\",\"image\":{\"@type\":\"ImageObject\",\"inLanguage\":\"pt-PT\",\"@id\":\"https:\\\/\\\/www.altominho.tv\\\/site\\\/wp-content\\\/uploads\\\/2019\\\/11\\\/Logo_Avatar_2-150x150.jpg\",\"url\":\"https:\\\/\\\/www.altominho.tv\\\/site\\\/wp-content\\\/uploads\\\/2019\\\/11\\\/Logo_Avatar_2-150x150.jpg\",\"contentUrl\":\"https:\\\/\\\/www.altominho.tv\\\/site\\\/wp-content\\\/uploads\\\/2019\\\/11\\\/Logo_Avatar_2-150x150.jpg\",\"caption\":\"Altominho.tv\"},\"url\":\"https:\\\/\\\/www.altominho.tv\\\/site\\\/author\\\/altominhotv-tecnico\\\/\"}]}<\/script>\n<!-- \/ Yoast SEO Premium plugin. -->","yoast_head_json":{"title":"GNR det\u00e9m sete pessoas e desmantela rede de tr\u00e1fico de droga no Alto Minho","robots":{"index":"index","follow":"follow","max-snippet":"max-snippet:-1","max-image-preview":"max-image-preview:large","max-video-preview":"max-video-preview:-1"},"canonical":"https:\/\/www.altominho.tv\/site\/2019\/12\/11\/gnr-detem-sete-pessoas-e-desmantela-rede-de-trafico-de-droga-no-alto-minho\/","og_locale":"pt_PT","og_type":"article","og_title":"GNR det\u00e9m sete pessoas e desmantela rede de tr\u00e1fico de droga no Alto Minho","og_description":"A GNR deteve sete pessoas, cinco homens e duas mulheres, por suspeitas de tr\u00e1fico de droga em tr\u00eas concelhos do Alto Minho e apreendeu 2.314 doses de estupefacientes e mais de 10 mil euros, informou hoje aquela for\u00e7a policial. Em comunicado, o Comando Territorial da GNR de Viana do Castelo adiantou que, al\u00e9m dos sete [&hellip;]","og_url":"https:\/\/www.altominho.tv\/site\/2019\/12\/11\/gnr-detem-sete-pessoas-e-desmantela-rede-de-trafico-de-droga-no-alto-minho\/","og_site_name":"Altominho.tv","article_publisher":"https:\/\/www.facebook.com\/altominhotv","article_published_time":"2019-12-11T11:07:09+00:00","article_modified_time":"2019-12-11T11:07:16+00:00","og_image":[{"width":1496,"height":1040,"url":"https:\/\/www.altominho.tv\/site\/wp-content\/uploads\/2019\/12\/Apreensa\u0303o_GNR_Viana.jpg","type":"image\/jpeg"}],"author":"Altominho.tv","twitter_card":"summary_large_image","twitter_creator":"@altominhoTV","twitter_site":"@altominhoTV","twitter_misc":{"Escrito por":"Altominho.tv","Tempo estimado de leitura":"1 minuto"},"schema":{"@context":"https:\/\/schema.org","@graph":[{"@type":"Article","@id":"https:\/\/www.altominho.tv\/site\/2019\/12\/11\/gnr-detem-sete-pessoas-e-desmantela-rede-de-trafico-de-droga-no-alto-minho\/#article","isPartOf":{"@id":"https:\/\/www.altominho.tv\/site\/2019\/12\/11\/gnr-detem-sete-pessoas-e-desmantela-rede-de-trafico-de-droga-no-alto-minho\/"},"author":{"name":"Altominho.tv","@id":"https:\/\/www.altominho.tv\/site\/#\/schema\/person\/4e536851627d7914baf3dac752b6af22"},"headline":"GNR det\u00e9m sete pessoas e desmantela rede de tr\u00e1fico de droga no Alto Minho","datePublished":"2019-12-11T11:07:09+00:00","dateModified":"2019-12-11T11:07:16+00:00","mainEntityOfPage":{"@id":"https:\/\/www.altominho.tv\/site\/2019\/12\/11\/gnr-detem-sete-pessoas-e-desmantela-rede-de-trafico-de-droga-no-alto-minho\/"},"wordCount":279,"image":{"@id":"https:\/\/www.altominho.tv\/site\/2019\/12\/11\/gnr-detem-sete-pessoas-e-desmantela-rede-de-trafico-de-droga-no-alto-minho\/#primaryimage"},"thumbnailUrl":"https:\/\/www.altominho.tv\/site\/wp-content\/uploads\/2019\/12\/Apreensa\u0303o_GNR_Viana.jpg","keywords":["Sociedade"],"articleSection":["Alto Minho"],"inLanguage":"pt-PT","copyrightYear":"2019","copyrightHolder":{"@id":"https:\/\/www.altominho.tv\/site\/#organization"}},{"@type":"WebPage","@id":"https:\/\/www.altominho.tv\/site\/2019\/12\/11\/gnr-detem-sete-pessoas-e-desmantela-rede-de-trafico-de-droga-no-alto-minho\/","url":"https:\/\/www.altominho.tv\/site\/2019\/12\/11\/gnr-detem-sete-pessoas-e-desmantela-rede-de-trafico-de-droga-no-alto-minho\/","name":"GNR det\u00e9m sete pessoas e desmantela rede de tr\u00e1fico de droga no Alto Minho","isPartOf":{"@id":"https:\/\/www.altominho.tv\/site\/#website"},"primaryImageOfPage":{"@id":"https:\/\/www.altominho.tv\/site\/2019\/12\/11\/gnr-detem-sete-pessoas-e-desmantela-rede-de-trafico-de-droga-no-alto-minho\/#primaryimage"},"image":{"@id":"https:\/\/www.altominho.tv\/site\/2019\/12\/11\/gnr-detem-sete-pessoas-e-desmantela-rede-de-trafico-de-droga-no-alto-minho\/#primaryimage"},"thumbnailUrl":"https:\/\/www.altominho.tv\/site\/wp-content\/uploads\/2019\/12\/Apreensa\u0303o_GNR_Viana.jpg","datePublished":"2019-12-11T11:07:09+00:00","dateModified":"2019-12-11T11:07:16+00:00","author":{"@id":"https:\/\/www.altominho.tv\/site\/#\/schema\/person\/4e536851627d7914baf3dac752b6af22"},"breadcrumb":{"@id":"https:\/\/www.altominho.tv\/site\/2019\/12\/11\/gnr-detem-sete-pessoas-e-desmantela-rede-de-trafico-de-droga-no-alto-minho\/#breadcrumb"},"inLanguage":"pt-PT","potentialAction":[{"@type":"ReadAction","target":["https:\/\/www.altominho.tv\/site\/2019\/12\/11\/gnr-detem-sete-pessoas-e-desmantela-rede-de-trafico-de-droga-no-alto-minho\/"]}]},{"@type":"ImageObject","inLanguage":"pt-PT","@id":"https:\/\/www.altominho.tv\/site\/2019\/12\/11\/gnr-detem-sete-pessoas-e-desmantela-rede-de-trafico-de-droga-no-alto-minho\/#primaryimage","url":"https:\/\/www.altominho.tv\/site\/wp-content\/uploads\/2019\/12\/Apreensa\u0303o_GNR_Viana.jpg","contentUrl":"https:\/\/www.altominho.tv\/site\/wp-content\/uploads\/2019\/12\/Apreensa\u0303o_GNR_Viana.jpg","width":1496,"height":1040},{"@type":"BreadcrumbList","@id":"https:\/\/www.altominho.tv\/site\/2019\/12\/11\/gnr-detem-sete-pessoas-e-desmantela-rede-de-trafico-de-droga-no-alto-minho\/#breadcrumb","itemListElement":[{"@type":"ListItem","position":1,"name":"In\u00edcio","item":"https:\/\/www.altominho.tv\/site\/"},{"@type":"ListItem","position":2,"name":"GNR det\u00e9m sete pessoas e desmantela rede de tr\u00e1fico de droga no Alto Minho"}]},{"@type":"WebSite","@id":"https:\/\/www.altominho.tv\/site\/#website","url":"https:\/\/www.altominho.tv\/site\/","name":"Altominho.tv","description":"A sua regi\u00e3o \u00e0 dist\u00e2ncia de um clique...","potentialAction":[{"@type":"SearchAction","target":{"@type":"EntryPoint","urlTemplate":"https:\/\/www.altominho.tv\/site\/?s={search_term_string}"},"query-input":{"@type":"PropertyValueSpecification","valueRequired":true,"valueName":"search_term_string"}}],"inLanguage":"pt-PT"},{"@type":"Person","@id":"https:\/\/www.altominho.tv\/site\/#\/schema\/person\/4e536851627d7914baf3dac752b6af22","name":"Altominho.tv","image":{"@type":"ImageObject","inLanguage":"pt-PT","@id":"https:\/\/www.altominho.tv\/site\/wp-content\/uploads\/2019\/11\/Logo_Avatar_2-150x150.jpg","url":"https:\/\/www.altominho.tv\/site\/wp-content\/uploads\/2019\/11\/Logo_Avatar_2-150x150.jpg","contentUrl":"https:\/\/www.altominho.tv\/site\/wp-content\/uploads\/2019\/11\/Logo_Avatar_2-150x150.jpg","caption":"Altominho.tv"},"url":"https:\/\/www.altominho.tv\/site\/author\/altominhotv-tecnico\/"}]}},"_links":{"self":[{"href":"https:\/\/www.altominho.tv\/site\/wp-json\/wp\/v2\/posts\/37748","targetHints":{"allow":["GET"]}}],"collection":[{"href":"https:\/\/www.altominho.tv\/site\/wp-json\/wp\/v2\/posts"}],"about":[{"href":"https:\/\/www.altominho.tv\/site\/wp-json\/wp\/v2\/types\/post"}],"author":[{"embeddable":true,"href":"https:\/\/www.altominho.tv\/site\/wp-json\/wp\/v2\/users\/1"}],"replies":[{"embeddable":true,"href":"https:\/\/www.altominho.tv\/site\/wp-json\/wp\/v2\/comments?post=37748"}],"version-history":[{"count":0,"href":"https:\/\/www.altominho.tv\/site\/wp-json\/wp\/v2\/posts\/37748\/revisions"}],"wp:featuredmedia":[{"embeddable":true,"href":"https:\/\/www.altominho.tv\/site\/wp-json\/wp\/v2\/media\/37749"}],"wp:attachment":[{"href":"https:\/\/www.altominho.tv\/site\/wp-json\/wp\/v2\/media?parent=37748"}],"wp:term":[{"taxonomy":"category","embeddable":true,"href":"https:\/\/www.altominho.tv\/site\/wp-json\/wp\/v2\/categories?post=37748"},{"taxonomy":"post_tag","embeddable":true,"href":"https:\/\/www.altominho.tv\/site\/wp-json\/wp\/v2\/tags?post=37748"}],"curies":[{"name":"wp","href":"https:\/\/api.w.org\/{rel}","templated":true}]}}