{"id":37717,"date":"2019-12-10T16:32:40","date_gmt":"2019-12-10T16:32:40","guid":{"rendered":"http:\/\/www.altominho.tv\/site\/?p=37717"},"modified":"2019-12-10T16:32:45","modified_gmt":"2019-12-10T16:32:45","slug":"intervencao-de-100-mil-euros-arranca-em-janeiro-na-citania-de-santa-luzia","status":"publish","type":"post","link":"https:\/\/www.altominho.tv\/site\/2019\/12\/10\/intervencao-de-100-mil-euros-arranca-em-janeiro-na-citania-de-santa-luzia\/","title":{"rendered":"Interven\u00e7\u00e3o de 100 mil euros arranca em janeiro na Cit\u00e2nia de Santa Luzia"},"content":{"rendered":"<div class=\"gs\">\n<div class=\"\">\n<div id=\":m0\" class=\"ii gt\">\n<p id=\":lz\" class=\"a3s aXjCH \">Uma empreitada de conserva\u00e7\u00e3o da Cit\u00e2nia de Santa Luzia, em Viana do Castelo, vai ter in\u00edcio em janeiro, or\u00e7ada em 100 mil euros e suportada pela c\u00e2mara local.<\/p>\n<div class=\"a3s aXjCH \">\n<p>Na nota hoje enviada \u00e0 imprensa, a Dire\u00e7\u00e3o Regional de Cultura do Norte (DRCN) adianta que a interven\u00e7\u00e3o na Cidade Velha de Santa Luzia vai prolongar-se durante 180 dias.<\/p>\n<p>Os trabalhos v\u00e3o &#8220;incidir na estabiliza\u00e7\u00e3o e restauro das alvenarias dos diferentes sistemas estruturais que constituem a Cidade Velha de Santa Luzia, um not\u00e1vel exemplar dos povoados fortificados existentes no Noroeste Peninsular, tanto pela sua dimens\u00e3o, como pelo planeamento urban\u00edstico, tipologia construtiva e car\u00e1ter defensivo&#8221;.<\/p>\n<p>A Cit\u00e2nia de Santa Luzia, classificada como Monumento Nacional em 1926, est\u00e1 situada no monte com o mesmo nome, sobranceiro \u00e0 cidade de Viana do Castelo. A estrutura encontra-se aberta ao p\u00fablico desde 1994, integrando-se num conjunto de esta\u00e7\u00f5es arqueol\u00f3gicas existentes no Norte de Portugal.<\/p>\n<p>&#8220;A interven\u00e7\u00e3o ser\u00e1 custeada pela C\u00e2mara de Viana do Castelo, conforme estabelecido no protocolo de colabora\u00e7\u00e3o celebrado entre a DRCN e o munic\u00edpio na sequ\u00eancia do estudo de impacto ambiental de consolida\u00e7\u00e3o do parque empresarial de Lanheses. Considerando-se ser necess\u00e1rio implementar medidas compensat\u00f3rias referentes \u00e0 salvaguarda do patrim\u00f3nio existente no concelho de Viana do Castelo, a c\u00e2mara municipal optou por alocar o investimento no projeto de conserva\u00e7\u00e3o das ru\u00ednas arqueol\u00f3gicas da Cidade Velha de Santa Luzia&#8221;, especifica a nota.<\/p>\n<p>Segundo a DRCN, a interven\u00e7\u00e3o &#8220;observar\u00e1 as t\u00e9cnicas construtivas tradicionais, incluindo a coloca\u00e7\u00e3o de elementos de travamento transversal com a dimens\u00e3o e o espa\u00e7amento que vier a ser determinado em obra&#8221;.<\/p>\n<p>&#8220;O assentamento ser\u00e1 executado sem recurso \u00e0 utiliza\u00e7\u00e3o de argamassas evitando a utiliza\u00e7\u00e3o de elementos de fixa\u00e7\u00e3o, de forma a constituir um aparelho com as caracter\u00edsticas da alvenaria existente&#8221;, refere.<\/p>\n<p>Ser\u00e3o utilizadas &#8220;as unidades de alvenaria existentes no local, prevendo-se a possibilidade de recorrer a unidades existentes em dep\u00f3sito, dentro do per\u00edmetro da Cidade Velha, caso seja necess\u00e1rio para colmatar espa\u00e7os ou proceder a refor\u00e7os complementares&#8221;.<\/p>\n<p>O protoloco estabelecido entre o munic\u00edpio e DRCN foi aprovado, por unanimidade, em setembro, em reuni\u00e3o camar\u00e1ria da capital do Alto Minho.<\/p>\n<p>Na altura, o presidente da c\u00e2mara, o socialista Jos\u00e9 Maria Costa apontou o arranque dos trabalhos para o per\u00edodo &#8220;entre mar\u00e7o a outubro de 2019&#8221;.<\/p>\n<p>Jos\u00e9 Maria Costa adiantou que a &#8220;parceria permitir\u00e1 fazer a consolida\u00e7\u00e3o das ru\u00ednas e um levantamento cartogr\u00e1fico mais apurado&#8221;.<\/p>\n<p>Disse que o projeto inclui ainda a publica\u00e7\u00e3o de uma edi\u00e7\u00e3o com mais informa\u00e7\u00e3o sobre aquele &#8220;elemento de refer\u00eancia&#8221; da capital do Alto Minho.<\/p>\n<p>&#8220;Para que os vianenses e os estudantes possam conhecer melhor tudo o que esteve subjacente \u00e0 constru\u00e7\u00e3o da Cit\u00e2nia, \u00e0 sua pr\u00f3pria evolu\u00e7\u00e3o ap\u00f3s a chegada dos romanos a este espa\u00e7o territorial&#8221;, especificou, na altura.<\/p>\n<p>Al\u00e9m das ru\u00ednas, a Cit\u00e2nia disp\u00f5e ainda de um edif\u00edcio de entrada, desenhado pela arquiteta Paula Santos, para apoio dos visitantes.<\/p>\n<p>As ru\u00ednas, designadas pelo nome de &#8220;Cidade Velha de Santa Luzia&#8221;, s\u00e3o conhecidas desde o s\u00e9culo XVII e as primeiras escava\u00e7\u00f5es datam de 1876, tendo sido da iniciativa de Possid\u00f3nio da Silva, presidente da Real Associa\u00e7\u00e3o dos Arquitetos e Arque\u00f3logos Portugueses.<\/p>\n<p>Em 1902 foi efetuada nova interven\u00e7\u00e3o arqueol\u00f3gica, sob dire\u00e7\u00e3o de Albano Belino, tendo sido escavada a maior parte da \u00e1rea hoje vis\u00edvel, que constitui cerca de um ter\u00e7o da \u00e1rea total do povoado, j\u00e1 que uma parte foi destru\u00edda pela constru\u00e7\u00e3o do hotel de Santa Luzia e pelas estradas de acesso.<\/p>\n<p>De acordo com informa\u00e7\u00e3o dispon\u00edvel na p\u00e1gina da c\u00e2mara na internet, a Cit\u00e2nia de Santa Luzia &#8220;\u00e9 um dos castros mais conhecidos do Norte de Portugal e um dos mais importantes para o estudo da Proto-Hist\u00f3ria e da Romaniza\u00e7\u00e3o do Alto Minho&#8221;.<\/p>\n<p>&#8220;A sua localiza\u00e7\u00e3o estrat\u00e9gica permitia-lhe n\u00e3o s\u00f3 dominar vastas \u00e1reas da zona litoral ribeirinha, como tamb\u00e9m controlar o movimento das entradas e sa\u00eddas na Foz do Lima que, na Antiguidade, seria naveg\u00e1vel em grande parte do seu curso&#8221;, refere o munic\u00edpio.<\/p>\n<p>Segundo a autarquia, o &#8220;povoado apresenta caracter\u00edsticas muito pr\u00f3prias, principalmente ao n\u00edvel das estruturas arquitet\u00f3nicas, com destaque para o aparelho poligonal, utilizado em algumas casas, que apresentavam uma planta circular com um vest\u00edbulo ou \u00e1trio e que, em alguns casos, albergavam fornos de cozer p\u00e3o&#8221;.<\/p>\n<\/div>\n<\/div>\n<\/div>\n<\/div>\n","protected":false},"excerpt":{"rendered":"<p>Uma empreitada de conserva\u00e7\u00e3o da Cit\u00e2nia de Santa Luzia, em Viana do Castelo, vai ter in\u00edcio em janeiro, or\u00e7ada em 100 mil euros e suportada pela c\u00e2mara local. Na nota hoje enviada \u00e0 imprensa, a Dire\u00e7\u00e3o Regional de Cultura do Norte (DRCN) adianta que a interven\u00e7\u00e3o na Cidade Velha de Santa Luzia vai prolongar-se durante [&hellip;]<\/p>\n","protected":false},"author":13,"featured_media":37718,"comment_status":"closed","ping_status":"closed","sticky":false,"template":"","format":"standard","meta":{"_exactmetrics_skip_tracking":false,"_exactmetrics_sitenote_active":false,"_exactmetrics_sitenote_note":"","_exactmetrics_sitenote_category":0,"footnotes":""},"categories":[14],"tags":[27],"class_list":["post-37717","post","type-post","status-publish","format-standard","has-post-thumbnail","hentry","category-viana-do-castelo","tag-sociedade"],"yoast_head":"<!-- This site is optimized with the Yoast SEO Premium plugin v27.5 (Yoast SEO v27.5) - https:\/\/yoast.com\/product\/yoast-seo-premium-wordpress\/ -->\n<title>Interven\u00e7\u00e3o de 100 mil euros arranca em janeiro na Cit\u00e2nia de Santa Luzia<\/title>\n<meta name=\"robots\" content=\"index, follow, max-snippet:-1, max-image-preview:large, max-video-preview:-1\" \/>\n<link rel=\"canonical\" href=\"https:\/\/www.altominho.tv\/site\/2019\/12\/10\/intervencao-de-100-mil-euros-arranca-em-janeiro-na-citania-de-santa-luzia\/\" \/>\n<meta property=\"og:locale\" content=\"pt_PT\" \/>\n<meta property=\"og:type\" content=\"article\" \/>\n<meta property=\"og:title\" content=\"Interven\u00e7\u00e3o de 100 mil euros arranca em janeiro na Cit\u00e2nia de Santa Luzia\" \/>\n<meta property=\"og:description\" content=\"Uma empreitada de conserva\u00e7\u00e3o da Cit\u00e2nia de Santa Luzia, em Viana do Castelo, vai ter in\u00edcio em janeiro, or\u00e7ada em 100 mil euros e suportada pela c\u00e2mara local. Na nota hoje enviada \u00e0 imprensa, a Dire\u00e7\u00e3o Regional de Cultura do Norte (DRCN) adianta que a interven\u00e7\u00e3o na Cidade Velha de Santa Luzia vai prolongar-se durante [&hellip;]\" \/>\n<meta property=\"og:url\" content=\"https:\/\/www.altominho.tv\/site\/2019\/12\/10\/intervencao-de-100-mil-euros-arranca-em-janeiro-na-citania-de-santa-luzia\/\" \/>\n<meta property=\"og:site_name\" content=\"Altominho.tv\" \/>\n<meta property=\"article:publisher\" content=\"https:\/\/www.facebook.com\/altominhotv\" \/>\n<meta property=\"article:published_time\" content=\"2019-12-10T16:32:40+00:00\" \/>\n<meta property=\"article:modified_time\" content=\"2019-12-10T16:32:45+00:00\" \/>\n<meta property=\"og:image\" content=\"https:\/\/www.altominho.tv\/site\/wp-content\/uploads\/2019\/12\/citania_4_20414147554e1dca0b5d7c.jpg\" \/>\n\t<meta property=\"og:image:width\" content=\"720\" \/>\n\t<meta property=\"og:image:height\" content=\"460\" \/>\n\t<meta property=\"og:image:type\" content=\"image\/jpeg\" \/>\n<meta name=\"author\" content=\"Lusa\" \/>\n<meta name=\"twitter:card\" content=\"summary_large_image\" \/>\n<meta name=\"twitter:creator\" content=\"@altominhoTV\" \/>\n<meta name=\"twitter:site\" content=\"@altominhoTV\" \/>\n<meta name=\"twitter:label1\" content=\"Escrito por\" \/>\n\t<meta name=\"twitter:data1\" content=\"Lusa\" \/>\n\t<meta name=\"twitter:label2\" content=\"Tempo estimado de leitura\" \/>\n\t<meta name=\"twitter:data2\" content=\"4 minutos\" \/>\n<script type=\"application\/ld+json\" class=\"yoast-schema-graph\">{\"@context\":\"https:\\\/\\\/schema.org\",\"@graph\":[{\"@type\":\"Article\",\"@id\":\"https:\\\/\\\/www.altominho.tv\\\/site\\\/2019\\\/12\\\/10\\\/intervencao-de-100-mil-euros-arranca-em-janeiro-na-citania-de-santa-luzia\\\/#article\",\"isPartOf\":{\"@id\":\"https:\\\/\\\/www.altominho.tv\\\/site\\\/2019\\\/12\\\/10\\\/intervencao-de-100-mil-euros-arranca-em-janeiro-na-citania-de-santa-luzia\\\/\"},\"author\":{\"name\":\"Lusa\",\"@id\":\"https:\\\/\\\/www.altominho.tv\\\/site\\\/#\\\/schema\\\/person\\\/63f693da3e1899361cbe955c46f3232e\"},\"headline\":\"Interven\u00e7\u00e3o de 100 mil euros arranca em janeiro na Cit\u00e2nia de Santa Luzia\",\"datePublished\":\"2019-12-10T16:32:40+00:00\",\"dateModified\":\"2019-12-10T16:32:45+00:00\",\"mainEntityOfPage\":{\"@id\":\"https:\\\/\\\/www.altominho.tv\\\/site\\\/2019\\\/12\\\/10\\\/intervencao-de-100-mil-euros-arranca-em-janeiro-na-citania-de-santa-luzia\\\/\"},\"wordCount\":792,\"image\":{\"@id\":\"https:\\\/\\\/www.altominho.tv\\\/site\\\/2019\\\/12\\\/10\\\/intervencao-de-100-mil-euros-arranca-em-janeiro-na-citania-de-santa-luzia\\\/#primaryimage\"},\"thumbnailUrl\":\"https:\\\/\\\/www.altominho.tv\\\/site\\\/wp-content\\\/uploads\\\/2019\\\/12\\\/citania_4_20414147554e1dca0b5d7c.jpg\",\"keywords\":[\"Sociedade\"],\"articleSection\":[\"Viana do Castelo\"],\"inLanguage\":\"pt-PT\",\"copyrightYear\":\"2019\",\"copyrightHolder\":{\"@id\":\"https:\\\/\\\/www.altominho.tv\\\/site\\\/#organization\"}},{\"@type\":\"WebPage\",\"@id\":\"https:\\\/\\\/www.altominho.tv\\\/site\\\/2019\\\/12\\\/10\\\/intervencao-de-100-mil-euros-arranca-em-janeiro-na-citania-de-santa-luzia\\\/\",\"url\":\"https:\\\/\\\/www.altominho.tv\\\/site\\\/2019\\\/12\\\/10\\\/intervencao-de-100-mil-euros-arranca-em-janeiro-na-citania-de-santa-luzia\\\/\",\"name\":\"Interven\u00e7\u00e3o de 100 mil euros arranca em janeiro na Cit\u00e2nia de Santa Luzia\",\"isPartOf\":{\"@id\":\"https:\\\/\\\/www.altominho.tv\\\/site\\\/#website\"},\"primaryImageOfPage\":{\"@id\":\"https:\\\/\\\/www.altominho.tv\\\/site\\\/2019\\\/12\\\/10\\\/intervencao-de-100-mil-euros-arranca-em-janeiro-na-citania-de-santa-luzia\\\/#primaryimage\"},\"image\":{\"@id\":\"https:\\\/\\\/www.altominho.tv\\\/site\\\/2019\\\/12\\\/10\\\/intervencao-de-100-mil-euros-arranca-em-janeiro-na-citania-de-santa-luzia\\\/#primaryimage\"},\"thumbnailUrl\":\"https:\\\/\\\/www.altominho.tv\\\/site\\\/wp-content\\\/uploads\\\/2019\\\/12\\\/citania_4_20414147554e1dca0b5d7c.jpg\",\"datePublished\":\"2019-12-10T16:32:40+00:00\",\"dateModified\":\"2019-12-10T16:32:45+00:00\",\"author\":{\"@id\":\"https:\\\/\\\/www.altominho.tv\\\/site\\\/#\\\/schema\\\/person\\\/63f693da3e1899361cbe955c46f3232e\"},\"breadcrumb\":{\"@id\":\"https:\\\/\\\/www.altominho.tv\\\/site\\\/2019\\\/12\\\/10\\\/intervencao-de-100-mil-euros-arranca-em-janeiro-na-citania-de-santa-luzia\\\/#breadcrumb\"},\"inLanguage\":\"pt-PT\",\"potentialAction\":[{\"@type\":\"ReadAction\",\"target\":[\"https:\\\/\\\/www.altominho.tv\\\/site\\\/2019\\\/12\\\/10\\\/intervencao-de-100-mil-euros-arranca-em-janeiro-na-citania-de-santa-luzia\\\/\"]}]},{\"@type\":\"ImageObject\",\"inLanguage\":\"pt-PT\",\"@id\":\"https:\\\/\\\/www.altominho.tv\\\/site\\\/2019\\\/12\\\/10\\\/intervencao-de-100-mil-euros-arranca-em-janeiro-na-citania-de-santa-luzia\\\/#primaryimage\",\"url\":\"https:\\\/\\\/www.altominho.tv\\\/site\\\/wp-content\\\/uploads\\\/2019\\\/12\\\/citania_4_20414147554e1dca0b5d7c.jpg\",\"contentUrl\":\"https:\\\/\\\/www.altominho.tv\\\/site\\\/wp-content\\\/uploads\\\/2019\\\/12\\\/citania_4_20414147554e1dca0b5d7c.jpg\",\"width\":720,\"height\":460,\"caption\":\"DRCN\"},{\"@type\":\"BreadcrumbList\",\"@id\":\"https:\\\/\\\/www.altominho.tv\\\/site\\\/2019\\\/12\\\/10\\\/intervencao-de-100-mil-euros-arranca-em-janeiro-na-citania-de-santa-luzia\\\/#breadcrumb\",\"itemListElement\":[{\"@type\":\"ListItem\",\"position\":1,\"name\":\"In\u00edcio\",\"item\":\"https:\\\/\\\/www.altominho.tv\\\/site\\\/\"},{\"@type\":\"ListItem\",\"position\":2,\"name\":\"Interven\u00e7\u00e3o de 100 mil euros arranca em janeiro na Cit\u00e2nia de Santa Luzia\"}]},{\"@type\":\"WebSite\",\"@id\":\"https:\\\/\\\/www.altominho.tv\\\/site\\\/#website\",\"url\":\"https:\\\/\\\/www.altominho.tv\\\/site\\\/\",\"name\":\"Altominho.tv\",\"description\":\"A sua regi\u00e3o \u00e0 dist\u00e2ncia de um clique...\",\"potentialAction\":[{\"@type\":\"SearchAction\",\"target\":{\"@type\":\"EntryPoint\",\"urlTemplate\":\"https:\\\/\\\/www.altominho.tv\\\/site\\\/?s={search_term_string}\"},\"query-input\":{\"@type\":\"PropertyValueSpecification\",\"valueRequired\":true,\"valueName\":\"search_term_string\"}}],\"inLanguage\":\"pt-PT\"},{\"@type\":\"Person\",\"@id\":\"https:\\\/\\\/www.altominho.tv\\\/site\\\/#\\\/schema\\\/person\\\/63f693da3e1899361cbe955c46f3232e\",\"name\":\"Lusa\",\"image\":{\"@type\":\"ImageObject\",\"inLanguage\":\"pt-PT\",\"@id\":\"https:\\\/\\\/www.altominho.tv\\\/site\\\/wp-content\\\/uploads\\\/2019\\\/08\\\/LUSA_Logo.gif\",\"url\":\"https:\\\/\\\/www.altominho.tv\\\/site\\\/wp-content\\\/uploads\\\/2019\\\/08\\\/LUSA_Logo.gif\",\"contentUrl\":\"https:\\\/\\\/www.altominho.tv\\\/site\\\/wp-content\\\/uploads\\\/2019\\\/08\\\/LUSA_Logo.gif\",\"caption\":\"Lusa\"},\"sameAs\":[\"http:\\\/\\\/\\\/\\\/www.altominho.tv\\\/site\"],\"url\":\"https:\\\/\\\/www.altominho.tv\\\/site\\\/author\\\/lusa\\\/\"}]}<\/script>\n<!-- \/ Yoast SEO Premium plugin. -->","yoast_head_json":{"title":"Interven\u00e7\u00e3o de 100 mil euros arranca em janeiro na Cit\u00e2nia de Santa Luzia","robots":{"index":"index","follow":"follow","max-snippet":"max-snippet:-1","max-image-preview":"max-image-preview:large","max-video-preview":"max-video-preview:-1"},"canonical":"https:\/\/www.altominho.tv\/site\/2019\/12\/10\/intervencao-de-100-mil-euros-arranca-em-janeiro-na-citania-de-santa-luzia\/","og_locale":"pt_PT","og_type":"article","og_title":"Interven\u00e7\u00e3o de 100 mil euros arranca em janeiro na Cit\u00e2nia de Santa Luzia","og_description":"Uma empreitada de conserva\u00e7\u00e3o da Cit\u00e2nia de Santa Luzia, em Viana do Castelo, vai ter in\u00edcio em janeiro, or\u00e7ada em 100 mil euros e suportada pela c\u00e2mara local. Na nota hoje enviada \u00e0 imprensa, a Dire\u00e7\u00e3o Regional de Cultura do Norte (DRCN) adianta que a interven\u00e7\u00e3o na Cidade Velha de Santa Luzia vai prolongar-se durante [&hellip;]","og_url":"https:\/\/www.altominho.tv\/site\/2019\/12\/10\/intervencao-de-100-mil-euros-arranca-em-janeiro-na-citania-de-santa-luzia\/","og_site_name":"Altominho.tv","article_publisher":"https:\/\/www.facebook.com\/altominhotv","article_published_time":"2019-12-10T16:32:40+00:00","article_modified_time":"2019-12-10T16:32:45+00:00","og_image":[{"width":720,"height":460,"url":"https:\/\/www.altominho.tv\/site\/wp-content\/uploads\/2019\/12\/citania_4_20414147554e1dca0b5d7c.jpg","type":"image\/jpeg"}],"author":"Lusa","twitter_card":"summary_large_image","twitter_creator":"@altominhoTV","twitter_site":"@altominhoTV","twitter_misc":{"Escrito por":"Lusa","Tempo estimado de leitura":"4 minutos"},"schema":{"@context":"https:\/\/schema.org","@graph":[{"@type":"Article","@id":"https:\/\/www.altominho.tv\/site\/2019\/12\/10\/intervencao-de-100-mil-euros-arranca-em-janeiro-na-citania-de-santa-luzia\/#article","isPartOf":{"@id":"https:\/\/www.altominho.tv\/site\/2019\/12\/10\/intervencao-de-100-mil-euros-arranca-em-janeiro-na-citania-de-santa-luzia\/"},"author":{"name":"Lusa","@id":"https:\/\/www.altominho.tv\/site\/#\/schema\/person\/63f693da3e1899361cbe955c46f3232e"},"headline":"Interven\u00e7\u00e3o de 100 mil euros arranca em janeiro na Cit\u00e2nia de Santa Luzia","datePublished":"2019-12-10T16:32:40+00:00","dateModified":"2019-12-10T16:32:45+00:00","mainEntityOfPage":{"@id":"https:\/\/www.altominho.tv\/site\/2019\/12\/10\/intervencao-de-100-mil-euros-arranca-em-janeiro-na-citania-de-santa-luzia\/"},"wordCount":792,"image":{"@id":"https:\/\/www.altominho.tv\/site\/2019\/12\/10\/intervencao-de-100-mil-euros-arranca-em-janeiro-na-citania-de-santa-luzia\/#primaryimage"},"thumbnailUrl":"https:\/\/www.altominho.tv\/site\/wp-content\/uploads\/2019\/12\/citania_4_20414147554e1dca0b5d7c.jpg","keywords":["Sociedade"],"articleSection":["Viana do Castelo"],"inLanguage":"pt-PT","copyrightYear":"2019","copyrightHolder":{"@id":"https:\/\/www.altominho.tv\/site\/#organization"}},{"@type":"WebPage","@id":"https:\/\/www.altominho.tv\/site\/2019\/12\/10\/intervencao-de-100-mil-euros-arranca-em-janeiro-na-citania-de-santa-luzia\/","url":"https:\/\/www.altominho.tv\/site\/2019\/12\/10\/intervencao-de-100-mil-euros-arranca-em-janeiro-na-citania-de-santa-luzia\/","name":"Interven\u00e7\u00e3o de 100 mil euros arranca em janeiro na Cit\u00e2nia de Santa Luzia","isPartOf":{"@id":"https:\/\/www.altominho.tv\/site\/#website"},"primaryImageOfPage":{"@id":"https:\/\/www.altominho.tv\/site\/2019\/12\/10\/intervencao-de-100-mil-euros-arranca-em-janeiro-na-citania-de-santa-luzia\/#primaryimage"},"image":{"@id":"https:\/\/www.altominho.tv\/site\/2019\/12\/10\/intervencao-de-100-mil-euros-arranca-em-janeiro-na-citania-de-santa-luzia\/#primaryimage"},"thumbnailUrl":"https:\/\/www.altominho.tv\/site\/wp-content\/uploads\/2019\/12\/citania_4_20414147554e1dca0b5d7c.jpg","datePublished":"2019-12-10T16:32:40+00:00","dateModified":"2019-12-10T16:32:45+00:00","author":{"@id":"https:\/\/www.altominho.tv\/site\/#\/schema\/person\/63f693da3e1899361cbe955c46f3232e"},"breadcrumb":{"@id":"https:\/\/www.altominho.tv\/site\/2019\/12\/10\/intervencao-de-100-mil-euros-arranca-em-janeiro-na-citania-de-santa-luzia\/#breadcrumb"},"inLanguage":"pt-PT","potentialAction":[{"@type":"ReadAction","target":["https:\/\/www.altominho.tv\/site\/2019\/12\/10\/intervencao-de-100-mil-euros-arranca-em-janeiro-na-citania-de-santa-luzia\/"]}]},{"@type":"ImageObject","inLanguage":"pt-PT","@id":"https:\/\/www.altominho.tv\/site\/2019\/12\/10\/intervencao-de-100-mil-euros-arranca-em-janeiro-na-citania-de-santa-luzia\/#primaryimage","url":"https:\/\/www.altominho.tv\/site\/wp-content\/uploads\/2019\/12\/citania_4_20414147554e1dca0b5d7c.jpg","contentUrl":"https:\/\/www.altominho.tv\/site\/wp-content\/uploads\/2019\/12\/citania_4_20414147554e1dca0b5d7c.jpg","width":720,"height":460,"caption":"DRCN"},{"@type":"BreadcrumbList","@id":"https:\/\/www.altominho.tv\/site\/2019\/12\/10\/intervencao-de-100-mil-euros-arranca-em-janeiro-na-citania-de-santa-luzia\/#breadcrumb","itemListElement":[{"@type":"ListItem","position":1,"name":"In\u00edcio","item":"https:\/\/www.altominho.tv\/site\/"},{"@type":"ListItem","position":2,"name":"Interven\u00e7\u00e3o de 100 mil euros arranca em janeiro na Cit\u00e2nia de Santa Luzia"}]},{"@type":"WebSite","@id":"https:\/\/www.altominho.tv\/site\/#website","url":"https:\/\/www.altominho.tv\/site\/","name":"Altominho.tv","description":"A sua regi\u00e3o \u00e0 dist\u00e2ncia de um clique...","potentialAction":[{"@type":"SearchAction","target":{"@type":"EntryPoint","urlTemplate":"https:\/\/www.altominho.tv\/site\/?s={search_term_string}"},"query-input":{"@type":"PropertyValueSpecification","valueRequired":true,"valueName":"search_term_string"}}],"inLanguage":"pt-PT"},{"@type":"Person","@id":"https:\/\/www.altominho.tv\/site\/#\/schema\/person\/63f693da3e1899361cbe955c46f3232e","name":"Lusa","image":{"@type":"ImageObject","inLanguage":"pt-PT","@id":"https:\/\/www.altominho.tv\/site\/wp-content\/uploads\/2019\/08\/LUSA_Logo.gif","url":"https:\/\/www.altominho.tv\/site\/wp-content\/uploads\/2019\/08\/LUSA_Logo.gif","contentUrl":"https:\/\/www.altominho.tv\/site\/wp-content\/uploads\/2019\/08\/LUSA_Logo.gif","caption":"Lusa"},"sameAs":["http:\/\/\/\/www.altominho.tv\/site"],"url":"https:\/\/www.altominho.tv\/site\/author\/lusa\/"}]}},"_links":{"self":[{"href":"https:\/\/www.altominho.tv\/site\/wp-json\/wp\/v2\/posts\/37717","targetHints":{"allow":["GET"]}}],"collection":[{"href":"https:\/\/www.altominho.tv\/site\/wp-json\/wp\/v2\/posts"}],"about":[{"href":"https:\/\/www.altominho.tv\/site\/wp-json\/wp\/v2\/types\/post"}],"author":[{"embeddable":true,"href":"https:\/\/www.altominho.tv\/site\/wp-json\/wp\/v2\/users\/13"}],"replies":[{"embeddable":true,"href":"https:\/\/www.altominho.tv\/site\/wp-json\/wp\/v2\/comments?post=37717"}],"version-history":[{"count":0,"href":"https:\/\/www.altominho.tv\/site\/wp-json\/wp\/v2\/posts\/37717\/revisions"}],"wp:featuredmedia":[{"embeddable":true,"href":"https:\/\/www.altominho.tv\/site\/wp-json\/wp\/v2\/media\/37718"}],"wp:attachment":[{"href":"https:\/\/www.altominho.tv\/site\/wp-json\/wp\/v2\/media?parent=37717"}],"wp:term":[{"taxonomy":"category","embeddable":true,"href":"https:\/\/www.altominho.tv\/site\/wp-json\/wp\/v2\/categories?post=37717"},{"taxonomy":"post_tag","embeddable":true,"href":"https:\/\/www.altominho.tv\/site\/wp-json\/wp\/v2\/tags?post=37717"}],"curies":[{"name":"wp","href":"https:\/\/api.w.org\/{rel}","templated":true}]}}