{"id":37610,"date":"2019-12-09T10:49:47","date_gmt":"2019-12-09T10:49:47","guid":{"rendered":"http:\/\/www.altominho.tv\/site\/?p=37610"},"modified":"2019-12-09T10:50:18","modified_gmt":"2019-12-09T10:50:18","slug":"presepios-de-artesanato-em-exposicao-no-museu-do-traje","status":"publish","type":"post","link":"https:\/\/www.altominho.tv\/site\/2019\/12\/09\/presepios-de-artesanato-em-exposicao-no-museu-do-traje\/","title":{"rendered":"Pres\u00e9pios de artesanato em exposi\u00e7\u00e3o no Museu do Traje"},"content":{"rendered":"<p>O Museu do Traje, em Viana do Castelo, acolhe a primeira edi\u00e7\u00e3o da exposi\u00e7\u00e3o &#8220;Pres\u00e9pios de Artesanato de Viana&#8221;, que re\u00fane 33 exemplares de pres\u00e9pios artesanais feitos com recurso a t\u00e9cnicas e materiais diversos.<\/p>\n<p>Em comunicado, a autarquia explica que neste espa\u00e7o, &#8220;tendo em conta a sua tem\u00e1tica popular, optou-se pelos pres\u00e9pios tradicionais portugueses&#8221;. &#8220;Al\u00e9m das tradicionais figuras da Sagrada Fam\u00edlia (S\u00e3o Jos\u00e9, Virgem Maria e o Menino Jesus), dos tr\u00eas Reis Magos (Gaspar, Baltasar e Belchior) e dos pastores, o pres\u00e9pio tradicional portugu\u00eas costuma ser elaborado com recurso a materiais naturais, como musgo e variadas figuras em cer\u00e2mica (barro)&#8221;, referem.<\/p>\n<p>Tendo como base esta representa\u00e7\u00e3o mais tradicional, o Museu do Traje associou-se aos artes\u00e3os de Viana do Castelo, que elaboraram um pres\u00e9pio e colocaram em cada um a sua interpreta\u00e7\u00e3o pessoal, empregando materiais que habitualmente utilizam nas suas obras.<\/p>\n<p><img loading=\"lazy\" decoding=\"async\" class=\"alignnone size-large wp-image-37611\" src=\"http:\/\/www.altominho.tv\/site\/wp-content\/uploads\/2019\/12\/dsc_1586-1024x678.jpg\" alt=\"\" width=\"770\" height=\"510\" srcset=\"https:\/\/www.altominho.tv\/site\/wp-content\/uploads\/2019\/12\/dsc_1586-1024x678.jpg 1024w, https:\/\/www.altominho.tv\/site\/wp-content\/uploads\/2019\/12\/dsc_1586-654x433.jpg 654w, https:\/\/www.altominho.tv\/site\/wp-content\/uploads\/2019\/12\/dsc_1586-768x509.jpg 768w, https:\/\/www.altominho.tv\/site\/wp-content\/uploads\/2019\/12\/dsc_1586-370x245.jpg 370w, https:\/\/www.altominho.tv\/site\/wp-content\/uploads\/2019\/12\/dsc_1586-270x179.jpg 270w, https:\/\/www.altominho.tv\/site\/wp-content\/uploads\/2019\/12\/dsc_1586-570x378.jpg 570w, https:\/\/www.altominho.tv\/site\/wp-content\/uploads\/2019\/12\/dsc_1586-740x490.jpg 740w\" sizes=\"auto, (max-width: 770px) 100vw, 770px\" \/>A exposi\u00e7\u00e3o est\u00e1 patente at\u00e9 12 de janeiro.<\/p>\n","protected":false},"excerpt":{"rendered":"<p>O Museu do Traje, em Viana do Castelo, acolhe a primeira edi\u00e7\u00e3o da exposi\u00e7\u00e3o &#8220;Pres\u00e9pios de Artesanato de Viana&#8221;, que re\u00fane 33 exemplares de pres\u00e9pios artesanais feitos com recurso a t\u00e9cnicas e materiais diversos. Em comunicado, a autarquia explica que neste espa\u00e7o, &#8220;tendo em conta a sua tem\u00e1tica popular, optou-se pelos pres\u00e9pios tradicionais portugueses&#8221;. &#8220;Al\u00e9m [&hellip;]<\/p>\n","protected":false},"author":12,"featured_media":37612,"comment_status":"closed","ping_status":"closed","sticky":false,"template":"","format":"standard","meta":{"_exactmetrics_skip_tracking":false,"_exactmetrics_sitenote_active":false,"_exactmetrics_sitenote_note":"","_exactmetrics_sitenote_category":0,"footnotes":""},"categories":[14],"tags":[19],"class_list":["post-37610","post","type-post","status-publish","format-standard","has-post-thumbnail","hentry","category-viana-do-castelo","tag-cultura"],"yoast_head":"<!-- This site is optimized with the Yoast SEO Premium plugin v27.5 (Yoast SEO v27.5) - https:\/\/yoast.com\/product\/yoast-seo-premium-wordpress\/ -->\n<title>Pres\u00e9pios de artesanato em exposi\u00e7\u00e3o no Museu do Traje<\/title>\n<meta name=\"robots\" content=\"index, follow, max-snippet:-1, max-image-preview:large, max-video-preview:-1\" \/>\n<link rel=\"canonical\" href=\"https:\/\/www.altominho.tv\/site\/2019\/12\/09\/presepios-de-artesanato-em-exposicao-no-museu-do-traje\/\" \/>\n<meta property=\"og:locale\" content=\"pt_PT\" \/>\n<meta property=\"og:type\" content=\"article\" \/>\n<meta property=\"og:title\" content=\"Pres\u00e9pios de artesanato em exposi\u00e7\u00e3o no Museu do Traje\" \/>\n<meta property=\"og:description\" content=\"O Museu do Traje, em Viana do Castelo, acolhe a primeira edi\u00e7\u00e3o da exposi\u00e7\u00e3o &#8220;Pres\u00e9pios de Artesanato de Viana&#8221;, que re\u00fane 33 exemplares de pres\u00e9pios artesanais feitos com recurso a t\u00e9cnicas e materiais diversos. Em comunicado, a autarquia explica que neste espa\u00e7o, &#8220;tendo em conta a sua tem\u00e1tica popular, optou-se pelos pres\u00e9pios tradicionais portugueses&#8221;. &#8220;Al\u00e9m [&hellip;]\" \/>\n<meta property=\"og:url\" content=\"https:\/\/www.altominho.tv\/site\/2019\/12\/09\/presepios-de-artesanato-em-exposicao-no-museu-do-traje\/\" \/>\n<meta property=\"og:site_name\" content=\"Altominho.tv\" \/>\n<meta property=\"article:publisher\" content=\"https:\/\/www.facebook.com\/altominhotv\" \/>\n<meta property=\"article:published_time\" content=\"2019-12-09T10:49:47+00:00\" \/>\n<meta property=\"article:modified_time\" content=\"2019-12-09T10:50:18+00:00\" \/>\n<meta property=\"og:image\" content=\"https:\/\/www.altominho.tv\/site\/wp-content\/uploads\/2019\/12\/dsc_1554-e1575888358701.jpg\" \/>\n\t<meta property=\"og:image:width\" content=\"3000\" \/>\n\t<meta property=\"og:image:height\" content=\"1807\" \/>\n\t<meta property=\"og:image:type\" content=\"image\/jpeg\" \/>\n<meta name=\"author\" content=\"Andreia Ferreira\" \/>\n<meta name=\"twitter:card\" content=\"summary_large_image\" \/>\n<meta name=\"twitter:creator\" content=\"@altominhoTV\" \/>\n<meta name=\"twitter:site\" content=\"@altominhoTV\" \/>\n<meta name=\"twitter:label1\" content=\"Escrito por\" \/>\n\t<meta name=\"twitter:data1\" content=\"Andreia Ferreira\" \/>\n\t<meta name=\"twitter:label2\" content=\"Tempo estimado de leitura\" \/>\n\t<meta name=\"twitter:data2\" content=\"1 minuto\" \/>\n<script type=\"application\/ld+json\" class=\"yoast-schema-graph\">{\"@context\":\"https:\\\/\\\/schema.org\",\"@graph\":[{\"@type\":\"Article\",\"@id\":\"https:\\\/\\\/www.altominho.tv\\\/site\\\/2019\\\/12\\\/09\\\/presepios-de-artesanato-em-exposicao-no-museu-do-traje\\\/#article\",\"isPartOf\":{\"@id\":\"https:\\\/\\\/www.altominho.tv\\\/site\\\/2019\\\/12\\\/09\\\/presepios-de-artesanato-em-exposicao-no-museu-do-traje\\\/\"},\"author\":{\"name\":\"Andreia Ferreira\",\"@id\":\"https:\\\/\\\/www.altominho.tv\\\/site\\\/#\\\/schema\\\/person\\\/d9be4265364723f14ea8e0d56a1d38cd\"},\"headline\":\"Pres\u00e9pios de artesanato em exposi\u00e7\u00e3o no Museu do Traje\",\"datePublished\":\"2019-12-09T10:49:47+00:00\",\"dateModified\":\"2019-12-09T10:50:18+00:00\",\"mainEntityOfPage\":{\"@id\":\"https:\\\/\\\/www.altominho.tv\\\/site\\\/2019\\\/12\\\/09\\\/presepios-de-artesanato-em-exposicao-no-museu-do-traje\\\/\"},\"wordCount\":178,\"image\":{\"@id\":\"https:\\\/\\\/www.altominho.tv\\\/site\\\/2019\\\/12\\\/09\\\/presepios-de-artesanato-em-exposicao-no-museu-do-traje\\\/#primaryimage\"},\"thumbnailUrl\":\"https:\\\/\\\/www.altominho.tv\\\/site\\\/wp-content\\\/uploads\\\/2019\\\/12\\\/dsc_1554-e1575888358701.jpg\",\"keywords\":[\"Cultura\"],\"articleSection\":[\"Viana do Castelo\"],\"inLanguage\":\"pt-PT\",\"copyrightYear\":\"2019\",\"copyrightHolder\":{\"@id\":\"https:\\\/\\\/www.altominho.tv\\\/site\\\/#organization\"}},{\"@type\":\"WebPage\",\"@id\":\"https:\\\/\\\/www.altominho.tv\\\/site\\\/2019\\\/12\\\/09\\\/presepios-de-artesanato-em-exposicao-no-museu-do-traje\\\/\",\"url\":\"https:\\\/\\\/www.altominho.tv\\\/site\\\/2019\\\/12\\\/09\\\/presepios-de-artesanato-em-exposicao-no-museu-do-traje\\\/\",\"name\":\"Pres\u00e9pios de artesanato em exposi\u00e7\u00e3o no Museu do Traje\",\"isPartOf\":{\"@id\":\"https:\\\/\\\/www.altominho.tv\\\/site\\\/#website\"},\"primaryImageOfPage\":{\"@id\":\"https:\\\/\\\/www.altominho.tv\\\/site\\\/2019\\\/12\\\/09\\\/presepios-de-artesanato-em-exposicao-no-museu-do-traje\\\/#primaryimage\"},\"image\":{\"@id\":\"https:\\\/\\\/www.altominho.tv\\\/site\\\/2019\\\/12\\\/09\\\/presepios-de-artesanato-em-exposicao-no-museu-do-traje\\\/#primaryimage\"},\"thumbnailUrl\":\"https:\\\/\\\/www.altominho.tv\\\/site\\\/wp-content\\\/uploads\\\/2019\\\/12\\\/dsc_1554-e1575888358701.jpg\",\"datePublished\":\"2019-12-09T10:49:47+00:00\",\"dateModified\":\"2019-12-09T10:50:18+00:00\",\"author\":{\"@id\":\"https:\\\/\\\/www.altominho.tv\\\/site\\\/#\\\/schema\\\/person\\\/d9be4265364723f14ea8e0d56a1d38cd\"},\"breadcrumb\":{\"@id\":\"https:\\\/\\\/www.altominho.tv\\\/site\\\/2019\\\/12\\\/09\\\/presepios-de-artesanato-em-exposicao-no-museu-do-traje\\\/#breadcrumb\"},\"inLanguage\":\"pt-PT\",\"potentialAction\":[{\"@type\":\"ReadAction\",\"target\":[\"https:\\\/\\\/www.altominho.tv\\\/site\\\/2019\\\/12\\\/09\\\/presepios-de-artesanato-em-exposicao-no-museu-do-traje\\\/\"]}]},{\"@type\":\"ImageObject\",\"inLanguage\":\"pt-PT\",\"@id\":\"https:\\\/\\\/www.altominho.tv\\\/site\\\/2019\\\/12\\\/09\\\/presepios-de-artesanato-em-exposicao-no-museu-do-traje\\\/#primaryimage\",\"url\":\"https:\\\/\\\/www.altominho.tv\\\/site\\\/wp-content\\\/uploads\\\/2019\\\/12\\\/dsc_1554-e1575888358701.jpg\",\"contentUrl\":\"https:\\\/\\\/www.altominho.tv\\\/site\\\/wp-content\\\/uploads\\\/2019\\\/12\\\/dsc_1554-e1575888358701.jpg\",\"width\":3000,\"height\":1807,\"caption\":\"CM VIANA DO CASTELO\"},{\"@type\":\"BreadcrumbList\",\"@id\":\"https:\\\/\\\/www.altominho.tv\\\/site\\\/2019\\\/12\\\/09\\\/presepios-de-artesanato-em-exposicao-no-museu-do-traje\\\/#breadcrumb\",\"itemListElement\":[{\"@type\":\"ListItem\",\"position\":1,\"name\":\"In\u00edcio\",\"item\":\"https:\\\/\\\/www.altominho.tv\\\/site\\\/\"},{\"@type\":\"ListItem\",\"position\":2,\"name\":\"Pres\u00e9pios de artesanato em exposi\u00e7\u00e3o no Museu do Traje\"}]},{\"@type\":\"WebSite\",\"@id\":\"https:\\\/\\\/www.altominho.tv\\\/site\\\/#website\",\"url\":\"https:\\\/\\\/www.altominho.tv\\\/site\\\/\",\"name\":\"Altominho.tv\",\"description\":\"A sua regi\u00e3o \u00e0 dist\u00e2ncia de um clique...\",\"potentialAction\":[{\"@type\":\"SearchAction\",\"target\":{\"@type\":\"EntryPoint\",\"urlTemplate\":\"https:\\\/\\\/www.altominho.tv\\\/site\\\/?s={search_term_string}\"},\"query-input\":{\"@type\":\"PropertyValueSpecification\",\"valueRequired\":true,\"valueName\":\"search_term_string\"}}],\"inLanguage\":\"pt-PT\"},{\"@type\":\"Person\",\"@id\":\"https:\\\/\\\/www.altominho.tv\\\/site\\\/#\\\/schema\\\/person\\\/d9be4265364723f14ea8e0d56a1d38cd\",\"name\":\"Andreia Ferreira\",\"image\":{\"@type\":\"ImageObject\",\"inLanguage\":\"pt-PT\",\"@id\":\"https:\\\/\\\/www.altominho.tv\\\/site\\\/wp-content\\\/uploads\\\/2021\\\/01\\\/AndreiaFerreira-150x150.jpg\",\"url\":\"https:\\\/\\\/www.altominho.tv\\\/site\\\/wp-content\\\/uploads\\\/2021\\\/01\\\/AndreiaFerreira-150x150.jpg\",\"contentUrl\":\"https:\\\/\\\/www.altominho.tv\\\/site\\\/wp-content\\\/uploads\\\/2021\\\/01\\\/AndreiaFerreira-150x150.jpg\",\"caption\":\"Andreia Ferreira\"},\"url\":\"https:\\\/\\\/www.altominho.tv\\\/site\\\/author\\\/andreiaferreira\\\/\"}]}<\/script>\n<!-- \/ Yoast SEO Premium plugin. -->","yoast_head_json":{"title":"Pres\u00e9pios de artesanato em exposi\u00e7\u00e3o no Museu do Traje","robots":{"index":"index","follow":"follow","max-snippet":"max-snippet:-1","max-image-preview":"max-image-preview:large","max-video-preview":"max-video-preview:-1"},"canonical":"https:\/\/www.altominho.tv\/site\/2019\/12\/09\/presepios-de-artesanato-em-exposicao-no-museu-do-traje\/","og_locale":"pt_PT","og_type":"article","og_title":"Pres\u00e9pios de artesanato em exposi\u00e7\u00e3o no Museu do Traje","og_description":"O Museu do Traje, em Viana do Castelo, acolhe a primeira edi\u00e7\u00e3o da exposi\u00e7\u00e3o &#8220;Pres\u00e9pios de Artesanato de Viana&#8221;, que re\u00fane 33 exemplares de pres\u00e9pios artesanais feitos com recurso a t\u00e9cnicas e materiais diversos. Em comunicado, a autarquia explica que neste espa\u00e7o, &#8220;tendo em conta a sua tem\u00e1tica popular, optou-se pelos pres\u00e9pios tradicionais portugueses&#8221;. &#8220;Al\u00e9m [&hellip;]","og_url":"https:\/\/www.altominho.tv\/site\/2019\/12\/09\/presepios-de-artesanato-em-exposicao-no-museu-do-traje\/","og_site_name":"Altominho.tv","article_publisher":"https:\/\/www.facebook.com\/altominhotv","article_published_time":"2019-12-09T10:49:47+00:00","article_modified_time":"2019-12-09T10:50:18+00:00","og_image":[{"width":3000,"height":1807,"url":"https:\/\/www.altominho.tv\/site\/wp-content\/uploads\/2019\/12\/dsc_1554-e1575888358701.jpg","type":"image\/jpeg"}],"author":"Andreia Ferreira","twitter_card":"summary_large_image","twitter_creator":"@altominhoTV","twitter_site":"@altominhoTV","twitter_misc":{"Escrito por":"Andreia Ferreira","Tempo estimado de leitura":"1 minuto"},"schema":{"@context":"https:\/\/schema.org","@graph":[{"@type":"Article","@id":"https:\/\/www.altominho.tv\/site\/2019\/12\/09\/presepios-de-artesanato-em-exposicao-no-museu-do-traje\/#article","isPartOf":{"@id":"https:\/\/www.altominho.tv\/site\/2019\/12\/09\/presepios-de-artesanato-em-exposicao-no-museu-do-traje\/"},"author":{"name":"Andreia Ferreira","@id":"https:\/\/www.altominho.tv\/site\/#\/schema\/person\/d9be4265364723f14ea8e0d56a1d38cd"},"headline":"Pres\u00e9pios de artesanato em exposi\u00e7\u00e3o no Museu do Traje","datePublished":"2019-12-09T10:49:47+00:00","dateModified":"2019-12-09T10:50:18+00:00","mainEntityOfPage":{"@id":"https:\/\/www.altominho.tv\/site\/2019\/12\/09\/presepios-de-artesanato-em-exposicao-no-museu-do-traje\/"},"wordCount":178,"image":{"@id":"https:\/\/www.altominho.tv\/site\/2019\/12\/09\/presepios-de-artesanato-em-exposicao-no-museu-do-traje\/#primaryimage"},"thumbnailUrl":"https:\/\/www.altominho.tv\/site\/wp-content\/uploads\/2019\/12\/dsc_1554-e1575888358701.jpg","keywords":["Cultura"],"articleSection":["Viana do Castelo"],"inLanguage":"pt-PT","copyrightYear":"2019","copyrightHolder":{"@id":"https:\/\/www.altominho.tv\/site\/#organization"}},{"@type":"WebPage","@id":"https:\/\/www.altominho.tv\/site\/2019\/12\/09\/presepios-de-artesanato-em-exposicao-no-museu-do-traje\/","url":"https:\/\/www.altominho.tv\/site\/2019\/12\/09\/presepios-de-artesanato-em-exposicao-no-museu-do-traje\/","name":"Pres\u00e9pios de artesanato em exposi\u00e7\u00e3o no Museu do Traje","isPartOf":{"@id":"https:\/\/www.altominho.tv\/site\/#website"},"primaryImageOfPage":{"@id":"https:\/\/www.altominho.tv\/site\/2019\/12\/09\/presepios-de-artesanato-em-exposicao-no-museu-do-traje\/#primaryimage"},"image":{"@id":"https:\/\/www.altominho.tv\/site\/2019\/12\/09\/presepios-de-artesanato-em-exposicao-no-museu-do-traje\/#primaryimage"},"thumbnailUrl":"https:\/\/www.altominho.tv\/site\/wp-content\/uploads\/2019\/12\/dsc_1554-e1575888358701.jpg","datePublished":"2019-12-09T10:49:47+00:00","dateModified":"2019-12-09T10:50:18+00:00","author":{"@id":"https:\/\/www.altominho.tv\/site\/#\/schema\/person\/d9be4265364723f14ea8e0d56a1d38cd"},"breadcrumb":{"@id":"https:\/\/www.altominho.tv\/site\/2019\/12\/09\/presepios-de-artesanato-em-exposicao-no-museu-do-traje\/#breadcrumb"},"inLanguage":"pt-PT","potentialAction":[{"@type":"ReadAction","target":["https:\/\/www.altominho.tv\/site\/2019\/12\/09\/presepios-de-artesanato-em-exposicao-no-museu-do-traje\/"]}]},{"@type":"ImageObject","inLanguage":"pt-PT","@id":"https:\/\/www.altominho.tv\/site\/2019\/12\/09\/presepios-de-artesanato-em-exposicao-no-museu-do-traje\/#primaryimage","url":"https:\/\/www.altominho.tv\/site\/wp-content\/uploads\/2019\/12\/dsc_1554-e1575888358701.jpg","contentUrl":"https:\/\/www.altominho.tv\/site\/wp-content\/uploads\/2019\/12\/dsc_1554-e1575888358701.jpg","width":3000,"height":1807,"caption":"CM VIANA DO CASTELO"},{"@type":"BreadcrumbList","@id":"https:\/\/www.altominho.tv\/site\/2019\/12\/09\/presepios-de-artesanato-em-exposicao-no-museu-do-traje\/#breadcrumb","itemListElement":[{"@type":"ListItem","position":1,"name":"In\u00edcio","item":"https:\/\/www.altominho.tv\/site\/"},{"@type":"ListItem","position":2,"name":"Pres\u00e9pios de artesanato em exposi\u00e7\u00e3o no Museu do Traje"}]},{"@type":"WebSite","@id":"https:\/\/www.altominho.tv\/site\/#website","url":"https:\/\/www.altominho.tv\/site\/","name":"Altominho.tv","description":"A sua regi\u00e3o \u00e0 dist\u00e2ncia de um clique...","potentialAction":[{"@type":"SearchAction","target":{"@type":"EntryPoint","urlTemplate":"https:\/\/www.altominho.tv\/site\/?s={search_term_string}"},"query-input":{"@type":"PropertyValueSpecification","valueRequired":true,"valueName":"search_term_string"}}],"inLanguage":"pt-PT"},{"@type":"Person","@id":"https:\/\/www.altominho.tv\/site\/#\/schema\/person\/d9be4265364723f14ea8e0d56a1d38cd","name":"Andreia Ferreira","image":{"@type":"ImageObject","inLanguage":"pt-PT","@id":"https:\/\/www.altominho.tv\/site\/wp-content\/uploads\/2021\/01\/AndreiaFerreira-150x150.jpg","url":"https:\/\/www.altominho.tv\/site\/wp-content\/uploads\/2021\/01\/AndreiaFerreira-150x150.jpg","contentUrl":"https:\/\/www.altominho.tv\/site\/wp-content\/uploads\/2021\/01\/AndreiaFerreira-150x150.jpg","caption":"Andreia Ferreira"},"url":"https:\/\/www.altominho.tv\/site\/author\/andreiaferreira\/"}]}},"_links":{"self":[{"href":"https:\/\/www.altominho.tv\/site\/wp-json\/wp\/v2\/posts\/37610","targetHints":{"allow":["GET"]}}],"collection":[{"href":"https:\/\/www.altominho.tv\/site\/wp-json\/wp\/v2\/posts"}],"about":[{"href":"https:\/\/www.altominho.tv\/site\/wp-json\/wp\/v2\/types\/post"}],"author":[{"embeddable":true,"href":"https:\/\/www.altominho.tv\/site\/wp-json\/wp\/v2\/users\/12"}],"replies":[{"embeddable":true,"href":"https:\/\/www.altominho.tv\/site\/wp-json\/wp\/v2\/comments?post=37610"}],"version-history":[{"count":0,"href":"https:\/\/www.altominho.tv\/site\/wp-json\/wp\/v2\/posts\/37610\/revisions"}],"wp:featuredmedia":[{"embeddable":true,"href":"https:\/\/www.altominho.tv\/site\/wp-json\/wp\/v2\/media\/37612"}],"wp:attachment":[{"href":"https:\/\/www.altominho.tv\/site\/wp-json\/wp\/v2\/media?parent=37610"}],"wp:term":[{"taxonomy":"category","embeddable":true,"href":"https:\/\/www.altominho.tv\/site\/wp-json\/wp\/v2\/categories?post=37610"},{"taxonomy":"post_tag","embeddable":true,"href":"https:\/\/www.altominho.tv\/site\/wp-json\/wp\/v2\/tags?post=37610"}],"curies":[{"name":"wp","href":"https:\/\/api.w.org\/{rel}","templated":true}]}}