{"id":37585,"date":"2019-12-08T08:50:42","date_gmt":"2019-12-08T08:50:42","guid":{"rendered":"http:\/\/www.altominho.tv\/site\/?p=37585"},"modified":"2019-12-07T21:13:26","modified_gmt":"2019-12-07T21:13:26","slug":"presidente-da-camara-de-paredes-de-coura-distinguido-pela-liga-dos-bombeiros","status":"publish","type":"post","link":"https:\/\/www.altominho.tv\/site\/2019\/12\/08\/presidente-da-camara-de-paredes-de-coura-distinguido-pela-liga-dos-bombeiros\/","title":{"rendered":"Presidente da C\u00e2mara de Paredes de Coura distinguido pela Liga dos Bombeiros"},"content":{"rendered":"<p>Vitor Paulo Pereira, presidente da C\u00e2mara de Paredes de Coura, foi hoje distinguido com a \u2018Medalha de Servi\u00e7os Distintos \u2013 Grau Ouro\u2019 pela Liga dos Bombeiros Portugueses.<\/p>\n<p>Na cerim\u00f3nia que decorreu em Paredes de Coura, por ocasi\u00e3o do 93\u00ba anivers\u00e1rio da Associa\u00e7\u00e3o Humanit\u00e1ria dos Bombeiros Volunt\u00e1rios de Paredes de Coura, foi conferido ao autarca a distin\u00e7\u00e3o \u201cpela pr\u00e1tica de Servi\u00e7os Distintos que contribu\u00edram com Not\u00e1vel Evid\u00eancia para o Engrandecimento e Prest\u00edgio das Institui\u00e7\u00f5es de Socorrismo\u201d.<\/p>\n<p>Recorde-se que o Munic\u00edpio de Paredes de Coura ainda <a href=\"https:\/\/www.altominho.tv\/site\/2019\/11\/19\/centro-cultural-de-paredes-de-coura-acolhe-congresso-sobre-alteracoes-climaticas\/\">recentemente acolheu cerca de 100 especialistas<\/a> oriundos dos Estados Unidos da Am\u00e9rica, Canad\u00e1, Brasil, Chile, Espanha e Portugal, naquela que foi a primeira iniciativa na Europa e que contou com a colabora\u00e7\u00e3o da conceituada organiza\u00e7\u00e3o \u201cThe Nature Conservancy\u201d para debater o tema do uso do fogo como forma de gest\u00e3o e preven\u00e7\u00e3o de grandes inc\u00eandios florestais.<\/p>\n<p>Esta iniciativa in\u00e9dita e pioneira, frequentemente realizada nos EUA, teve lugar pela primeira vez na Europa e contou com nomes como Jeremy Bailey, da The Nature Conservancy (USA) e Christian Neil Berlinck, do Instituto Chico Mendes de Conserva\u00e7\u00e3o da Biodiversidade (ICMBio \u2013 Brasil), visando aprofundar a forma\u00e7\u00e3o dos t\u00e9cnicos, nacionais e estrangeiros no que melhor se faz a n\u00edvel internacional na investiga\u00e7\u00e3o, preven\u00e7\u00e3o e em mat\u00e9ria de combate aos inc\u00eandios, tendo como t\u00f3nica o uso do fogo e as altera\u00e7\u00f5es clim\u00e1ticas.<\/p>\n\n\n<div class=\"wp-block-image\"><figure class=\"aligncenter\"><img loading=\"lazy\" decoding=\"async\" width=\"768\" height=\"1024\" src=\"https:\/\/www.altominho.tv\/site\/wp-content\/uploads\/2019\/12\/Medalha-e-diploma-768x1024.jpg\" alt=\"\" class=\"wp-image-37587\" srcset=\"https:\/\/www.altominho.tv\/site\/wp-content\/uploads\/2019\/12\/Medalha-e-diploma-768x1024.jpg 768w, https:\/\/www.altominho.tv\/site\/wp-content\/uploads\/2019\/12\/Medalha-e-diploma-325x433.jpg 325w, https:\/\/www.altominho.tv\/site\/wp-content\/uploads\/2019\/12\/Medalha-e-diploma-370x493.jpg 370w, https:\/\/www.altominho.tv\/site\/wp-content\/uploads\/2019\/12\/Medalha-e-diploma-270x360.jpg 270w, https:\/\/www.altominho.tv\/site\/wp-content\/uploads\/2019\/12\/Medalha-e-diploma-570x760.jpg 570w, https:\/\/www.altominho.tv\/site\/wp-content\/uploads\/2019\/12\/Medalha-e-diploma-740x987.jpg 740w, https:\/\/www.altominho.tv\/site\/wp-content\/uploads\/2019\/12\/Medalha-e-diploma.jpg 1440w\" sizes=\"auto, (max-width: 768px) 100vw, 768px\" \/><\/figure><\/div>\n","protected":false},"excerpt":{"rendered":"<p>Vitor Paulo Pereira, presidente da C\u00e2mara de Paredes de Coura, foi hoje distinguido com a \u2018Medalha de Servi\u00e7os Distintos \u2013 Grau Ouro\u2019 pela Liga dos Bombeiros Portugueses. Na cerim\u00f3nia que decorreu em Paredes de Coura, por ocasi\u00e3o do 93\u00ba anivers\u00e1rio da Associa\u00e7\u00e3o Humanit\u00e1ria dos Bombeiros Volunt\u00e1rios de Paredes de Coura, foi conferido ao autarca a [&hellip;]<\/p>\n","protected":false},"author":1,"featured_media":37586,"comment_status":"closed","ping_status":"closed","sticky":false,"template":"","format":"standard","meta":{"_exactmetrics_skip_tracking":false,"_exactmetrics_sitenote_active":false,"_exactmetrics_sitenote_note":"","_exactmetrics_sitenote_category":0,"footnotes":""},"categories":[10],"tags":[27],"class_list":["post-37585","post","type-post","status-publish","format-standard","has-post-thumbnail","hentry","category-paredes-de-coura","tag-sociedade"],"yoast_head":"<!-- This site is optimized with the Yoast SEO Premium plugin v27.5 (Yoast SEO v27.5) - https:\/\/yoast.com\/product\/yoast-seo-premium-wordpress\/ -->\n<title>Presidente da C\u00e2mara de Paredes de Coura distinguido pela Liga dos Bombeiros<\/title>\n<meta name=\"robots\" content=\"index, follow, max-snippet:-1, max-image-preview:large, max-video-preview:-1\" \/>\n<link rel=\"canonical\" href=\"https:\/\/www.altominho.tv\/site\/2019\/12\/08\/presidente-da-camara-de-paredes-de-coura-distinguido-pela-liga-dos-bombeiros\/\" \/>\n<meta property=\"og:locale\" content=\"pt_PT\" \/>\n<meta property=\"og:type\" content=\"article\" \/>\n<meta property=\"og:title\" content=\"Presidente da C\u00e2mara de Paredes de Coura distinguido pela Liga dos Bombeiros\" \/>\n<meta property=\"og:description\" content=\"Vitor Paulo Pereira, presidente da C\u00e2mara de Paredes de Coura, foi hoje distinguido com a \u2018Medalha de Servi\u00e7os Distintos \u2013 Grau Ouro\u2019 pela Liga dos Bombeiros Portugueses. Na cerim\u00f3nia que decorreu em Paredes de Coura, por ocasi\u00e3o do 93\u00ba anivers\u00e1rio da Associa\u00e7\u00e3o Humanit\u00e1ria dos Bombeiros Volunt\u00e1rios de Paredes de Coura, foi conferido ao autarca a [&hellip;]\" \/>\n<meta property=\"og:url\" content=\"https:\/\/www.altominho.tv\/site\/2019\/12\/08\/presidente-da-camara-de-paredes-de-coura-distinguido-pela-liga-dos-bombeiros\/\" \/>\n<meta property=\"og:site_name\" content=\"Altominho.tv\" \/>\n<meta property=\"article:publisher\" content=\"https:\/\/www.facebook.com\/altominhotv\" \/>\n<meta property=\"article:published_time\" content=\"2019-12-08T08:50:42+00:00\" \/>\n<meta property=\"og:image\" content=\"https:\/\/www.altominho.tv\/site\/wp-content\/uploads\/2019\/12\/Vitor-Paulo_Bombeiros.jpg\" \/>\n\t<meta property=\"og:image:width\" content=\"960\" \/>\n\t<meta property=\"og:image:height\" content=\"540\" \/>\n\t<meta property=\"og:image:type\" content=\"image\/jpeg\" \/>\n<meta name=\"author\" content=\"Altominho.tv\" \/>\n<meta name=\"twitter:card\" content=\"summary_large_image\" \/>\n<meta name=\"twitter:creator\" content=\"@altominhoTV\" \/>\n<meta name=\"twitter:site\" content=\"@altominhoTV\" \/>\n<meta name=\"twitter:label1\" content=\"Escrito por\" \/>\n\t<meta name=\"twitter:data1\" content=\"Altominho.tv\" \/>\n\t<meta name=\"twitter:label2\" content=\"Tempo estimado de leitura\" \/>\n\t<meta name=\"twitter:data2\" content=\"1 minuto\" \/>\n<script type=\"application\/ld+json\" class=\"yoast-schema-graph\">{\"@context\":\"https:\\\/\\\/schema.org\",\"@graph\":[{\"@type\":\"Article\",\"@id\":\"https:\\\/\\\/www.altominho.tv\\\/site\\\/2019\\\/12\\\/08\\\/presidente-da-camara-de-paredes-de-coura-distinguido-pela-liga-dos-bombeiros\\\/#article\",\"isPartOf\":{\"@id\":\"https:\\\/\\\/www.altominho.tv\\\/site\\\/2019\\\/12\\\/08\\\/presidente-da-camara-de-paredes-de-coura-distinguido-pela-liga-dos-bombeiros\\\/\"},\"author\":{\"name\":\"Altominho.tv\",\"@id\":\"https:\\\/\\\/www.altominho.tv\\\/site\\\/#\\\/schema\\\/person\\\/4e536851627d7914baf3dac752b6af22\"},\"headline\":\"Presidente da C\u00e2mara de Paredes de Coura distinguido pela Liga dos Bombeiros\",\"datePublished\":\"2019-12-08T08:50:42+00:00\",\"mainEntityOfPage\":{\"@id\":\"https:\\\/\\\/www.altominho.tv\\\/site\\\/2019\\\/12\\\/08\\\/presidente-da-camara-de-paredes-de-coura-distinguido-pela-liga-dos-bombeiros\\\/\"},\"wordCount\":265,\"image\":{\"@id\":\"https:\\\/\\\/www.altominho.tv\\\/site\\\/2019\\\/12\\\/08\\\/presidente-da-camara-de-paredes-de-coura-distinguido-pela-liga-dos-bombeiros\\\/#primaryimage\"},\"thumbnailUrl\":\"https:\\\/\\\/www.altominho.tv\\\/site\\\/wp-content\\\/uploads\\\/2019\\\/12\\\/Vitor-Paulo_Bombeiros.jpg\",\"keywords\":[\"Sociedade\"],\"articleSection\":[\"Paredes de Coura\"],\"inLanguage\":\"pt-PT\",\"copyrightYear\":\"2019\",\"copyrightHolder\":{\"@id\":\"https:\\\/\\\/www.altominho.tv\\\/site\\\/#organization\"}},{\"@type\":\"WebPage\",\"@id\":\"https:\\\/\\\/www.altominho.tv\\\/site\\\/2019\\\/12\\\/08\\\/presidente-da-camara-de-paredes-de-coura-distinguido-pela-liga-dos-bombeiros\\\/\",\"url\":\"https:\\\/\\\/www.altominho.tv\\\/site\\\/2019\\\/12\\\/08\\\/presidente-da-camara-de-paredes-de-coura-distinguido-pela-liga-dos-bombeiros\\\/\",\"name\":\"Presidente da C\u00e2mara de Paredes de Coura distinguido pela Liga dos Bombeiros\",\"isPartOf\":{\"@id\":\"https:\\\/\\\/www.altominho.tv\\\/site\\\/#website\"},\"primaryImageOfPage\":{\"@id\":\"https:\\\/\\\/www.altominho.tv\\\/site\\\/2019\\\/12\\\/08\\\/presidente-da-camara-de-paredes-de-coura-distinguido-pela-liga-dos-bombeiros\\\/#primaryimage\"},\"image\":{\"@id\":\"https:\\\/\\\/www.altominho.tv\\\/site\\\/2019\\\/12\\\/08\\\/presidente-da-camara-de-paredes-de-coura-distinguido-pela-liga-dos-bombeiros\\\/#primaryimage\"},\"thumbnailUrl\":\"https:\\\/\\\/www.altominho.tv\\\/site\\\/wp-content\\\/uploads\\\/2019\\\/12\\\/Vitor-Paulo_Bombeiros.jpg\",\"datePublished\":\"2019-12-08T08:50:42+00:00\",\"author\":{\"@id\":\"https:\\\/\\\/www.altominho.tv\\\/site\\\/#\\\/schema\\\/person\\\/4e536851627d7914baf3dac752b6af22\"},\"breadcrumb\":{\"@id\":\"https:\\\/\\\/www.altominho.tv\\\/site\\\/2019\\\/12\\\/08\\\/presidente-da-camara-de-paredes-de-coura-distinguido-pela-liga-dos-bombeiros\\\/#breadcrumb\"},\"inLanguage\":\"pt-PT\",\"potentialAction\":[{\"@type\":\"ReadAction\",\"target\":[\"https:\\\/\\\/www.altominho.tv\\\/site\\\/2019\\\/12\\\/08\\\/presidente-da-camara-de-paredes-de-coura-distinguido-pela-liga-dos-bombeiros\\\/\"]}]},{\"@type\":\"ImageObject\",\"inLanguage\":\"pt-PT\",\"@id\":\"https:\\\/\\\/www.altominho.tv\\\/site\\\/2019\\\/12\\\/08\\\/presidente-da-camara-de-paredes-de-coura-distinguido-pela-liga-dos-bombeiros\\\/#primaryimage\",\"url\":\"https:\\\/\\\/www.altominho.tv\\\/site\\\/wp-content\\\/uploads\\\/2019\\\/12\\\/Vitor-Paulo_Bombeiros.jpg\",\"contentUrl\":\"https:\\\/\\\/www.altominho.tv\\\/site\\\/wp-content\\\/uploads\\\/2019\\\/12\\\/Vitor-Paulo_Bombeiros.jpg\",\"width\":960,\"height\":540,\"caption\":\"Tiago C.\"},{\"@type\":\"BreadcrumbList\",\"@id\":\"https:\\\/\\\/www.altominho.tv\\\/site\\\/2019\\\/12\\\/08\\\/presidente-da-camara-de-paredes-de-coura-distinguido-pela-liga-dos-bombeiros\\\/#breadcrumb\",\"itemListElement\":[{\"@type\":\"ListItem\",\"position\":1,\"name\":\"In\u00edcio\",\"item\":\"https:\\\/\\\/www.altominho.tv\\\/site\\\/\"},{\"@type\":\"ListItem\",\"position\":2,\"name\":\"Presidente da C\u00e2mara de Paredes de Coura distinguido pela Liga dos Bombeiros\"}]},{\"@type\":\"WebSite\",\"@id\":\"https:\\\/\\\/www.altominho.tv\\\/site\\\/#website\",\"url\":\"https:\\\/\\\/www.altominho.tv\\\/site\\\/\",\"name\":\"Altominho.tv\",\"description\":\"A sua regi\u00e3o \u00e0 dist\u00e2ncia de um clique...\",\"potentialAction\":[{\"@type\":\"SearchAction\",\"target\":{\"@type\":\"EntryPoint\",\"urlTemplate\":\"https:\\\/\\\/www.altominho.tv\\\/site\\\/?s={search_term_string}\"},\"query-input\":{\"@type\":\"PropertyValueSpecification\",\"valueRequired\":true,\"valueName\":\"search_term_string\"}}],\"inLanguage\":\"pt-PT\"},{\"@type\":\"Person\",\"@id\":\"https:\\\/\\\/www.altominho.tv\\\/site\\\/#\\\/schema\\\/person\\\/4e536851627d7914baf3dac752b6af22\",\"name\":\"Altominho.tv\",\"image\":{\"@type\":\"ImageObject\",\"inLanguage\":\"pt-PT\",\"@id\":\"https:\\\/\\\/www.altominho.tv\\\/site\\\/wp-content\\\/uploads\\\/2019\\\/11\\\/Logo_Avatar_2-150x150.jpg\",\"url\":\"https:\\\/\\\/www.altominho.tv\\\/site\\\/wp-content\\\/uploads\\\/2019\\\/11\\\/Logo_Avatar_2-150x150.jpg\",\"contentUrl\":\"https:\\\/\\\/www.altominho.tv\\\/site\\\/wp-content\\\/uploads\\\/2019\\\/11\\\/Logo_Avatar_2-150x150.jpg\",\"caption\":\"Altominho.tv\"},\"url\":\"https:\\\/\\\/www.altominho.tv\\\/site\\\/author\\\/altominhotv-tecnico\\\/\"}]}<\/script>\n<!-- \/ Yoast SEO Premium plugin. -->","yoast_head_json":{"title":"Presidente da C\u00e2mara de Paredes de Coura distinguido pela Liga dos Bombeiros","robots":{"index":"index","follow":"follow","max-snippet":"max-snippet:-1","max-image-preview":"max-image-preview:large","max-video-preview":"max-video-preview:-1"},"canonical":"https:\/\/www.altominho.tv\/site\/2019\/12\/08\/presidente-da-camara-de-paredes-de-coura-distinguido-pela-liga-dos-bombeiros\/","og_locale":"pt_PT","og_type":"article","og_title":"Presidente da C\u00e2mara de Paredes de Coura distinguido pela Liga dos Bombeiros","og_description":"Vitor Paulo Pereira, presidente da C\u00e2mara de Paredes de Coura, foi hoje distinguido com a \u2018Medalha de Servi\u00e7os Distintos \u2013 Grau Ouro\u2019 pela Liga dos Bombeiros Portugueses. Na cerim\u00f3nia que decorreu em Paredes de Coura, por ocasi\u00e3o do 93\u00ba anivers\u00e1rio da Associa\u00e7\u00e3o Humanit\u00e1ria dos Bombeiros Volunt\u00e1rios de Paredes de Coura, foi conferido ao autarca a [&hellip;]","og_url":"https:\/\/www.altominho.tv\/site\/2019\/12\/08\/presidente-da-camara-de-paredes-de-coura-distinguido-pela-liga-dos-bombeiros\/","og_site_name":"Altominho.tv","article_publisher":"https:\/\/www.facebook.com\/altominhotv","article_published_time":"2019-12-08T08:50:42+00:00","og_image":[{"width":960,"height":540,"url":"https:\/\/www.altominho.tv\/site\/wp-content\/uploads\/2019\/12\/Vitor-Paulo_Bombeiros.jpg","type":"image\/jpeg"}],"author":"Altominho.tv","twitter_card":"summary_large_image","twitter_creator":"@altominhoTV","twitter_site":"@altominhoTV","twitter_misc":{"Escrito por":"Altominho.tv","Tempo estimado de leitura":"1 minuto"},"schema":{"@context":"https:\/\/schema.org","@graph":[{"@type":"Article","@id":"https:\/\/www.altominho.tv\/site\/2019\/12\/08\/presidente-da-camara-de-paredes-de-coura-distinguido-pela-liga-dos-bombeiros\/#article","isPartOf":{"@id":"https:\/\/www.altominho.tv\/site\/2019\/12\/08\/presidente-da-camara-de-paredes-de-coura-distinguido-pela-liga-dos-bombeiros\/"},"author":{"name":"Altominho.tv","@id":"https:\/\/www.altominho.tv\/site\/#\/schema\/person\/4e536851627d7914baf3dac752b6af22"},"headline":"Presidente da C\u00e2mara de Paredes de Coura distinguido pela Liga dos Bombeiros","datePublished":"2019-12-08T08:50:42+00:00","mainEntityOfPage":{"@id":"https:\/\/www.altominho.tv\/site\/2019\/12\/08\/presidente-da-camara-de-paredes-de-coura-distinguido-pela-liga-dos-bombeiros\/"},"wordCount":265,"image":{"@id":"https:\/\/www.altominho.tv\/site\/2019\/12\/08\/presidente-da-camara-de-paredes-de-coura-distinguido-pela-liga-dos-bombeiros\/#primaryimage"},"thumbnailUrl":"https:\/\/www.altominho.tv\/site\/wp-content\/uploads\/2019\/12\/Vitor-Paulo_Bombeiros.jpg","keywords":["Sociedade"],"articleSection":["Paredes de Coura"],"inLanguage":"pt-PT","copyrightYear":"2019","copyrightHolder":{"@id":"https:\/\/www.altominho.tv\/site\/#organization"}},{"@type":"WebPage","@id":"https:\/\/www.altominho.tv\/site\/2019\/12\/08\/presidente-da-camara-de-paredes-de-coura-distinguido-pela-liga-dos-bombeiros\/","url":"https:\/\/www.altominho.tv\/site\/2019\/12\/08\/presidente-da-camara-de-paredes-de-coura-distinguido-pela-liga-dos-bombeiros\/","name":"Presidente da C\u00e2mara de Paredes de Coura distinguido pela Liga dos Bombeiros","isPartOf":{"@id":"https:\/\/www.altominho.tv\/site\/#website"},"primaryImageOfPage":{"@id":"https:\/\/www.altominho.tv\/site\/2019\/12\/08\/presidente-da-camara-de-paredes-de-coura-distinguido-pela-liga-dos-bombeiros\/#primaryimage"},"image":{"@id":"https:\/\/www.altominho.tv\/site\/2019\/12\/08\/presidente-da-camara-de-paredes-de-coura-distinguido-pela-liga-dos-bombeiros\/#primaryimage"},"thumbnailUrl":"https:\/\/www.altominho.tv\/site\/wp-content\/uploads\/2019\/12\/Vitor-Paulo_Bombeiros.jpg","datePublished":"2019-12-08T08:50:42+00:00","author":{"@id":"https:\/\/www.altominho.tv\/site\/#\/schema\/person\/4e536851627d7914baf3dac752b6af22"},"breadcrumb":{"@id":"https:\/\/www.altominho.tv\/site\/2019\/12\/08\/presidente-da-camara-de-paredes-de-coura-distinguido-pela-liga-dos-bombeiros\/#breadcrumb"},"inLanguage":"pt-PT","potentialAction":[{"@type":"ReadAction","target":["https:\/\/www.altominho.tv\/site\/2019\/12\/08\/presidente-da-camara-de-paredes-de-coura-distinguido-pela-liga-dos-bombeiros\/"]}]},{"@type":"ImageObject","inLanguage":"pt-PT","@id":"https:\/\/www.altominho.tv\/site\/2019\/12\/08\/presidente-da-camara-de-paredes-de-coura-distinguido-pela-liga-dos-bombeiros\/#primaryimage","url":"https:\/\/www.altominho.tv\/site\/wp-content\/uploads\/2019\/12\/Vitor-Paulo_Bombeiros.jpg","contentUrl":"https:\/\/www.altominho.tv\/site\/wp-content\/uploads\/2019\/12\/Vitor-Paulo_Bombeiros.jpg","width":960,"height":540,"caption":"Tiago C."},{"@type":"BreadcrumbList","@id":"https:\/\/www.altominho.tv\/site\/2019\/12\/08\/presidente-da-camara-de-paredes-de-coura-distinguido-pela-liga-dos-bombeiros\/#breadcrumb","itemListElement":[{"@type":"ListItem","position":1,"name":"In\u00edcio","item":"https:\/\/www.altominho.tv\/site\/"},{"@type":"ListItem","position":2,"name":"Presidente da C\u00e2mara de Paredes de Coura distinguido pela Liga dos Bombeiros"}]},{"@type":"WebSite","@id":"https:\/\/www.altominho.tv\/site\/#website","url":"https:\/\/www.altominho.tv\/site\/","name":"Altominho.tv","description":"A sua regi\u00e3o \u00e0 dist\u00e2ncia de um clique...","potentialAction":[{"@type":"SearchAction","target":{"@type":"EntryPoint","urlTemplate":"https:\/\/www.altominho.tv\/site\/?s={search_term_string}"},"query-input":{"@type":"PropertyValueSpecification","valueRequired":true,"valueName":"search_term_string"}}],"inLanguage":"pt-PT"},{"@type":"Person","@id":"https:\/\/www.altominho.tv\/site\/#\/schema\/person\/4e536851627d7914baf3dac752b6af22","name":"Altominho.tv","image":{"@type":"ImageObject","inLanguage":"pt-PT","@id":"https:\/\/www.altominho.tv\/site\/wp-content\/uploads\/2019\/11\/Logo_Avatar_2-150x150.jpg","url":"https:\/\/www.altominho.tv\/site\/wp-content\/uploads\/2019\/11\/Logo_Avatar_2-150x150.jpg","contentUrl":"https:\/\/www.altominho.tv\/site\/wp-content\/uploads\/2019\/11\/Logo_Avatar_2-150x150.jpg","caption":"Altominho.tv"},"url":"https:\/\/www.altominho.tv\/site\/author\/altominhotv-tecnico\/"}]}},"_links":{"self":[{"href":"https:\/\/www.altominho.tv\/site\/wp-json\/wp\/v2\/posts\/37585","targetHints":{"allow":["GET"]}}],"collection":[{"href":"https:\/\/www.altominho.tv\/site\/wp-json\/wp\/v2\/posts"}],"about":[{"href":"https:\/\/www.altominho.tv\/site\/wp-json\/wp\/v2\/types\/post"}],"author":[{"embeddable":true,"href":"https:\/\/www.altominho.tv\/site\/wp-json\/wp\/v2\/users\/1"}],"replies":[{"embeddable":true,"href":"https:\/\/www.altominho.tv\/site\/wp-json\/wp\/v2\/comments?post=37585"}],"version-history":[{"count":0,"href":"https:\/\/www.altominho.tv\/site\/wp-json\/wp\/v2\/posts\/37585\/revisions"}],"wp:featuredmedia":[{"embeddable":true,"href":"https:\/\/www.altominho.tv\/site\/wp-json\/wp\/v2\/media\/37586"}],"wp:attachment":[{"href":"https:\/\/www.altominho.tv\/site\/wp-json\/wp\/v2\/media?parent=37585"}],"wp:term":[{"taxonomy":"category","embeddable":true,"href":"https:\/\/www.altominho.tv\/site\/wp-json\/wp\/v2\/categories?post=37585"},{"taxonomy":"post_tag","embeddable":true,"href":"https:\/\/www.altominho.tv\/site\/wp-json\/wp\/v2\/tags?post=37585"}],"curies":[{"name":"wp","href":"https:\/\/api.w.org\/{rel}","templated":true}]}}