{"id":37457,"date":"2019-12-04T17:46:14","date_gmt":"2019-12-04T17:46:14","guid":{"rendered":"http:\/\/www.altominho.tv\/site\/?p=37457"},"modified":"2019-12-05T19:54:29","modified_gmt":"2019-12-05T19:54:29","slug":"paredes-de-coura-volta-a-disponibilizar-gratuitamente-pinheiros-naturais","status":"publish","type":"post","link":"https:\/\/www.altominho.tv\/site\/2019\/12\/04\/paredes-de-coura-volta-a-disponibilizar-gratuitamente-pinheiros-naturais\/","title":{"rendered":"Paredes de Coura volta a disponibilizar gratuitamente pinheiros naturais"},"content":{"rendered":"<p>O Munic\u00edpio de Paredes de Coura volta a disponibilizar gratuitamente pinheiros naturais, para evitar o corte de \u00e1rvores vi\u00e1veis e a destrui\u00e7\u00e3o da floresta em crescimento, durante a quadra natal\u00edcia.<\/p>\n<p>Esta a\u00e7\u00e3o tem a colabora\u00e7\u00e3o das equipas de sapadores florestais que recolhem pinheiros jovens de dimens\u00e3o vari\u00e1vel em monda feita nas zonas de regenera\u00e7\u00e3o natural. A elimina\u00e7\u00e3o destas \u00e1rvores de povoamentos excessivamente densos \u00e9 considerada essencial para o ordenamento da floresta e para a sua prote\u00e7\u00e3o contra inc\u00eandios. O corte e uso de \u00e1rvores naturais para ornamenta\u00e7\u00e3o natal\u00edcia \u00e9 apontada como um ato ambientalmente pouco respons\u00e1vel. Por isso, quem preferir um pinheiro natural pode recolh\u00ea-lo nas oficinas municipais e n\u00e3o cortando na natureza.<\/p>\n<p>Recorde-se que Paredes de Coura foi o primeiro munic\u00edpio portugu\u00eas a apresentar um Projeto \u2013 Piloto do Plano de Paisagem, tendo inclusive o Plano de Paisagem das Terras de Coura sido apresentado no \u201cEuropean Landscape Forum 2018 \u2013 Civilscape\u201d, na cidade alem\u00e3 de Aschaffenburg.<\/p>\n<p><strong>\u201cA nossa paisagem \u00e9 de uma riqueza inestim\u00e1vel e patrim\u00f3nio \u00fanico.<\/strong> <strong>Quem n\u00e3o compreende o valor da paisagem e do ambiente, n\u00e3o compreende o futuro\u201d<\/strong>, insiste Vitor Paulo Pereira, presidente da C\u00e2mara de Paredes de Coura, que com o Plano de Paisagem procura a valoriza\u00e7\u00e3o do patrim\u00f3nio natural, cultural e urbano, bem como a defini\u00e7\u00e3o de medidas orientadoras para a gest\u00e3o da paisagem que preservem o seu car\u00e1ter e identidade, refor\u00e7ando a componente da paisagem cultural nas aldeias e lugares inclu\u00eddos em Rede Natura e na Paisagem protegida.<\/p>\n","protected":false},"excerpt":{"rendered":"<p>O Munic\u00edpio de Paredes de Coura volta a disponibilizar gratuitamente pinheiros naturais, para evitar o corte de \u00e1rvores vi\u00e1veis e a destrui\u00e7\u00e3o da floresta em crescimento, durante a quadra natal\u00edcia. Esta a\u00e7\u00e3o tem a colabora\u00e7\u00e3o das equipas de sapadores florestais que recolhem pinheiros jovens de dimens\u00e3o vari\u00e1vel em monda feita nas zonas de regenera\u00e7\u00e3o natural. [&hellip;]<\/p>\n","protected":false},"author":1,"featured_media":37459,"comment_status":"closed","ping_status":"closed","sticky":false,"template":"","format":"standard","meta":{"_exactmetrics_skip_tracking":false,"_exactmetrics_sitenote_active":false,"_exactmetrics_sitenote_note":"","_exactmetrics_sitenote_category":0,"footnotes":""},"categories":[10],"tags":[27],"class_list":["post-37457","post","type-post","status-publish","format-standard","has-post-thumbnail","hentry","category-paredes-de-coura","tag-sociedade"],"yoast_head":"<!-- This site is optimized with the Yoast SEO Premium plugin v27.5 (Yoast SEO v27.5) - https:\/\/yoast.com\/product\/yoast-seo-premium-wordpress\/ -->\n<title>Paredes de Coura volta a disponibilizar gratuitamente pinheiros naturais<\/title>\n<meta name=\"robots\" content=\"index, follow, max-snippet:-1, max-image-preview:large, max-video-preview:-1\" \/>\n<link rel=\"canonical\" href=\"https:\/\/www.altominho.tv\/site\/2019\/12\/04\/paredes-de-coura-volta-a-disponibilizar-gratuitamente-pinheiros-naturais\/\" \/>\n<meta property=\"og:locale\" content=\"pt_PT\" \/>\n<meta property=\"og:type\" content=\"article\" \/>\n<meta property=\"og:title\" content=\"Paredes de Coura volta a disponibilizar gratuitamente pinheiros naturais\" \/>\n<meta property=\"og:description\" content=\"O Munic\u00edpio de Paredes de Coura volta a disponibilizar gratuitamente pinheiros naturais, para evitar o corte de \u00e1rvores vi\u00e1veis e a destrui\u00e7\u00e3o da floresta em crescimento, durante a quadra natal\u00edcia. Esta a\u00e7\u00e3o tem a colabora\u00e7\u00e3o das equipas de sapadores florestais que recolhem pinheiros jovens de dimens\u00e3o vari\u00e1vel em monda feita nas zonas de regenera\u00e7\u00e3o natural. [&hellip;]\" \/>\n<meta property=\"og:url\" content=\"https:\/\/www.altominho.tv\/site\/2019\/12\/04\/paredes-de-coura-volta-a-disponibilizar-gratuitamente-pinheiros-naturais\/\" \/>\n<meta property=\"og:site_name\" content=\"Altominho.tv\" \/>\n<meta property=\"article:publisher\" content=\"https:\/\/www.facebook.com\/altominhotv\" \/>\n<meta property=\"article:published_time\" content=\"2019-12-04T17:46:14+00:00\" \/>\n<meta property=\"article:modified_time\" content=\"2019-12-05T19:54:29+00:00\" \/>\n<meta property=\"og:image\" content=\"https:\/\/www.altominho.tv\/site\/wp-content\/uploads\/2019\/12\/Pinheiros_Natal.jpg\" \/>\n\t<meta property=\"og:image:width\" content=\"770\" \/>\n\t<meta property=\"og:image:height\" content=\"433\" \/>\n\t<meta property=\"og:image:type\" content=\"image\/jpeg\" \/>\n<meta name=\"author\" content=\"Altominho.tv\" \/>\n<meta name=\"twitter:card\" content=\"summary_large_image\" \/>\n<meta name=\"twitter:creator\" content=\"@altominhoTV\" \/>\n<meta name=\"twitter:site\" content=\"@altominhoTV\" \/>\n<meta name=\"twitter:label1\" content=\"Escrito por\" \/>\n\t<meta name=\"twitter:data1\" content=\"Altominho.tv\" \/>\n\t<meta name=\"twitter:label2\" content=\"Tempo estimado de leitura\" \/>\n\t<meta name=\"twitter:data2\" content=\"1 minuto\" \/>\n<script type=\"application\/ld+json\" class=\"yoast-schema-graph\">{\"@context\":\"https:\\\/\\\/schema.org\",\"@graph\":[{\"@type\":\"Article\",\"@id\":\"https:\\\/\\\/www.altominho.tv\\\/site\\\/2019\\\/12\\\/04\\\/paredes-de-coura-volta-a-disponibilizar-gratuitamente-pinheiros-naturais\\\/#article\",\"isPartOf\":{\"@id\":\"https:\\\/\\\/www.altominho.tv\\\/site\\\/2019\\\/12\\\/04\\\/paredes-de-coura-volta-a-disponibilizar-gratuitamente-pinheiros-naturais\\\/\"},\"author\":{\"name\":\"Altominho.tv\",\"@id\":\"https:\\\/\\\/www.altominho.tv\\\/site\\\/#\\\/schema\\\/person\\\/4e536851627d7914baf3dac752b6af22\"},\"headline\":\"Paredes de Coura volta a disponibilizar gratuitamente pinheiros naturais\",\"datePublished\":\"2019-12-04T17:46:14+00:00\",\"dateModified\":\"2019-12-05T19:54:29+00:00\",\"mainEntityOfPage\":{\"@id\":\"https:\\\/\\\/www.altominho.tv\\\/site\\\/2019\\\/12\\\/04\\\/paredes-de-coura-volta-a-disponibilizar-gratuitamente-pinheiros-naturais\\\/\"},\"wordCount\":279,\"image\":{\"@id\":\"https:\\\/\\\/www.altominho.tv\\\/site\\\/2019\\\/12\\\/04\\\/paredes-de-coura-volta-a-disponibilizar-gratuitamente-pinheiros-naturais\\\/#primaryimage\"},\"thumbnailUrl\":\"https:\\\/\\\/www.altominho.tv\\\/site\\\/wp-content\\\/uploads\\\/2019\\\/12\\\/Pinheiros_Natal.jpg\",\"keywords\":[\"Sociedade\"],\"articleSection\":[\"Paredes de Coura\"],\"inLanguage\":\"pt-PT\",\"copyrightYear\":\"2019\",\"copyrightHolder\":{\"@id\":\"https:\\\/\\\/www.altominho.tv\\\/site\\\/#organization\"}},{\"@type\":\"WebPage\",\"@id\":\"https:\\\/\\\/www.altominho.tv\\\/site\\\/2019\\\/12\\\/04\\\/paredes-de-coura-volta-a-disponibilizar-gratuitamente-pinheiros-naturais\\\/\",\"url\":\"https:\\\/\\\/www.altominho.tv\\\/site\\\/2019\\\/12\\\/04\\\/paredes-de-coura-volta-a-disponibilizar-gratuitamente-pinheiros-naturais\\\/\",\"name\":\"Paredes de Coura volta a disponibilizar gratuitamente pinheiros naturais\",\"isPartOf\":{\"@id\":\"https:\\\/\\\/www.altominho.tv\\\/site\\\/#website\"},\"primaryImageOfPage\":{\"@id\":\"https:\\\/\\\/www.altominho.tv\\\/site\\\/2019\\\/12\\\/04\\\/paredes-de-coura-volta-a-disponibilizar-gratuitamente-pinheiros-naturais\\\/#primaryimage\"},\"image\":{\"@id\":\"https:\\\/\\\/www.altominho.tv\\\/site\\\/2019\\\/12\\\/04\\\/paredes-de-coura-volta-a-disponibilizar-gratuitamente-pinheiros-naturais\\\/#primaryimage\"},\"thumbnailUrl\":\"https:\\\/\\\/www.altominho.tv\\\/site\\\/wp-content\\\/uploads\\\/2019\\\/12\\\/Pinheiros_Natal.jpg\",\"datePublished\":\"2019-12-04T17:46:14+00:00\",\"dateModified\":\"2019-12-05T19:54:29+00:00\",\"author\":{\"@id\":\"https:\\\/\\\/www.altominho.tv\\\/site\\\/#\\\/schema\\\/person\\\/4e536851627d7914baf3dac752b6af22\"},\"breadcrumb\":{\"@id\":\"https:\\\/\\\/www.altominho.tv\\\/site\\\/2019\\\/12\\\/04\\\/paredes-de-coura-volta-a-disponibilizar-gratuitamente-pinheiros-naturais\\\/#breadcrumb\"},\"inLanguage\":\"pt-PT\",\"potentialAction\":[{\"@type\":\"ReadAction\",\"target\":[\"https:\\\/\\\/www.altominho.tv\\\/site\\\/2019\\\/12\\\/04\\\/paredes-de-coura-volta-a-disponibilizar-gratuitamente-pinheiros-naturais\\\/\"]}]},{\"@type\":\"ImageObject\",\"inLanguage\":\"pt-PT\",\"@id\":\"https:\\\/\\\/www.altominho.tv\\\/site\\\/2019\\\/12\\\/04\\\/paredes-de-coura-volta-a-disponibilizar-gratuitamente-pinheiros-naturais\\\/#primaryimage\",\"url\":\"https:\\\/\\\/www.altominho.tv\\\/site\\\/wp-content\\\/uploads\\\/2019\\\/12\\\/Pinheiros_Natal.jpg\",\"contentUrl\":\"https:\\\/\\\/www.altominho.tv\\\/site\\\/wp-content\\\/uploads\\\/2019\\\/12\\\/Pinheiros_Natal.jpg\",\"width\":770,\"height\":433},{\"@type\":\"BreadcrumbList\",\"@id\":\"https:\\\/\\\/www.altominho.tv\\\/site\\\/2019\\\/12\\\/04\\\/paredes-de-coura-volta-a-disponibilizar-gratuitamente-pinheiros-naturais\\\/#breadcrumb\",\"itemListElement\":[{\"@type\":\"ListItem\",\"position\":1,\"name\":\"In\u00edcio\",\"item\":\"https:\\\/\\\/www.altominho.tv\\\/site\\\/\"},{\"@type\":\"ListItem\",\"position\":2,\"name\":\"Paredes de Coura volta a disponibilizar gratuitamente pinheiros naturais\"}]},{\"@type\":\"WebSite\",\"@id\":\"https:\\\/\\\/www.altominho.tv\\\/site\\\/#website\",\"url\":\"https:\\\/\\\/www.altominho.tv\\\/site\\\/\",\"name\":\"Altominho.tv\",\"description\":\"A sua regi\u00e3o \u00e0 dist\u00e2ncia de um clique...\",\"potentialAction\":[{\"@type\":\"SearchAction\",\"target\":{\"@type\":\"EntryPoint\",\"urlTemplate\":\"https:\\\/\\\/www.altominho.tv\\\/site\\\/?s={search_term_string}\"},\"query-input\":{\"@type\":\"PropertyValueSpecification\",\"valueRequired\":true,\"valueName\":\"search_term_string\"}}],\"inLanguage\":\"pt-PT\"},{\"@type\":\"Person\",\"@id\":\"https:\\\/\\\/www.altominho.tv\\\/site\\\/#\\\/schema\\\/person\\\/4e536851627d7914baf3dac752b6af22\",\"name\":\"Altominho.tv\",\"image\":{\"@type\":\"ImageObject\",\"inLanguage\":\"pt-PT\",\"@id\":\"https:\\\/\\\/www.altominho.tv\\\/site\\\/wp-content\\\/uploads\\\/2019\\\/11\\\/Logo_Avatar_2-150x150.jpg\",\"url\":\"https:\\\/\\\/www.altominho.tv\\\/site\\\/wp-content\\\/uploads\\\/2019\\\/11\\\/Logo_Avatar_2-150x150.jpg\",\"contentUrl\":\"https:\\\/\\\/www.altominho.tv\\\/site\\\/wp-content\\\/uploads\\\/2019\\\/11\\\/Logo_Avatar_2-150x150.jpg\",\"caption\":\"Altominho.tv\"},\"url\":\"https:\\\/\\\/www.altominho.tv\\\/site\\\/author\\\/altominhotv-tecnico\\\/\"}]}<\/script>\n<!-- \/ Yoast SEO Premium plugin. -->","yoast_head_json":{"title":"Paredes de Coura volta a disponibilizar gratuitamente pinheiros naturais","robots":{"index":"index","follow":"follow","max-snippet":"max-snippet:-1","max-image-preview":"max-image-preview:large","max-video-preview":"max-video-preview:-1"},"canonical":"https:\/\/www.altominho.tv\/site\/2019\/12\/04\/paredes-de-coura-volta-a-disponibilizar-gratuitamente-pinheiros-naturais\/","og_locale":"pt_PT","og_type":"article","og_title":"Paredes de Coura volta a disponibilizar gratuitamente pinheiros naturais","og_description":"O Munic\u00edpio de Paredes de Coura volta a disponibilizar gratuitamente pinheiros naturais, para evitar o corte de \u00e1rvores vi\u00e1veis e a destrui\u00e7\u00e3o da floresta em crescimento, durante a quadra natal\u00edcia. Esta a\u00e7\u00e3o tem a colabora\u00e7\u00e3o das equipas de sapadores florestais que recolhem pinheiros jovens de dimens\u00e3o vari\u00e1vel em monda feita nas zonas de regenera\u00e7\u00e3o natural. [&hellip;]","og_url":"https:\/\/www.altominho.tv\/site\/2019\/12\/04\/paredes-de-coura-volta-a-disponibilizar-gratuitamente-pinheiros-naturais\/","og_site_name":"Altominho.tv","article_publisher":"https:\/\/www.facebook.com\/altominhotv","article_published_time":"2019-12-04T17:46:14+00:00","article_modified_time":"2019-12-05T19:54:29+00:00","og_image":[{"width":770,"height":433,"url":"https:\/\/www.altominho.tv\/site\/wp-content\/uploads\/2019\/12\/Pinheiros_Natal.jpg","type":"image\/jpeg"}],"author":"Altominho.tv","twitter_card":"summary_large_image","twitter_creator":"@altominhoTV","twitter_site":"@altominhoTV","twitter_misc":{"Escrito por":"Altominho.tv","Tempo estimado de leitura":"1 minuto"},"schema":{"@context":"https:\/\/schema.org","@graph":[{"@type":"Article","@id":"https:\/\/www.altominho.tv\/site\/2019\/12\/04\/paredes-de-coura-volta-a-disponibilizar-gratuitamente-pinheiros-naturais\/#article","isPartOf":{"@id":"https:\/\/www.altominho.tv\/site\/2019\/12\/04\/paredes-de-coura-volta-a-disponibilizar-gratuitamente-pinheiros-naturais\/"},"author":{"name":"Altominho.tv","@id":"https:\/\/www.altominho.tv\/site\/#\/schema\/person\/4e536851627d7914baf3dac752b6af22"},"headline":"Paredes de Coura volta a disponibilizar gratuitamente pinheiros naturais","datePublished":"2019-12-04T17:46:14+00:00","dateModified":"2019-12-05T19:54:29+00:00","mainEntityOfPage":{"@id":"https:\/\/www.altominho.tv\/site\/2019\/12\/04\/paredes-de-coura-volta-a-disponibilizar-gratuitamente-pinheiros-naturais\/"},"wordCount":279,"image":{"@id":"https:\/\/www.altominho.tv\/site\/2019\/12\/04\/paredes-de-coura-volta-a-disponibilizar-gratuitamente-pinheiros-naturais\/#primaryimage"},"thumbnailUrl":"https:\/\/www.altominho.tv\/site\/wp-content\/uploads\/2019\/12\/Pinheiros_Natal.jpg","keywords":["Sociedade"],"articleSection":["Paredes de Coura"],"inLanguage":"pt-PT","copyrightYear":"2019","copyrightHolder":{"@id":"https:\/\/www.altominho.tv\/site\/#organization"}},{"@type":"WebPage","@id":"https:\/\/www.altominho.tv\/site\/2019\/12\/04\/paredes-de-coura-volta-a-disponibilizar-gratuitamente-pinheiros-naturais\/","url":"https:\/\/www.altominho.tv\/site\/2019\/12\/04\/paredes-de-coura-volta-a-disponibilizar-gratuitamente-pinheiros-naturais\/","name":"Paredes de Coura volta a disponibilizar gratuitamente pinheiros naturais","isPartOf":{"@id":"https:\/\/www.altominho.tv\/site\/#website"},"primaryImageOfPage":{"@id":"https:\/\/www.altominho.tv\/site\/2019\/12\/04\/paredes-de-coura-volta-a-disponibilizar-gratuitamente-pinheiros-naturais\/#primaryimage"},"image":{"@id":"https:\/\/www.altominho.tv\/site\/2019\/12\/04\/paredes-de-coura-volta-a-disponibilizar-gratuitamente-pinheiros-naturais\/#primaryimage"},"thumbnailUrl":"https:\/\/www.altominho.tv\/site\/wp-content\/uploads\/2019\/12\/Pinheiros_Natal.jpg","datePublished":"2019-12-04T17:46:14+00:00","dateModified":"2019-12-05T19:54:29+00:00","author":{"@id":"https:\/\/www.altominho.tv\/site\/#\/schema\/person\/4e536851627d7914baf3dac752b6af22"},"breadcrumb":{"@id":"https:\/\/www.altominho.tv\/site\/2019\/12\/04\/paredes-de-coura-volta-a-disponibilizar-gratuitamente-pinheiros-naturais\/#breadcrumb"},"inLanguage":"pt-PT","potentialAction":[{"@type":"ReadAction","target":["https:\/\/www.altominho.tv\/site\/2019\/12\/04\/paredes-de-coura-volta-a-disponibilizar-gratuitamente-pinheiros-naturais\/"]}]},{"@type":"ImageObject","inLanguage":"pt-PT","@id":"https:\/\/www.altominho.tv\/site\/2019\/12\/04\/paredes-de-coura-volta-a-disponibilizar-gratuitamente-pinheiros-naturais\/#primaryimage","url":"https:\/\/www.altominho.tv\/site\/wp-content\/uploads\/2019\/12\/Pinheiros_Natal.jpg","contentUrl":"https:\/\/www.altominho.tv\/site\/wp-content\/uploads\/2019\/12\/Pinheiros_Natal.jpg","width":770,"height":433},{"@type":"BreadcrumbList","@id":"https:\/\/www.altominho.tv\/site\/2019\/12\/04\/paredes-de-coura-volta-a-disponibilizar-gratuitamente-pinheiros-naturais\/#breadcrumb","itemListElement":[{"@type":"ListItem","position":1,"name":"In\u00edcio","item":"https:\/\/www.altominho.tv\/site\/"},{"@type":"ListItem","position":2,"name":"Paredes de Coura volta a disponibilizar gratuitamente pinheiros naturais"}]},{"@type":"WebSite","@id":"https:\/\/www.altominho.tv\/site\/#website","url":"https:\/\/www.altominho.tv\/site\/","name":"Altominho.tv","description":"A sua regi\u00e3o \u00e0 dist\u00e2ncia de um clique...","potentialAction":[{"@type":"SearchAction","target":{"@type":"EntryPoint","urlTemplate":"https:\/\/www.altominho.tv\/site\/?s={search_term_string}"},"query-input":{"@type":"PropertyValueSpecification","valueRequired":true,"valueName":"search_term_string"}}],"inLanguage":"pt-PT"},{"@type":"Person","@id":"https:\/\/www.altominho.tv\/site\/#\/schema\/person\/4e536851627d7914baf3dac752b6af22","name":"Altominho.tv","image":{"@type":"ImageObject","inLanguage":"pt-PT","@id":"https:\/\/www.altominho.tv\/site\/wp-content\/uploads\/2019\/11\/Logo_Avatar_2-150x150.jpg","url":"https:\/\/www.altominho.tv\/site\/wp-content\/uploads\/2019\/11\/Logo_Avatar_2-150x150.jpg","contentUrl":"https:\/\/www.altominho.tv\/site\/wp-content\/uploads\/2019\/11\/Logo_Avatar_2-150x150.jpg","caption":"Altominho.tv"},"url":"https:\/\/www.altominho.tv\/site\/author\/altominhotv-tecnico\/"}]}},"_links":{"self":[{"href":"https:\/\/www.altominho.tv\/site\/wp-json\/wp\/v2\/posts\/37457","targetHints":{"allow":["GET"]}}],"collection":[{"href":"https:\/\/www.altominho.tv\/site\/wp-json\/wp\/v2\/posts"}],"about":[{"href":"https:\/\/www.altominho.tv\/site\/wp-json\/wp\/v2\/types\/post"}],"author":[{"embeddable":true,"href":"https:\/\/www.altominho.tv\/site\/wp-json\/wp\/v2\/users\/1"}],"replies":[{"embeddable":true,"href":"https:\/\/www.altominho.tv\/site\/wp-json\/wp\/v2\/comments?post=37457"}],"version-history":[{"count":0,"href":"https:\/\/www.altominho.tv\/site\/wp-json\/wp\/v2\/posts\/37457\/revisions"}],"wp:featuredmedia":[{"embeddable":true,"href":"https:\/\/www.altominho.tv\/site\/wp-json\/wp\/v2\/media\/37459"}],"wp:attachment":[{"href":"https:\/\/www.altominho.tv\/site\/wp-json\/wp\/v2\/media?parent=37457"}],"wp:term":[{"taxonomy":"category","embeddable":true,"href":"https:\/\/www.altominho.tv\/site\/wp-json\/wp\/v2\/categories?post=37457"},{"taxonomy":"post_tag","embeddable":true,"href":"https:\/\/www.altominho.tv\/site\/wp-json\/wp\/v2\/tags?post=37457"}],"curies":[{"name":"wp","href":"https:\/\/api.w.org\/{rel}","templated":true}]}}