{"id":37451,"date":"2019-12-04T14:24:39","date_gmt":"2019-12-04T14:24:39","guid":{"rendered":"http:\/\/www.altominho.tv\/site\/?p=37451"},"modified":"2019-12-04T14:25:02","modified_gmt":"2019-12-04T14:25:02","slug":"contestacao-a-habilitacao-de-herdeiros-adia-decisao-sobre-predio-coutinho","status":"publish","type":"post","link":"https:\/\/www.altominho.tv\/site\/2019\/12\/04\/contestacao-a-habilitacao-de-herdeiros-adia-decisao-sobre-predio-coutinho\/","title":{"rendered":"Contesta\u00e7\u00e3o a habilita\u00e7\u00e3o de herdeiros adia decis\u00e3o sobre pr\u00e9dio Coutinho"},"content":{"rendered":"<p>A contesta\u00e7\u00e3o \u00e0 habilita\u00e7\u00e3o de herdeiros da mulher de um dos moradores no pr\u00e9dio Coutinho, em Viana do Castelo, que morreu em julho, est\u00e1 a atrasar o desfecho da provid\u00eancia cautelar que travou a desconstru\u00e7\u00e3o do edif\u00edcio.<\/p>\n<p>Em declara\u00e7\u00f5es \u00e0 ag\u00eancia Lusa, fonte da VianaPolis explicou hoje que, ap\u00f3s entrada, em outubro, da habilita\u00e7\u00e3o de herdeiros no Tribunal Administrativo e Fiscal de Braga (TAFB), \u201co juiz notificou as partes, dando um prazo legal para que as mesmas se pronunciassem&#8221;.<\/p>\n<p>&#8220;A mulher de um dos filhos da senhora contestou, alegando n\u00e3o ser herdeira por estar casada em regime de comunh\u00e3o de adquiridos&#8221;, explicou a fonte da sociedade que gere o programa Polis de Viana do Castelo.<\/p>\n<p>Adiantou que aquele &#8220;incidente legal atrasar\u00e1 a decis\u00e3o judicial final que levantar\u00e1, ou n\u00e3o, a suspens\u00e3o do processo de desconstru\u00e7\u00e3o do pr\u00e9dio de 13 andares&#8221;.<\/p>\n<p>A fonte da VianaPolis disse desconhecer o prazo para a resolu\u00e7\u00e3o desta quest\u00e3o.<\/p>\n<p>O Edif\u00edcio Jardim, localmente conhecido como pr\u00e9dio Coutinho, tem desconstru\u00e7\u00e3o prevista desde 2000, ao abrigo do programa Polis, mas a batalha judicial iniciada desde ent\u00e3o pelos moradores tem vindo a travar o processo.<\/p>\n<p>O projeto, iniciado quando era Ant\u00f3nio Guterres primeiro-ministro e Jos\u00e9 S\u00f3crates ministro do Ambiente, prev\u00ea para o local hoje ocupado pelo pr\u00e9dio, no centro da cidade, a constru\u00e7\u00e3o do novo mercado municipal.<\/p>\n<p>Em junho, a VianaPolis iniciou o despejo &#8220;de seis fra\u00e7\u00f5es&#8221;, na sequ\u00eancia de uma decis\u00e3o do Tribunal Administrativo e Fiscal de Braga (TAFB) que declarou improcedente a provid\u00eancia cautelar movida em mar\u00e7o de 2018. No entanto, aqueles moradores recusaram sair e, em julho, o mesmo tribunal aceitou uma nova provid\u00eancia cautelar e suspendeu os despejos e a desconstru\u00e7\u00e3o do edif\u00edcio.<\/p>\n<p>Na ter\u00e7a-feira, a Comiss\u00e3o de Ambiente, Energia e Ordenamento do Territ\u00f3rio indeferiu a admissibilidade da peti\u00e7\u00e3o &#8220;Salvar o Pr\u00e9dio Coutinho&#8221;, lan\u00e7ada pelos \u00faltimos moradores no edif\u00edcio de 13 andares, para levar o assunto \u00e0 discuss\u00e3o no parlamento.<\/p>\n<p>Contactado hoje pela Lusa, o presidente daquela comiss\u00e3o, o deputado do Bloco de Esquerda Jos\u00e9 Maria Cardoso, disse que a &#8220;admissibilidade da peti\u00e7\u00e3o foi rejeitada liminarmente&#8221;, escusando-se a adiantar as raz\u00f5es invocadas pelos partidos que integram aquela comiss\u00e3o e adiantando que o documento ser\u00e1 arquivado.<\/p>\n<p>A peti\u00e7\u00e3o p\u00fablica &#8220;foi submetida no dia 28 de agosto e validada pela Assembleia da Rep\u00fablica a 12 de setembro&#8221; e, das &#8220;4.607 assinaturas que o documento apresentava, foram validadas 4.595&#8221;.<\/p>\n<p>Segundo a VianaPolis, ainda permanecem no edif\u00edcio sete pessoas em cinco fra\u00e7\u00f5es. J\u00e1 os moradores contabilizam &#8220;11 fra\u00e7\u00f5es habitadas em perman\u00eancia por 10 pessoas, n\u00famero que aumenta para cerca de 25, quando os familiares dos moradores se deslocam \u00e0 cidade&#8221;.<\/p>\n<p>No pr\u00e9dio chegaram a viver cerca de 300 pessoas.<\/p>\n","protected":false},"excerpt":{"rendered":"<p>A contesta\u00e7\u00e3o \u00e0 habilita\u00e7\u00e3o de herdeiros da mulher de um dos moradores no pr\u00e9dio Coutinho, em Viana do Castelo, que morreu em julho, est\u00e1 a atrasar o desfecho da provid\u00eancia cautelar que travou a desconstru\u00e7\u00e3o do edif\u00edcio. Em declara\u00e7\u00f5es \u00e0 ag\u00eancia Lusa, fonte da VianaPolis explicou hoje que, ap\u00f3s entrada, em outubro, da habilita\u00e7\u00e3o de [&hellip;]<\/p>\n","protected":false},"author":13,"featured_media":37452,"comment_status":"closed","ping_status":"closed","sticky":false,"template":"","format":"standard","meta":{"_exactmetrics_skip_tracking":false,"_exactmetrics_sitenote_active":false,"_exactmetrics_sitenote_note":"","_exactmetrics_sitenote_category":0,"footnotes":""},"categories":[14],"tags":[27],"class_list":["post-37451","post","type-post","status-publish","format-standard","has-post-thumbnail","hentry","category-viana-do-castelo","tag-sociedade"],"yoast_head":"<!-- This site is optimized with the Yoast SEO Premium plugin v27.5 (Yoast SEO v27.5) - https:\/\/yoast.com\/product\/yoast-seo-premium-wordpress\/ -->\n<title>Contesta\u00e7\u00e3o a habilita\u00e7\u00e3o de herdeiros adia decis\u00e3o sobre pr\u00e9dio Coutinho<\/title>\n<meta name=\"robots\" content=\"index, follow, max-snippet:-1, max-image-preview:large, max-video-preview:-1\" \/>\n<link rel=\"canonical\" href=\"https:\/\/www.altominho.tv\/site\/2019\/12\/04\/contestacao-a-habilitacao-de-herdeiros-adia-decisao-sobre-predio-coutinho\/\" \/>\n<meta property=\"og:locale\" content=\"pt_PT\" \/>\n<meta property=\"og:type\" content=\"article\" \/>\n<meta property=\"og:title\" content=\"Contesta\u00e7\u00e3o a habilita\u00e7\u00e3o de herdeiros adia decis\u00e3o sobre pr\u00e9dio Coutinho\" \/>\n<meta property=\"og:description\" content=\"A contesta\u00e7\u00e3o \u00e0 habilita\u00e7\u00e3o de herdeiros da mulher de um dos moradores no pr\u00e9dio Coutinho, em Viana do Castelo, que morreu em julho, est\u00e1 a atrasar o desfecho da provid\u00eancia cautelar que travou a desconstru\u00e7\u00e3o do edif\u00edcio. Em declara\u00e7\u00f5es \u00e0 ag\u00eancia Lusa, fonte da VianaPolis explicou hoje que, ap\u00f3s entrada, em outubro, da habilita\u00e7\u00e3o de [&hellip;]\" \/>\n<meta property=\"og:url\" content=\"https:\/\/www.altominho.tv\/site\/2019\/12\/04\/contestacao-a-habilitacao-de-herdeiros-adia-decisao-sobre-predio-coutinho\/\" \/>\n<meta property=\"og:site_name\" content=\"Altominho.tv\" \/>\n<meta property=\"article:publisher\" content=\"https:\/\/www.facebook.com\/altominhotv\" \/>\n<meta property=\"article:published_time\" content=\"2019-12-04T14:24:39+00:00\" \/>\n<meta property=\"article:modified_time\" content=\"2019-12-04T14:25:02+00:00\" \/>\n<meta property=\"og:image\" content=\"https:\/\/www.altominho.tv\/site\/wp-content\/uploads\/2019\/12\/Pr\u00e9dio-Coutinho-Viana.jpg\" \/>\n\t<meta property=\"og:image:width\" content=\"1024\" \/>\n\t<meta property=\"og:image:height\" content=\"768\" \/>\n\t<meta property=\"og:image:type\" content=\"image\/jpeg\" \/>\n<meta name=\"author\" content=\"Lusa\" \/>\n<meta name=\"twitter:card\" content=\"summary_large_image\" \/>\n<meta name=\"twitter:creator\" content=\"@altominhoTV\" \/>\n<meta name=\"twitter:site\" content=\"@altominhoTV\" \/>\n<meta name=\"twitter:label1\" content=\"Escrito por\" \/>\n\t<meta name=\"twitter:data1\" content=\"Lusa\" \/>\n\t<meta name=\"twitter:label2\" content=\"Tempo estimado de leitura\" \/>\n\t<meta name=\"twitter:data2\" content=\"2 minutos\" \/>\n<script type=\"application\/ld+json\" class=\"yoast-schema-graph\">{\"@context\":\"https:\\\/\\\/schema.org\",\"@graph\":[{\"@type\":\"Article\",\"@id\":\"https:\\\/\\\/www.altominho.tv\\\/site\\\/2019\\\/12\\\/04\\\/contestacao-a-habilitacao-de-herdeiros-adia-decisao-sobre-predio-coutinho\\\/#article\",\"isPartOf\":{\"@id\":\"https:\\\/\\\/www.altominho.tv\\\/site\\\/2019\\\/12\\\/04\\\/contestacao-a-habilitacao-de-herdeiros-adia-decisao-sobre-predio-coutinho\\\/\"},\"author\":{\"name\":\"Lusa\",\"@id\":\"https:\\\/\\\/www.altominho.tv\\\/site\\\/#\\\/schema\\\/person\\\/63f693da3e1899361cbe955c46f3232e\"},\"headline\":\"Contesta\u00e7\u00e3o a habilita\u00e7\u00e3o de herdeiros adia decis\u00e3o sobre pr\u00e9dio Coutinho\",\"datePublished\":\"2019-12-04T14:24:39+00:00\",\"dateModified\":\"2019-12-04T14:25:02+00:00\",\"mainEntityOfPage\":{\"@id\":\"https:\\\/\\\/www.altominho.tv\\\/site\\\/2019\\\/12\\\/04\\\/contestacao-a-habilitacao-de-herdeiros-adia-decisao-sobre-predio-coutinho\\\/\"},\"wordCount\":494,\"image\":{\"@id\":\"https:\\\/\\\/www.altominho.tv\\\/site\\\/2019\\\/12\\\/04\\\/contestacao-a-habilitacao-de-herdeiros-adia-decisao-sobre-predio-coutinho\\\/#primaryimage\"},\"thumbnailUrl\":\"https:\\\/\\\/www.altominho.tv\\\/site\\\/wp-content\\\/uploads\\\/2019\\\/12\\\/Pr\u00e9dio-Coutinho-Viana.jpg\",\"keywords\":[\"Sociedade\"],\"articleSection\":[\"Viana do Castelo\"],\"inLanguage\":\"pt-PT\",\"copyrightYear\":\"2019\",\"copyrightHolder\":{\"@id\":\"https:\\\/\\\/www.altominho.tv\\\/site\\\/#organization\"}},{\"@type\":\"WebPage\",\"@id\":\"https:\\\/\\\/www.altominho.tv\\\/site\\\/2019\\\/12\\\/04\\\/contestacao-a-habilitacao-de-herdeiros-adia-decisao-sobre-predio-coutinho\\\/\",\"url\":\"https:\\\/\\\/www.altominho.tv\\\/site\\\/2019\\\/12\\\/04\\\/contestacao-a-habilitacao-de-herdeiros-adia-decisao-sobre-predio-coutinho\\\/\",\"name\":\"Contesta\u00e7\u00e3o a habilita\u00e7\u00e3o de herdeiros adia decis\u00e3o sobre pr\u00e9dio Coutinho\",\"isPartOf\":{\"@id\":\"https:\\\/\\\/www.altominho.tv\\\/site\\\/#website\"},\"primaryImageOfPage\":{\"@id\":\"https:\\\/\\\/www.altominho.tv\\\/site\\\/2019\\\/12\\\/04\\\/contestacao-a-habilitacao-de-herdeiros-adia-decisao-sobre-predio-coutinho\\\/#primaryimage\"},\"image\":{\"@id\":\"https:\\\/\\\/www.altominho.tv\\\/site\\\/2019\\\/12\\\/04\\\/contestacao-a-habilitacao-de-herdeiros-adia-decisao-sobre-predio-coutinho\\\/#primaryimage\"},\"thumbnailUrl\":\"https:\\\/\\\/www.altominho.tv\\\/site\\\/wp-content\\\/uploads\\\/2019\\\/12\\\/Pr\u00e9dio-Coutinho-Viana.jpg\",\"datePublished\":\"2019-12-04T14:24:39+00:00\",\"dateModified\":\"2019-12-04T14:25:02+00:00\",\"author\":{\"@id\":\"https:\\\/\\\/www.altominho.tv\\\/site\\\/#\\\/schema\\\/person\\\/63f693da3e1899361cbe955c46f3232e\"},\"breadcrumb\":{\"@id\":\"https:\\\/\\\/www.altominho.tv\\\/site\\\/2019\\\/12\\\/04\\\/contestacao-a-habilitacao-de-herdeiros-adia-decisao-sobre-predio-coutinho\\\/#breadcrumb\"},\"inLanguage\":\"pt-PT\",\"potentialAction\":[{\"@type\":\"ReadAction\",\"target\":[\"https:\\\/\\\/www.altominho.tv\\\/site\\\/2019\\\/12\\\/04\\\/contestacao-a-habilitacao-de-herdeiros-adia-decisao-sobre-predio-coutinho\\\/\"]}]},{\"@type\":\"ImageObject\",\"inLanguage\":\"pt-PT\",\"@id\":\"https:\\\/\\\/www.altominho.tv\\\/site\\\/2019\\\/12\\\/04\\\/contestacao-a-habilitacao-de-herdeiros-adia-decisao-sobre-predio-coutinho\\\/#primaryimage\",\"url\":\"https:\\\/\\\/www.altominho.tv\\\/site\\\/wp-content\\\/uploads\\\/2019\\\/12\\\/Pr\u00e9dio-Coutinho-Viana.jpg\",\"contentUrl\":\"https:\\\/\\\/www.altominho.tv\\\/site\\\/wp-content\\\/uploads\\\/2019\\\/12\\\/Pr\u00e9dio-Coutinho-Viana.jpg\",\"width\":1024,\"height\":768},{\"@type\":\"BreadcrumbList\",\"@id\":\"https:\\\/\\\/www.altominho.tv\\\/site\\\/2019\\\/12\\\/04\\\/contestacao-a-habilitacao-de-herdeiros-adia-decisao-sobre-predio-coutinho\\\/#breadcrumb\",\"itemListElement\":[{\"@type\":\"ListItem\",\"position\":1,\"name\":\"In\u00edcio\",\"item\":\"https:\\\/\\\/www.altominho.tv\\\/site\\\/\"},{\"@type\":\"ListItem\",\"position\":2,\"name\":\"Contesta\u00e7\u00e3o a habilita\u00e7\u00e3o de herdeiros adia decis\u00e3o sobre pr\u00e9dio Coutinho\"}]},{\"@type\":\"WebSite\",\"@id\":\"https:\\\/\\\/www.altominho.tv\\\/site\\\/#website\",\"url\":\"https:\\\/\\\/www.altominho.tv\\\/site\\\/\",\"name\":\"Altominho.tv\",\"description\":\"A sua regi\u00e3o \u00e0 dist\u00e2ncia de um clique...\",\"potentialAction\":[{\"@type\":\"SearchAction\",\"target\":{\"@type\":\"EntryPoint\",\"urlTemplate\":\"https:\\\/\\\/www.altominho.tv\\\/site\\\/?s={search_term_string}\"},\"query-input\":{\"@type\":\"PropertyValueSpecification\",\"valueRequired\":true,\"valueName\":\"search_term_string\"}}],\"inLanguage\":\"pt-PT\"},{\"@type\":\"Person\",\"@id\":\"https:\\\/\\\/www.altominho.tv\\\/site\\\/#\\\/schema\\\/person\\\/63f693da3e1899361cbe955c46f3232e\",\"name\":\"Lusa\",\"image\":{\"@type\":\"ImageObject\",\"inLanguage\":\"pt-PT\",\"@id\":\"https:\\\/\\\/www.altominho.tv\\\/site\\\/wp-content\\\/uploads\\\/2019\\\/08\\\/LUSA_Logo.gif\",\"url\":\"https:\\\/\\\/www.altominho.tv\\\/site\\\/wp-content\\\/uploads\\\/2019\\\/08\\\/LUSA_Logo.gif\",\"contentUrl\":\"https:\\\/\\\/www.altominho.tv\\\/site\\\/wp-content\\\/uploads\\\/2019\\\/08\\\/LUSA_Logo.gif\",\"caption\":\"Lusa\"},\"sameAs\":[\"http:\\\/\\\/\\\/\\\/www.altominho.tv\\\/site\"],\"url\":\"https:\\\/\\\/www.altominho.tv\\\/site\\\/author\\\/lusa\\\/\"}]}<\/script>\n<!-- \/ Yoast SEO Premium plugin. -->","yoast_head_json":{"title":"Contesta\u00e7\u00e3o a habilita\u00e7\u00e3o de herdeiros adia decis\u00e3o sobre pr\u00e9dio Coutinho","robots":{"index":"index","follow":"follow","max-snippet":"max-snippet:-1","max-image-preview":"max-image-preview:large","max-video-preview":"max-video-preview:-1"},"canonical":"https:\/\/www.altominho.tv\/site\/2019\/12\/04\/contestacao-a-habilitacao-de-herdeiros-adia-decisao-sobre-predio-coutinho\/","og_locale":"pt_PT","og_type":"article","og_title":"Contesta\u00e7\u00e3o a habilita\u00e7\u00e3o de herdeiros adia decis\u00e3o sobre pr\u00e9dio Coutinho","og_description":"A contesta\u00e7\u00e3o \u00e0 habilita\u00e7\u00e3o de herdeiros da mulher de um dos moradores no pr\u00e9dio Coutinho, em Viana do Castelo, que morreu em julho, est\u00e1 a atrasar o desfecho da provid\u00eancia cautelar que travou a desconstru\u00e7\u00e3o do edif\u00edcio. Em declara\u00e7\u00f5es \u00e0 ag\u00eancia Lusa, fonte da VianaPolis explicou hoje que, ap\u00f3s entrada, em outubro, da habilita\u00e7\u00e3o de [&hellip;]","og_url":"https:\/\/www.altominho.tv\/site\/2019\/12\/04\/contestacao-a-habilitacao-de-herdeiros-adia-decisao-sobre-predio-coutinho\/","og_site_name":"Altominho.tv","article_publisher":"https:\/\/www.facebook.com\/altominhotv","article_published_time":"2019-12-04T14:24:39+00:00","article_modified_time":"2019-12-04T14:25:02+00:00","og_image":[{"width":1024,"height":768,"url":"https:\/\/www.altominho.tv\/site\/wp-content\/uploads\/2019\/12\/Pr\u00e9dio-Coutinho-Viana.jpg","type":"image\/jpeg"}],"author":"Lusa","twitter_card":"summary_large_image","twitter_creator":"@altominhoTV","twitter_site":"@altominhoTV","twitter_misc":{"Escrito por":"Lusa","Tempo estimado de leitura":"2 minutos"},"schema":{"@context":"https:\/\/schema.org","@graph":[{"@type":"Article","@id":"https:\/\/www.altominho.tv\/site\/2019\/12\/04\/contestacao-a-habilitacao-de-herdeiros-adia-decisao-sobre-predio-coutinho\/#article","isPartOf":{"@id":"https:\/\/www.altominho.tv\/site\/2019\/12\/04\/contestacao-a-habilitacao-de-herdeiros-adia-decisao-sobre-predio-coutinho\/"},"author":{"name":"Lusa","@id":"https:\/\/www.altominho.tv\/site\/#\/schema\/person\/63f693da3e1899361cbe955c46f3232e"},"headline":"Contesta\u00e7\u00e3o a habilita\u00e7\u00e3o de herdeiros adia decis\u00e3o sobre pr\u00e9dio Coutinho","datePublished":"2019-12-04T14:24:39+00:00","dateModified":"2019-12-04T14:25:02+00:00","mainEntityOfPage":{"@id":"https:\/\/www.altominho.tv\/site\/2019\/12\/04\/contestacao-a-habilitacao-de-herdeiros-adia-decisao-sobre-predio-coutinho\/"},"wordCount":494,"image":{"@id":"https:\/\/www.altominho.tv\/site\/2019\/12\/04\/contestacao-a-habilitacao-de-herdeiros-adia-decisao-sobre-predio-coutinho\/#primaryimage"},"thumbnailUrl":"https:\/\/www.altominho.tv\/site\/wp-content\/uploads\/2019\/12\/Pr\u00e9dio-Coutinho-Viana.jpg","keywords":["Sociedade"],"articleSection":["Viana do Castelo"],"inLanguage":"pt-PT","copyrightYear":"2019","copyrightHolder":{"@id":"https:\/\/www.altominho.tv\/site\/#organization"}},{"@type":"WebPage","@id":"https:\/\/www.altominho.tv\/site\/2019\/12\/04\/contestacao-a-habilitacao-de-herdeiros-adia-decisao-sobre-predio-coutinho\/","url":"https:\/\/www.altominho.tv\/site\/2019\/12\/04\/contestacao-a-habilitacao-de-herdeiros-adia-decisao-sobre-predio-coutinho\/","name":"Contesta\u00e7\u00e3o a habilita\u00e7\u00e3o de herdeiros adia decis\u00e3o sobre pr\u00e9dio Coutinho","isPartOf":{"@id":"https:\/\/www.altominho.tv\/site\/#website"},"primaryImageOfPage":{"@id":"https:\/\/www.altominho.tv\/site\/2019\/12\/04\/contestacao-a-habilitacao-de-herdeiros-adia-decisao-sobre-predio-coutinho\/#primaryimage"},"image":{"@id":"https:\/\/www.altominho.tv\/site\/2019\/12\/04\/contestacao-a-habilitacao-de-herdeiros-adia-decisao-sobre-predio-coutinho\/#primaryimage"},"thumbnailUrl":"https:\/\/www.altominho.tv\/site\/wp-content\/uploads\/2019\/12\/Pr\u00e9dio-Coutinho-Viana.jpg","datePublished":"2019-12-04T14:24:39+00:00","dateModified":"2019-12-04T14:25:02+00:00","author":{"@id":"https:\/\/www.altominho.tv\/site\/#\/schema\/person\/63f693da3e1899361cbe955c46f3232e"},"breadcrumb":{"@id":"https:\/\/www.altominho.tv\/site\/2019\/12\/04\/contestacao-a-habilitacao-de-herdeiros-adia-decisao-sobre-predio-coutinho\/#breadcrumb"},"inLanguage":"pt-PT","potentialAction":[{"@type":"ReadAction","target":["https:\/\/www.altominho.tv\/site\/2019\/12\/04\/contestacao-a-habilitacao-de-herdeiros-adia-decisao-sobre-predio-coutinho\/"]}]},{"@type":"ImageObject","inLanguage":"pt-PT","@id":"https:\/\/www.altominho.tv\/site\/2019\/12\/04\/contestacao-a-habilitacao-de-herdeiros-adia-decisao-sobre-predio-coutinho\/#primaryimage","url":"https:\/\/www.altominho.tv\/site\/wp-content\/uploads\/2019\/12\/Pr\u00e9dio-Coutinho-Viana.jpg","contentUrl":"https:\/\/www.altominho.tv\/site\/wp-content\/uploads\/2019\/12\/Pr\u00e9dio-Coutinho-Viana.jpg","width":1024,"height":768},{"@type":"BreadcrumbList","@id":"https:\/\/www.altominho.tv\/site\/2019\/12\/04\/contestacao-a-habilitacao-de-herdeiros-adia-decisao-sobre-predio-coutinho\/#breadcrumb","itemListElement":[{"@type":"ListItem","position":1,"name":"In\u00edcio","item":"https:\/\/www.altominho.tv\/site\/"},{"@type":"ListItem","position":2,"name":"Contesta\u00e7\u00e3o a habilita\u00e7\u00e3o de herdeiros adia decis\u00e3o sobre pr\u00e9dio Coutinho"}]},{"@type":"WebSite","@id":"https:\/\/www.altominho.tv\/site\/#website","url":"https:\/\/www.altominho.tv\/site\/","name":"Altominho.tv","description":"A sua regi\u00e3o \u00e0 dist\u00e2ncia de um clique...","potentialAction":[{"@type":"SearchAction","target":{"@type":"EntryPoint","urlTemplate":"https:\/\/www.altominho.tv\/site\/?s={search_term_string}"},"query-input":{"@type":"PropertyValueSpecification","valueRequired":true,"valueName":"search_term_string"}}],"inLanguage":"pt-PT"},{"@type":"Person","@id":"https:\/\/www.altominho.tv\/site\/#\/schema\/person\/63f693da3e1899361cbe955c46f3232e","name":"Lusa","image":{"@type":"ImageObject","inLanguage":"pt-PT","@id":"https:\/\/www.altominho.tv\/site\/wp-content\/uploads\/2019\/08\/LUSA_Logo.gif","url":"https:\/\/www.altominho.tv\/site\/wp-content\/uploads\/2019\/08\/LUSA_Logo.gif","contentUrl":"https:\/\/www.altominho.tv\/site\/wp-content\/uploads\/2019\/08\/LUSA_Logo.gif","caption":"Lusa"},"sameAs":["http:\/\/\/\/www.altominho.tv\/site"],"url":"https:\/\/www.altominho.tv\/site\/author\/lusa\/"}]}},"_links":{"self":[{"href":"https:\/\/www.altominho.tv\/site\/wp-json\/wp\/v2\/posts\/37451","targetHints":{"allow":["GET"]}}],"collection":[{"href":"https:\/\/www.altominho.tv\/site\/wp-json\/wp\/v2\/posts"}],"about":[{"href":"https:\/\/www.altominho.tv\/site\/wp-json\/wp\/v2\/types\/post"}],"author":[{"embeddable":true,"href":"https:\/\/www.altominho.tv\/site\/wp-json\/wp\/v2\/users\/13"}],"replies":[{"embeddable":true,"href":"https:\/\/www.altominho.tv\/site\/wp-json\/wp\/v2\/comments?post=37451"}],"version-history":[{"count":0,"href":"https:\/\/www.altominho.tv\/site\/wp-json\/wp\/v2\/posts\/37451\/revisions"}],"wp:featuredmedia":[{"embeddable":true,"href":"https:\/\/www.altominho.tv\/site\/wp-json\/wp\/v2\/media\/37452"}],"wp:attachment":[{"href":"https:\/\/www.altominho.tv\/site\/wp-json\/wp\/v2\/media?parent=37451"}],"wp:term":[{"taxonomy":"category","embeddable":true,"href":"https:\/\/www.altominho.tv\/site\/wp-json\/wp\/v2\/categories?post=37451"},{"taxonomy":"post_tag","embeddable":true,"href":"https:\/\/www.altominho.tv\/site\/wp-json\/wp\/v2\/tags?post=37451"}],"curies":[{"name":"wp","href":"https:\/\/api.w.org\/{rel}","templated":true}]}}