{"id":37442,"date":"2019-12-04T13:12:18","date_gmt":"2019-12-04T13:12:18","guid":{"rendered":"http:\/\/www.altominho.tv\/site\/?p=37442"},"modified":"2019-12-04T13:12:47","modified_gmt":"2019-12-04T13:12:47","slug":"investigacao-critica-manutencao-de-comboio-que-perdeu-motor-em-afife","status":"publish","type":"post","link":"https:\/\/www.altominho.tv\/site\/2019\/12\/04\/investigacao-critica-manutencao-de-comboio-que-perdeu-motor-em-afife\/","title":{"rendered":"Investiga\u00e7\u00e3o critica manuten\u00e7\u00e3o de comboio que perdeu motor em Afife"},"content":{"rendered":"<p>A rotura de um veio foi a causa direta da queda do motor de um comboio registada em janeiro em Afife, Viana do Castelo, segundo o relat\u00f3rio da investiga\u00e7\u00e3o hoje divulgado, que aponta cr\u00edticas aos respons\u00e1veis pela manuten\u00e7\u00e3o.<\/p>\n<p>O relat\u00f3rio, divulgado pelo Gabinete de Preven\u00e7\u00e3o e Investiga\u00e7\u00e3o de Acidentes com Aeronaves e de Acidentes Ferrovi\u00e1rios (GPIAAF), refere que a peritagem identificou que o veio cardan tinha uma fissura mal reparada, \u201coriginada, muito provavelmente, por uma incorreta soldadura de um contrapeso no processo de calibragem\u201d. Por isso, o GIAAF alude a \u201clacunas\u201d nos processos de manuten\u00e7\u00e3o do comboio.<\/p>\n<p>A empresa respons\u00e1vel pela manuten\u00e7\u00e3o \u00e9 a espanhola Renfe Fabricaci\u00f3n y Mantenimiento, que contrata as opera\u00e7\u00f5es de recondicionamento e equilibragem dos veios cardan a prestadores de servi\u00e7os.<\/p>\n<p>Para o GIAAF, a ocorr\u00eancia de Afife evidencia n\u00e3o s\u00f3 \u201cdeficientes\u201d processos de trabalho e de inspe\u00e7\u00e3o por parte do prestador de servi\u00e7os, mas tamb\u00e9m \u201clacunas\u201d da Renfe quanto \u00e0 monitoriza\u00e7\u00e3o e controlo da qualidade dos trabalhos contratados externamente.<\/p>\n<p>Segundo aquele gabinete, a Renfe n\u00e3o foi eficaz na identifica\u00e7\u00e3o das debilidades dos procedimentos utilizados pelo contratado na execu\u00e7\u00e3o de soldaduras.<\/p>\n<p>A queda do motor registou-se na noite de 31 de janeiro de 2019, em Afife, no distrito de Viana do Castelo, numa automotora que ligava o Porto a Valen\u00e7a.<\/p>\n<p>O GIAAF concluiu que resultou da \u201cfratura completa\u201d de um veio cardan, tendo essa rotura provocado a propaga\u00e7\u00e3o de uma fissura existente no a\u00e7o, originada pela incorreta repara\u00e7\u00e3o de uma fissura mais antiga. Diz ainda que a fissura que veio a dar origem \u00e0 rotura estava oculta sob um contrapeso de equilibragem din\u00e2mica do veio, o que n\u00e3o permitiu a sua dete\u00e7\u00e3o aquando das opera\u00e7\u00f5es de manuten\u00e7\u00e3o.<\/p>\n<p>O comboio em causa \u00e9 propriedade da Renfe mas est\u00e1 alugado pela CP. Integra uma s\u00e9rie que foi constru\u00edda entre 1981 e 1984.<\/p>\n<p>Segundo o relat\u00f3rio do GIAAF, a queda do motor obrigou a uma paragem na circula\u00e7\u00e3o na Linha do Minho entre Viana do Castelo e Valen\u00e7a, acarretando custos diretos superiores a 68 mil euros, relacionados com a repara\u00e7\u00e3o e imobiliza\u00e7\u00e3o do comboio e com as despesas com pessoal.<\/p>\n<p>O GIAAF acrescenta que, na sequ\u00eancia do acidente, foi penalizada a circula\u00e7\u00e3o de quatro comboios, totalizando um atraso de 696 minutos. Esta penaliza\u00e7\u00e3o, e considerando o custo estat\u00edstico associado ao tempo de atraso devido a acidentes, representa um valor de 11.572 euros.<\/p>\n<p>O gabinete respons\u00e1vel pela investiga\u00e7\u00e3o sublinha que, ap\u00f3s o acidente, a Renfe alterou os procedimentos de inspe\u00e7\u00e3o e monitoriza\u00e7\u00e3o, pelo que entendeu n\u00e3o ser necess\u00e1rio emitir recomenda\u00e7\u00f5es de seguran\u00e7a.<\/p>\n<p>As investiga\u00e7\u00f5es de seguran\u00e7a realizadas pelo GPIAAF t\u00eam como \u00fanico objetivo contribuir para a melhoria da seguran\u00e7a, n\u00e3o visando o apuramento de culpas ou responsabilidades de pessoas ou organiza\u00e7\u00f5es.<\/p>\n\n\n<p><\/p>\n","protected":false},"excerpt":{"rendered":"<p>A rotura de um veio foi a causa direta da queda do motor de um comboio registada em janeiro em Afife, Viana do Castelo, segundo o relat\u00f3rio da investiga\u00e7\u00e3o hoje divulgado, que aponta cr\u00edticas aos respons\u00e1veis pela manuten\u00e7\u00e3o. O relat\u00f3rio, divulgado pelo Gabinete de Preven\u00e7\u00e3o e Investiga\u00e7\u00e3o de Acidentes com Aeronaves e de Acidentes Ferrovi\u00e1rios [&hellip;]<\/p>\n","protected":false},"author":13,"featured_media":37443,"comment_status":"closed","ping_status":"closed","sticky":false,"template":"","format":"standard","meta":{"_exactmetrics_skip_tracking":false,"_exactmetrics_sitenote_active":false,"_exactmetrics_sitenote_note":"","_exactmetrics_sitenote_category":0,"footnotes":""},"categories":[14],"tags":[27],"class_list":["post-37442","post","type-post","status-publish","format-standard","has-post-thumbnail","hentry","category-viana-do-castelo","tag-sociedade"],"yoast_head":"<!-- This site is optimized with the Yoast SEO Premium plugin v27.5 (Yoast SEO v27.5) - https:\/\/yoast.com\/product\/yoast-seo-premium-wordpress\/ -->\n<title>Investiga\u00e7\u00e3o critica manuten\u00e7\u00e3o de comboio que perdeu motor em Afife<\/title>\n<meta name=\"robots\" content=\"index, follow, max-snippet:-1, max-image-preview:large, max-video-preview:-1\" \/>\n<link rel=\"canonical\" href=\"https:\/\/www.altominho.tv\/site\/2019\/12\/04\/investigacao-critica-manutencao-de-comboio-que-perdeu-motor-em-afife\/\" \/>\n<meta property=\"og:locale\" content=\"pt_PT\" \/>\n<meta property=\"og:type\" content=\"article\" \/>\n<meta property=\"og:title\" content=\"Investiga\u00e7\u00e3o critica manuten\u00e7\u00e3o de comboio que perdeu motor em Afife\" \/>\n<meta property=\"og:description\" content=\"A rotura de um veio foi a causa direta da queda do motor de um comboio registada em janeiro em Afife, Viana do Castelo, segundo o relat\u00f3rio da investiga\u00e7\u00e3o hoje divulgado, que aponta cr\u00edticas aos respons\u00e1veis pela manuten\u00e7\u00e3o. O relat\u00f3rio, divulgado pelo Gabinete de Preven\u00e7\u00e3o e Investiga\u00e7\u00e3o de Acidentes com Aeronaves e de Acidentes Ferrovi\u00e1rios [&hellip;]\" \/>\n<meta property=\"og:url\" content=\"https:\/\/www.altominho.tv\/site\/2019\/12\/04\/investigacao-critica-manutencao-de-comboio-que-perdeu-motor-em-afife\/\" \/>\n<meta property=\"og:site_name\" content=\"Altominho.tv\" \/>\n<meta property=\"article:publisher\" content=\"https:\/\/www.facebook.com\/altominhotv\" \/>\n<meta property=\"article:published_time\" content=\"2019-12-04T13:12:18+00:00\" \/>\n<meta property=\"article:modified_time\" content=\"2019-12-04T13:12:47+00:00\" \/>\n<meta property=\"og:image\" content=\"https:\/\/www.altominho.tv\/site\/wp-content\/uploads\/2019\/12\/comboio-740x494.jpg\" \/>\n\t<meta property=\"og:image:width\" content=\"740\" \/>\n\t<meta property=\"og:image:height\" content=\"494\" \/>\n\t<meta property=\"og:image:type\" content=\"image\/jpeg\" \/>\n<meta name=\"author\" content=\"Lusa\" \/>\n<meta name=\"twitter:card\" content=\"summary_large_image\" \/>\n<meta name=\"twitter:creator\" content=\"@altominhoTV\" \/>\n<meta name=\"twitter:site\" content=\"@altominhoTV\" \/>\n<meta name=\"twitter:label1\" content=\"Escrito por\" \/>\n\t<meta name=\"twitter:data1\" content=\"Lusa\" \/>\n\t<meta name=\"twitter:label2\" content=\"Tempo estimado de leitura\" \/>\n\t<meta name=\"twitter:data2\" content=\"2 minutos\" \/>\n<script type=\"application\/ld+json\" class=\"yoast-schema-graph\">{\"@context\":\"https:\\\/\\\/schema.org\",\"@graph\":[{\"@type\":\"Article\",\"@id\":\"https:\\\/\\\/www.altominho.tv\\\/site\\\/2019\\\/12\\\/04\\\/investigacao-critica-manutencao-de-comboio-que-perdeu-motor-em-afife\\\/#article\",\"isPartOf\":{\"@id\":\"https:\\\/\\\/www.altominho.tv\\\/site\\\/2019\\\/12\\\/04\\\/investigacao-critica-manutencao-de-comboio-que-perdeu-motor-em-afife\\\/\"},\"author\":{\"name\":\"Lusa\",\"@id\":\"https:\\\/\\\/www.altominho.tv\\\/site\\\/#\\\/schema\\\/person\\\/63f693da3e1899361cbe955c46f3232e\"},\"headline\":\"Investiga\u00e7\u00e3o critica manuten\u00e7\u00e3o de comboio que perdeu motor em Afife\",\"datePublished\":\"2019-12-04T13:12:18+00:00\",\"dateModified\":\"2019-12-04T13:12:47+00:00\",\"mainEntityOfPage\":{\"@id\":\"https:\\\/\\\/www.altominho.tv\\\/site\\\/2019\\\/12\\\/04\\\/investigacao-critica-manutencao-de-comboio-que-perdeu-motor-em-afife\\\/\"},\"wordCount\":510,\"image\":{\"@id\":\"https:\\\/\\\/www.altominho.tv\\\/site\\\/2019\\\/12\\\/04\\\/investigacao-critica-manutencao-de-comboio-que-perdeu-motor-em-afife\\\/#primaryimage\"},\"thumbnailUrl\":\"https:\\\/\\\/www.altominho.tv\\\/site\\\/wp-content\\\/uploads\\\/2019\\\/12\\\/comboio-740x494.jpg\",\"keywords\":[\"Sociedade\"],\"articleSection\":[\"Viana do Castelo\"],\"inLanguage\":\"pt-PT\",\"copyrightYear\":\"2019\",\"copyrightHolder\":{\"@id\":\"https:\\\/\\\/www.altominho.tv\\\/site\\\/#organization\"}},{\"@type\":\"WebPage\",\"@id\":\"https:\\\/\\\/www.altominho.tv\\\/site\\\/2019\\\/12\\\/04\\\/investigacao-critica-manutencao-de-comboio-que-perdeu-motor-em-afife\\\/\",\"url\":\"https:\\\/\\\/www.altominho.tv\\\/site\\\/2019\\\/12\\\/04\\\/investigacao-critica-manutencao-de-comboio-que-perdeu-motor-em-afife\\\/\",\"name\":\"Investiga\u00e7\u00e3o critica manuten\u00e7\u00e3o de comboio que perdeu motor em Afife\",\"isPartOf\":{\"@id\":\"https:\\\/\\\/www.altominho.tv\\\/site\\\/#website\"},\"primaryImageOfPage\":{\"@id\":\"https:\\\/\\\/www.altominho.tv\\\/site\\\/2019\\\/12\\\/04\\\/investigacao-critica-manutencao-de-comboio-que-perdeu-motor-em-afife\\\/#primaryimage\"},\"image\":{\"@id\":\"https:\\\/\\\/www.altominho.tv\\\/site\\\/2019\\\/12\\\/04\\\/investigacao-critica-manutencao-de-comboio-que-perdeu-motor-em-afife\\\/#primaryimage\"},\"thumbnailUrl\":\"https:\\\/\\\/www.altominho.tv\\\/site\\\/wp-content\\\/uploads\\\/2019\\\/12\\\/comboio-740x494.jpg\",\"datePublished\":\"2019-12-04T13:12:18+00:00\",\"dateModified\":\"2019-12-04T13:12:47+00:00\",\"author\":{\"@id\":\"https:\\\/\\\/www.altominho.tv\\\/site\\\/#\\\/schema\\\/person\\\/63f693da3e1899361cbe955c46f3232e\"},\"breadcrumb\":{\"@id\":\"https:\\\/\\\/www.altominho.tv\\\/site\\\/2019\\\/12\\\/04\\\/investigacao-critica-manutencao-de-comboio-que-perdeu-motor-em-afife\\\/#breadcrumb\"},\"inLanguage\":\"pt-PT\",\"potentialAction\":[{\"@type\":\"ReadAction\",\"target\":[\"https:\\\/\\\/www.altominho.tv\\\/site\\\/2019\\\/12\\\/04\\\/investigacao-critica-manutencao-de-comboio-que-perdeu-motor-em-afife\\\/\"]}]},{\"@type\":\"ImageObject\",\"inLanguage\":\"pt-PT\",\"@id\":\"https:\\\/\\\/www.altominho.tv\\\/site\\\/2019\\\/12\\\/04\\\/investigacao-critica-manutencao-de-comboio-que-perdeu-motor-em-afife\\\/#primaryimage\",\"url\":\"https:\\\/\\\/www.altominho.tv\\\/site\\\/wp-content\\\/uploads\\\/2019\\\/12\\\/comboio-740x494.jpg\",\"contentUrl\":\"https:\\\/\\\/www.altominho.tv\\\/site\\\/wp-content\\\/uploads\\\/2019\\\/12\\\/comboio-740x494.jpg\",\"width\":740,\"height\":494,\"caption\":\"FLICKR\"},{\"@type\":\"BreadcrumbList\",\"@id\":\"https:\\\/\\\/www.altominho.tv\\\/site\\\/2019\\\/12\\\/04\\\/investigacao-critica-manutencao-de-comboio-que-perdeu-motor-em-afife\\\/#breadcrumb\",\"itemListElement\":[{\"@type\":\"ListItem\",\"position\":1,\"name\":\"In\u00edcio\",\"item\":\"https:\\\/\\\/www.altominho.tv\\\/site\\\/\"},{\"@type\":\"ListItem\",\"position\":2,\"name\":\"Investiga\u00e7\u00e3o critica manuten\u00e7\u00e3o de comboio que perdeu motor em Afife\"}]},{\"@type\":\"WebSite\",\"@id\":\"https:\\\/\\\/www.altominho.tv\\\/site\\\/#website\",\"url\":\"https:\\\/\\\/www.altominho.tv\\\/site\\\/\",\"name\":\"Altominho.tv\",\"description\":\"A sua regi\u00e3o \u00e0 dist\u00e2ncia de um clique...\",\"potentialAction\":[{\"@type\":\"SearchAction\",\"target\":{\"@type\":\"EntryPoint\",\"urlTemplate\":\"https:\\\/\\\/www.altominho.tv\\\/site\\\/?s={search_term_string}\"},\"query-input\":{\"@type\":\"PropertyValueSpecification\",\"valueRequired\":true,\"valueName\":\"search_term_string\"}}],\"inLanguage\":\"pt-PT\"},{\"@type\":\"Person\",\"@id\":\"https:\\\/\\\/www.altominho.tv\\\/site\\\/#\\\/schema\\\/person\\\/63f693da3e1899361cbe955c46f3232e\",\"name\":\"Lusa\",\"image\":{\"@type\":\"ImageObject\",\"inLanguage\":\"pt-PT\",\"@id\":\"https:\\\/\\\/www.altominho.tv\\\/site\\\/wp-content\\\/uploads\\\/2019\\\/08\\\/LUSA_Logo.gif\",\"url\":\"https:\\\/\\\/www.altominho.tv\\\/site\\\/wp-content\\\/uploads\\\/2019\\\/08\\\/LUSA_Logo.gif\",\"contentUrl\":\"https:\\\/\\\/www.altominho.tv\\\/site\\\/wp-content\\\/uploads\\\/2019\\\/08\\\/LUSA_Logo.gif\",\"caption\":\"Lusa\"},\"sameAs\":[\"http:\\\/\\\/\\\/\\\/www.altominho.tv\\\/site\"],\"url\":\"https:\\\/\\\/www.altominho.tv\\\/site\\\/author\\\/lusa\\\/\"}]}<\/script>\n<!-- \/ Yoast SEO Premium plugin. -->","yoast_head_json":{"title":"Investiga\u00e7\u00e3o critica manuten\u00e7\u00e3o de comboio que perdeu motor em Afife","robots":{"index":"index","follow":"follow","max-snippet":"max-snippet:-1","max-image-preview":"max-image-preview:large","max-video-preview":"max-video-preview:-1"},"canonical":"https:\/\/www.altominho.tv\/site\/2019\/12\/04\/investigacao-critica-manutencao-de-comboio-que-perdeu-motor-em-afife\/","og_locale":"pt_PT","og_type":"article","og_title":"Investiga\u00e7\u00e3o critica manuten\u00e7\u00e3o de comboio que perdeu motor em Afife","og_description":"A rotura de um veio foi a causa direta da queda do motor de um comboio registada em janeiro em Afife, Viana do Castelo, segundo o relat\u00f3rio da investiga\u00e7\u00e3o hoje divulgado, que aponta cr\u00edticas aos respons\u00e1veis pela manuten\u00e7\u00e3o. O relat\u00f3rio, divulgado pelo Gabinete de Preven\u00e7\u00e3o e Investiga\u00e7\u00e3o de Acidentes com Aeronaves e de Acidentes Ferrovi\u00e1rios [&hellip;]","og_url":"https:\/\/www.altominho.tv\/site\/2019\/12\/04\/investigacao-critica-manutencao-de-comboio-que-perdeu-motor-em-afife\/","og_site_name":"Altominho.tv","article_publisher":"https:\/\/www.facebook.com\/altominhotv","article_published_time":"2019-12-04T13:12:18+00:00","article_modified_time":"2019-12-04T13:12:47+00:00","og_image":[{"width":740,"height":494,"url":"https:\/\/www.altominho.tv\/site\/wp-content\/uploads\/2019\/12\/comboio-740x494.jpg","type":"image\/jpeg"}],"author":"Lusa","twitter_card":"summary_large_image","twitter_creator":"@altominhoTV","twitter_site":"@altominhoTV","twitter_misc":{"Escrito por":"Lusa","Tempo estimado de leitura":"2 minutos"},"schema":{"@context":"https:\/\/schema.org","@graph":[{"@type":"Article","@id":"https:\/\/www.altominho.tv\/site\/2019\/12\/04\/investigacao-critica-manutencao-de-comboio-que-perdeu-motor-em-afife\/#article","isPartOf":{"@id":"https:\/\/www.altominho.tv\/site\/2019\/12\/04\/investigacao-critica-manutencao-de-comboio-que-perdeu-motor-em-afife\/"},"author":{"name":"Lusa","@id":"https:\/\/www.altominho.tv\/site\/#\/schema\/person\/63f693da3e1899361cbe955c46f3232e"},"headline":"Investiga\u00e7\u00e3o critica manuten\u00e7\u00e3o de comboio que perdeu motor em Afife","datePublished":"2019-12-04T13:12:18+00:00","dateModified":"2019-12-04T13:12:47+00:00","mainEntityOfPage":{"@id":"https:\/\/www.altominho.tv\/site\/2019\/12\/04\/investigacao-critica-manutencao-de-comboio-que-perdeu-motor-em-afife\/"},"wordCount":510,"image":{"@id":"https:\/\/www.altominho.tv\/site\/2019\/12\/04\/investigacao-critica-manutencao-de-comboio-que-perdeu-motor-em-afife\/#primaryimage"},"thumbnailUrl":"https:\/\/www.altominho.tv\/site\/wp-content\/uploads\/2019\/12\/comboio-740x494.jpg","keywords":["Sociedade"],"articleSection":["Viana do Castelo"],"inLanguage":"pt-PT","copyrightYear":"2019","copyrightHolder":{"@id":"https:\/\/www.altominho.tv\/site\/#organization"}},{"@type":"WebPage","@id":"https:\/\/www.altominho.tv\/site\/2019\/12\/04\/investigacao-critica-manutencao-de-comboio-que-perdeu-motor-em-afife\/","url":"https:\/\/www.altominho.tv\/site\/2019\/12\/04\/investigacao-critica-manutencao-de-comboio-que-perdeu-motor-em-afife\/","name":"Investiga\u00e7\u00e3o critica manuten\u00e7\u00e3o de comboio que perdeu motor em Afife","isPartOf":{"@id":"https:\/\/www.altominho.tv\/site\/#website"},"primaryImageOfPage":{"@id":"https:\/\/www.altominho.tv\/site\/2019\/12\/04\/investigacao-critica-manutencao-de-comboio-que-perdeu-motor-em-afife\/#primaryimage"},"image":{"@id":"https:\/\/www.altominho.tv\/site\/2019\/12\/04\/investigacao-critica-manutencao-de-comboio-que-perdeu-motor-em-afife\/#primaryimage"},"thumbnailUrl":"https:\/\/www.altominho.tv\/site\/wp-content\/uploads\/2019\/12\/comboio-740x494.jpg","datePublished":"2019-12-04T13:12:18+00:00","dateModified":"2019-12-04T13:12:47+00:00","author":{"@id":"https:\/\/www.altominho.tv\/site\/#\/schema\/person\/63f693da3e1899361cbe955c46f3232e"},"breadcrumb":{"@id":"https:\/\/www.altominho.tv\/site\/2019\/12\/04\/investigacao-critica-manutencao-de-comboio-que-perdeu-motor-em-afife\/#breadcrumb"},"inLanguage":"pt-PT","potentialAction":[{"@type":"ReadAction","target":["https:\/\/www.altominho.tv\/site\/2019\/12\/04\/investigacao-critica-manutencao-de-comboio-que-perdeu-motor-em-afife\/"]}]},{"@type":"ImageObject","inLanguage":"pt-PT","@id":"https:\/\/www.altominho.tv\/site\/2019\/12\/04\/investigacao-critica-manutencao-de-comboio-que-perdeu-motor-em-afife\/#primaryimage","url":"https:\/\/www.altominho.tv\/site\/wp-content\/uploads\/2019\/12\/comboio-740x494.jpg","contentUrl":"https:\/\/www.altominho.tv\/site\/wp-content\/uploads\/2019\/12\/comboio-740x494.jpg","width":740,"height":494,"caption":"FLICKR"},{"@type":"BreadcrumbList","@id":"https:\/\/www.altominho.tv\/site\/2019\/12\/04\/investigacao-critica-manutencao-de-comboio-que-perdeu-motor-em-afife\/#breadcrumb","itemListElement":[{"@type":"ListItem","position":1,"name":"In\u00edcio","item":"https:\/\/www.altominho.tv\/site\/"},{"@type":"ListItem","position":2,"name":"Investiga\u00e7\u00e3o critica manuten\u00e7\u00e3o de comboio que perdeu motor em Afife"}]},{"@type":"WebSite","@id":"https:\/\/www.altominho.tv\/site\/#website","url":"https:\/\/www.altominho.tv\/site\/","name":"Altominho.tv","description":"A sua regi\u00e3o \u00e0 dist\u00e2ncia de um clique...","potentialAction":[{"@type":"SearchAction","target":{"@type":"EntryPoint","urlTemplate":"https:\/\/www.altominho.tv\/site\/?s={search_term_string}"},"query-input":{"@type":"PropertyValueSpecification","valueRequired":true,"valueName":"search_term_string"}}],"inLanguage":"pt-PT"},{"@type":"Person","@id":"https:\/\/www.altominho.tv\/site\/#\/schema\/person\/63f693da3e1899361cbe955c46f3232e","name":"Lusa","image":{"@type":"ImageObject","inLanguage":"pt-PT","@id":"https:\/\/www.altominho.tv\/site\/wp-content\/uploads\/2019\/08\/LUSA_Logo.gif","url":"https:\/\/www.altominho.tv\/site\/wp-content\/uploads\/2019\/08\/LUSA_Logo.gif","contentUrl":"https:\/\/www.altominho.tv\/site\/wp-content\/uploads\/2019\/08\/LUSA_Logo.gif","caption":"Lusa"},"sameAs":["http:\/\/\/\/www.altominho.tv\/site"],"url":"https:\/\/www.altominho.tv\/site\/author\/lusa\/"}]}},"_links":{"self":[{"href":"https:\/\/www.altominho.tv\/site\/wp-json\/wp\/v2\/posts\/37442","targetHints":{"allow":["GET"]}}],"collection":[{"href":"https:\/\/www.altominho.tv\/site\/wp-json\/wp\/v2\/posts"}],"about":[{"href":"https:\/\/www.altominho.tv\/site\/wp-json\/wp\/v2\/types\/post"}],"author":[{"embeddable":true,"href":"https:\/\/www.altominho.tv\/site\/wp-json\/wp\/v2\/users\/13"}],"replies":[{"embeddable":true,"href":"https:\/\/www.altominho.tv\/site\/wp-json\/wp\/v2\/comments?post=37442"}],"version-history":[{"count":0,"href":"https:\/\/www.altominho.tv\/site\/wp-json\/wp\/v2\/posts\/37442\/revisions"}],"wp:featuredmedia":[{"embeddable":true,"href":"https:\/\/www.altominho.tv\/site\/wp-json\/wp\/v2\/media\/37443"}],"wp:attachment":[{"href":"https:\/\/www.altominho.tv\/site\/wp-json\/wp\/v2\/media?parent=37442"}],"wp:term":[{"taxonomy":"category","embeddable":true,"href":"https:\/\/www.altominho.tv\/site\/wp-json\/wp\/v2\/categories?post=37442"},{"taxonomy":"post_tag","embeddable":true,"href":"https:\/\/www.altominho.tv\/site\/wp-json\/wp\/v2\/tags?post=37442"}],"curies":[{"name":"wp","href":"https:\/\/api.w.org\/{rel}","templated":true}]}}